{"id":168362,"date":"2025-02-24T11:46:55","date_gmt":"2025-02-24T10:46:55","guid":{"rendered":"https:\/\/president-ksgov.net\/?p=168362"},"modified":"2025-07-10T13:17:04","modified_gmt":"2025-07-10T11:17:04","slug":"predsednica-osmani-izrazila-saucesce-porodici-povodom-smrti-bajram-qerkini","status":"publish","type":"post","link":"https:\/\/president-ksgov.net\/sr\/predsednica-osmani-izrazila-saucesce-porodici-povodom-smrti-bajram-qerkini\/","title":{"rendered":"Predsednica Osmani izrazila sau\u010de\u0161\u0107e porodici povodom smrti Bajram Qerkini"},"content":{"rendered":"<p>Sa dubokom tugom primili smo vest o smrti Bajram Qerkini, \u010doveka koji je uz posve\u0107enost i hrabrost dao glas bolu hiljada porodica prisilno nestalih lica od strane srpskih snaga tokom poslednjeg rata na Kosovu.<\/p>\n<p>Kao predsednik udru\u017eenja \u201eGlas roditelja\u201c, Bajram je bio simbol otpora, pravde i nepokolebljive posve\u0107enosti rasvetljavanju sudbine prisilno nestalih lica tokom rata. Vi\u0161e od dve decenije, on je \u017eiveo sa bolom za svog nestalog sina, ne zaustavljaj\u0107i se nikad u potrazi za istinom.<\/p>\n<p>Danas je Kosovo izgubilo sna\u017ean glas kauze za pravdu, ali njegovo nasle\u0111e \u0107e ve\u010dno \u017eiveti.<\/p>\n<p>Izra\u017eavam iskreno sau\u010de\u0161\u0107e porodici Qerkini, prijateljima i svima onima koji su podr\u017eali njegovu bitku za prisilno nestala lica.<\/p>\n<p>U ovim te\u0161kim trenucima za porodicu, saose\u0107am sa vama i ohrabrujem vas da prona\u0111ete snagu da se nosite sa bolom.<\/p>\n<p>Neka je ve\u010dno se\u0107anje na Bajram Qerkini!<\/p>\n","protected":false},"excerpt":{"rendered":"<p>Sa dubokom tugom primili smo vest o smrti Bajram Qerkini, \u010doveka koji je uz posve\u0107enost i hrabrost dao glas bolu hiljada porodica prisilno nestalih lica od strane srpskih snaga tokom poslednjeg rata na Kosovu. Kao predsednik udru\u017eenja \u201eGlas roditelja\u201c, Bajram je bio simbol otpora, pravde i nepokolebljive posve\u0107enosti rasvetljavanju sudbine prisilno nestalih lica tokom rata. Vi\u0161e od dve decenije, on je \u017eiveo sa bolom za svog nestalog sina, ne zaustavljaj\u0107i se nikad u potrazi za istinom. Danas je Kosovo izgubilo sna\u017ean glas kauze za pravdu, ali njegovo nasle\u0111e \u0107e ve\u010dno \u017eiveti. Izra\u017eavam iskreno sau\u010de\u0161\u0107e porodici Qerkini, prijateljima i svima onima koji su podr\u017eali njegovu bitku za prisilno nestala lica. U ovim te\u0161kim trenucima za porodicu, saose\u0107am sa vama i ohrabrujem vas da prona\u0111ete snagu da se nosite sa bolom. Neka je ve\u010dno se\u0107anje na Bajram Qerkini!<\/p>\n","protected":false},"author":16,"featured_media":154697,"comment_status":"closed","ping_status":"closed","sticky":false,"template":"","format":"standard","meta":{"_eb_attr":"","footnotes":""},"categories":[101],"tags":[],"class_list":["post-168362","post","type-post","status-publish","format-standard","has-post-thumbnail","hentry","category-vesti"],"yoast_head":"<!-- This site is optimized with the Yoast SEO plugin v23.5 - https:\/\/yoast.com\/wordpress\/plugins\/seo\/ -->\n<title>Predsednica Osmani izrazila sau\u010de\u0161\u0107e porodici povodom smrti Bajram Qerkini - Predsednik Republike Kosovo - DR. VJOSA OSMANI - SADRIU<\/title>\n<meta name=\"description\" content=\"Predsednica Osmani izrazila sau\u010de\u0161\u0107e porodici povodom smrti Bajram Qerkini - Predsednik Republike Kosovo - DR. VJOSA OSMANI - SADRIU - Vesti\" \/>\n<meta name=\"robots\" content=\"index, follow, max-snippet:-1, max-image-preview:large, max-video-preview:-1\" \/>\n<link rel=\"canonical\" href=\"https:\/\/president-ksgov.net\/sr\/?p=168362\" \/>\n<meta property=\"og:locale\" content=\"sr_RS\" \/>\n<meta property=\"og:type\" content=\"article\" \/>\n<meta property=\"og:title\" content=\"Predsednica Osmani izrazila sau\u010de\u0161\u0107e porodici povodom smrti Bajram Qerkini - Predsednik Republike Kosovo - DR. VJOSA OSMANI - SADRIU\" \/>\n<meta property=\"og:description\" content=\"Predsednica Osmani izrazila sau\u010de\u0161\u0107e porodici povodom smrti Bajram Qerkini - Predsednik Republike Kosovo - DR. VJOSA OSMANI - SADRIU - Vesti\" \/>\n<meta property=\"og:url\" content=\"https:\/\/president-ksgov.net\/sr\/?p=168362\" \/>\n<meta property=\"og:site_name\" content=\"Predsednik Republike Kosovo - DR. VJOSA OSMANI - SADRIU\" \/>\n<meta property=\"article:published_time\" content=\"2025-02-24T10:46:55+00:00\" \/>\n<meta property=\"article:modified_time\" content=\"2025-07-10T11:17:04+00:00\" \/>\n<meta property=\"og:image\" content=\"https:\/\/president-ksgov.net\/wp-content\/uploads\/Bajram-Qerkini.jpeg\" \/>\n\t<meta property=\"og:image:width\" content=\"2560\" \/>\n\t<meta property=\"og:image:height\" content=\"1706\" \/>\n\t<meta property=\"og:image:type\" content=\"image\/jpeg\" \/>\n<meta name=\"author\" content=\"Azim Rabby\" \/>\n<meta name=\"twitter:card\" content=\"summary_large_image\" \/>\n<meta name=\"twitter:label1\" content=\"\u041d\u0430\u043f\u0438\u0441\u0430\u043d\u043e \u043e\u0434\" \/>\n\t<meta name=\"twitter:data1\" content=\"Azim Rabby\" \/>\n\t<meta name=\"twitter:label2\" content=\"\u041f\u0440\u043e\u0446\u0435\u045a\u0435\u043d\u043e \u0432\u0440\u0435\u043c\u0435 \u0447\u0438\u0442\u0430\u045a\u0430\" \/>\n\t<meta name=\"twitter:data2\" content=\"1 \u043c\u0438\u043d\u0443\u0442\" \/>\n<script type=\"application\/ld+json\" class=\"yoast-schema-graph\">{\"@context\":\"https:\/\/schema.org\",\"@graph\":[{\"@type\":\"WebPage\",\"@id\":\"https:\/\/president-ksgov.net\/sr\/?p=168362\",\"url\":\"https:\/\/president-ksgov.net\/sr\/?p=168362\",\"name\":\"Predsednica Osmani izrazila sau\u010de\u0161\u0107e porodici povodom smrti Bajram Qerkini - Predsednik Republike Kosovo - DR. VJOSA OSMANI - SADRIU\",\"isPartOf\":{\"@id\":\"https:\/\/president-ksgov.net\/#website\"},\"primaryImageOfPage\":{\"@id\":\"https:\/\/president-ksgov.net\/sr\/?p=168362#primaryimage\"},\"image\":{\"@id\":\"https:\/\/president-ksgov.net\/sr\/?p=168362#primaryimage\"},\"thumbnailUrl\":\"https:\/\/president-ksgov.net\/wp-content\/uploads\/Bajram-Qerkini.jpeg\",\"datePublished\":\"2025-02-24T10:46:55+00:00\",\"dateModified\":\"2025-07-10T11:17:04+00:00\",\"author\":{\"@id\":\"https:\/\/president-ksgov.net\/#\/schema\/person\/46897fdfb3a2c4637c66776b267b09f6\"},\"description\":\"Predsednica Osmani izrazila sau\u010de\u0161\u0107e porodici povodom smrti Bajram Qerkini - Predsednik Republike Kosovo - DR. VJOSA OSMANI - SADRIU - Vesti\",\"breadcrumb\":{\"@id\":\"https:\/\/president-ksgov.net\/sr\/?p=168362#breadcrumb\"},\"inLanguage\":\"sr-RS\",\"potentialAction\":[{\"@type\":\"ReadAction\",\"target\":[\"https:\/\/president-ksgov.net\/sr\/?p=168362\"]}]},{\"@type\":\"ImageObject\",\"inLanguage\":\"sr-RS\",\"@id\":\"https:\/\/president-ksgov.net\/sr\/?p=168362#primaryimage\",\"url\":\"https:\/\/president-ksgov.net\/wp-content\/uploads\/Bajram-Qerkini.jpeg\",\"contentUrl\":\"https:\/\/president-ksgov.net\/wp-content\/uploads\/Bajram-Qerkini.jpeg\",\"width\":2560,\"height\":1706},{\"@type\":\"BreadcrumbList\",\"@id\":\"https:\/\/president-ksgov.net\/sr\/?p=168362#breadcrumb\",\"itemListElement\":[{\"@type\":\"ListItem\",\"position\":1,\"name\":\"Home\",\"item\":\"https:\/\/president-ksgov.net\/sr\/\"},{\"@type\":\"ListItem\",\"position\":2,\"name\":\"Predsednica Osmani izrazila sau\u010de\u0161\u0107e porodici povodom smrti Bajram Qerkini\"}]},{\"@type\":\"WebSite\",\"@id\":\"https:\/\/president-ksgov.net\/#website\",\"url\":\"https:\/\/president-ksgov.net\/\",\"name\":\"Presidente e Republik\u00ebs s\u00eb Kosov\u00ebs\",\"description\":\"Presidente e Republik\u00ebs s\u00eb Kosov\u00ebs\",\"alternateName\":\"DR. VJOSA OSMANI - SADRIU\",\"potentialAction\":[{\"@type\":\"SearchAction\",\"target\":{\"@type\":\"EntryPoint\",\"urlTemplate\":\"https:\/\/president-ksgov.net\/?s={search_term_string}\"},\"query-input\":{\"@type\":\"PropertyValueSpecification\",\"valueRequired\":true,\"valueName\":\"search_term_string\"}}],\"inLanguage\":\"sr-RS\"},{\"@type\":\"Person\",\"@id\":\"https:\/\/president-ksgov.net\/#\/schema\/person\/46897fdfb3a2c4637c66776b267b09f6\",\"name\":\"Azim Rabby\",\"image\":{\"@type\":\"ImageObject\",\"inLanguage\":\"sr-RS\",\"@id\":\"https:\/\/president-ksgov.net\/#\/schema\/person\/image\/\",\"url\":\"https:\/\/secure.gravatar.com\/avatar\/2e869d6e696f88891afa5dab0768da91bb4d2f829b32699cfb894a221f3d336b?s=96&d=mm&r=g\",\"contentUrl\":\"https:\/\/secure.gravatar.com\/avatar\/2e869d6e696f88891afa5dab0768da91bb4d2f829b32699cfb894a221f3d336b?s=96&d=mm&r=g\",\"caption\":\"Azim Rabby\"}}]}<\/script>\n<!-- \/ Yoast SEO plugin. -->","yoast_head_json":{"title":"Predsednica Osmani izrazila sau\u010de\u0161\u0107e porodici povodom smrti Bajram Qerkini - Predsednik Republike Kosovo - DR. VJOSA OSMANI - SADRIU","description":"Predsednica Osmani izrazila sau\u010de\u0161\u0107e porodici povodom smrti Bajram Qerkini - Predsednik Republike Kosovo - DR. VJOSA OSMANI - SADRIU - Vesti","robots":{"index":"index","follow":"follow","max-snippet":"max-snippet:-1","max-image-preview":"max-image-preview:large","max-video-preview":"max-video-preview:-1"},"canonical":"https:\/\/president-ksgov.net\/sr\/?p=168362","og_locale":"sr_RS","og_type":"article","og_title":"Predsednica Osmani izrazila sau\u010de\u0161\u0107e porodici povodom smrti Bajram Qerkini - Predsednik Republike Kosovo - DR. VJOSA OSMANI - SADRIU","og_description":"Predsednica Osmani izrazila sau\u010de\u0161\u0107e porodici povodom smrti Bajram Qerkini - Predsednik Republike Kosovo - DR. VJOSA OSMANI - SADRIU - Vesti","og_url":"https:\/\/president-ksgov.net\/sr\/?p=168362","og_site_name":"Predsednik Republike Kosovo - DR. VJOSA OSMANI - SADRIU","article_published_time":"2025-02-24T10:46:55+00:00","article_modified_time":"2025-07-10T11:17:04+00:00","og_image":[{"width":2560,"height":1706,"url":"https:\/\/president-ksgov.net\/wp-content\/uploads\/Bajram-Qerkini.jpeg","type":"image\/jpeg"}],"author":"Azim Rabby","twitter_card":"summary_large_image","twitter_misc":{"\u041d\u0430\u043f\u0438\u0441\u0430\u043d\u043e \u043e\u0434":"Azim Rabby","\u041f\u0440\u043e\u0446\u0435\u045a\u0435\u043d\u043e \u0432\u0440\u0435\u043c\u0435 \u0447\u0438\u0442\u0430\u045a\u0430":"1 \u043c\u0438\u043d\u0443\u0442"},"schema":{"@context":"https:\/\/schema.org","@graph":[{"@type":"WebPage","@id":"https:\/\/president-ksgov.net\/sr\/?p=168362","url":"https:\/\/president-ksgov.net\/sr\/?p=168362","name":"Predsednica Osmani izrazila sau\u010de\u0161\u0107e porodici povodom smrti Bajram Qerkini - Predsednik Republike Kosovo - DR. VJOSA OSMANI - SADRIU","isPartOf":{"@id":"https:\/\/president-ksgov.net\/#website"},"primaryImageOfPage":{"@id":"https:\/\/president-ksgov.net\/sr\/?p=168362#primaryimage"},"image":{"@id":"https:\/\/president-ksgov.net\/sr\/?p=168362#primaryimage"},"thumbnailUrl":"https:\/\/president-ksgov.net\/wp-content\/uploads\/Bajram-Qerkini.jpeg","datePublished":"2025-02-24T10:46:55+00:00","dateModified":"2025-07-10T11:17:04+00:00","author":{"@id":"https:\/\/president-ksgov.net\/#\/schema\/person\/46897fdfb3a2c4637c66776b267b09f6"},"description":"Predsednica Osmani izrazila sau\u010de\u0161\u0107e porodici povodom smrti Bajram Qerkini - Predsednik Republike Kosovo - DR. VJOSA OSMANI - SADRIU - Vesti","breadcrumb":{"@id":"https:\/\/president-ksgov.net\/sr\/?p=168362#breadcrumb"},"inLanguage":"sr-RS","potentialAction":[{"@type":"ReadAction","target":["https:\/\/president-ksgov.net\/sr\/?p=168362"]}]},{"@type":"ImageObject","inLanguage":"sr-RS","@id":"https:\/\/president-ksgov.net\/sr\/?p=168362#primaryimage","url":"https:\/\/president-ksgov.net\/wp-content\/uploads\/Bajram-Qerkini.jpeg","contentUrl":"https:\/\/president-ksgov.net\/wp-content\/uploads\/Bajram-Qerkini.jpeg","width":2560,"height":1706},{"@type":"BreadcrumbList","@id":"https:\/\/president-ksgov.net\/sr\/?p=168362#breadcrumb","itemListElement":[{"@type":"ListItem","position":1,"name":"Home","item":"https:\/\/president-ksgov.net\/sr\/"},{"@type":"ListItem","position":2,"name":"Predsednica Osmani izrazila sau\u010de\u0161\u0107e porodici povodom smrti Bajram Qerkini"}]},{"@type":"WebSite","@id":"https:\/\/president-ksgov.net\/#website","url":"https:\/\/president-ksgov.net\/","name":"Presidente e Republik\u00ebs s\u00eb Kosov\u00ebs","description":"Presidente e Republik\u00ebs s\u00eb Kosov\u00ebs","alternateName":"DR. VJOSA OSMANI - SADRIU","potentialAction":[{"@type":"SearchAction","target":{"@type":"EntryPoint","urlTemplate":"https:\/\/president-ksgov.net\/?s={search_term_string}"},"query-input":{"@type":"PropertyValueSpecification","valueRequired":true,"valueName":"search_term_string"}}],"inLanguage":"sr-RS"},{"@type":"Person","@id":"https:\/\/president-ksgov.net\/#\/schema\/person\/46897fdfb3a2c4637c66776b267b09f6","name":"Azim Rabby","image":{"@type":"ImageObject","inLanguage":"sr-RS","@id":"https:\/\/president-ksgov.net\/#\/schema\/person\/image\/","url":"https:\/\/secure.gravatar.com\/avatar\/2e869d6e696f88891afa5dab0768da91bb4d2f829b32699cfb894a221f3d336b?s=96&d=mm&r=g","contentUrl":"https:\/\/secure.gravatar.com\/avatar\/2e869d6e696f88891afa5dab0768da91bb4d2f829b32699cfb894a221f3d336b?s=96&d=mm&r=g","caption":"Azim Rabby"}}]}},"_links":{"self":[{"href":"https:\/\/president-ksgov.net\/sr\/wp-json\/wp\/v2\/posts\/168362","targetHints":{"allow":["GET"]}}],"collection":[{"href":"https:\/\/president-ksgov.net\/sr\/wp-json\/wp\/v2\/posts"}],"about":[{"href":"https:\/\/president-ksgov.net\/sr\/wp-json\/wp\/v2\/types\/post"}],"author":[{"embeddable":true,"href":"https:\/\/president-ksgov.net\/sr\/wp-json\/wp\/v2\/users\/16"}],"replies":[{"embeddable":true,"href":"https:\/\/president-ksgov.net\/sr\/wp-json\/wp\/v2\/comments?post=168362"}],"version-history":[{"count":1,"href":"https:\/\/president-ksgov.net\/sr\/wp-json\/wp\/v2\/posts\/168362\/revisions"}],"predecessor-version":[{"id":168363,"href":"https:\/\/president-ksgov.net\/sr\/wp-json\/wp\/v2\/posts\/168362\/revisions\/168363"}],"wp:featuredmedia":[{"embeddable":true,"href":"https:\/\/president-ksgov.net\/sr\/wp-json\/wp\/v2\/media\/154697"}],"wp:attachment":[{"href":"https:\/\/president-ksgov.net\/sr\/wp-json\/wp\/v2\/media?parent=168362"}],"wp:term":[{"taxonomy":"category","embeddable":true,"href":"https:\/\/president-ksgov.net\/sr\/wp-json\/wp\/v2\/categories?post=168362"},{"taxonomy":"post_tag","embeddable":true,"href":"https:\/\/president-ksgov.net\/sr\/wp-json\/wp\/v2\/tags?post=168362"}],"curies":[{"name":"wp","href":"https:\/\/api.w.org\/{rel}","templated":true}]}}