{"id":167716,"date":"2025-07-03T13:43:17","date_gmt":"2025-07-03T11:43:17","guid":{"rendered":"https:\/\/president-ksgov.net\/?p=167716"},"modified":"2025-07-03T15:13:17","modified_gmt":"2025-07-03T13:13:17","slug":"predsednica-osmani-docekala-na-sastanku-ministarku-odbrane-luksemburga-gospodu-yuriko-backes","status":"publish","type":"post","link":"https:\/\/president-ksgov.net\/sr\/predsednica-osmani-docekala-na-sastanku-ministarku-odbrane-luksemburga-gospodu-yuriko-backes\/","title":{"rendered":"Predsednica Osmani do\u010dekala na sastanku ministarku odbrane Luksemburga, gospo\u0111u Yuriko Backes"},"content":{"rendered":"<p>Predsednica Republike Kosovo, Vjosa Osmani, primila je danas na sastanku ministarku odbrane Velikog Vojvodstva Luksemburga, gospo\u0111u Yuriko Backes.<\/p>\n<p>Tokom sastanka, predsednica Osmani je izrazila duboku zahvalnost za doprinos Oru\u017eanih snaga Luksemburga u okviru misije KFOR-a, visoko cene\u0107i posve\u0107enost ove zemlje u promociji mira i bezbednosti u celom regionu.<\/p>\n<p>Predsednica je tako\u0111e ponovila svoju zahvalnost za podr\u0161ku Luksemburga Kancelariji predsednice u ispunjavanju zajedni\u010dkih strate\u0161kih ciljeva, kao i za inicijative predsednice u razli\u010ditim oblastima od zajedni\u010dkog interesa.<\/p>\n<p>Predsednica je naglasila va\u017enost produbljivanja saradnje u oblasti odbrane izme\u0111u Kosova i Luksemburga, kao su\u0161tinske komponente za ja\u010danje regionalne bezbednosti i razvoj zajedni\u010dkih kapaciteta.<\/p>\n<p>Tako\u0111e je istakla da ceni kontinuiranu podr\u0161ku Luksemburga kroz razvojne projekte na Kosovu. U tom kontekstu, predsednica Osmani je podvukla strate\u0161ki zna\u010daj dalje podr\u0161ke Luksemburga procesu \u010dlanstva Kosova u evroatlantskim institucijama i me\u0111unarodnim organizacijama, nagla\u0161avaju[i zajedni\u010dke demokratske vrednosti i ulogu koju Kosovo igra kao odr\u017eiv faktor stabilnosti u regionu.<\/p>\n","protected":false},"excerpt":{"rendered":"<p>Predsednica Republike Kosovo, Vjosa Osmani, primila je danas na sastanku ministarku odbrane Velikog Vojvodstva Luksemburga, gospo\u0111u Yuriko Backes. Tokom sastanka, predsednica Osmani je izrazila duboku zahvalnost za doprinos Oru\u017eanih snaga Luksemburga u okviru misije KFOR-a, visoko cene\u0107i posve\u0107enost ove zemlje u promociji mira i bezbednosti u celom regionu. Predsednica je tako\u0111e ponovila svoju zahvalnost za podr\u0161ku Luksemburga Kancelariji predsednice u ispunjavanju zajedni\u010dkih strate\u0161kih ciljeva, kao i za inicijative predsednice u razli\u010ditim oblastima od zajedni\u010dkog interesa. Predsednica je naglasila va\u017enost produbljivanja saradnje u oblasti odbrane izme\u0111u Kosova i Luksemburga, kao su\u0161tinske komponente za ja\u010danje regionalne bezbednosti i razvoj zajedni\u010dkih kapaciteta. Tako\u0111e je istakla da ceni kontinuiranu podr\u0161ku Luksemburga kroz razvojne projekte na Kosovu. U tom kontekstu, predsednica Osmani je podvukla strate\u0161ki zna\u010daj dalje podr\u0161ke Luksemburga procesu \u010dlanstva Kosova u evroatlantskim institucijama i me\u0111unarodnim organizacijama, nagla\u0161avaju[i zajedni\u010dke demokratske vrednosti i ulogu koju Kosovo igra kao odr\u017eiv faktor stabilnosti u regionu.<\/p>\n","protected":false},"author":9,"featured_media":167654,"comment_status":"closed","ping_status":"closed","sticky":false,"template":"","format":"standard","meta":{"_eb_attr":"","footnotes":""},"categories":[101],"tags":[],"class_list":["post-167716","post","type-post","status-publish","format-standard","has-post-thumbnail","hentry","category-vesti"],"yoast_head":"<!-- This site is optimized with the Yoast SEO plugin v23.5 - https:\/\/yoast.com\/wordpress\/plugins\/seo\/ -->\n<title>Predsednica Osmani do\u010dekala na sastanku ministarku odbrane Luksemburga, gospo\u0111u Yuriko Backes - Predsednik Republike Kosovo - DR. VJOSA OSMANI - SADRIU<\/title>\n<meta name=\"description\" content=\"Predsednica Osmani do\u010dekala na sastanku ministarku odbrane Luksemburga, gospo\u0111u Yuriko Backes - Predsednik Republike Kosovo - DR. VJOSA OSMANI - SADRIU -\" \/>\n<meta name=\"robots\" content=\"index, follow, max-snippet:-1, max-image-preview:large, max-video-preview:-1\" \/>\n<link rel=\"canonical\" href=\"https:\/\/president-ksgov.net\/en\/?p=167989\" \/>\n<meta property=\"og:locale\" content=\"sr_RS\" \/>\n<meta property=\"og:type\" content=\"article\" \/>\n<meta property=\"og:title\" content=\"Predsednica Osmani do\u010dekala na sastanku ministarku odbrane Luksemburga, gospo\u0111u Yuriko Backes - Predsednik Republike Kosovo - DR. VJOSA OSMANI - SADRIU\" \/>\n<meta property=\"og:description\" content=\"Predsednica Osmani do\u010dekala na sastanku ministarku odbrane Luksemburga, gospo\u0111u Yuriko Backes - Predsednik Republike Kosovo - DR. VJOSA OSMANI - SADRIU -\" \/>\n<meta property=\"og:url\" content=\"https:\/\/president-ksgov.net\/en\/?p=167989\" \/>\n<meta property=\"og:site_name\" content=\"Predsednik Republike Kosovo - DR. VJOSA OSMANI - SADRIU\" \/>\n<meta property=\"article:published_time\" content=\"2025-07-03T11:43:17+00:00\" \/>\n<meta property=\"article:modified_time\" content=\"2025-07-03T13:13:17+00:00\" \/>\n<meta property=\"og:image\" content=\"https:\/\/president-ksgov.net\/wp-content\/uploads\/Presidentja-Osmani-priti-ne-takim-Ministren-e-Mbrojtjes-se-Luksemburgut-znj.-Yuriko-Backes-1.jpg\" \/>\n\t<meta property=\"og:image:width\" content=\"2048\" \/>\n\t<meta property=\"og:image:height\" content=\"1417\" \/>\n\t<meta property=\"og:image:type\" content=\"image\/jpeg\" \/>\n<meta name=\"author\" content=\"Florent Rrahmani\" \/>\n<meta name=\"twitter:card\" content=\"summary_large_image\" \/>\n<meta name=\"twitter:label1\" content=\"\u041d\u0430\u043f\u0438\u0441\u0430\u043d\u043e \u043e\u0434\" \/>\n\t<meta name=\"twitter:data1\" content=\"Florent Rrahmani\" \/>\n\t<meta name=\"twitter:label2\" content=\"\u041f\u0440\u043e\u0446\u0435\u045a\u0435\u043d\u043e \u0432\u0440\u0435\u043c\u0435 \u0447\u0438\u0442\u0430\u045a\u0430\" \/>\n\t<meta name=\"twitter:data2\" content=\"2 \u043c\u0438\u043d\u0443\u0442\u0430\" \/>\n<script type=\"application\/ld+json\" class=\"yoast-schema-graph\">{\"@context\":\"https:\/\/schema.org\",\"@graph\":[{\"@type\":\"WebPage\",\"@id\":\"https:\/\/president-ksgov.net\/en\/?p=167989\",\"url\":\"https:\/\/president-ksgov.net\/en\/?p=167989\",\"name\":\"Predsednica Osmani do\u010dekala na sastanku ministarku odbrane Luksemburga, gospo\u0111u Yuriko Backes - Predsednik Republike Kosovo - DR. VJOSA OSMANI - SADRIU\",\"isPartOf\":{\"@id\":\"https:\/\/president-ksgov.net\/#website\"},\"primaryImageOfPage\":{\"@id\":\"https:\/\/president-ksgov.net\/en\/?p=167989#primaryimage\"},\"image\":{\"@id\":\"https:\/\/president-ksgov.net\/en\/?p=167989#primaryimage\"},\"thumbnailUrl\":\"https:\/\/president-ksgov.net\/wp-content\/uploads\/Presidentja-Osmani-priti-ne-takim-Ministren-e-Mbrojtjes-se-Luksemburgut-znj.-Yuriko-Backes-1.jpg\",\"datePublished\":\"2025-07-03T11:43:17+00:00\",\"dateModified\":\"2025-07-03T13:13:17+00:00\",\"author\":{\"@id\":\"https:\/\/president-ksgov.net\/#\/schema\/person\/7c46f744a99d3f1616b92658282aa934\"},\"description\":\"Predsednica Osmani do\u010dekala na sastanku ministarku odbrane Luksemburga, gospo\u0111u Yuriko Backes - Predsednik Republike Kosovo - DR. VJOSA OSMANI - SADRIU -\",\"breadcrumb\":{\"@id\":\"https:\/\/president-ksgov.net\/en\/?p=167989#breadcrumb\"},\"inLanguage\":\"sr-RS\",\"potentialAction\":[{\"@type\":\"ReadAction\",\"target\":[\"https:\/\/president-ksgov.net\/en\/?p=167989\"]}]},{\"@type\":\"ImageObject\",\"inLanguage\":\"sr-RS\",\"@id\":\"https:\/\/president-ksgov.net\/en\/?p=167989#primaryimage\",\"url\":\"https:\/\/president-ksgov.net\/wp-content\/uploads\/Presidentja-Osmani-priti-ne-takim-Ministren-e-Mbrojtjes-se-Luksemburgut-znj.-Yuriko-Backes-1.jpg\",\"contentUrl\":\"https:\/\/president-ksgov.net\/wp-content\/uploads\/Presidentja-Osmani-priti-ne-takim-Ministren-e-Mbrojtjes-se-Luksemburgut-znj.-Yuriko-Backes-1.jpg\",\"width\":2048,\"height\":1417},{\"@type\":\"BreadcrumbList\",\"@id\":\"https:\/\/president-ksgov.net\/en\/?p=167989#breadcrumb\",\"itemListElement\":[{\"@type\":\"ListItem\",\"position\":1,\"name\":\"Home\",\"item\":\"https:\/\/president-ksgov.net\/sr\/\"},{\"@type\":\"ListItem\",\"position\":2,\"name\":\"Predsednica Osmani do\u010dekala na sastanku ministarku odbrane Luksemburga, gospo\u0111u Yuriko Backes\"}]},{\"@type\":\"WebSite\",\"@id\":\"https:\/\/president-ksgov.net\/#website\",\"url\":\"https:\/\/president-ksgov.net\/\",\"name\":\"Presidente e Republik\u00ebs s\u00eb Kosov\u00ebs\",\"description\":\"Presidente e Republik\u00ebs s\u00eb Kosov\u00ebs\",\"alternateName\":\"DR. VJOSA OSMANI - SADRIU\",\"potentialAction\":[{\"@type\":\"SearchAction\",\"target\":{\"@type\":\"EntryPoint\",\"urlTemplate\":\"https:\/\/president-ksgov.net\/?s={search_term_string}\"},\"query-input\":{\"@type\":\"PropertyValueSpecification\",\"valueRequired\":true,\"valueName\":\"search_term_string\"}}],\"inLanguage\":\"sr-RS\"},{\"@type\":\"Person\",\"@id\":\"https:\/\/president-ksgov.net\/#\/schema\/person\/7c46f744a99d3f1616b92658282aa934\",\"name\":\"Florent Rrahmani\",\"image\":{\"@type\":\"ImageObject\",\"inLanguage\":\"sr-RS\",\"@id\":\"https:\/\/president-ksgov.net\/#\/schema\/person\/image\/\",\"url\":\"https:\/\/secure.gravatar.com\/avatar\/2545924aa250de68ac8368367a79b663e59571cd131611f54c89b0613a94e230?s=96&d=mm&r=g\",\"contentUrl\":\"https:\/\/secure.gravatar.com\/avatar\/2545924aa250de68ac8368367a79b663e59571cd131611f54c89b0613a94e230?s=96&d=mm&r=g\",\"caption\":\"Florent Rrahmani\"}}]}<\/script>\n<!-- \/ Yoast SEO plugin. -->","yoast_head_json":{"title":"Predsednica Osmani do\u010dekala na sastanku ministarku odbrane Luksemburga, gospo\u0111u Yuriko Backes - Predsednik Republike Kosovo - DR. VJOSA OSMANI - SADRIU","description":"Predsednica Osmani do\u010dekala na sastanku ministarku odbrane Luksemburga, gospo\u0111u Yuriko Backes - Predsednik Republike Kosovo - DR. VJOSA OSMANI - SADRIU -","robots":{"index":"index","follow":"follow","max-snippet":"max-snippet:-1","max-image-preview":"max-image-preview:large","max-video-preview":"max-video-preview:-1"},"canonical":"https:\/\/president-ksgov.net\/en\/?p=167989","og_locale":"sr_RS","og_type":"article","og_title":"Predsednica Osmani do\u010dekala na sastanku ministarku odbrane Luksemburga, gospo\u0111u Yuriko Backes - Predsednik Republike Kosovo - DR. VJOSA OSMANI - SADRIU","og_description":"Predsednica Osmani do\u010dekala na sastanku ministarku odbrane Luksemburga, gospo\u0111u Yuriko Backes - Predsednik Republike Kosovo - DR. VJOSA OSMANI - SADRIU -","og_url":"https:\/\/president-ksgov.net\/en\/?p=167989","og_site_name":"Predsednik Republike Kosovo - DR. VJOSA OSMANI - SADRIU","article_published_time":"2025-07-03T11:43:17+00:00","article_modified_time":"2025-07-03T13:13:17+00:00","og_image":[{"width":2048,"height":1417,"url":"https:\/\/president-ksgov.net\/wp-content\/uploads\/Presidentja-Osmani-priti-ne-takim-Ministren-e-Mbrojtjes-se-Luksemburgut-znj.-Yuriko-Backes-1.jpg","type":"image\/jpeg"}],"author":"Florent Rrahmani","twitter_card":"summary_large_image","twitter_misc":{"\u041d\u0430\u043f\u0438\u0441\u0430\u043d\u043e \u043e\u0434":"Florent Rrahmani","\u041f\u0440\u043e\u0446\u0435\u045a\u0435\u043d\u043e \u0432\u0440\u0435\u043c\u0435 \u0447\u0438\u0442\u0430\u045a\u0430":"2 \u043c\u0438\u043d\u0443\u0442\u0430"},"schema":{"@context":"https:\/\/schema.org","@graph":[{"@type":"WebPage","@id":"https:\/\/president-ksgov.net\/en\/?p=167989","url":"https:\/\/president-ksgov.net\/en\/?p=167989","name":"Predsednica Osmani do\u010dekala na sastanku ministarku odbrane Luksemburga, gospo\u0111u Yuriko Backes - Predsednik Republike Kosovo - DR. VJOSA OSMANI - SADRIU","isPartOf":{"@id":"https:\/\/president-ksgov.net\/#website"},"primaryImageOfPage":{"@id":"https:\/\/president-ksgov.net\/en\/?p=167989#primaryimage"},"image":{"@id":"https:\/\/president-ksgov.net\/en\/?p=167989#primaryimage"},"thumbnailUrl":"https:\/\/president-ksgov.net\/wp-content\/uploads\/Presidentja-Osmani-priti-ne-takim-Ministren-e-Mbrojtjes-se-Luksemburgut-znj.-Yuriko-Backes-1.jpg","datePublished":"2025-07-03T11:43:17+00:00","dateModified":"2025-07-03T13:13:17+00:00","author":{"@id":"https:\/\/president-ksgov.net\/#\/schema\/person\/7c46f744a99d3f1616b92658282aa934"},"description":"Predsednica Osmani do\u010dekala na sastanku ministarku odbrane Luksemburga, gospo\u0111u Yuriko Backes - Predsednik Republike Kosovo - DR. VJOSA OSMANI - SADRIU -","breadcrumb":{"@id":"https:\/\/president-ksgov.net\/en\/?p=167989#breadcrumb"},"inLanguage":"sr-RS","potentialAction":[{"@type":"ReadAction","target":["https:\/\/president-ksgov.net\/en\/?p=167989"]}]},{"@type":"ImageObject","inLanguage":"sr-RS","@id":"https:\/\/president-ksgov.net\/en\/?p=167989#primaryimage","url":"https:\/\/president-ksgov.net\/wp-content\/uploads\/Presidentja-Osmani-priti-ne-takim-Ministren-e-Mbrojtjes-se-Luksemburgut-znj.-Yuriko-Backes-1.jpg","contentUrl":"https:\/\/president-ksgov.net\/wp-content\/uploads\/Presidentja-Osmani-priti-ne-takim-Ministren-e-Mbrojtjes-se-Luksemburgut-znj.-Yuriko-Backes-1.jpg","width":2048,"height":1417},{"@type":"BreadcrumbList","@id":"https:\/\/president-ksgov.net\/en\/?p=167989#breadcrumb","itemListElement":[{"@type":"ListItem","position":1,"name":"Home","item":"https:\/\/president-ksgov.net\/sr\/"},{"@type":"ListItem","position":2,"name":"Predsednica Osmani do\u010dekala na sastanku ministarku odbrane Luksemburga, gospo\u0111u Yuriko Backes"}]},{"@type":"WebSite","@id":"https:\/\/president-ksgov.net\/#website","url":"https:\/\/president-ksgov.net\/","name":"Presidente e Republik\u00ebs s\u00eb Kosov\u00ebs","description":"Presidente e Republik\u00ebs s\u00eb Kosov\u00ebs","alternateName":"DR. VJOSA OSMANI - SADRIU","potentialAction":[{"@type":"SearchAction","target":{"@type":"EntryPoint","urlTemplate":"https:\/\/president-ksgov.net\/?s={search_term_string}"},"query-input":{"@type":"PropertyValueSpecification","valueRequired":true,"valueName":"search_term_string"}}],"inLanguage":"sr-RS"},{"@type":"Person","@id":"https:\/\/president-ksgov.net\/#\/schema\/person\/7c46f744a99d3f1616b92658282aa934","name":"Florent Rrahmani","image":{"@type":"ImageObject","inLanguage":"sr-RS","@id":"https:\/\/president-ksgov.net\/#\/schema\/person\/image\/","url":"https:\/\/secure.gravatar.com\/avatar\/2545924aa250de68ac8368367a79b663e59571cd131611f54c89b0613a94e230?s=96&d=mm&r=g","contentUrl":"https:\/\/secure.gravatar.com\/avatar\/2545924aa250de68ac8368367a79b663e59571cd131611f54c89b0613a94e230?s=96&d=mm&r=g","caption":"Florent Rrahmani"}}]}},"_links":{"self":[{"href":"https:\/\/president-ksgov.net\/sr\/wp-json\/wp\/v2\/posts\/167716","targetHints":{"allow":["GET"]}}],"collection":[{"href":"https:\/\/president-ksgov.net\/sr\/wp-json\/wp\/v2\/posts"}],"about":[{"href":"https:\/\/president-ksgov.net\/sr\/wp-json\/wp\/v2\/types\/post"}],"author":[{"embeddable":true,"href":"https:\/\/president-ksgov.net\/sr\/wp-json\/wp\/v2\/users\/9"}],"replies":[{"embeddable":true,"href":"https:\/\/president-ksgov.net\/sr\/wp-json\/wp\/v2\/comments?post=167716"}],"version-history":[{"count":1,"href":"https:\/\/president-ksgov.net\/sr\/wp-json\/wp\/v2\/posts\/167716\/revisions"}],"predecessor-version":[{"id":167717,"href":"https:\/\/president-ksgov.net\/sr\/wp-json\/wp\/v2\/posts\/167716\/revisions\/167717"}],"wp:featuredmedia":[{"embeddable":true,"href":"https:\/\/president-ksgov.net\/sr\/wp-json\/wp\/v2\/media\/167654"}],"wp:attachment":[{"href":"https:\/\/president-ksgov.net\/sr\/wp-json\/wp\/v2\/media?parent=167716"}],"wp:term":[{"taxonomy":"category","embeddable":true,"href":"https:\/\/president-ksgov.net\/sr\/wp-json\/wp\/v2\/categories?post=167716"},{"taxonomy":"post_tag","embeddable":true,"href":"https:\/\/president-ksgov.net\/sr\/wp-json\/wp\/v2\/tags?post=167716"}],"curies":[{"name":"wp","href":"https:\/\/api.w.org\/{rel}","templated":true}]}}