{"id":165195,"date":"2025-06-02T14:23:47","date_gmt":"2025-06-02T12:23:47","guid":{"rendered":"https:\/\/president-ksgov.net\/?p=165195"},"modified":"2025-06-05T13:11:15","modified_gmt":"2025-06-05T11:11:15","slug":"predsednica-osmani-bezbednost-dece-je-temelj-globalne-bezbednosti","status":"publish","type":"post","link":"https:\/\/president-ksgov.net\/sr\/predsednica-osmani-bezbednost-dece-je-temelj-globalne-bezbednosti\/","title":{"rendered":"Predsednica Osmani: Bezbednost dece je temelj globalne bezbednosti"},"content":{"rendered":"<p>Na otvaranju tre\u0107e edicije Me\u0111unarodnog foruma za \u017eene, mir i bezbednos, predsednica Osmani je rekla da je bezbednost dece temelj globalne bezbednosti<\/p>\n<p>Predsednica Osmani je napisala:<\/p>\n<p>Bezbednost dece je temelj globalne bezbednosti.<\/p>\n<p>U vreme kada deca \u0161irom sveta podnose najve\u0107e posledice rata, moramo zajedno ustati kako bismo za\u0161titili njihova prava. Oni nisu samo na\u0161a budu\u0107nost, oni su i na\u0161a sada\u0161njost.<\/p>\n<p>Ovogodi\u0161nji Me\u0111unarodni forum za \u017eene, mir i bezbednosti stavi\u0107e njihove glasove, potrebe i za\u0161titu u centar na\u0161ih diskusija.<\/p>\n","protected":false},"excerpt":{"rendered":"<p>Na otvaranju tre\u0107e edicije Me\u0111unarodnog foruma za \u017eene, mir i bezbednos, predsednica Osmani je rekla da je bezbednost dece temelj globalne bezbednosti Predsednica Osmani je napisala: Bezbednost dece je temelj globalne bezbednosti. U vreme kada deca \u0161irom sveta podnose najve\u0107e posledice rata, moramo zajedno ustati kako bismo za\u0161titili njihova prava. Oni nisu samo na\u0161a budu\u0107nost, oni su i na\u0161a sada\u0161njost. Ovogodi\u0161nji Me\u0111unarodni forum za \u017eene, mir i bezbednosti stavi\u0107e njihove glasove, potrebe i za\u0161titu u centar na\u0161ih diskusija.<\/p>\n","protected":false},"author":16,"featured_media":164291,"comment_status":"closed","ping_status":"closed","sticky":false,"template":"","format":"standard","meta":{"_eb_attr":"","footnotes":""},"categories":[165,101],"tags":[],"class_list":["post-165195","post","type-post","status-publish","format-standard","has-post-thumbnail","hentry","category-regionalni-centar-za-zene-mir-i-bezbednost","category-vesti"],"yoast_head":"<!-- This site is optimized with the Yoast SEO plugin v23.5 - https:\/\/yoast.com\/wordpress\/plugins\/seo\/ -->\n<title>Predsednica Osmani: Bezbednost dece je temelj globalne bezbednosti - Predsednik Republike Kosovo - DR. VJOSA OSMANI - SADRIU<\/title>\n<meta name=\"description\" content=\"Predsednica Osmani: Bezbednost dece je temelj globalne bezbednosti - Predsednik Republike Kosovo - DR. VJOSA OSMANI - SADRIU -\" \/>\n<meta name=\"robots\" content=\"index, follow, max-snippet:-1, max-image-preview:large, max-video-preview:-1\" \/>\n<link rel=\"canonical\" href=\"https:\/\/president-ksgov.net\/en\/?p=165443\" \/>\n<meta property=\"og:locale\" content=\"sr_RS\" \/>\n<meta property=\"og:type\" content=\"article\" \/>\n<meta property=\"og:title\" content=\"Predsednica Osmani: Bezbednost dece je temelj globalne bezbednosti - Predsednik Republike Kosovo - DR. VJOSA OSMANI - SADRIU\" \/>\n<meta property=\"og:description\" content=\"Predsednica Osmani: Bezbednost dece je temelj globalne bezbednosti - Predsednik Republike Kosovo - DR. VJOSA OSMANI - SADRIU -\" \/>\n<meta property=\"og:url\" content=\"https:\/\/president-ksgov.net\/en\/?p=165443\" \/>\n<meta property=\"og:site_name\" content=\"Predsednik Republike Kosovo - DR. VJOSA OSMANI - SADRIU\" \/>\n<meta property=\"article:published_time\" content=\"2025-06-02T12:23:47+00:00\" \/>\n<meta property=\"article:modified_time\" content=\"2025-06-05T11:11:15+00:00\" \/>\n<meta property=\"og:image\" content=\"https:\/\/president-ksgov.net\/wp-content\/uploads\/Siguria-e-femijeve-eshte-themeli-i-sigurise-globale-1.jpeg\" \/>\n\t<meta property=\"og:image:width\" content=\"2560\" \/>\n\t<meta property=\"og:image:height\" content=\"1706\" \/>\n\t<meta property=\"og:image:type\" content=\"image\/jpeg\" \/>\n<meta name=\"author\" content=\"Azim Rabby\" \/>\n<meta name=\"twitter:card\" content=\"summary_large_image\" \/>\n<meta name=\"twitter:label1\" content=\"\u041d\u0430\u043f\u0438\u0441\u0430\u043d\u043e \u043e\u0434\" \/>\n\t<meta name=\"twitter:data1\" content=\"Azim Rabby\" \/>\n<script type=\"application\/ld+json\" class=\"yoast-schema-graph\">{\"@context\":\"https:\/\/schema.org\",\"@graph\":[{\"@type\":\"WebPage\",\"@id\":\"https:\/\/president-ksgov.net\/en\/?p=165443\",\"url\":\"https:\/\/president-ksgov.net\/en\/?p=165443\",\"name\":\"Predsednica Osmani: Bezbednost dece je temelj globalne bezbednosti - Predsednik Republike Kosovo - DR. VJOSA OSMANI - SADRIU\",\"isPartOf\":{\"@id\":\"https:\/\/president-ksgov.net\/#website\"},\"primaryImageOfPage\":{\"@id\":\"https:\/\/president-ksgov.net\/en\/?p=165443#primaryimage\"},\"image\":{\"@id\":\"https:\/\/president-ksgov.net\/en\/?p=165443#primaryimage\"},\"thumbnailUrl\":\"https:\/\/president-ksgov.net\/wp-content\/uploads\/Siguria-e-femijeve-eshte-themeli-i-sigurise-globale-1.jpeg\",\"datePublished\":\"2025-06-02T12:23:47+00:00\",\"dateModified\":\"2025-06-05T11:11:15+00:00\",\"author\":{\"@id\":\"https:\/\/president-ksgov.net\/#\/schema\/person\/46897fdfb3a2c4637c66776b267b09f6\"},\"description\":\"Predsednica Osmani: Bezbednost dece je temelj globalne bezbednosti - Predsednik Republike Kosovo - DR. VJOSA OSMANI - SADRIU -\",\"breadcrumb\":{\"@id\":\"https:\/\/president-ksgov.net\/en\/?p=165443#breadcrumb\"},\"inLanguage\":\"sr-RS\",\"potentialAction\":[{\"@type\":\"ReadAction\",\"target\":[\"https:\/\/president-ksgov.net\/en\/?p=165443\"]}]},{\"@type\":\"ImageObject\",\"inLanguage\":\"sr-RS\",\"@id\":\"https:\/\/president-ksgov.net\/en\/?p=165443#primaryimage\",\"url\":\"https:\/\/president-ksgov.net\/wp-content\/uploads\/Siguria-e-femijeve-eshte-themeli-i-sigurise-globale-1.jpeg\",\"contentUrl\":\"https:\/\/president-ksgov.net\/wp-content\/uploads\/Siguria-e-femijeve-eshte-themeli-i-sigurise-globale-1.jpeg\",\"width\":2560,\"height\":1706},{\"@type\":\"BreadcrumbList\",\"@id\":\"https:\/\/president-ksgov.net\/en\/?p=165443#breadcrumb\",\"itemListElement\":[{\"@type\":\"ListItem\",\"position\":1,\"name\":\"Home\",\"item\":\"https:\/\/president-ksgov.net\/sr\/\"},{\"@type\":\"ListItem\",\"position\":2,\"name\":\"Predsednica Osmani: Bezbednost dece je temelj globalne bezbednosti\"}]},{\"@type\":\"WebSite\",\"@id\":\"https:\/\/president-ksgov.net\/#website\",\"url\":\"https:\/\/president-ksgov.net\/\",\"name\":\"Presidente e Republik\u00ebs s\u00eb Kosov\u00ebs\",\"description\":\"Presidente e Republik\u00ebs s\u00eb Kosov\u00ebs\",\"alternateName\":\"DR. VJOSA OSMANI - SADRIU\",\"potentialAction\":[{\"@type\":\"SearchAction\",\"target\":{\"@type\":\"EntryPoint\",\"urlTemplate\":\"https:\/\/president-ksgov.net\/?s={search_term_string}\"},\"query-input\":{\"@type\":\"PropertyValueSpecification\",\"valueRequired\":true,\"valueName\":\"search_term_string\"}}],\"inLanguage\":\"sr-RS\"},{\"@type\":\"Person\",\"@id\":\"https:\/\/president-ksgov.net\/#\/schema\/person\/46897fdfb3a2c4637c66776b267b09f6\",\"name\":\"Azim Rabby\",\"image\":{\"@type\":\"ImageObject\",\"inLanguage\":\"sr-RS\",\"@id\":\"https:\/\/president-ksgov.net\/#\/schema\/person\/image\/\",\"url\":\"https:\/\/secure.gravatar.com\/avatar\/2e869d6e696f88891afa5dab0768da91bb4d2f829b32699cfb894a221f3d336b?s=96&d=mm&r=g\",\"contentUrl\":\"https:\/\/secure.gravatar.com\/avatar\/2e869d6e696f88891afa5dab0768da91bb4d2f829b32699cfb894a221f3d336b?s=96&d=mm&r=g\",\"caption\":\"Azim Rabby\"}}]}<\/script>\n<!-- \/ Yoast SEO plugin. -->","yoast_head_json":{"title":"Predsednica Osmani: Bezbednost dece je temelj globalne bezbednosti - Predsednik Republike Kosovo - DR. VJOSA OSMANI - SADRIU","description":"Predsednica Osmani: Bezbednost dece je temelj globalne bezbednosti - Predsednik Republike Kosovo - DR. VJOSA OSMANI - SADRIU -","robots":{"index":"index","follow":"follow","max-snippet":"max-snippet:-1","max-image-preview":"max-image-preview:large","max-video-preview":"max-video-preview:-1"},"canonical":"https:\/\/president-ksgov.net\/en\/?p=165443","og_locale":"sr_RS","og_type":"article","og_title":"Predsednica Osmani: Bezbednost dece je temelj globalne bezbednosti - Predsednik Republike Kosovo - DR. VJOSA OSMANI - SADRIU","og_description":"Predsednica Osmani: Bezbednost dece je temelj globalne bezbednosti - Predsednik Republike Kosovo - DR. VJOSA OSMANI - SADRIU -","og_url":"https:\/\/president-ksgov.net\/en\/?p=165443","og_site_name":"Predsednik Republike Kosovo - DR. VJOSA OSMANI - SADRIU","article_published_time":"2025-06-02T12:23:47+00:00","article_modified_time":"2025-06-05T11:11:15+00:00","og_image":[{"width":2560,"height":1706,"url":"https:\/\/president-ksgov.net\/wp-content\/uploads\/Siguria-e-femijeve-eshte-themeli-i-sigurise-globale-1.jpeg","type":"image\/jpeg"}],"author":"Azim Rabby","twitter_card":"summary_large_image","twitter_misc":{"\u041d\u0430\u043f\u0438\u0441\u0430\u043d\u043e \u043e\u0434":"Azim Rabby"},"schema":{"@context":"https:\/\/schema.org","@graph":[{"@type":"WebPage","@id":"https:\/\/president-ksgov.net\/en\/?p=165443","url":"https:\/\/president-ksgov.net\/en\/?p=165443","name":"Predsednica Osmani: Bezbednost dece je temelj globalne bezbednosti - Predsednik Republike Kosovo - DR. VJOSA OSMANI - SADRIU","isPartOf":{"@id":"https:\/\/president-ksgov.net\/#website"},"primaryImageOfPage":{"@id":"https:\/\/president-ksgov.net\/en\/?p=165443#primaryimage"},"image":{"@id":"https:\/\/president-ksgov.net\/en\/?p=165443#primaryimage"},"thumbnailUrl":"https:\/\/president-ksgov.net\/wp-content\/uploads\/Siguria-e-femijeve-eshte-themeli-i-sigurise-globale-1.jpeg","datePublished":"2025-06-02T12:23:47+00:00","dateModified":"2025-06-05T11:11:15+00:00","author":{"@id":"https:\/\/president-ksgov.net\/#\/schema\/person\/46897fdfb3a2c4637c66776b267b09f6"},"description":"Predsednica Osmani: Bezbednost dece je temelj globalne bezbednosti - Predsednik Republike Kosovo - DR. VJOSA OSMANI - SADRIU -","breadcrumb":{"@id":"https:\/\/president-ksgov.net\/en\/?p=165443#breadcrumb"},"inLanguage":"sr-RS","potentialAction":[{"@type":"ReadAction","target":["https:\/\/president-ksgov.net\/en\/?p=165443"]}]},{"@type":"ImageObject","inLanguage":"sr-RS","@id":"https:\/\/president-ksgov.net\/en\/?p=165443#primaryimage","url":"https:\/\/president-ksgov.net\/wp-content\/uploads\/Siguria-e-femijeve-eshte-themeli-i-sigurise-globale-1.jpeg","contentUrl":"https:\/\/president-ksgov.net\/wp-content\/uploads\/Siguria-e-femijeve-eshte-themeli-i-sigurise-globale-1.jpeg","width":2560,"height":1706},{"@type":"BreadcrumbList","@id":"https:\/\/president-ksgov.net\/en\/?p=165443#breadcrumb","itemListElement":[{"@type":"ListItem","position":1,"name":"Home","item":"https:\/\/president-ksgov.net\/sr\/"},{"@type":"ListItem","position":2,"name":"Predsednica Osmani: Bezbednost dece je temelj globalne bezbednosti"}]},{"@type":"WebSite","@id":"https:\/\/president-ksgov.net\/#website","url":"https:\/\/president-ksgov.net\/","name":"Presidente e Republik\u00ebs s\u00eb Kosov\u00ebs","description":"Presidente e Republik\u00ebs s\u00eb Kosov\u00ebs","alternateName":"DR. VJOSA OSMANI - SADRIU","potentialAction":[{"@type":"SearchAction","target":{"@type":"EntryPoint","urlTemplate":"https:\/\/president-ksgov.net\/?s={search_term_string}"},"query-input":{"@type":"PropertyValueSpecification","valueRequired":true,"valueName":"search_term_string"}}],"inLanguage":"sr-RS"},{"@type":"Person","@id":"https:\/\/president-ksgov.net\/#\/schema\/person\/46897fdfb3a2c4637c66776b267b09f6","name":"Azim Rabby","image":{"@type":"ImageObject","inLanguage":"sr-RS","@id":"https:\/\/president-ksgov.net\/#\/schema\/person\/image\/","url":"https:\/\/secure.gravatar.com\/avatar\/2e869d6e696f88891afa5dab0768da91bb4d2f829b32699cfb894a221f3d336b?s=96&d=mm&r=g","contentUrl":"https:\/\/secure.gravatar.com\/avatar\/2e869d6e696f88891afa5dab0768da91bb4d2f829b32699cfb894a221f3d336b?s=96&d=mm&r=g","caption":"Azim Rabby"}}]}},"_links":{"self":[{"href":"https:\/\/president-ksgov.net\/sr\/wp-json\/wp\/v2\/posts\/165195","targetHints":{"allow":["GET"]}}],"collection":[{"href":"https:\/\/president-ksgov.net\/sr\/wp-json\/wp\/v2\/posts"}],"about":[{"href":"https:\/\/president-ksgov.net\/sr\/wp-json\/wp\/v2\/types\/post"}],"author":[{"embeddable":true,"href":"https:\/\/president-ksgov.net\/sr\/wp-json\/wp\/v2\/users\/16"}],"replies":[{"embeddable":true,"href":"https:\/\/president-ksgov.net\/sr\/wp-json\/wp\/v2\/comments?post=165195"}],"version-history":[{"count":1,"href":"https:\/\/president-ksgov.net\/sr\/wp-json\/wp\/v2\/posts\/165195\/revisions"}],"predecessor-version":[{"id":165196,"href":"https:\/\/president-ksgov.net\/sr\/wp-json\/wp\/v2\/posts\/165195\/revisions\/165196"}],"wp:featuredmedia":[{"embeddable":true,"href":"https:\/\/president-ksgov.net\/sr\/wp-json\/wp\/v2\/media\/164291"}],"wp:attachment":[{"href":"https:\/\/president-ksgov.net\/sr\/wp-json\/wp\/v2\/media?parent=165195"}],"wp:term":[{"taxonomy":"category","embeddable":true,"href":"https:\/\/president-ksgov.net\/sr\/wp-json\/wp\/v2\/categories?post=165195"},{"taxonomy":"post_tag","embeddable":true,"href":"https:\/\/president-ksgov.net\/sr\/wp-json\/wp\/v2\/tags?post=165195"}],"curies":[{"name":"wp","href":"https:\/\/api.w.org\/{rel}","templated":true}]}}