{"id":163956,"date":"2025-05-30T14:30:23","date_gmt":"2025-05-30T12:30:23","guid":{"rendered":"https:\/\/president-ksgov.net\/?p=163956"},"modified":"2025-05-30T15:06:21","modified_gmt":"2025-05-30T13:06:21","slug":"predsednica-osmani-primila-akreditive-od-novog-ambasadora-madarske-na-kosovu-laszlo-istvan-dux","status":"publish","type":"post","link":"https:\/\/president-ksgov.net\/sr\/predsednica-osmani-primila-akreditive-od-novog-ambasadora-madarske-na-kosovu-laszlo-istvan-dux\/","title":{"rendered":"Predsednica Osmani primila akreditive od novog ambasadora Ma\u0111arske na Kosovu, L\u00e1szl\u00f3 Istv\u00e1n Dux"},"content":{"rendered":"<p>Predsednica Republike Kosovo, Vjosa Osmani, danas je primila akreditive od novog ambasadora Ma\u0111arske na Kosovu, gospodina L\u00e1szl\u00f3 Istv\u00e1n Dux.<\/p>\n<p>Tokom ceremonije, predsednica Osmani je po\u017eelela dobrodo\u0161licu ambasadoru Duxu, isti\u010du\u0107i \u010dinjenicu da je Ma\u0111arska bila me\u0111u prvim zemljama koje su priznale nezavisnost Kosova.<\/p>\n<p>Predsednica Osmani je pohvalila odnose izme\u0111u dve zemlje i izrazila svoju posve\u0107enost daljem pro\u0161irenju saradnje u oblastima od zajedni\u010dkog interesa, posebno u obrazovanju i ekonomiji.<\/p>\n","protected":false},"excerpt":{"rendered":"<p>Predsednica Republike Kosovo, Vjosa Osmani, danas je primila akreditive od novog ambasadora Ma\u0111arske na Kosovu, gospodina L\u00e1szl\u00f3 Istv\u00e1n Dux. Tokom ceremonije, predsednica Osmani je po\u017eelela dobrodo\u0161licu ambasadoru Duxu, isti\u010du\u0107i \u010dinjenicu da je Ma\u0111arska bila me\u0111u prvim zemljama koje su priznale nezavisnost Kosova. Predsednica Osmani je pohvalila odnose izme\u0111u dve zemlje i izrazila svoju posve\u0107enost daljem pro\u0161irenju saradnje u oblastima od zajedni\u010dkog interesa, posebno u obrazovanju i ekonomiji.<\/p>\n","protected":false},"author":9,"featured_media":163932,"comment_status":"closed","ping_status":"closed","sticky":false,"template":"","format":"standard","meta":{"_eb_attr":"","footnotes":""},"categories":[101],"tags":[],"class_list":["post-163956","post","type-post","status-publish","format-standard","has-post-thumbnail","hentry","category-vesti"],"yoast_head":"<!-- This site is optimized with the Yoast SEO plugin v23.5 - https:\/\/yoast.com\/wordpress\/plugins\/seo\/ -->\n<title>Predsednica Osmani primila akreditive od novog ambasadora Ma\u0111arske na Kosovu, L\u00e1szl\u00f3 Istv\u00e1n Dux - Predsednik Republike Kosovo - DR. VJOSA OSMANI - SADRIU<\/title>\n<meta name=\"description\" content=\"Predsednica Osmani primila akreditive od novog ambasadora Ma\u0111arske na Kosovu, L\u00e1szl\u00f3 Istv\u00e1n Dux - Predsednik Republike Kosovo - DR. VJOSA OSMANI - SADRIU - Vesti\" \/>\n<meta name=\"robots\" content=\"index, follow, max-snippet:-1, max-image-preview:large, max-video-preview:-1\" \/>\n<link rel=\"canonical\" href=\"https:\/\/president-ksgov.net\/sr\/predsednica-osmani-primila-akreditive-od-novog-ambasadora-madarske-na-kosovu-laszlo-istvan-dux\/\" \/>\n<meta property=\"og:locale\" content=\"sr_RS\" \/>\n<meta property=\"og:type\" content=\"article\" \/>\n<meta property=\"og:title\" content=\"Predsednica Osmani primila akreditive od novog ambasadora Ma\u0111arske na Kosovu, L\u00e1szl\u00f3 Istv\u00e1n Dux - Predsednik Republike Kosovo - DR. VJOSA OSMANI - SADRIU\" \/>\n<meta property=\"og:description\" content=\"Predsednica Osmani primila akreditive od novog ambasadora Ma\u0111arske na Kosovu, L\u00e1szl\u00f3 Istv\u00e1n Dux - Predsednik Republike Kosovo - DR. VJOSA OSMANI - SADRIU - Vesti\" \/>\n<meta property=\"og:url\" content=\"https:\/\/president-ksgov.net\/sr\/predsednica-osmani-primila-akreditive-od-novog-ambasadora-madarske-na-kosovu-laszlo-istvan-dux\/\" \/>\n<meta property=\"og:site_name\" content=\"Predsednik Republike Kosovo - DR. VJOSA OSMANI - SADRIU\" \/>\n<meta property=\"article:published_time\" content=\"2025-05-30T12:30:23+00:00\" \/>\n<meta property=\"article:modified_time\" content=\"2025-05-30T13:06:21+00:00\" \/>\n<meta property=\"og:image\" content=\"https:\/\/president-ksgov.net\/wp-content\/uploads\/Presidentja-Osmani-pranoi-letrat-kredenciale-nga-ambasadori-i-ri-i-Hungarise-ne-Kosove-Laszlo-Istvan-Dux-1.jpg\" \/>\n\t<meta property=\"og:image:width\" content=\"2048\" \/>\n\t<meta property=\"og:image:height\" content=\"1368\" \/>\n\t<meta property=\"og:image:type\" content=\"image\/jpeg\" \/>\n<meta name=\"author\" content=\"Florent Rrahmani\" \/>\n<meta name=\"twitter:card\" content=\"summary_large_image\" \/>\n<meta name=\"twitter:label1\" content=\"\u041d\u0430\u043f\u0438\u0441\u0430\u043d\u043e \u043e\u0434\" \/>\n\t<meta name=\"twitter:data1\" content=\"Florent Rrahmani\" \/>\n\t<meta name=\"twitter:label2\" content=\"\u041f\u0440\u043e\u0446\u0435\u045a\u0435\u043d\u043e \u0432\u0440\u0435\u043c\u0435 \u0447\u0438\u0442\u0430\u045a\u0430\" \/>\n\t<meta name=\"twitter:data2\" content=\"1 \u043c\u0438\u043d\u0443\u0442\" \/>\n<script type=\"application\/ld+json\" class=\"yoast-schema-graph\">{\"@context\":\"https:\/\/schema.org\",\"@graph\":[{\"@type\":\"WebPage\",\"@id\":\"https:\/\/president-ksgov.net\/sr\/predsednica-osmani-primila-akreditive-od-novog-ambasadora-madarske-na-kosovu-laszlo-istvan-dux\/\",\"url\":\"https:\/\/president-ksgov.net\/sr\/predsednica-osmani-primila-akreditive-od-novog-ambasadora-madarske-na-kosovu-laszlo-istvan-dux\/\",\"name\":\"Predsednica Osmani primila akreditive od novog ambasadora Ma\u0111arske na Kosovu, L\u00e1szl\u00f3 Istv\u00e1n Dux - Predsednik Republike Kosovo - DR. VJOSA OSMANI - SADRIU\",\"isPartOf\":{\"@id\":\"https:\/\/president-ksgov.net\/#website\"},\"primaryImageOfPage\":{\"@id\":\"https:\/\/president-ksgov.net\/sr\/predsednica-osmani-primila-akreditive-od-novog-ambasadora-madarske-na-kosovu-laszlo-istvan-dux\/#primaryimage\"},\"image\":{\"@id\":\"https:\/\/president-ksgov.net\/sr\/predsednica-osmani-primila-akreditive-od-novog-ambasadora-madarske-na-kosovu-laszlo-istvan-dux\/#primaryimage\"},\"thumbnailUrl\":\"https:\/\/president-ksgov.net\/wp-content\/uploads\/Presidentja-Osmani-pranoi-letrat-kredenciale-nga-ambasadori-i-ri-i-Hungarise-ne-Kosove-Laszlo-Istvan-Dux-1.jpg\",\"datePublished\":\"2025-05-30T12:30:23+00:00\",\"dateModified\":\"2025-05-30T13:06:21+00:00\",\"author\":{\"@id\":\"https:\/\/president-ksgov.net\/#\/schema\/person\/7c46f744a99d3f1616b92658282aa934\"},\"description\":\"Predsednica Osmani primila akreditive od novog ambasadora Ma\u0111arske na Kosovu, L\u00e1szl\u00f3 Istv\u00e1n Dux - Predsednik Republike Kosovo - DR. VJOSA OSMANI - SADRIU - Vesti\",\"breadcrumb\":{\"@id\":\"https:\/\/president-ksgov.net\/sr\/predsednica-osmani-primila-akreditive-od-novog-ambasadora-madarske-na-kosovu-laszlo-istvan-dux\/#breadcrumb\"},\"inLanguage\":\"sr-RS\",\"potentialAction\":[{\"@type\":\"ReadAction\",\"target\":[\"https:\/\/president-ksgov.net\/sr\/predsednica-osmani-primila-akreditive-od-novog-ambasadora-madarske-na-kosovu-laszlo-istvan-dux\/\"]}]},{\"@type\":\"ImageObject\",\"inLanguage\":\"sr-RS\",\"@id\":\"https:\/\/president-ksgov.net\/sr\/predsednica-osmani-primila-akreditive-od-novog-ambasadora-madarske-na-kosovu-laszlo-istvan-dux\/#primaryimage\",\"url\":\"https:\/\/president-ksgov.net\/wp-content\/uploads\/Presidentja-Osmani-pranoi-letrat-kredenciale-nga-ambasadori-i-ri-i-Hungarise-ne-Kosove-Laszlo-Istvan-Dux-1.jpg\",\"contentUrl\":\"https:\/\/president-ksgov.net\/wp-content\/uploads\/Presidentja-Osmani-pranoi-letrat-kredenciale-nga-ambasadori-i-ri-i-Hungarise-ne-Kosove-Laszlo-Istvan-Dux-1.jpg\",\"width\":2048,\"height\":1368},{\"@type\":\"BreadcrumbList\",\"@id\":\"https:\/\/president-ksgov.net\/sr\/predsednica-osmani-primila-akreditive-od-novog-ambasadora-madarske-na-kosovu-laszlo-istvan-dux\/#breadcrumb\",\"itemListElement\":[{\"@type\":\"ListItem\",\"position\":1,\"name\":\"Home\",\"item\":\"https:\/\/president-ksgov.net\/sr\/\"},{\"@type\":\"ListItem\",\"position\":2,\"name\":\"Predsednica Osmani primila akreditive od novog ambasadora Ma\u0111arske na Kosovu, L\u00e1szl\u00f3 Istv\u00e1n Dux\"}]},{\"@type\":\"WebSite\",\"@id\":\"https:\/\/president-ksgov.net\/#website\",\"url\":\"https:\/\/president-ksgov.net\/\",\"name\":\"Presidente e Republik\u00ebs s\u00eb Kosov\u00ebs\",\"description\":\"Presidente e Republik\u00ebs s\u00eb Kosov\u00ebs\",\"alternateName\":\"DR. VJOSA OSMANI - SADRIU\",\"potentialAction\":[{\"@type\":\"SearchAction\",\"target\":{\"@type\":\"EntryPoint\",\"urlTemplate\":\"https:\/\/president-ksgov.net\/?s={search_term_string}\"},\"query-input\":{\"@type\":\"PropertyValueSpecification\",\"valueRequired\":true,\"valueName\":\"search_term_string\"}}],\"inLanguage\":\"sr-RS\"},{\"@type\":\"Person\",\"@id\":\"https:\/\/president-ksgov.net\/#\/schema\/person\/7c46f744a99d3f1616b92658282aa934\",\"name\":\"Florent Rrahmani\",\"image\":{\"@type\":\"ImageObject\",\"inLanguage\":\"sr-RS\",\"@id\":\"https:\/\/president-ksgov.net\/#\/schema\/person\/image\/\",\"url\":\"https:\/\/secure.gravatar.com\/avatar\/2545924aa250de68ac8368367a79b663e59571cd131611f54c89b0613a94e230?s=96&d=mm&r=g\",\"contentUrl\":\"https:\/\/secure.gravatar.com\/avatar\/2545924aa250de68ac8368367a79b663e59571cd131611f54c89b0613a94e230?s=96&d=mm&r=g\",\"caption\":\"Florent Rrahmani\"}}]}<\/script>\n<!-- \/ Yoast SEO plugin. -->","yoast_head_json":{"title":"Predsednica Osmani primila akreditive od novog ambasadora Ma\u0111arske na Kosovu, L\u00e1szl\u00f3 Istv\u00e1n Dux - Predsednik Republike Kosovo - DR. VJOSA OSMANI - SADRIU","description":"Predsednica Osmani primila akreditive od novog ambasadora Ma\u0111arske na Kosovu, L\u00e1szl\u00f3 Istv\u00e1n Dux - Predsednik Republike Kosovo - DR. VJOSA OSMANI - SADRIU - Vesti","robots":{"index":"index","follow":"follow","max-snippet":"max-snippet:-1","max-image-preview":"max-image-preview:large","max-video-preview":"max-video-preview:-1"},"canonical":"https:\/\/president-ksgov.net\/sr\/predsednica-osmani-primila-akreditive-od-novog-ambasadora-madarske-na-kosovu-laszlo-istvan-dux\/","og_locale":"sr_RS","og_type":"article","og_title":"Predsednica Osmani primila akreditive od novog ambasadora Ma\u0111arske na Kosovu, L\u00e1szl\u00f3 Istv\u00e1n Dux - Predsednik Republike Kosovo - DR. VJOSA OSMANI - SADRIU","og_description":"Predsednica Osmani primila akreditive od novog ambasadora Ma\u0111arske na Kosovu, L\u00e1szl\u00f3 Istv\u00e1n Dux - Predsednik Republike Kosovo - DR. VJOSA OSMANI - SADRIU - Vesti","og_url":"https:\/\/president-ksgov.net\/sr\/predsednica-osmani-primila-akreditive-od-novog-ambasadora-madarske-na-kosovu-laszlo-istvan-dux\/","og_site_name":"Predsednik Republike Kosovo - DR. VJOSA OSMANI - SADRIU","article_published_time":"2025-05-30T12:30:23+00:00","article_modified_time":"2025-05-30T13:06:21+00:00","og_image":[{"width":2048,"height":1368,"url":"https:\/\/president-ksgov.net\/wp-content\/uploads\/Presidentja-Osmani-pranoi-letrat-kredenciale-nga-ambasadori-i-ri-i-Hungarise-ne-Kosove-Laszlo-Istvan-Dux-1.jpg","type":"image\/jpeg"}],"author":"Florent Rrahmani","twitter_card":"summary_large_image","twitter_misc":{"\u041d\u0430\u043f\u0438\u0441\u0430\u043d\u043e \u043e\u0434":"Florent Rrahmani","\u041f\u0440\u043e\u0446\u0435\u045a\u0435\u043d\u043e \u0432\u0440\u0435\u043c\u0435 \u0447\u0438\u0442\u0430\u045a\u0430":"1 \u043c\u0438\u043d\u0443\u0442"},"schema":{"@context":"https:\/\/schema.org","@graph":[{"@type":"WebPage","@id":"https:\/\/president-ksgov.net\/sr\/predsednica-osmani-primila-akreditive-od-novog-ambasadora-madarske-na-kosovu-laszlo-istvan-dux\/","url":"https:\/\/president-ksgov.net\/sr\/predsednica-osmani-primila-akreditive-od-novog-ambasadora-madarske-na-kosovu-laszlo-istvan-dux\/","name":"Predsednica Osmani primila akreditive od novog ambasadora Ma\u0111arske na Kosovu, L\u00e1szl\u00f3 Istv\u00e1n Dux - Predsednik Republike Kosovo - DR. VJOSA OSMANI - SADRIU","isPartOf":{"@id":"https:\/\/president-ksgov.net\/#website"},"primaryImageOfPage":{"@id":"https:\/\/president-ksgov.net\/sr\/predsednica-osmani-primila-akreditive-od-novog-ambasadora-madarske-na-kosovu-laszlo-istvan-dux\/#primaryimage"},"image":{"@id":"https:\/\/president-ksgov.net\/sr\/predsednica-osmani-primila-akreditive-od-novog-ambasadora-madarske-na-kosovu-laszlo-istvan-dux\/#primaryimage"},"thumbnailUrl":"https:\/\/president-ksgov.net\/wp-content\/uploads\/Presidentja-Osmani-pranoi-letrat-kredenciale-nga-ambasadori-i-ri-i-Hungarise-ne-Kosove-Laszlo-Istvan-Dux-1.jpg","datePublished":"2025-05-30T12:30:23+00:00","dateModified":"2025-05-30T13:06:21+00:00","author":{"@id":"https:\/\/president-ksgov.net\/#\/schema\/person\/7c46f744a99d3f1616b92658282aa934"},"description":"Predsednica Osmani primila akreditive od novog ambasadora Ma\u0111arske na Kosovu, L\u00e1szl\u00f3 Istv\u00e1n Dux - Predsednik Republike Kosovo - DR. VJOSA OSMANI - SADRIU - Vesti","breadcrumb":{"@id":"https:\/\/president-ksgov.net\/sr\/predsednica-osmani-primila-akreditive-od-novog-ambasadora-madarske-na-kosovu-laszlo-istvan-dux\/#breadcrumb"},"inLanguage":"sr-RS","potentialAction":[{"@type":"ReadAction","target":["https:\/\/president-ksgov.net\/sr\/predsednica-osmani-primila-akreditive-od-novog-ambasadora-madarske-na-kosovu-laszlo-istvan-dux\/"]}]},{"@type":"ImageObject","inLanguage":"sr-RS","@id":"https:\/\/president-ksgov.net\/sr\/predsednica-osmani-primila-akreditive-od-novog-ambasadora-madarske-na-kosovu-laszlo-istvan-dux\/#primaryimage","url":"https:\/\/president-ksgov.net\/wp-content\/uploads\/Presidentja-Osmani-pranoi-letrat-kredenciale-nga-ambasadori-i-ri-i-Hungarise-ne-Kosove-Laszlo-Istvan-Dux-1.jpg","contentUrl":"https:\/\/president-ksgov.net\/wp-content\/uploads\/Presidentja-Osmani-pranoi-letrat-kredenciale-nga-ambasadori-i-ri-i-Hungarise-ne-Kosove-Laszlo-Istvan-Dux-1.jpg","width":2048,"height":1368},{"@type":"BreadcrumbList","@id":"https:\/\/president-ksgov.net\/sr\/predsednica-osmani-primila-akreditive-od-novog-ambasadora-madarske-na-kosovu-laszlo-istvan-dux\/#breadcrumb","itemListElement":[{"@type":"ListItem","position":1,"name":"Home","item":"https:\/\/president-ksgov.net\/sr\/"},{"@type":"ListItem","position":2,"name":"Predsednica Osmani primila akreditive od novog ambasadora Ma\u0111arske na Kosovu, L\u00e1szl\u00f3 Istv\u00e1n Dux"}]},{"@type":"WebSite","@id":"https:\/\/president-ksgov.net\/#website","url":"https:\/\/president-ksgov.net\/","name":"Presidente e Republik\u00ebs s\u00eb Kosov\u00ebs","description":"Presidente e Republik\u00ebs s\u00eb Kosov\u00ebs","alternateName":"DR. VJOSA OSMANI - SADRIU","potentialAction":[{"@type":"SearchAction","target":{"@type":"EntryPoint","urlTemplate":"https:\/\/president-ksgov.net\/?s={search_term_string}"},"query-input":{"@type":"PropertyValueSpecification","valueRequired":true,"valueName":"search_term_string"}}],"inLanguage":"sr-RS"},{"@type":"Person","@id":"https:\/\/president-ksgov.net\/#\/schema\/person\/7c46f744a99d3f1616b92658282aa934","name":"Florent Rrahmani","image":{"@type":"ImageObject","inLanguage":"sr-RS","@id":"https:\/\/president-ksgov.net\/#\/schema\/person\/image\/","url":"https:\/\/secure.gravatar.com\/avatar\/2545924aa250de68ac8368367a79b663e59571cd131611f54c89b0613a94e230?s=96&d=mm&r=g","contentUrl":"https:\/\/secure.gravatar.com\/avatar\/2545924aa250de68ac8368367a79b663e59571cd131611f54c89b0613a94e230?s=96&d=mm&r=g","caption":"Florent Rrahmani"}}]}},"_links":{"self":[{"href":"https:\/\/president-ksgov.net\/sr\/wp-json\/wp\/v2\/posts\/163956","targetHints":{"allow":["GET"]}}],"collection":[{"href":"https:\/\/president-ksgov.net\/sr\/wp-json\/wp\/v2\/posts"}],"about":[{"href":"https:\/\/president-ksgov.net\/sr\/wp-json\/wp\/v2\/types\/post"}],"author":[{"embeddable":true,"href":"https:\/\/president-ksgov.net\/sr\/wp-json\/wp\/v2\/users\/9"}],"replies":[{"embeddable":true,"href":"https:\/\/president-ksgov.net\/sr\/wp-json\/wp\/v2\/comments?post=163956"}],"version-history":[{"count":1,"href":"https:\/\/president-ksgov.net\/sr\/wp-json\/wp\/v2\/posts\/163956\/revisions"}],"predecessor-version":[{"id":163957,"href":"https:\/\/president-ksgov.net\/sr\/wp-json\/wp\/v2\/posts\/163956\/revisions\/163957"}],"wp:featuredmedia":[{"embeddable":true,"href":"https:\/\/president-ksgov.net\/sr\/wp-json\/wp\/v2\/media\/163932"}],"wp:attachment":[{"href":"https:\/\/president-ksgov.net\/sr\/wp-json\/wp\/v2\/media?parent=163956"}],"wp:term":[{"taxonomy":"category","embeddable":true,"href":"https:\/\/president-ksgov.net\/sr\/wp-json\/wp\/v2\/categories?post=163956"},{"taxonomy":"post_tag","embeddable":true,"href":"https:\/\/president-ksgov.net\/sr\/wp-json\/wp\/v2\/tags?post=163956"}],"curies":[{"name":"wp","href":"https:\/\/api.w.org\/{rel}","templated":true}]}}