{"id":159539,"date":"2025-04-27T16:10:53","date_gmt":"2025-04-27T14:10:53","guid":{"rendered":"https:\/\/president-ksgov.net\/?p=159539"},"modified":"2025-04-28T09:35:30","modified_gmt":"2025-04-28T07:35:30","slug":"na-26-godisnjicu-masakra-u-meji-u-ime-predsednice-osmani-savetnici-ismet-kasniqi-i-general-sefer-isufi-odali-su-pocast-zrtvama","status":"publish","type":"post","link":"https:\/\/president-ksgov.net\/sr\/na-26-godisnjicu-masakra-u-meji-u-ime-predsednice-osmani-savetnici-ismet-kasniqi-i-general-sefer-isufi-odali-su-pocast-zrtvama\/","title":{"rendered":"Na 26. godi\u0161njicu masakra u Meji, u ime predsednice Osmani, savetnici Ismet Kasniqi i general Sefer Isufi odali su po\u010dast \u017ertvama"},"content":{"rendered":"<p>Danas, na 26. godi\u0161njicu masakra u Meji, naju\u017easnijeg zlo\u010dina koji su po\u010dinile snage genocidnog srpskog re\u017eima nad albanskim civilnim stanovni\u0161tvom tokom rata 1999. godine, u ime predsednice Republike Kosovo, Vjose Osmani, savetnici, Ismet Kasniqi i general Sefer Isufi, odali su po\u010dast \u017ertvama.<\/p>\n<p>Na ovu bolnu godi\u0161njicu, sa dubokim pijetetom se se\u0107amo 376 nevinih civila, mu\u0161karaca, \u017eena i dece, koje su okrutno masakrirale zlo\u010dina\u010dke snage genocidnog re\u017eima Srbije, dok se mnogi od njih do danas vode kao nestali. Ovaj jezivi zlo\u010din, kao i mnogi drugi \u0161irom Kosova, i dalje ostaje neka\u017enjen, pogor\u0161avajuc\u0301i otvorene rane \u010dlanova porodica i \u010ditavog na\u0161eg naroda.<\/p>\n<p>Predsednica Vjosa Osmani, u ime Republike i naroda Kosova, potvr\u0111uje svoju nepokolebljivu posve\u0107enost pravdi, kako bi istrajno tra\u017eila da se obelodani sudbina onih koji su nestali nasilno i da se kazne po\u010dinioci ovih zlo\u010dina.<\/p>\n<p>Se\u0107anje na mu\u010denike za slobodu Meje i celog Kosova \u017eive\u0107e zauvek u na\u0161im srcima.<\/p>\n<p>Ve\u010dna slava palima!<\/p>\n","protected":false},"excerpt":{"rendered":"<p>Danas, na 26. godi\u0161njicu masakra u Meji, naju\u017easnijeg zlo\u010dina koji su po\u010dinile snage genocidnog srpskog re\u017eima nad albanskim civilnim stanovni\u0161tvom tokom rata 1999. godine, u ime predsednice Republike Kosovo, Vjose Osmani, savetnici, Ismet Kasniqi i general Sefer Isufi, odali su po\u010dast \u017ertvama. Na ovu bolnu godi\u0161njicu, sa dubokim pijetetom se se\u0107amo 376 nevinih civila, mu\u0161karaca, \u017eena i dece, koje su okrutno masakrirale zlo\u010dina\u010dke snage genocidnog re\u017eima Srbije, dok se mnogi od njih do danas vode kao nestali. Ovaj jezivi zlo\u010din, kao i mnogi drugi \u0161irom Kosova, i dalje ostaje neka\u017enjen, pogor\u0161avajuc\u0301i otvorene rane \u010dlanova porodica i \u010ditavog na\u0161eg naroda. Predsednica Vjosa Osmani, u ime Republike i naroda Kosova, potvr\u0111uje svoju nepokolebljivu posve\u0107enost pravdi, kako bi istrajno tra\u017eila da se obelodani sudbina onih koji su nestali nasilno i da se kazne po\u010dinioci ovih zlo\u010dina. Se\u0107anje na mu\u010denike za slobodu Meje i celog Kosova \u017eive\u0107e zauvek u na\u0161im srcima. Ve\u010dna slava palima!<\/p>\n","protected":false},"author":9,"featured_media":159507,"comment_status":"closed","ping_status":"closed","sticky":false,"template":"","format":"standard","meta":{"_eb_attr":"","footnotes":""},"categories":[101],"tags":[],"class_list":["post-159539","post","type-post","status-publish","format-standard","has-post-thumbnail","hentry","category-vesti"],"yoast_head":"<!-- This site is optimized with the Yoast SEO plugin v23.5 - https:\/\/yoast.com\/wordpress\/plugins\/seo\/ -->\n<title>Na 26. godi\u0161njicu masakra u Meji, u ime predsednice Osmani, savetnici Ismet Kasniqi i general Sefer Isufi odali su po\u010dast \u017ertvama - Predsednik Republike Kosovo - DR. VJOSA OSMANI - SADRIU<\/title>\n<meta name=\"description\" content=\"Na 26. godi\u0161njicu masakra u Meji, u ime predsednice Osmani, savetnici Ismet Kasniqi i general Sefer Isufi odali su po\u010dast \u017ertvama - Predsednik Republike Kosovo - DR. VJOSA OSMANI - SADRIU - Vesti\" \/>\n<meta name=\"robots\" content=\"index, follow, max-snippet:-1, max-image-preview:large, max-video-preview:-1\" \/>\n<link rel=\"canonical\" href=\"https:\/\/president-ksgov.net\/sr\/na-26-godisnjicu-masakra-u-meji-u-ime-predsednice-osmani-savetnici-ismet-kasniqi-i-general-sefer-isufi-odali-su-pocast-zrtvama\/\" \/>\n<meta property=\"og:locale\" content=\"sr_RS\" \/>\n<meta property=\"og:type\" content=\"article\" \/>\n<meta property=\"og:title\" content=\"Na 26. godi\u0161njicu masakra u Meji, u ime predsednice Osmani, savetnici Ismet Kasniqi i general Sefer Isufi odali su po\u010dast \u017ertvama - Predsednik Republike Kosovo - DR. VJOSA OSMANI - SADRIU\" \/>\n<meta property=\"og:description\" content=\"Na 26. godi\u0161njicu masakra u Meji, u ime predsednice Osmani, savetnici Ismet Kasniqi i general Sefer Isufi odali su po\u010dast \u017ertvama - Predsednik Republike Kosovo - DR. VJOSA OSMANI - SADRIU - Vesti\" \/>\n<meta property=\"og:url\" content=\"https:\/\/president-ksgov.net\/sr\/na-26-godisnjicu-masakra-u-meji-u-ime-predsednice-osmani-savetnici-ismet-kasniqi-i-general-sefer-isufi-odali-su-pocast-zrtvama\/\" \/>\n<meta property=\"og:site_name\" content=\"Predsednik Republike Kosovo - DR. VJOSA OSMANI - SADRIU\" \/>\n<meta property=\"article:published_time\" content=\"2025-04-27T14:10:53+00:00\" \/>\n<meta property=\"article:modified_time\" content=\"2025-04-28T07:35:30+00:00\" \/>\n<meta property=\"og:image\" content=\"https:\/\/president-ksgov.net\/wp-content\/uploads\/27.4.25-1.jpg\" \/>\n\t<meta property=\"og:image:width\" content=\"2048\" \/>\n\t<meta property=\"og:image:height\" content=\"1365\" \/>\n\t<meta property=\"og:image:type\" content=\"image\/jpeg\" \/>\n<meta name=\"author\" content=\"Florent Rrahmani\" \/>\n<meta name=\"twitter:card\" content=\"summary_large_image\" \/>\n<meta name=\"twitter:label1\" content=\"\u041d\u0430\u043f\u0438\u0441\u0430\u043d\u043e \u043e\u0434\" \/>\n\t<meta name=\"twitter:data1\" content=\"Florent Rrahmani\" \/>\n\t<meta name=\"twitter:label2\" content=\"\u041f\u0440\u043e\u0446\u0435\u045a\u0435\u043d\u043e \u0432\u0440\u0435\u043c\u0435 \u0447\u0438\u0442\u0430\u045a\u0430\" \/>\n\t<meta name=\"twitter:data2\" content=\"2 \u043c\u0438\u043d\u0443\u0442\u0430\" \/>\n<script type=\"application\/ld+json\" class=\"yoast-schema-graph\">{\"@context\":\"https:\/\/schema.org\",\"@graph\":[{\"@type\":\"WebPage\",\"@id\":\"https:\/\/president-ksgov.net\/sr\/na-26-godisnjicu-masakra-u-meji-u-ime-predsednice-osmani-savetnici-ismet-kasniqi-i-general-sefer-isufi-odali-su-pocast-zrtvama\/\",\"url\":\"https:\/\/president-ksgov.net\/sr\/na-26-godisnjicu-masakra-u-meji-u-ime-predsednice-osmani-savetnici-ismet-kasniqi-i-general-sefer-isufi-odali-su-pocast-zrtvama\/\",\"name\":\"Na 26. godi\u0161njicu masakra u Meji, u ime predsednice Osmani, savetnici Ismet Kasniqi i general Sefer Isufi odali su po\u010dast \u017ertvama - Predsednik Republike Kosovo - DR. VJOSA OSMANI - SADRIU\",\"isPartOf\":{\"@id\":\"https:\/\/president-ksgov.net\/#website\"},\"primaryImageOfPage\":{\"@id\":\"https:\/\/president-ksgov.net\/sr\/na-26-godisnjicu-masakra-u-meji-u-ime-predsednice-osmani-savetnici-ismet-kasniqi-i-general-sefer-isufi-odali-su-pocast-zrtvama\/#primaryimage\"},\"image\":{\"@id\":\"https:\/\/president-ksgov.net\/sr\/na-26-godisnjicu-masakra-u-meji-u-ime-predsednice-osmani-savetnici-ismet-kasniqi-i-general-sefer-isufi-odali-su-pocast-zrtvama\/#primaryimage\"},\"thumbnailUrl\":\"https:\/\/president-ksgov.net\/wp-content\/uploads\/27.4.25-1.jpg\",\"datePublished\":\"2025-04-27T14:10:53+00:00\",\"dateModified\":\"2025-04-28T07:35:30+00:00\",\"author\":{\"@id\":\"https:\/\/president-ksgov.net\/#\/schema\/person\/7c46f744a99d3f1616b92658282aa934\"},\"description\":\"Na 26. godi\u0161njicu masakra u Meji, u ime predsednice Osmani, savetnici Ismet Kasniqi i general Sefer Isufi odali su po\u010dast \u017ertvama - Predsednik Republike Kosovo - DR. VJOSA OSMANI - SADRIU - Vesti\",\"breadcrumb\":{\"@id\":\"https:\/\/president-ksgov.net\/sr\/na-26-godisnjicu-masakra-u-meji-u-ime-predsednice-osmani-savetnici-ismet-kasniqi-i-general-sefer-isufi-odali-su-pocast-zrtvama\/#breadcrumb\"},\"inLanguage\":\"sr-RS\",\"potentialAction\":[{\"@type\":\"ReadAction\",\"target\":[\"https:\/\/president-ksgov.net\/sr\/na-26-godisnjicu-masakra-u-meji-u-ime-predsednice-osmani-savetnici-ismet-kasniqi-i-general-sefer-isufi-odali-su-pocast-zrtvama\/\"]}]},{\"@type\":\"ImageObject\",\"inLanguage\":\"sr-RS\",\"@id\":\"https:\/\/president-ksgov.net\/sr\/na-26-godisnjicu-masakra-u-meji-u-ime-predsednice-osmani-savetnici-ismet-kasniqi-i-general-sefer-isufi-odali-su-pocast-zrtvama\/#primaryimage\",\"url\":\"https:\/\/president-ksgov.net\/wp-content\/uploads\/27.4.25-1.jpg\",\"contentUrl\":\"https:\/\/president-ksgov.net\/wp-content\/uploads\/27.4.25-1.jpg\",\"width\":2048,\"height\":1365},{\"@type\":\"BreadcrumbList\",\"@id\":\"https:\/\/president-ksgov.net\/sr\/na-26-godisnjicu-masakra-u-meji-u-ime-predsednice-osmani-savetnici-ismet-kasniqi-i-general-sefer-isufi-odali-su-pocast-zrtvama\/#breadcrumb\",\"itemListElement\":[{\"@type\":\"ListItem\",\"position\":1,\"name\":\"Home\",\"item\":\"https:\/\/president-ksgov.net\/sr\/\"},{\"@type\":\"ListItem\",\"position\":2,\"name\":\"Na 26. godi\u0161njicu masakra u Meji, u ime predsednice Osmani, savetnici Ismet Kasniqi i general Sefer Isufi odali su po\u010dast \u017ertvama\"}]},{\"@type\":\"WebSite\",\"@id\":\"https:\/\/president-ksgov.net\/#website\",\"url\":\"https:\/\/president-ksgov.net\/\",\"name\":\"Presidente e Republik\u00ebs s\u00eb Kosov\u00ebs\",\"description\":\"Presidente e Republik\u00ebs s\u00eb Kosov\u00ebs\",\"alternateName\":\"DR. VJOSA OSMANI - SADRIU\",\"potentialAction\":[{\"@type\":\"SearchAction\",\"target\":{\"@type\":\"EntryPoint\",\"urlTemplate\":\"https:\/\/president-ksgov.net\/?s={search_term_string}\"},\"query-input\":{\"@type\":\"PropertyValueSpecification\",\"valueRequired\":true,\"valueName\":\"search_term_string\"}}],\"inLanguage\":\"sr-RS\"},{\"@type\":\"Person\",\"@id\":\"https:\/\/president-ksgov.net\/#\/schema\/person\/7c46f744a99d3f1616b92658282aa934\",\"name\":\"Florent Rrahmani\",\"image\":{\"@type\":\"ImageObject\",\"inLanguage\":\"sr-RS\",\"@id\":\"https:\/\/president-ksgov.net\/#\/schema\/person\/image\/\",\"url\":\"https:\/\/secure.gravatar.com\/avatar\/2545924aa250de68ac8368367a79b663e59571cd131611f54c89b0613a94e230?s=96&d=mm&r=g\",\"contentUrl\":\"https:\/\/secure.gravatar.com\/avatar\/2545924aa250de68ac8368367a79b663e59571cd131611f54c89b0613a94e230?s=96&d=mm&r=g\",\"caption\":\"Florent Rrahmani\"}}]}<\/script>\n<!-- \/ Yoast SEO plugin. -->","yoast_head_json":{"title":"Na 26. godi\u0161njicu masakra u Meji, u ime predsednice Osmani, savetnici Ismet Kasniqi i general Sefer Isufi odali su po\u010dast \u017ertvama - Predsednik Republike Kosovo - DR. VJOSA OSMANI - SADRIU","description":"Na 26. godi\u0161njicu masakra u Meji, u ime predsednice Osmani, savetnici Ismet Kasniqi i general Sefer Isufi odali su po\u010dast \u017ertvama - Predsednik Republike Kosovo - DR. VJOSA OSMANI - SADRIU - Vesti","robots":{"index":"index","follow":"follow","max-snippet":"max-snippet:-1","max-image-preview":"max-image-preview:large","max-video-preview":"max-video-preview:-1"},"canonical":"https:\/\/president-ksgov.net\/sr\/na-26-godisnjicu-masakra-u-meji-u-ime-predsednice-osmani-savetnici-ismet-kasniqi-i-general-sefer-isufi-odali-su-pocast-zrtvama\/","og_locale":"sr_RS","og_type":"article","og_title":"Na 26. godi\u0161njicu masakra u Meji, u ime predsednice Osmani, savetnici Ismet Kasniqi i general Sefer Isufi odali su po\u010dast \u017ertvama - Predsednik Republike Kosovo - DR. VJOSA OSMANI - SADRIU","og_description":"Na 26. godi\u0161njicu masakra u Meji, u ime predsednice Osmani, savetnici Ismet Kasniqi i general Sefer Isufi odali su po\u010dast \u017ertvama - Predsednik Republike Kosovo - DR. VJOSA OSMANI - SADRIU - Vesti","og_url":"https:\/\/president-ksgov.net\/sr\/na-26-godisnjicu-masakra-u-meji-u-ime-predsednice-osmani-savetnici-ismet-kasniqi-i-general-sefer-isufi-odali-su-pocast-zrtvama\/","og_site_name":"Predsednik Republike Kosovo - DR. VJOSA OSMANI - SADRIU","article_published_time":"2025-04-27T14:10:53+00:00","article_modified_time":"2025-04-28T07:35:30+00:00","og_image":[{"width":2048,"height":1365,"url":"https:\/\/president-ksgov.net\/wp-content\/uploads\/27.4.25-1.jpg","type":"image\/jpeg"}],"author":"Florent Rrahmani","twitter_card":"summary_large_image","twitter_misc":{"\u041d\u0430\u043f\u0438\u0441\u0430\u043d\u043e \u043e\u0434":"Florent Rrahmani","\u041f\u0440\u043e\u0446\u0435\u045a\u0435\u043d\u043e \u0432\u0440\u0435\u043c\u0435 \u0447\u0438\u0442\u0430\u045a\u0430":"2 \u043c\u0438\u043d\u0443\u0442\u0430"},"schema":{"@context":"https:\/\/schema.org","@graph":[{"@type":"WebPage","@id":"https:\/\/president-ksgov.net\/sr\/na-26-godisnjicu-masakra-u-meji-u-ime-predsednice-osmani-savetnici-ismet-kasniqi-i-general-sefer-isufi-odali-su-pocast-zrtvama\/","url":"https:\/\/president-ksgov.net\/sr\/na-26-godisnjicu-masakra-u-meji-u-ime-predsednice-osmani-savetnici-ismet-kasniqi-i-general-sefer-isufi-odali-su-pocast-zrtvama\/","name":"Na 26. godi\u0161njicu masakra u Meji, u ime predsednice Osmani, savetnici Ismet Kasniqi i general Sefer Isufi odali su po\u010dast \u017ertvama - Predsednik Republike Kosovo - DR. VJOSA OSMANI - SADRIU","isPartOf":{"@id":"https:\/\/president-ksgov.net\/#website"},"primaryImageOfPage":{"@id":"https:\/\/president-ksgov.net\/sr\/na-26-godisnjicu-masakra-u-meji-u-ime-predsednice-osmani-savetnici-ismet-kasniqi-i-general-sefer-isufi-odali-su-pocast-zrtvama\/#primaryimage"},"image":{"@id":"https:\/\/president-ksgov.net\/sr\/na-26-godisnjicu-masakra-u-meji-u-ime-predsednice-osmani-savetnici-ismet-kasniqi-i-general-sefer-isufi-odali-su-pocast-zrtvama\/#primaryimage"},"thumbnailUrl":"https:\/\/president-ksgov.net\/wp-content\/uploads\/27.4.25-1.jpg","datePublished":"2025-04-27T14:10:53+00:00","dateModified":"2025-04-28T07:35:30+00:00","author":{"@id":"https:\/\/president-ksgov.net\/#\/schema\/person\/7c46f744a99d3f1616b92658282aa934"},"description":"Na 26. godi\u0161njicu masakra u Meji, u ime predsednice Osmani, savetnici Ismet Kasniqi i general Sefer Isufi odali su po\u010dast \u017ertvama - Predsednik Republike Kosovo - DR. VJOSA OSMANI - SADRIU - Vesti","breadcrumb":{"@id":"https:\/\/president-ksgov.net\/sr\/na-26-godisnjicu-masakra-u-meji-u-ime-predsednice-osmani-savetnici-ismet-kasniqi-i-general-sefer-isufi-odali-su-pocast-zrtvama\/#breadcrumb"},"inLanguage":"sr-RS","potentialAction":[{"@type":"ReadAction","target":["https:\/\/president-ksgov.net\/sr\/na-26-godisnjicu-masakra-u-meji-u-ime-predsednice-osmani-savetnici-ismet-kasniqi-i-general-sefer-isufi-odali-su-pocast-zrtvama\/"]}]},{"@type":"ImageObject","inLanguage":"sr-RS","@id":"https:\/\/president-ksgov.net\/sr\/na-26-godisnjicu-masakra-u-meji-u-ime-predsednice-osmani-savetnici-ismet-kasniqi-i-general-sefer-isufi-odali-su-pocast-zrtvama\/#primaryimage","url":"https:\/\/president-ksgov.net\/wp-content\/uploads\/27.4.25-1.jpg","contentUrl":"https:\/\/president-ksgov.net\/wp-content\/uploads\/27.4.25-1.jpg","width":2048,"height":1365},{"@type":"BreadcrumbList","@id":"https:\/\/president-ksgov.net\/sr\/na-26-godisnjicu-masakra-u-meji-u-ime-predsednice-osmani-savetnici-ismet-kasniqi-i-general-sefer-isufi-odali-su-pocast-zrtvama\/#breadcrumb","itemListElement":[{"@type":"ListItem","position":1,"name":"Home","item":"https:\/\/president-ksgov.net\/sr\/"},{"@type":"ListItem","position":2,"name":"Na 26. godi\u0161njicu masakra u Meji, u ime predsednice Osmani, savetnici Ismet Kasniqi i general Sefer Isufi odali su po\u010dast \u017ertvama"}]},{"@type":"WebSite","@id":"https:\/\/president-ksgov.net\/#website","url":"https:\/\/president-ksgov.net\/","name":"Presidente e Republik\u00ebs s\u00eb Kosov\u00ebs","description":"Presidente e Republik\u00ebs s\u00eb Kosov\u00ebs","alternateName":"DR. VJOSA OSMANI - SADRIU","potentialAction":[{"@type":"SearchAction","target":{"@type":"EntryPoint","urlTemplate":"https:\/\/president-ksgov.net\/?s={search_term_string}"},"query-input":{"@type":"PropertyValueSpecification","valueRequired":true,"valueName":"search_term_string"}}],"inLanguage":"sr-RS"},{"@type":"Person","@id":"https:\/\/president-ksgov.net\/#\/schema\/person\/7c46f744a99d3f1616b92658282aa934","name":"Florent Rrahmani","image":{"@type":"ImageObject","inLanguage":"sr-RS","@id":"https:\/\/president-ksgov.net\/#\/schema\/person\/image\/","url":"https:\/\/secure.gravatar.com\/avatar\/2545924aa250de68ac8368367a79b663e59571cd131611f54c89b0613a94e230?s=96&d=mm&r=g","contentUrl":"https:\/\/secure.gravatar.com\/avatar\/2545924aa250de68ac8368367a79b663e59571cd131611f54c89b0613a94e230?s=96&d=mm&r=g","caption":"Florent Rrahmani"}}]}},"_links":{"self":[{"href":"https:\/\/president-ksgov.net\/sr\/wp-json\/wp\/v2\/posts\/159539","targetHints":{"allow":["GET"]}}],"collection":[{"href":"https:\/\/president-ksgov.net\/sr\/wp-json\/wp\/v2\/posts"}],"about":[{"href":"https:\/\/president-ksgov.net\/sr\/wp-json\/wp\/v2\/types\/post"}],"author":[{"embeddable":true,"href":"https:\/\/president-ksgov.net\/sr\/wp-json\/wp\/v2\/users\/9"}],"replies":[{"embeddable":true,"href":"https:\/\/president-ksgov.net\/sr\/wp-json\/wp\/v2\/comments?post=159539"}],"version-history":[{"count":1,"href":"https:\/\/president-ksgov.net\/sr\/wp-json\/wp\/v2\/posts\/159539\/revisions"}],"predecessor-version":[{"id":159540,"href":"https:\/\/president-ksgov.net\/sr\/wp-json\/wp\/v2\/posts\/159539\/revisions\/159540"}],"wp:featuredmedia":[{"embeddable":true,"href":"https:\/\/president-ksgov.net\/sr\/wp-json\/wp\/v2\/media\/159507"}],"wp:attachment":[{"href":"https:\/\/president-ksgov.net\/sr\/wp-json\/wp\/v2\/media?parent=159539"}],"wp:term":[{"taxonomy":"category","embeddable":true,"href":"https:\/\/president-ksgov.net\/sr\/wp-json\/wp\/v2\/categories?post=159539"},{"taxonomy":"post_tag","embeddable":true,"href":"https:\/\/president-ksgov.net\/sr\/wp-json\/wp\/v2\/tags?post=159539"}],"curies":[{"name":"wp","href":"https:\/\/api.w.org\/{rel}","templated":true}]}}