{"id":159521,"date":"2025-04-27T12:47:13","date_gmt":"2025-04-27T10:47:13","guid":{"rendered":"https:\/\/president-ksgov.net\/?p=159521"},"modified":"2025-04-27T16:13:27","modified_gmt":"2025-04-27T14:13:27","slug":"predsednica-osmani-podsetila-na-godisnjicu-masakra-u-meji-376-nevinih-zivota-je-okrutno-oduzeo-genocidni-rezim-srbije-samo-zato-sto-su-bili-albanci","status":"publish","type":"post","link":"https:\/\/president-ksgov.net\/sr\/predsednica-osmani-podsetila-na-godisnjicu-masakra-u-meji-376-nevinih-zivota-je-okrutno-oduzeo-genocidni-rezim-srbije-samo-zato-sto-su-bili-albanci\/","title":{"rendered":"Predsednica Osmani podsetila na godi\u0161njicu masakra u Meji: 376 nevinih \u017eivota je okrutno oduzeo genocidni re\u017eim Srbije, samo zato \u0161to su bili Albanci"},"content":{"rendered":"<p>Predsednica Republike Kosovo, Vjosa Osmani, podsetila je na godi\u0161njicu masakra u Meji.<\/p>\n<p>Predsednica Osmani je rekla da na ovom svetom tlu bola sejemo nadu u budu\u0107nost sa vi\u0161e pravde i vi\u0161e dostojanstva.<\/p>\n<p>Predsednica Osmani je napisala:<\/p>\n<p>Danas se te\u0161ka srca se\u0107amo masakra u Meji, jedne od najdubljih rana Kosova. 376 nevinih \u017eivota je okrutno oduzeo genocidni re\u017eim Srbije, samo zato \u0161to su bili Albanci.<\/p>\n<p>Rane koje je ostavila ova tragedija su jo\u0161 uvek otvorene, ali na\u0161 bol i odlu\u010dnost su se ujedinili da ne dozvolimo da istina bude zaboravljena.<\/p>\n<p>Svaka osoba ubijena i svaka osoba koja je nasilno nestala tokom rata, svaki nasilno prekinut san, na\u0161a je zakletva za pravdu.<\/p>\n<p>Na ovom svetom tlu bola, sejemo nadu u budu\u0107nost sa vi\u0161e pravde i vi\u0161e dostojanstva.<\/p>\n<p>Se\u0107anje na mu\u010denike iz Meje \u017eive\u0107e zauvek u na\u0161im srcima.<\/p>\n<p>Slava njihovim \u017eivotima i \u017ertvi!<\/p>\n<p>&nbsp;<\/p>\n","protected":false},"excerpt":{"rendered":"<p>Predsednica Republike Kosovo, Vjosa Osmani, podsetila je na godi\u0161njicu masakra u Meji. Predsednica Osmani je rekla da na ovom svetom tlu bola sejemo nadu u budu\u0107nost sa vi\u0161e pravde i vi\u0161e dostojanstva. Predsednica Osmani je napisala: Danas se te\u0161ka srca se\u0107amo masakra u Meji, jedne od najdubljih rana Kosova. 376 nevinih \u017eivota je okrutno oduzeo genocidni re\u017eim Srbije, samo zato \u0161to su bili Albanci. Rane koje je ostavila ova tragedija su jo\u0161 uvek otvorene, ali na\u0161 bol i odlu\u010dnost su se ujedinili da ne dozvolimo da istina bude zaboravljena. Svaka osoba ubijena i svaka osoba koja je nasilno nestala tokom rata, svaki nasilno prekinut san, na\u0161a je zakletva za pravdu. Na ovom svetom tlu bola, sejemo nadu u budu\u0107nost sa vi\u0161e pravde i vi\u0161e dostojanstva. Se\u0107anje na mu\u010denike iz Meje \u017eive\u0107e zauvek u na\u0161im srcima. Slava njihovim \u017eivotima i \u017ertvi! &nbsp;<\/p>\n","protected":false},"author":9,"featured_media":159499,"comment_status":"closed","ping_status":"closed","sticky":false,"template":"","format":"standard","meta":{"_eb_attr":"","footnotes":""},"categories":[101],"tags":[],"class_list":["post-159521","post","type-post","status-publish","format-standard","has-post-thumbnail","hentry","category-vesti"],"yoast_head":"<!-- This site is optimized with the Yoast SEO plugin v23.5 - https:\/\/yoast.com\/wordpress\/plugins\/seo\/ -->\n<title>Predsednica Osmani podsetila na godi\u0161njicu masakra u Meji: 376 nevinih \u017eivota je okrutno oduzeo genocidni re\u017eim Srbije, samo zato \u0161to su bili Albanci - Predsednik Republike Kosovo - DR. VJOSA OSMANI - SADRIU<\/title>\n<meta name=\"description\" content=\"Predsednica Osmani podsetila na godi\u0161njicu masakra u Meji: 376 nevinih \u017eivota je okrutno oduzeo genocidni re\u017eim Srbije, samo zato \u0161to su bili Albanci - Predsednik Republike Kosovo - DR. VJOSA OSMANI - SADRIU -\" \/>\n<meta name=\"robots\" content=\"index, follow, max-snippet:-1, max-image-preview:large, max-video-preview:-1\" \/>\n<link rel=\"canonical\" href=\"https:\/\/president-ksgov.net\/en\/?p=159541\" \/>\n<meta property=\"og:locale\" content=\"sr_RS\" \/>\n<meta property=\"og:type\" content=\"article\" \/>\n<meta property=\"og:title\" content=\"Predsednica Osmani podsetila na godi\u0161njicu masakra u Meji: 376 nevinih \u017eivota je okrutno oduzeo genocidni re\u017eim Srbije, samo zato \u0161to su bili Albanci - Predsednik Republike Kosovo - DR. VJOSA OSMANI - SADRIU\" \/>\n<meta property=\"og:description\" content=\"Predsednica Osmani podsetila na godi\u0161njicu masakra u Meji: 376 nevinih \u017eivota je okrutno oduzeo genocidni re\u017eim Srbije, samo zato \u0161to su bili Albanci - Predsednik Republike Kosovo - DR. VJOSA OSMANI - SADRIU -\" \/>\n<meta property=\"og:url\" content=\"https:\/\/president-ksgov.net\/en\/?p=159541\" \/>\n<meta property=\"og:site_name\" content=\"Predsednik Republike Kosovo - DR. VJOSA OSMANI - SADRIU\" \/>\n<meta property=\"article:published_time\" content=\"2025-04-27T10:47:13+00:00\" \/>\n<meta property=\"article:modified_time\" content=\"2025-04-27T14:13:27+00:00\" \/>\n<meta property=\"og:image\" content=\"https:\/\/president-ksgov.net\/wp-content\/uploads\/493667148_1219318019552735_284949491070172886_n.jpg\" \/>\n\t<meta property=\"og:image:width\" content=\"1500\" \/>\n\t<meta property=\"og:image:height\" content=\"999\" \/>\n\t<meta property=\"og:image:type\" content=\"image\/jpeg\" \/>\n<meta name=\"author\" content=\"Florent Rrahmani\" \/>\n<meta name=\"twitter:card\" content=\"summary_large_image\" \/>\n<meta name=\"twitter:label1\" content=\"\u041d\u0430\u043f\u0438\u0441\u0430\u043d\u043e \u043e\u0434\" \/>\n\t<meta name=\"twitter:data1\" content=\"Florent Rrahmani\" \/>\n\t<meta name=\"twitter:label2\" content=\"\u041f\u0440\u043e\u0446\u0435\u045a\u0435\u043d\u043e \u0432\u0440\u0435\u043c\u0435 \u0447\u0438\u0442\u0430\u045a\u0430\" \/>\n\t<meta name=\"twitter:data2\" content=\"1 \u043c\u0438\u043d\u0443\u0442\" \/>\n<script type=\"application\/ld+json\" class=\"yoast-schema-graph\">{\"@context\":\"https:\/\/schema.org\",\"@graph\":[{\"@type\":\"WebPage\",\"@id\":\"https:\/\/president-ksgov.net\/en\/?p=159541\",\"url\":\"https:\/\/president-ksgov.net\/en\/?p=159541\",\"name\":\"Predsednica Osmani podsetila na godi\u0161njicu masakra u Meji: 376 nevinih \u017eivota je okrutno oduzeo genocidni re\u017eim Srbije, samo zato \u0161to su bili Albanci - Predsednik Republike Kosovo - DR. VJOSA OSMANI - SADRIU\",\"isPartOf\":{\"@id\":\"https:\/\/president-ksgov.net\/#website\"},\"primaryImageOfPage\":{\"@id\":\"https:\/\/president-ksgov.net\/en\/?p=159541#primaryimage\"},\"image\":{\"@id\":\"https:\/\/president-ksgov.net\/en\/?p=159541#primaryimage\"},\"thumbnailUrl\":\"https:\/\/president-ksgov.net\/wp-content\/uploads\/493667148_1219318019552735_284949491070172886_n.jpg\",\"datePublished\":\"2025-04-27T10:47:13+00:00\",\"dateModified\":\"2025-04-27T14:13:27+00:00\",\"author\":{\"@id\":\"https:\/\/president-ksgov.net\/#\/schema\/person\/7c46f744a99d3f1616b92658282aa934\"},\"description\":\"Predsednica Osmani podsetila na godi\u0161njicu masakra u Meji: 376 nevinih \u017eivota je okrutno oduzeo genocidni re\u017eim Srbije, samo zato \u0161to su bili Albanci - Predsednik Republike Kosovo - DR. VJOSA OSMANI - SADRIU -\",\"breadcrumb\":{\"@id\":\"https:\/\/president-ksgov.net\/en\/?p=159541#breadcrumb\"},\"inLanguage\":\"sr-RS\",\"potentialAction\":[{\"@type\":\"ReadAction\",\"target\":[\"https:\/\/president-ksgov.net\/en\/?p=159541\"]}]},{\"@type\":\"ImageObject\",\"inLanguage\":\"sr-RS\",\"@id\":\"https:\/\/president-ksgov.net\/en\/?p=159541#primaryimage\",\"url\":\"https:\/\/president-ksgov.net\/wp-content\/uploads\/493667148_1219318019552735_284949491070172886_n.jpg\",\"contentUrl\":\"https:\/\/president-ksgov.net\/wp-content\/uploads\/493667148_1219318019552735_284949491070172886_n.jpg\",\"width\":1500,\"height\":999},{\"@type\":\"BreadcrumbList\",\"@id\":\"https:\/\/president-ksgov.net\/en\/?p=159541#breadcrumb\",\"itemListElement\":[{\"@type\":\"ListItem\",\"position\":1,\"name\":\"Home\",\"item\":\"https:\/\/president-ksgov.net\/sr\/\"},{\"@type\":\"ListItem\",\"position\":2,\"name\":\"Predsednica Osmani podsetila na godi\u0161njicu masakra u Meji: 376 nevinih \u017eivota je okrutno oduzeo genocidni re\u017eim Srbije, samo zato \u0161to su bili Albanci\"}]},{\"@type\":\"WebSite\",\"@id\":\"https:\/\/president-ksgov.net\/#website\",\"url\":\"https:\/\/president-ksgov.net\/\",\"name\":\"Presidente e Republik\u00ebs s\u00eb Kosov\u00ebs\",\"description\":\"Presidente e Republik\u00ebs s\u00eb Kosov\u00ebs\",\"alternateName\":\"DR. VJOSA OSMANI - SADRIU\",\"potentialAction\":[{\"@type\":\"SearchAction\",\"target\":{\"@type\":\"EntryPoint\",\"urlTemplate\":\"https:\/\/president-ksgov.net\/?s={search_term_string}\"},\"query-input\":{\"@type\":\"PropertyValueSpecification\",\"valueRequired\":true,\"valueName\":\"search_term_string\"}}],\"inLanguage\":\"sr-RS\"},{\"@type\":\"Person\",\"@id\":\"https:\/\/president-ksgov.net\/#\/schema\/person\/7c46f744a99d3f1616b92658282aa934\",\"name\":\"Florent Rrahmani\",\"image\":{\"@type\":\"ImageObject\",\"inLanguage\":\"sr-RS\",\"@id\":\"https:\/\/president-ksgov.net\/#\/schema\/person\/image\/\",\"url\":\"https:\/\/secure.gravatar.com\/avatar\/2545924aa250de68ac8368367a79b663e59571cd131611f54c89b0613a94e230?s=96&d=mm&r=g\",\"contentUrl\":\"https:\/\/secure.gravatar.com\/avatar\/2545924aa250de68ac8368367a79b663e59571cd131611f54c89b0613a94e230?s=96&d=mm&r=g\",\"caption\":\"Florent Rrahmani\"}}]}<\/script>\n<!-- \/ Yoast SEO plugin. -->","yoast_head_json":{"title":"Predsednica Osmani podsetila na godi\u0161njicu masakra u Meji: 376 nevinih \u017eivota je okrutno oduzeo genocidni re\u017eim Srbije, samo zato \u0161to su bili Albanci - Predsednik Republike Kosovo - DR. VJOSA OSMANI - SADRIU","description":"Predsednica Osmani podsetila na godi\u0161njicu masakra u Meji: 376 nevinih \u017eivota je okrutno oduzeo genocidni re\u017eim Srbije, samo zato \u0161to su bili Albanci - Predsednik Republike Kosovo - DR. VJOSA OSMANI - SADRIU -","robots":{"index":"index","follow":"follow","max-snippet":"max-snippet:-1","max-image-preview":"max-image-preview:large","max-video-preview":"max-video-preview:-1"},"canonical":"https:\/\/president-ksgov.net\/en\/?p=159541","og_locale":"sr_RS","og_type":"article","og_title":"Predsednica Osmani podsetila na godi\u0161njicu masakra u Meji: 376 nevinih \u017eivota je okrutno oduzeo genocidni re\u017eim Srbije, samo zato \u0161to su bili Albanci - Predsednik Republike Kosovo - DR. VJOSA OSMANI - SADRIU","og_description":"Predsednica Osmani podsetila na godi\u0161njicu masakra u Meji: 376 nevinih \u017eivota je okrutno oduzeo genocidni re\u017eim Srbije, samo zato \u0161to su bili Albanci - Predsednik Republike Kosovo - DR. VJOSA OSMANI - SADRIU -","og_url":"https:\/\/president-ksgov.net\/en\/?p=159541","og_site_name":"Predsednik Republike Kosovo - DR. VJOSA OSMANI - SADRIU","article_published_time":"2025-04-27T10:47:13+00:00","article_modified_time":"2025-04-27T14:13:27+00:00","og_image":[{"width":1500,"height":999,"url":"https:\/\/president-ksgov.net\/wp-content\/uploads\/493667148_1219318019552735_284949491070172886_n.jpg","type":"image\/jpeg"}],"author":"Florent Rrahmani","twitter_card":"summary_large_image","twitter_misc":{"\u041d\u0430\u043f\u0438\u0441\u0430\u043d\u043e \u043e\u0434":"Florent Rrahmani","\u041f\u0440\u043e\u0446\u0435\u045a\u0435\u043d\u043e \u0432\u0440\u0435\u043c\u0435 \u0447\u0438\u0442\u0430\u045a\u0430":"1 \u043c\u0438\u043d\u0443\u0442"},"schema":{"@context":"https:\/\/schema.org","@graph":[{"@type":"WebPage","@id":"https:\/\/president-ksgov.net\/en\/?p=159541","url":"https:\/\/president-ksgov.net\/en\/?p=159541","name":"Predsednica Osmani podsetila na godi\u0161njicu masakra u Meji: 376 nevinih \u017eivota je okrutno oduzeo genocidni re\u017eim Srbije, samo zato \u0161to su bili Albanci - Predsednik Republike Kosovo - DR. VJOSA OSMANI - SADRIU","isPartOf":{"@id":"https:\/\/president-ksgov.net\/#website"},"primaryImageOfPage":{"@id":"https:\/\/president-ksgov.net\/en\/?p=159541#primaryimage"},"image":{"@id":"https:\/\/president-ksgov.net\/en\/?p=159541#primaryimage"},"thumbnailUrl":"https:\/\/president-ksgov.net\/wp-content\/uploads\/493667148_1219318019552735_284949491070172886_n.jpg","datePublished":"2025-04-27T10:47:13+00:00","dateModified":"2025-04-27T14:13:27+00:00","author":{"@id":"https:\/\/president-ksgov.net\/#\/schema\/person\/7c46f744a99d3f1616b92658282aa934"},"description":"Predsednica Osmani podsetila na godi\u0161njicu masakra u Meji: 376 nevinih \u017eivota je okrutno oduzeo genocidni re\u017eim Srbije, samo zato \u0161to su bili Albanci - Predsednik Republike Kosovo - DR. VJOSA OSMANI - SADRIU -","breadcrumb":{"@id":"https:\/\/president-ksgov.net\/en\/?p=159541#breadcrumb"},"inLanguage":"sr-RS","potentialAction":[{"@type":"ReadAction","target":["https:\/\/president-ksgov.net\/en\/?p=159541"]}]},{"@type":"ImageObject","inLanguage":"sr-RS","@id":"https:\/\/president-ksgov.net\/en\/?p=159541#primaryimage","url":"https:\/\/president-ksgov.net\/wp-content\/uploads\/493667148_1219318019552735_284949491070172886_n.jpg","contentUrl":"https:\/\/president-ksgov.net\/wp-content\/uploads\/493667148_1219318019552735_284949491070172886_n.jpg","width":1500,"height":999},{"@type":"BreadcrumbList","@id":"https:\/\/president-ksgov.net\/en\/?p=159541#breadcrumb","itemListElement":[{"@type":"ListItem","position":1,"name":"Home","item":"https:\/\/president-ksgov.net\/sr\/"},{"@type":"ListItem","position":2,"name":"Predsednica Osmani podsetila na godi\u0161njicu masakra u Meji: 376 nevinih \u017eivota je okrutno oduzeo genocidni re\u017eim Srbije, samo zato \u0161to su bili Albanci"}]},{"@type":"WebSite","@id":"https:\/\/president-ksgov.net\/#website","url":"https:\/\/president-ksgov.net\/","name":"Presidente e Republik\u00ebs s\u00eb Kosov\u00ebs","description":"Presidente e Republik\u00ebs s\u00eb Kosov\u00ebs","alternateName":"DR. VJOSA OSMANI - SADRIU","potentialAction":[{"@type":"SearchAction","target":{"@type":"EntryPoint","urlTemplate":"https:\/\/president-ksgov.net\/?s={search_term_string}"},"query-input":{"@type":"PropertyValueSpecification","valueRequired":true,"valueName":"search_term_string"}}],"inLanguage":"sr-RS"},{"@type":"Person","@id":"https:\/\/president-ksgov.net\/#\/schema\/person\/7c46f744a99d3f1616b92658282aa934","name":"Florent Rrahmani","image":{"@type":"ImageObject","inLanguage":"sr-RS","@id":"https:\/\/president-ksgov.net\/#\/schema\/person\/image\/","url":"https:\/\/secure.gravatar.com\/avatar\/2545924aa250de68ac8368367a79b663e59571cd131611f54c89b0613a94e230?s=96&d=mm&r=g","contentUrl":"https:\/\/secure.gravatar.com\/avatar\/2545924aa250de68ac8368367a79b663e59571cd131611f54c89b0613a94e230?s=96&d=mm&r=g","caption":"Florent Rrahmani"}}]}},"_links":{"self":[{"href":"https:\/\/president-ksgov.net\/sr\/wp-json\/wp\/v2\/posts\/159521","targetHints":{"allow":["GET"]}}],"collection":[{"href":"https:\/\/president-ksgov.net\/sr\/wp-json\/wp\/v2\/posts"}],"about":[{"href":"https:\/\/president-ksgov.net\/sr\/wp-json\/wp\/v2\/types\/post"}],"author":[{"embeddable":true,"href":"https:\/\/president-ksgov.net\/sr\/wp-json\/wp\/v2\/users\/9"}],"replies":[{"embeddable":true,"href":"https:\/\/president-ksgov.net\/sr\/wp-json\/wp\/v2\/comments?post=159521"}],"version-history":[{"count":1,"href":"https:\/\/president-ksgov.net\/sr\/wp-json\/wp\/v2\/posts\/159521\/revisions"}],"predecessor-version":[{"id":159522,"href":"https:\/\/president-ksgov.net\/sr\/wp-json\/wp\/v2\/posts\/159521\/revisions\/159522"}],"wp:featuredmedia":[{"embeddable":true,"href":"https:\/\/president-ksgov.net\/sr\/wp-json\/wp\/v2\/media\/159499"}],"wp:attachment":[{"href":"https:\/\/president-ksgov.net\/sr\/wp-json\/wp\/v2\/media?parent=159521"}],"wp:term":[{"taxonomy":"category","embeddable":true,"href":"https:\/\/president-ksgov.net\/sr\/wp-json\/wp\/v2\/categories?post=159521"},{"taxonomy":"post_tag","embeddable":true,"href":"https:\/\/president-ksgov.net\/sr\/wp-json\/wp\/v2\/tags?post=159521"}],"curies":[{"name":"wp","href":"https:\/\/api.w.org\/{rel}","templated":true}]}}