{"id":158499,"date":"2025-04-17T10:23:28","date_gmt":"2025-04-17T08:23:28","guid":{"rendered":"https:\/\/president-ksgov.net\/?p=158499"},"modified":"2025-04-17T17:37:29","modified_gmt":"2025-04-17T15:37:29","slug":"predsednica-masakr-u-pokleku-secanje-koje-nikad-ne-bledi-rana-koja-se-ne-moze-izleciti-bez-pravde","status":"publish","type":"post","link":"https:\/\/president-ksgov.net\/sr\/predsednica-masakr-u-pokleku-secanje-koje-nikad-ne-bledi-rana-koja-se-ne-moze-izleciti-bez-pravde\/","title":{"rendered":"Predsednica: Masakr u Pokleku, se\u0107anje koje nikad ne bledi, rana koja se ne mo\u017ee izle\u010diti bez pravde"},"content":{"rendered":"<p>Masakr u Pokleku, se\u0107anje koje nikad ne bledi, rana koja se ne mo\u017ee izle\u010diti bez pravde.<\/p>\n<p>Me\u0111u 54 ubijenih u Pokleku, 24 su bili deca uzrasta od \u0161est meseci do 17 godina. Svirepo su ubijeni, a zatim spaljeni od strane snaga genocidnog srpskog re\u017eima, \u010diji je cilj bio istrebljenje. Me\u0111u \u017ertvama je bila i Liria, \u0161estomese\u010dna beba koja je dobila ime po idealu koji jo\u0161 nije \u017eivela. Nikada nije u\u017eivala u slobodi. Ali njeno ime ostaje amanet svakome od nas. To su i imena 23 osobe ubijene u Starom \u010cikatovu.<\/p>\n<p>Danas ih nije dovoljno setiti se. Na\u0161a je obaveza da tra\u017eimo pravdu. Ne samo za Liriju, ve\u0107 za svako ubijeno dete, za svaku uga\u0161enu porodicu.<\/p>\n<p>Pravda nije osveta. To je minimum obe\u0107anja koje dugujemo \u017ertvama.<\/p>\n<p>Na\u0161a je odgovornost da osiguramo da ovaj zlo\u010din ne bude pokriven pra\u0161inom zaborava ili ti\u0161ine.<\/p>\n<p>Nemojmo stati dok pravda ne trijumfuje.<\/p>\n<p>Jer bez nje, bez saop\u0161tavanja i saznanja istine, bez odgovornosti za zlo\u010dine, nema odr\u017eivog mira.<\/p>\n","protected":false},"excerpt":{"rendered":"<p>Masakr u Pokleku, se\u0107anje koje nikad ne bledi, rana koja se ne mo\u017ee izle\u010diti bez pravde. Me\u0111u 54 ubijenih u Pokleku, 24 su bili deca uzrasta od \u0161est meseci do 17 godina. Svirepo su ubijeni, a zatim spaljeni od strane snaga genocidnog srpskog re\u017eima, \u010diji je cilj bio istrebljenje. Me\u0111u \u017ertvama je bila i Liria, \u0161estomese\u010dna beba koja je dobila ime po idealu koji jo\u0161 nije \u017eivela. Nikada nije u\u017eivala u slobodi. Ali njeno ime ostaje amanet svakome od nas. To su i imena 23 osobe ubijene u Starom \u010cikatovu. Danas ih nije dovoljno setiti se. Na\u0161a je obaveza da tra\u017eimo pravdu. Ne samo za Liriju, ve\u0107 za svako ubijeno dete, za svaku uga\u0161enu porodicu. Pravda nije osveta. To je minimum obe\u0107anja koje dugujemo \u017ertvama. Na\u0161a je odgovornost da osiguramo da ovaj zlo\u010din ne bude pokriven pra\u0161inom zaborava ili ti\u0161ine. Nemojmo stati dok pravda ne trijumfuje. Jer bez nje, bez saop\u0161tavanja i saznanja istine, bez odgovornosti za zlo\u010dine, nema odr\u017eivog mira.<\/p>\n","protected":false},"author":9,"featured_media":158480,"comment_status":"closed","ping_status":"closed","sticky":false,"template":"","format":"standard","meta":{"_eb_attr":"","footnotes":""},"categories":[101],"tags":[],"class_list":["post-158499","post","type-post","status-publish","format-standard","has-post-thumbnail","hentry","category-vesti"],"yoast_head":"<!-- This site is optimized with the Yoast SEO plugin v23.5 - https:\/\/yoast.com\/wordpress\/plugins\/seo\/ -->\n<title>Predsednica: Masakr u Pokleku, se\u0107anje koje nikad ne bledi, rana koja se ne mo\u017ee izle\u010diti bez pravde - Predsednik Republike Kosovo - DR. VJOSA OSMANI - SADRIU<\/title>\n<meta name=\"description\" content=\"Predsednica: Masakr u Pokleku, se\u0107anje koje nikad ne bledi, rana koja se ne mo\u017ee izle\u010diti bez pravde - Predsednik Republike Kosovo - DR. VJOSA OSMANI - SADRIU -\" \/>\n<meta name=\"robots\" content=\"index, follow, max-snippet:-1, max-image-preview:large, max-video-preview:-1\" \/>\n<link rel=\"canonical\" href=\"https:\/\/president-ksgov.net\/en\/?p=158501\" \/>\n<meta property=\"og:locale\" content=\"sr_RS\" \/>\n<meta property=\"og:type\" content=\"article\" \/>\n<meta property=\"og:title\" content=\"Predsednica: Masakr u Pokleku, se\u0107anje koje nikad ne bledi, rana koja se ne mo\u017ee izle\u010diti bez pravde - Predsednik Republike Kosovo - DR. VJOSA OSMANI - SADRIU\" \/>\n<meta property=\"og:description\" content=\"Predsednica: Masakr u Pokleku, se\u0107anje koje nikad ne bledi, rana koja se ne mo\u017ee izle\u010diti bez pravde - Predsednik Republike Kosovo - DR. VJOSA OSMANI - SADRIU -\" \/>\n<meta property=\"og:url\" content=\"https:\/\/president-ksgov.net\/en\/?p=158501\" \/>\n<meta property=\"og:site_name\" content=\"Predsednik Republike Kosovo - DR. VJOSA OSMANI - SADRIU\" \/>\n<meta property=\"article:published_time\" content=\"2025-04-17T08:23:28+00:00\" \/>\n<meta property=\"article:modified_time\" content=\"2025-04-17T15:37:29+00:00\" \/>\n<meta property=\"og:image\" content=\"https:\/\/president-ksgov.net\/wp-content\/uploads\/poklek-1.jpg\" \/>\n\t<meta property=\"og:image:width\" content=\"1600\" \/>\n\t<meta property=\"og:image:height\" content=\"1065\" \/>\n\t<meta property=\"og:image:type\" content=\"image\/jpeg\" \/>\n<meta name=\"author\" content=\"Florent Rrahmani\" \/>\n<meta name=\"twitter:card\" content=\"summary_large_image\" \/>\n<meta name=\"twitter:label1\" content=\"\u041d\u0430\u043f\u0438\u0441\u0430\u043d\u043e \u043e\u0434\" \/>\n\t<meta name=\"twitter:data1\" content=\"Florent Rrahmani\" \/>\n\t<meta name=\"twitter:label2\" content=\"\u041f\u0440\u043e\u0446\u0435\u045a\u0435\u043d\u043e \u0432\u0440\u0435\u043c\u0435 \u0447\u0438\u0442\u0430\u045a\u0430\" \/>\n\t<meta name=\"twitter:data2\" content=\"2 \u043c\u0438\u043d\u0443\u0442\u0430\" \/>\n<script type=\"application\/ld+json\" class=\"yoast-schema-graph\">{\"@context\":\"https:\/\/schema.org\",\"@graph\":[{\"@type\":\"WebPage\",\"@id\":\"https:\/\/president-ksgov.net\/en\/?p=158501\",\"url\":\"https:\/\/president-ksgov.net\/en\/?p=158501\",\"name\":\"Predsednica: Masakr u Pokleku, se\u0107anje koje nikad ne bledi, rana koja se ne mo\u017ee izle\u010diti bez pravde - Predsednik Republike Kosovo - DR. VJOSA OSMANI - SADRIU\",\"isPartOf\":{\"@id\":\"https:\/\/president-ksgov.net\/#website\"},\"primaryImageOfPage\":{\"@id\":\"https:\/\/president-ksgov.net\/en\/?p=158501#primaryimage\"},\"image\":{\"@id\":\"https:\/\/president-ksgov.net\/en\/?p=158501#primaryimage\"},\"thumbnailUrl\":\"https:\/\/president-ksgov.net\/wp-content\/uploads\/poklek-1.jpg\",\"datePublished\":\"2025-04-17T08:23:28+00:00\",\"dateModified\":\"2025-04-17T15:37:29+00:00\",\"author\":{\"@id\":\"https:\/\/president-ksgov.net\/#\/schema\/person\/7c46f744a99d3f1616b92658282aa934\"},\"description\":\"Predsednica: Masakr u Pokleku, se\u0107anje koje nikad ne bledi, rana koja se ne mo\u017ee izle\u010diti bez pravde - Predsednik Republike Kosovo - DR. VJOSA OSMANI - SADRIU -\",\"breadcrumb\":{\"@id\":\"https:\/\/president-ksgov.net\/en\/?p=158501#breadcrumb\"},\"inLanguage\":\"sr-RS\",\"potentialAction\":[{\"@type\":\"ReadAction\",\"target\":[\"https:\/\/president-ksgov.net\/en\/?p=158501\"]}]},{\"@type\":\"ImageObject\",\"inLanguage\":\"sr-RS\",\"@id\":\"https:\/\/president-ksgov.net\/en\/?p=158501#primaryimage\",\"url\":\"https:\/\/president-ksgov.net\/wp-content\/uploads\/poklek-1.jpg\",\"contentUrl\":\"https:\/\/president-ksgov.net\/wp-content\/uploads\/poklek-1.jpg\",\"width\":1600,\"height\":1065},{\"@type\":\"BreadcrumbList\",\"@id\":\"https:\/\/president-ksgov.net\/en\/?p=158501#breadcrumb\",\"itemListElement\":[{\"@type\":\"ListItem\",\"position\":1,\"name\":\"Home\",\"item\":\"https:\/\/president-ksgov.net\/sr\/\"},{\"@type\":\"ListItem\",\"position\":2,\"name\":\"Predsednica: Masakr u Pokleku, se\u0107anje koje nikad ne bledi, rana koja se ne mo\u017ee izle\u010diti bez pravde\"}]},{\"@type\":\"WebSite\",\"@id\":\"https:\/\/president-ksgov.net\/#website\",\"url\":\"https:\/\/president-ksgov.net\/\",\"name\":\"Presidente e Republik\u00ebs s\u00eb Kosov\u00ebs\",\"description\":\"Presidente e Republik\u00ebs s\u00eb Kosov\u00ebs\",\"alternateName\":\"DR. VJOSA OSMANI - SADRIU\",\"potentialAction\":[{\"@type\":\"SearchAction\",\"target\":{\"@type\":\"EntryPoint\",\"urlTemplate\":\"https:\/\/president-ksgov.net\/?s={search_term_string}\"},\"query-input\":{\"@type\":\"PropertyValueSpecification\",\"valueRequired\":true,\"valueName\":\"search_term_string\"}}],\"inLanguage\":\"sr-RS\"},{\"@type\":\"Person\",\"@id\":\"https:\/\/president-ksgov.net\/#\/schema\/person\/7c46f744a99d3f1616b92658282aa934\",\"name\":\"Florent Rrahmani\",\"image\":{\"@type\":\"ImageObject\",\"inLanguage\":\"sr-RS\",\"@id\":\"https:\/\/president-ksgov.net\/#\/schema\/person\/image\/\",\"url\":\"https:\/\/secure.gravatar.com\/avatar\/2545924aa250de68ac8368367a79b663e59571cd131611f54c89b0613a94e230?s=96&d=mm&r=g\",\"contentUrl\":\"https:\/\/secure.gravatar.com\/avatar\/2545924aa250de68ac8368367a79b663e59571cd131611f54c89b0613a94e230?s=96&d=mm&r=g\",\"caption\":\"Florent Rrahmani\"}}]}<\/script>\n<!-- \/ Yoast SEO plugin. -->","yoast_head_json":{"title":"Predsednica: Masakr u Pokleku, se\u0107anje koje nikad ne bledi, rana koja se ne mo\u017ee izle\u010diti bez pravde - Predsednik Republike Kosovo - DR. VJOSA OSMANI - SADRIU","description":"Predsednica: Masakr u Pokleku, se\u0107anje koje nikad ne bledi, rana koja se ne mo\u017ee izle\u010diti bez pravde - Predsednik Republike Kosovo - DR. VJOSA OSMANI - SADRIU -","robots":{"index":"index","follow":"follow","max-snippet":"max-snippet:-1","max-image-preview":"max-image-preview:large","max-video-preview":"max-video-preview:-1"},"canonical":"https:\/\/president-ksgov.net\/en\/?p=158501","og_locale":"sr_RS","og_type":"article","og_title":"Predsednica: Masakr u Pokleku, se\u0107anje koje nikad ne bledi, rana koja se ne mo\u017ee izle\u010diti bez pravde - Predsednik Republike Kosovo - DR. VJOSA OSMANI - SADRIU","og_description":"Predsednica: Masakr u Pokleku, se\u0107anje koje nikad ne bledi, rana koja se ne mo\u017ee izle\u010diti bez pravde - Predsednik Republike Kosovo - DR. VJOSA OSMANI - SADRIU -","og_url":"https:\/\/president-ksgov.net\/en\/?p=158501","og_site_name":"Predsednik Republike Kosovo - DR. VJOSA OSMANI - SADRIU","article_published_time":"2025-04-17T08:23:28+00:00","article_modified_time":"2025-04-17T15:37:29+00:00","og_image":[{"width":1600,"height":1065,"url":"https:\/\/president-ksgov.net\/wp-content\/uploads\/poklek-1.jpg","type":"image\/jpeg"}],"author":"Florent Rrahmani","twitter_card":"summary_large_image","twitter_misc":{"\u041d\u0430\u043f\u0438\u0441\u0430\u043d\u043e \u043e\u0434":"Florent Rrahmani","\u041f\u0440\u043e\u0446\u0435\u045a\u0435\u043d\u043e \u0432\u0440\u0435\u043c\u0435 \u0447\u0438\u0442\u0430\u045a\u0430":"2 \u043c\u0438\u043d\u0443\u0442\u0430"},"schema":{"@context":"https:\/\/schema.org","@graph":[{"@type":"WebPage","@id":"https:\/\/president-ksgov.net\/en\/?p=158501","url":"https:\/\/president-ksgov.net\/en\/?p=158501","name":"Predsednica: Masakr u Pokleku, se\u0107anje koje nikad ne bledi, rana koja se ne mo\u017ee izle\u010diti bez pravde - Predsednik Republike Kosovo - DR. VJOSA OSMANI - SADRIU","isPartOf":{"@id":"https:\/\/president-ksgov.net\/#website"},"primaryImageOfPage":{"@id":"https:\/\/president-ksgov.net\/en\/?p=158501#primaryimage"},"image":{"@id":"https:\/\/president-ksgov.net\/en\/?p=158501#primaryimage"},"thumbnailUrl":"https:\/\/president-ksgov.net\/wp-content\/uploads\/poklek-1.jpg","datePublished":"2025-04-17T08:23:28+00:00","dateModified":"2025-04-17T15:37:29+00:00","author":{"@id":"https:\/\/president-ksgov.net\/#\/schema\/person\/7c46f744a99d3f1616b92658282aa934"},"description":"Predsednica: Masakr u Pokleku, se\u0107anje koje nikad ne bledi, rana koja se ne mo\u017ee izle\u010diti bez pravde - Predsednik Republike Kosovo - DR. VJOSA OSMANI - SADRIU -","breadcrumb":{"@id":"https:\/\/president-ksgov.net\/en\/?p=158501#breadcrumb"},"inLanguage":"sr-RS","potentialAction":[{"@type":"ReadAction","target":["https:\/\/president-ksgov.net\/en\/?p=158501"]}]},{"@type":"ImageObject","inLanguage":"sr-RS","@id":"https:\/\/president-ksgov.net\/en\/?p=158501#primaryimage","url":"https:\/\/president-ksgov.net\/wp-content\/uploads\/poklek-1.jpg","contentUrl":"https:\/\/president-ksgov.net\/wp-content\/uploads\/poklek-1.jpg","width":1600,"height":1065},{"@type":"BreadcrumbList","@id":"https:\/\/president-ksgov.net\/en\/?p=158501#breadcrumb","itemListElement":[{"@type":"ListItem","position":1,"name":"Home","item":"https:\/\/president-ksgov.net\/sr\/"},{"@type":"ListItem","position":2,"name":"Predsednica: Masakr u Pokleku, se\u0107anje koje nikad ne bledi, rana koja se ne mo\u017ee izle\u010diti bez pravde"}]},{"@type":"WebSite","@id":"https:\/\/president-ksgov.net\/#website","url":"https:\/\/president-ksgov.net\/","name":"Presidente e Republik\u00ebs s\u00eb Kosov\u00ebs","description":"Presidente e Republik\u00ebs s\u00eb Kosov\u00ebs","alternateName":"DR. VJOSA OSMANI - SADRIU","potentialAction":[{"@type":"SearchAction","target":{"@type":"EntryPoint","urlTemplate":"https:\/\/president-ksgov.net\/?s={search_term_string}"},"query-input":{"@type":"PropertyValueSpecification","valueRequired":true,"valueName":"search_term_string"}}],"inLanguage":"sr-RS"},{"@type":"Person","@id":"https:\/\/president-ksgov.net\/#\/schema\/person\/7c46f744a99d3f1616b92658282aa934","name":"Florent Rrahmani","image":{"@type":"ImageObject","inLanguage":"sr-RS","@id":"https:\/\/president-ksgov.net\/#\/schema\/person\/image\/","url":"https:\/\/secure.gravatar.com\/avatar\/2545924aa250de68ac8368367a79b663e59571cd131611f54c89b0613a94e230?s=96&d=mm&r=g","contentUrl":"https:\/\/secure.gravatar.com\/avatar\/2545924aa250de68ac8368367a79b663e59571cd131611f54c89b0613a94e230?s=96&d=mm&r=g","caption":"Florent Rrahmani"}}]}},"_links":{"self":[{"href":"https:\/\/president-ksgov.net\/sr\/wp-json\/wp\/v2\/posts\/158499","targetHints":{"allow":["GET"]}}],"collection":[{"href":"https:\/\/president-ksgov.net\/sr\/wp-json\/wp\/v2\/posts"}],"about":[{"href":"https:\/\/president-ksgov.net\/sr\/wp-json\/wp\/v2\/types\/post"}],"author":[{"embeddable":true,"href":"https:\/\/president-ksgov.net\/sr\/wp-json\/wp\/v2\/users\/9"}],"replies":[{"embeddable":true,"href":"https:\/\/president-ksgov.net\/sr\/wp-json\/wp\/v2\/comments?post=158499"}],"version-history":[{"count":1,"href":"https:\/\/president-ksgov.net\/sr\/wp-json\/wp\/v2\/posts\/158499\/revisions"}],"predecessor-version":[{"id":158500,"href":"https:\/\/president-ksgov.net\/sr\/wp-json\/wp\/v2\/posts\/158499\/revisions\/158500"}],"wp:featuredmedia":[{"embeddable":true,"href":"https:\/\/president-ksgov.net\/sr\/wp-json\/wp\/v2\/media\/158480"}],"wp:attachment":[{"href":"https:\/\/president-ksgov.net\/sr\/wp-json\/wp\/v2\/media?parent=158499"}],"wp:term":[{"taxonomy":"category","embeddable":true,"href":"https:\/\/president-ksgov.net\/sr\/wp-json\/wp\/v2\/categories?post=158499"},{"taxonomy":"post_tag","embeddable":true,"href":"https:\/\/president-ksgov.net\/sr\/wp-json\/wp\/v2\/tags?post=158499"}],"curies":[{"name":"wp","href":"https:\/\/api.w.org\/{rel}","templated":true}]}}