{"id":158414,"date":"2025-04-16T15:22:03","date_gmt":"2025-04-16T13:22:03","guid":{"rendered":"https:\/\/president-ksgov.net\/?p=158414"},"modified":"2025-04-16T15:56:00","modified_gmt":"2025-04-16T13:56:00","slug":"predsednica-osmani-docekala-na-oprostajnom-sastanku-ambasadora-italije-na-kosovu-antonella-de-riua","status":"publish","type":"post","link":"https:\/\/president-ksgov.net\/sr\/predsednica-osmani-docekala-na-oprostajnom-sastanku-ambasadora-italije-na-kosovu-antonella-de-riua\/","title":{"rendered":"Predsednica Osmani do\u010dekala na opro\u0161tajnom sastanku ambasadora Italije na Kosovu Antonella De Riua"},"content":{"rendered":"<p>Predsednica Republike Kosovo Vjosa Osmani do\u010dekala je danas u opro\u0161tajnom sastanku ambasadora Italije na Kosovu, gospodina Antonella De Riua, povodom zavr\u0161etka njegovog diplomatskog mandata.<\/p>\n<p>Na ovom opro\u0161tajnom sastanku, predsednica Osmani je zahvalila ambasadoru De Riu na njegovom vrednom doprinosu tokom njegovog mandata na Kosovu i istakla je da visoko ceni njegovo anga\u017eovanje na ja\u010danju odnosa izme\u0111u dve zemlje. Ona mu je po\u017eelela dalji uspeh u budu\u0107im diplomatskim anga\u017emanima, istakav\u0161i da \u0107e prijateljstvo i partnerstvo izme\u0111u Kosova i Italije uvek ostati stabilno i zasnovano na zajedni\u010dkim vrednostima.<\/p>\n<p>Predsednica Osmani je naglasila da je podr\u0161ka Italije i dalje od su\u0161tinskog zna\u010daja za Kosovo na njegovom putu ka evroatlantskim integracijama. Ona je istakla potrebu daljeg anga\u017eovanja Italije kao strate\u0161kog partnera, posebno na ja\u010danju pozicije Kosova u me\u0111unarodnoj areni.<\/p>\n","protected":false},"excerpt":{"rendered":"<p>Predsednica Republike Kosovo Vjosa Osmani do\u010dekala je danas u opro\u0161tajnom sastanku ambasadora Italije na Kosovu, gospodina Antonella De Riua, povodom zavr\u0161etka njegovog diplomatskog mandata. Na ovom opro\u0161tajnom sastanku, predsednica Osmani je zahvalila ambasadoru De Riu na njegovom vrednom doprinosu tokom njegovog mandata na Kosovu i istakla je da visoko ceni njegovo anga\u017eovanje na ja\u010danju odnosa izme\u0111u dve zemlje. Ona mu je po\u017eelela dalji uspeh u budu\u0107im diplomatskim anga\u017emanima, istakav\u0161i da \u0107e prijateljstvo i partnerstvo izme\u0111u Kosova i Italije uvek ostati stabilno i zasnovano na zajedni\u010dkim vrednostima. Predsednica Osmani je naglasila da je podr\u0161ka Italije i dalje od su\u0161tinskog zna\u010daja za Kosovo na njegovom putu ka evroatlantskim integracijama. Ona je istakla potrebu daljeg anga\u017eovanja Italije kao strate\u0161kog partnera, posebno na ja\u010danju pozicije Kosova u me\u0111unarodnoj areni.<\/p>\n","protected":false},"author":9,"featured_media":158406,"comment_status":"closed","ping_status":"closed","sticky":false,"template":"","format":"standard","meta":{"_eb_attr":"","footnotes":""},"categories":[101],"tags":[],"class_list":["post-158414","post","type-post","status-publish","format-standard","has-post-thumbnail","hentry","category-vesti"],"yoast_head":"<!-- This site is optimized with the Yoast SEO plugin v23.5 - https:\/\/yoast.com\/wordpress\/plugins\/seo\/ -->\n<title>Predsednica Osmani do\u010dekala na opro\u0161tajnom sastanku ambasadora Italije na Kosovu Antonella De Riua - Predsednik Republike Kosovo - DR. VJOSA OSMANI - SADRIU<\/title>\n<meta name=\"description\" content=\"Predsednica Osmani do\u010dekala na opro\u0161tajnom sastanku ambasadora Italije na Kosovu Antonella De Riua - Predsednik Republike Kosovo - DR. VJOSA OSMANI - SADRIU -\" \/>\n<meta name=\"robots\" content=\"index, follow, max-snippet:-1, max-image-preview:large, max-video-preview:-1\" \/>\n<link rel=\"canonical\" href=\"https:\/\/president-ksgov.net\/en\/?p=158466\" \/>\n<meta property=\"og:locale\" content=\"sr_RS\" \/>\n<meta property=\"og:type\" content=\"article\" \/>\n<meta property=\"og:title\" content=\"Predsednica Osmani do\u010dekala na opro\u0161tajnom sastanku ambasadora Italije na Kosovu Antonella De Riua - Predsednik Republike Kosovo - DR. VJOSA OSMANI - SADRIU\" \/>\n<meta property=\"og:description\" content=\"Predsednica Osmani do\u010dekala na opro\u0161tajnom sastanku ambasadora Italije na Kosovu Antonella De Riua - Predsednik Republike Kosovo - DR. VJOSA OSMANI - SADRIU -\" \/>\n<meta property=\"og:url\" content=\"https:\/\/president-ksgov.net\/en\/?p=158466\" \/>\n<meta property=\"og:site_name\" content=\"Predsednik Republike Kosovo - DR. VJOSA OSMANI - SADRIU\" \/>\n<meta property=\"article:published_time\" content=\"2025-04-16T13:22:03+00:00\" \/>\n<meta property=\"article:modified_time\" content=\"2025-04-16T13:56:00+00:00\" \/>\n<meta property=\"og:image\" content=\"https:\/\/president-ksgov.net\/wp-content\/uploads\/Presidentja-Osmani-priti-ne-takim-lamtumires-ambasadorin-e-Italise-ne-Kosove-Antonello-De-Riu-3.jpg\" \/>\n\t<meta property=\"og:image:width\" content=\"2048\" \/>\n\t<meta property=\"og:image:height\" content=\"1365\" \/>\n\t<meta property=\"og:image:type\" content=\"image\/jpeg\" \/>\n<meta name=\"author\" content=\"Florent Rrahmani\" \/>\n<meta name=\"twitter:card\" content=\"summary_large_image\" \/>\n<meta name=\"twitter:label1\" content=\"\u041d\u0430\u043f\u0438\u0441\u0430\u043d\u043e \u043e\u0434\" \/>\n\t<meta name=\"twitter:data1\" content=\"Florent Rrahmani\" \/>\n\t<meta name=\"twitter:label2\" content=\"\u041f\u0440\u043e\u0446\u0435\u045a\u0435\u043d\u043e \u0432\u0440\u0435\u043c\u0435 \u0447\u0438\u0442\u0430\u045a\u0430\" \/>\n\t<meta name=\"twitter:data2\" content=\"1 \u043c\u0438\u043d\u0443\u0442\" \/>\n<script type=\"application\/ld+json\" class=\"yoast-schema-graph\">{\"@context\":\"https:\/\/schema.org\",\"@graph\":[{\"@type\":\"WebPage\",\"@id\":\"https:\/\/president-ksgov.net\/en\/?p=158466\",\"url\":\"https:\/\/president-ksgov.net\/en\/?p=158466\",\"name\":\"Predsednica Osmani do\u010dekala na opro\u0161tajnom sastanku ambasadora Italije na Kosovu Antonella De Riua - Predsednik Republike Kosovo - DR. VJOSA OSMANI - SADRIU\",\"isPartOf\":{\"@id\":\"https:\/\/president-ksgov.net\/#website\"},\"primaryImageOfPage\":{\"@id\":\"https:\/\/president-ksgov.net\/en\/?p=158466#primaryimage\"},\"image\":{\"@id\":\"https:\/\/president-ksgov.net\/en\/?p=158466#primaryimage\"},\"thumbnailUrl\":\"https:\/\/president-ksgov.net\/wp-content\/uploads\/Presidentja-Osmani-priti-ne-takim-lamtumires-ambasadorin-e-Italise-ne-Kosove-Antonello-De-Riu-3.jpg\",\"datePublished\":\"2025-04-16T13:22:03+00:00\",\"dateModified\":\"2025-04-16T13:56:00+00:00\",\"author\":{\"@id\":\"https:\/\/president-ksgov.net\/#\/schema\/person\/7c46f744a99d3f1616b92658282aa934\"},\"description\":\"Predsednica Osmani do\u010dekala na opro\u0161tajnom sastanku ambasadora Italije na Kosovu Antonella De Riua - Predsednik Republike Kosovo - DR. VJOSA OSMANI - SADRIU -\",\"breadcrumb\":{\"@id\":\"https:\/\/president-ksgov.net\/en\/?p=158466#breadcrumb\"},\"inLanguage\":\"sr-RS\",\"potentialAction\":[{\"@type\":\"ReadAction\",\"target\":[\"https:\/\/president-ksgov.net\/en\/?p=158466\"]}]},{\"@type\":\"ImageObject\",\"inLanguage\":\"sr-RS\",\"@id\":\"https:\/\/president-ksgov.net\/en\/?p=158466#primaryimage\",\"url\":\"https:\/\/president-ksgov.net\/wp-content\/uploads\/Presidentja-Osmani-priti-ne-takim-lamtumires-ambasadorin-e-Italise-ne-Kosove-Antonello-De-Riu-3.jpg\",\"contentUrl\":\"https:\/\/president-ksgov.net\/wp-content\/uploads\/Presidentja-Osmani-priti-ne-takim-lamtumires-ambasadorin-e-Italise-ne-Kosove-Antonello-De-Riu-3.jpg\",\"width\":2048,\"height\":1365},{\"@type\":\"BreadcrumbList\",\"@id\":\"https:\/\/president-ksgov.net\/en\/?p=158466#breadcrumb\",\"itemListElement\":[{\"@type\":\"ListItem\",\"position\":1,\"name\":\"Home\",\"item\":\"https:\/\/president-ksgov.net\/sr\/\"},{\"@type\":\"ListItem\",\"position\":2,\"name\":\"Predsednica Osmani do\u010dekala na opro\u0161tajnom sastanku ambasadora Italije na Kosovu Antonella De Riua\"}]},{\"@type\":\"WebSite\",\"@id\":\"https:\/\/president-ksgov.net\/#website\",\"url\":\"https:\/\/president-ksgov.net\/\",\"name\":\"Presidente e Republik\u00ebs s\u00eb Kosov\u00ebs\",\"description\":\"Presidente e Republik\u00ebs s\u00eb Kosov\u00ebs\",\"alternateName\":\"DR. VJOSA OSMANI - SADRIU\",\"potentialAction\":[{\"@type\":\"SearchAction\",\"target\":{\"@type\":\"EntryPoint\",\"urlTemplate\":\"https:\/\/president-ksgov.net\/?s={search_term_string}\"},\"query-input\":{\"@type\":\"PropertyValueSpecification\",\"valueRequired\":true,\"valueName\":\"search_term_string\"}}],\"inLanguage\":\"sr-RS\"},{\"@type\":\"Person\",\"@id\":\"https:\/\/president-ksgov.net\/#\/schema\/person\/7c46f744a99d3f1616b92658282aa934\",\"name\":\"Florent Rrahmani\",\"image\":{\"@type\":\"ImageObject\",\"inLanguage\":\"sr-RS\",\"@id\":\"https:\/\/president-ksgov.net\/#\/schema\/person\/image\/\",\"url\":\"https:\/\/secure.gravatar.com\/avatar\/2545924aa250de68ac8368367a79b663e59571cd131611f54c89b0613a94e230?s=96&d=mm&r=g\",\"contentUrl\":\"https:\/\/secure.gravatar.com\/avatar\/2545924aa250de68ac8368367a79b663e59571cd131611f54c89b0613a94e230?s=96&d=mm&r=g\",\"caption\":\"Florent Rrahmani\"}}]}<\/script>\n<!-- \/ Yoast SEO plugin. -->","yoast_head_json":{"title":"Predsednica Osmani do\u010dekala na opro\u0161tajnom sastanku ambasadora Italije na Kosovu Antonella De Riua - Predsednik Republike Kosovo - DR. VJOSA OSMANI - SADRIU","description":"Predsednica Osmani do\u010dekala na opro\u0161tajnom sastanku ambasadora Italije na Kosovu Antonella De Riua - Predsednik Republike Kosovo - DR. VJOSA OSMANI - SADRIU -","robots":{"index":"index","follow":"follow","max-snippet":"max-snippet:-1","max-image-preview":"max-image-preview:large","max-video-preview":"max-video-preview:-1"},"canonical":"https:\/\/president-ksgov.net\/en\/?p=158466","og_locale":"sr_RS","og_type":"article","og_title":"Predsednica Osmani do\u010dekala na opro\u0161tajnom sastanku ambasadora Italije na Kosovu Antonella De Riua - Predsednik Republike Kosovo - DR. VJOSA OSMANI - SADRIU","og_description":"Predsednica Osmani do\u010dekala na opro\u0161tajnom sastanku ambasadora Italije na Kosovu Antonella De Riua - Predsednik Republike Kosovo - DR. VJOSA OSMANI - SADRIU -","og_url":"https:\/\/president-ksgov.net\/en\/?p=158466","og_site_name":"Predsednik Republike Kosovo - DR. VJOSA OSMANI - SADRIU","article_published_time":"2025-04-16T13:22:03+00:00","article_modified_time":"2025-04-16T13:56:00+00:00","og_image":[{"width":2048,"height":1365,"url":"https:\/\/president-ksgov.net\/wp-content\/uploads\/Presidentja-Osmani-priti-ne-takim-lamtumires-ambasadorin-e-Italise-ne-Kosove-Antonello-De-Riu-3.jpg","type":"image\/jpeg"}],"author":"Florent Rrahmani","twitter_card":"summary_large_image","twitter_misc":{"\u041d\u0430\u043f\u0438\u0441\u0430\u043d\u043e \u043e\u0434":"Florent Rrahmani","\u041f\u0440\u043e\u0446\u0435\u045a\u0435\u043d\u043e \u0432\u0440\u0435\u043c\u0435 \u0447\u0438\u0442\u0430\u045a\u0430":"1 \u043c\u0438\u043d\u0443\u0442"},"schema":{"@context":"https:\/\/schema.org","@graph":[{"@type":"WebPage","@id":"https:\/\/president-ksgov.net\/en\/?p=158466","url":"https:\/\/president-ksgov.net\/en\/?p=158466","name":"Predsednica Osmani do\u010dekala na opro\u0161tajnom sastanku ambasadora Italije na Kosovu Antonella De Riua - Predsednik Republike Kosovo - DR. VJOSA OSMANI - SADRIU","isPartOf":{"@id":"https:\/\/president-ksgov.net\/#website"},"primaryImageOfPage":{"@id":"https:\/\/president-ksgov.net\/en\/?p=158466#primaryimage"},"image":{"@id":"https:\/\/president-ksgov.net\/en\/?p=158466#primaryimage"},"thumbnailUrl":"https:\/\/president-ksgov.net\/wp-content\/uploads\/Presidentja-Osmani-priti-ne-takim-lamtumires-ambasadorin-e-Italise-ne-Kosove-Antonello-De-Riu-3.jpg","datePublished":"2025-04-16T13:22:03+00:00","dateModified":"2025-04-16T13:56:00+00:00","author":{"@id":"https:\/\/president-ksgov.net\/#\/schema\/person\/7c46f744a99d3f1616b92658282aa934"},"description":"Predsednica Osmani do\u010dekala na opro\u0161tajnom sastanku ambasadora Italije na Kosovu Antonella De Riua - Predsednik Republike Kosovo - DR. VJOSA OSMANI - SADRIU -","breadcrumb":{"@id":"https:\/\/president-ksgov.net\/en\/?p=158466#breadcrumb"},"inLanguage":"sr-RS","potentialAction":[{"@type":"ReadAction","target":["https:\/\/president-ksgov.net\/en\/?p=158466"]}]},{"@type":"ImageObject","inLanguage":"sr-RS","@id":"https:\/\/president-ksgov.net\/en\/?p=158466#primaryimage","url":"https:\/\/president-ksgov.net\/wp-content\/uploads\/Presidentja-Osmani-priti-ne-takim-lamtumires-ambasadorin-e-Italise-ne-Kosove-Antonello-De-Riu-3.jpg","contentUrl":"https:\/\/president-ksgov.net\/wp-content\/uploads\/Presidentja-Osmani-priti-ne-takim-lamtumires-ambasadorin-e-Italise-ne-Kosove-Antonello-De-Riu-3.jpg","width":2048,"height":1365},{"@type":"BreadcrumbList","@id":"https:\/\/president-ksgov.net\/en\/?p=158466#breadcrumb","itemListElement":[{"@type":"ListItem","position":1,"name":"Home","item":"https:\/\/president-ksgov.net\/sr\/"},{"@type":"ListItem","position":2,"name":"Predsednica Osmani do\u010dekala na opro\u0161tajnom sastanku ambasadora Italije na Kosovu Antonella De Riua"}]},{"@type":"WebSite","@id":"https:\/\/president-ksgov.net\/#website","url":"https:\/\/president-ksgov.net\/","name":"Presidente e Republik\u00ebs s\u00eb Kosov\u00ebs","description":"Presidente e Republik\u00ebs s\u00eb Kosov\u00ebs","alternateName":"DR. VJOSA OSMANI - SADRIU","potentialAction":[{"@type":"SearchAction","target":{"@type":"EntryPoint","urlTemplate":"https:\/\/president-ksgov.net\/?s={search_term_string}"},"query-input":{"@type":"PropertyValueSpecification","valueRequired":true,"valueName":"search_term_string"}}],"inLanguage":"sr-RS"},{"@type":"Person","@id":"https:\/\/president-ksgov.net\/#\/schema\/person\/7c46f744a99d3f1616b92658282aa934","name":"Florent Rrahmani","image":{"@type":"ImageObject","inLanguage":"sr-RS","@id":"https:\/\/president-ksgov.net\/#\/schema\/person\/image\/","url":"https:\/\/secure.gravatar.com\/avatar\/2545924aa250de68ac8368367a79b663e59571cd131611f54c89b0613a94e230?s=96&d=mm&r=g","contentUrl":"https:\/\/secure.gravatar.com\/avatar\/2545924aa250de68ac8368367a79b663e59571cd131611f54c89b0613a94e230?s=96&d=mm&r=g","caption":"Florent Rrahmani"}}]}},"_links":{"self":[{"href":"https:\/\/president-ksgov.net\/sr\/wp-json\/wp\/v2\/posts\/158414","targetHints":{"allow":["GET"]}}],"collection":[{"href":"https:\/\/president-ksgov.net\/sr\/wp-json\/wp\/v2\/posts"}],"about":[{"href":"https:\/\/president-ksgov.net\/sr\/wp-json\/wp\/v2\/types\/post"}],"author":[{"embeddable":true,"href":"https:\/\/president-ksgov.net\/sr\/wp-json\/wp\/v2\/users\/9"}],"replies":[{"embeddable":true,"href":"https:\/\/president-ksgov.net\/sr\/wp-json\/wp\/v2\/comments?post=158414"}],"version-history":[{"count":1,"href":"https:\/\/president-ksgov.net\/sr\/wp-json\/wp\/v2\/posts\/158414\/revisions"}],"predecessor-version":[{"id":158415,"href":"https:\/\/president-ksgov.net\/sr\/wp-json\/wp\/v2\/posts\/158414\/revisions\/158415"}],"wp:featuredmedia":[{"embeddable":true,"href":"https:\/\/president-ksgov.net\/sr\/wp-json\/wp\/v2\/media\/158406"}],"wp:attachment":[{"href":"https:\/\/president-ksgov.net\/sr\/wp-json\/wp\/v2\/media?parent=158414"}],"wp:term":[{"taxonomy":"category","embeddable":true,"href":"https:\/\/president-ksgov.net\/sr\/wp-json\/wp\/v2\/categories?post=158414"},{"taxonomy":"post_tag","embeddable":true,"href":"https:\/\/president-ksgov.net\/sr\/wp-json\/wp\/v2\/tags?post=158414"}],"curies":[{"name":"wp","href":"https:\/\/api.w.org\/{rel}","templated":true}]}}