{"id":157667,"date":"2025-04-08T17:08:05","date_gmt":"2025-04-08T15:08:05","guid":{"rendered":"https:\/\/president-ksgov.net\/?p=157667"},"modified":"2025-04-09T08:45:21","modified_gmt":"2025-04-09T06:45:21","slug":"predsednica-osmani-docekala-na-sastanku-delegaciju-narodne-skupstine-francuske","status":"publish","type":"post","link":"https:\/\/president-ksgov.net\/sr\/predsednica-osmani-docekala-na-sastanku-delegaciju-narodne-skupstine-francuske\/","title":{"rendered":"Predsednica Osmani do\u010dekala na sastanku delegaciju Narodne skup\u0161tine Francuske"},"content":{"rendered":"<p>Predsednica Republike Kosovo Vjosa Osmani do\u010dekala je danas na sastanku delegaciju poslanika Narodne skup\u0161tine Francuske.<\/p>\n<p>Predsednica Osmani je izrazila zahvalnost na kontinuiranoj podr\u0161ci Francuske Kosovu, od progla\u0161enja nezavisnosti do zajedni\u010dkih napora za unapre\u0111enje evroatlantskih ciljeva.<\/p>\n<p>Ona je istakla strate\u0161ki zna\u010daj odnosa sa Francuskom i njenu klju\u010dnu ulogu u me\u0111unarodnoj konsolidaciji dr\u017eave Kosovo.<\/p>\n<p>Govore\u0107i o bezbednosnim izazovima u regionu, predsednica Osmani je istakla kontinuirane tendencije Srbije da destabilizuje Kosovo i ceo region. Ona je istakla da su ove tendencije Srbije smi\u0161ljene i koordinisane, pominju\u0107i agresorski napad na Banjsku, napade i ranjavanje vojnika Kfora od strane srpskih bandi, kao i konstantne teroristi\u010dke napade kojima diriguje i koje podr\u017eava Beograd.<\/p>\n<p>U kontekstu dijaloga sa Srbijom, predsednica Osmani je istakla nedostatak volje Srbije za sprovo\u0111enje postignutih sporazuma, smatraju\u0107i to ozbiljnom preprekom napretku dijaloga i odr\u017eivoj stabilnosti u regionu.<\/p>\n<p>Dalje, predsednica Osmani je podvukla zna\u010daj \u010dlanstva Kosova u Savetu Evrope kao klju\u010dnog koraka za unapre\u0111enje ljudskih prava za sve gra\u0111ane bez razlike. Ona je istakla da je \u010dlanstvo Kosova u ovoj organizaciji garancija za\u0161tite osnovnih sloboda i pove\u0107anja demokratskih standarda u zemlji, dok je istakla potrebu za podr\u0161kom Francuske u ovom procesu.<\/p>\n<p>Predsednica Osmani je istakla da \u0107e Kosovo nastaviti da stoji pri evroatlantskim vrednostima i da \u0107e raditi sa me\u0111unarodnim partnerima kako bi osiguralo odr\u017eivu budu\u0107nost za sve svoje gra\u0111ane.<\/p>\n","protected":false},"excerpt":{"rendered":"<p>Predsednica Republike Kosovo Vjosa Osmani do\u010dekala je danas na sastanku delegaciju poslanika Narodne skup\u0161tine Francuske. Predsednica Osmani je izrazila zahvalnost na kontinuiranoj podr\u0161ci Francuske Kosovu, od progla\u0161enja nezavisnosti do zajedni\u010dkih napora za unapre\u0111enje evroatlantskih ciljeva. Ona je istakla strate\u0161ki zna\u010daj odnosa sa Francuskom i njenu klju\u010dnu ulogu u me\u0111unarodnoj konsolidaciji dr\u017eave Kosovo. Govore\u0107i o bezbednosnim izazovima u regionu, predsednica Osmani je istakla kontinuirane tendencije Srbije da destabilizuje Kosovo i ceo region. Ona je istakla da su ove tendencije Srbije smi\u0161ljene i koordinisane, pominju\u0107i agresorski napad na Banjsku, napade i ranjavanje vojnika Kfora od strane srpskih bandi, kao i konstantne teroristi\u010dke napade kojima diriguje i koje podr\u017eava Beograd. U kontekstu dijaloga sa Srbijom, predsednica Osmani je istakla nedostatak volje Srbije za sprovo\u0111enje postignutih sporazuma, smatraju\u0107i to ozbiljnom preprekom napretku dijaloga i odr\u017eivoj stabilnosti u regionu. Dalje, predsednica Osmani je podvukla zna\u010daj \u010dlanstva Kosova u Savetu Evrope kao klju\u010dnog koraka za unapre\u0111enje ljudskih prava za sve gra\u0111ane bez razlike. Ona je istakla da je \u010dlanstvo Kosova u ovoj organizaciji garancija za\u0161tite osnovnih sloboda i pove\u0107anja demokratskih standarda u zemlji, dok je istakla potrebu za podr\u0161kom Francuske u ovom procesu. Predsednica Osmani je istakla da \u0107e Kosovo nastaviti da stoji pri evroatlantskim vrednostima i da \u0107e raditi sa me\u0111unarodnim partnerima kako bi osiguralo odr\u017eivu budu\u0107nost za sve svoje gra\u0111ane.<\/p>\n","protected":false},"author":9,"featured_media":157626,"comment_status":"closed","ping_status":"closed","sticky":false,"template":"","format":"standard","meta":{"_eb_attr":"","footnotes":""},"categories":[101],"tags":[],"class_list":["post-157667","post","type-post","status-publish","format-standard","has-post-thumbnail","hentry","category-vesti"],"yoast_head":"<!-- This site is optimized with the Yoast SEO plugin v23.5 - https:\/\/yoast.com\/wordpress\/plugins\/seo\/ -->\n<title>Predsednica Osmani do\u010dekala na sastanku delegaciju Narodne skup\u0161tine Francuske - Predsednik Republike Kosovo - DR. VJOSA OSMANI - SADRIU<\/title>\n<meta name=\"description\" content=\"Predsednica Osmani do\u010dekala na sastanku delegaciju Narodne skup\u0161tine Francuske - Predsednik Republike Kosovo - DR. VJOSA OSMANI - SADRIU -\" \/>\n<meta name=\"robots\" content=\"index, follow, max-snippet:-1, max-image-preview:large, max-video-preview:-1\" \/>\n<link rel=\"canonical\" href=\"https:\/\/president-ksgov.net\/en\/?p=157669\" \/>\n<meta property=\"og:locale\" content=\"sr_RS\" \/>\n<meta property=\"og:type\" content=\"article\" \/>\n<meta property=\"og:title\" content=\"Predsednica Osmani do\u010dekala na sastanku delegaciju Narodne skup\u0161tine Francuske - Predsednik Republike Kosovo - DR. VJOSA OSMANI - SADRIU\" \/>\n<meta property=\"og:description\" content=\"Predsednica Osmani do\u010dekala na sastanku delegaciju Narodne skup\u0161tine Francuske - Predsednik Republike Kosovo - DR. VJOSA OSMANI - SADRIU -\" \/>\n<meta property=\"og:url\" content=\"https:\/\/president-ksgov.net\/en\/?p=157669\" \/>\n<meta property=\"og:site_name\" content=\"Predsednik Republike Kosovo - DR. VJOSA OSMANI - SADRIU\" \/>\n<meta property=\"article:published_time\" content=\"2025-04-08T15:08:05+00:00\" \/>\n<meta property=\"article:modified_time\" content=\"2025-04-09T06:45:21+00:00\" \/>\n<meta property=\"og:image\" content=\"https:\/\/president-ksgov.net\/wp-content\/uploads\/Presidentja-Osmani-priti-ne-takim-delegacionin-e-Asamblese-Kombetare-te-Frances-1-scaled.jpg\" \/>\n\t<meta property=\"og:image:width\" content=\"2560\" \/>\n\t<meta property=\"og:image:height\" content=\"1707\" \/>\n\t<meta property=\"og:image:type\" content=\"image\/jpeg\" \/>\n<meta name=\"author\" content=\"Florent Rrahmani\" \/>\n<meta name=\"twitter:card\" content=\"summary_large_image\" \/>\n<meta name=\"twitter:label1\" content=\"\u041d\u0430\u043f\u0438\u0441\u0430\u043d\u043e \u043e\u0434\" \/>\n\t<meta name=\"twitter:data1\" content=\"Florent Rrahmani\" \/>\n\t<meta name=\"twitter:label2\" content=\"\u041f\u0440\u043e\u0446\u0435\u045a\u0435\u043d\u043e \u0432\u0440\u0435\u043c\u0435 \u0447\u0438\u0442\u0430\u045a\u0430\" \/>\n\t<meta name=\"twitter:data2\" content=\"2 \u043c\u0438\u043d\u0443\u0442\u0430\" \/>\n<script type=\"application\/ld+json\" class=\"yoast-schema-graph\">{\"@context\":\"https:\/\/schema.org\",\"@graph\":[{\"@type\":\"WebPage\",\"@id\":\"https:\/\/president-ksgov.net\/en\/?p=157669\",\"url\":\"https:\/\/president-ksgov.net\/en\/?p=157669\",\"name\":\"Predsednica Osmani do\u010dekala na sastanku delegaciju Narodne skup\u0161tine Francuske - Predsednik Republike Kosovo - DR. VJOSA OSMANI - SADRIU\",\"isPartOf\":{\"@id\":\"https:\/\/president-ksgov.net\/#website\"},\"primaryImageOfPage\":{\"@id\":\"https:\/\/president-ksgov.net\/en\/?p=157669#primaryimage\"},\"image\":{\"@id\":\"https:\/\/president-ksgov.net\/en\/?p=157669#primaryimage\"},\"thumbnailUrl\":\"https:\/\/president-ksgov.net\/wp-content\/uploads\/Presidentja-Osmani-priti-ne-takim-delegacionin-e-Asamblese-Kombetare-te-Frances-1-scaled.jpg\",\"datePublished\":\"2025-04-08T15:08:05+00:00\",\"dateModified\":\"2025-04-09T06:45:21+00:00\",\"author\":{\"@id\":\"https:\/\/president-ksgov.net\/#\/schema\/person\/7c46f744a99d3f1616b92658282aa934\"},\"description\":\"Predsednica Osmani do\u010dekala na sastanku delegaciju Narodne skup\u0161tine Francuske - Predsednik Republike Kosovo - DR. VJOSA OSMANI - SADRIU -\",\"breadcrumb\":{\"@id\":\"https:\/\/president-ksgov.net\/en\/?p=157669#breadcrumb\"},\"inLanguage\":\"sr-RS\",\"potentialAction\":[{\"@type\":\"ReadAction\",\"target\":[\"https:\/\/president-ksgov.net\/en\/?p=157669\"]}]},{\"@type\":\"ImageObject\",\"inLanguage\":\"sr-RS\",\"@id\":\"https:\/\/president-ksgov.net\/en\/?p=157669#primaryimage\",\"url\":\"https:\/\/president-ksgov.net\/wp-content\/uploads\/Presidentja-Osmani-priti-ne-takim-delegacionin-e-Asamblese-Kombetare-te-Frances-1-scaled.jpg\",\"contentUrl\":\"https:\/\/president-ksgov.net\/wp-content\/uploads\/Presidentja-Osmani-priti-ne-takim-delegacionin-e-Asamblese-Kombetare-te-Frances-1-scaled.jpg\",\"width\":2560,\"height\":1707},{\"@type\":\"BreadcrumbList\",\"@id\":\"https:\/\/president-ksgov.net\/en\/?p=157669#breadcrumb\",\"itemListElement\":[{\"@type\":\"ListItem\",\"position\":1,\"name\":\"Home\",\"item\":\"https:\/\/president-ksgov.net\/sr\/\"},{\"@type\":\"ListItem\",\"position\":2,\"name\":\"Predsednica Osmani do\u010dekala na sastanku delegaciju Narodne skup\u0161tine Francuske\"}]},{\"@type\":\"WebSite\",\"@id\":\"https:\/\/president-ksgov.net\/#website\",\"url\":\"https:\/\/president-ksgov.net\/\",\"name\":\"Presidente e Republik\u00ebs s\u00eb Kosov\u00ebs\",\"description\":\"Presidente e Republik\u00ebs s\u00eb Kosov\u00ebs\",\"alternateName\":\"DR. VJOSA OSMANI - SADRIU\",\"potentialAction\":[{\"@type\":\"SearchAction\",\"target\":{\"@type\":\"EntryPoint\",\"urlTemplate\":\"https:\/\/president-ksgov.net\/?s={search_term_string}\"},\"query-input\":{\"@type\":\"PropertyValueSpecification\",\"valueRequired\":true,\"valueName\":\"search_term_string\"}}],\"inLanguage\":\"sr-RS\"},{\"@type\":\"Person\",\"@id\":\"https:\/\/president-ksgov.net\/#\/schema\/person\/7c46f744a99d3f1616b92658282aa934\",\"name\":\"Florent Rrahmani\",\"image\":{\"@type\":\"ImageObject\",\"inLanguage\":\"sr-RS\",\"@id\":\"https:\/\/president-ksgov.net\/#\/schema\/person\/image\/\",\"url\":\"https:\/\/secure.gravatar.com\/avatar\/2545924aa250de68ac8368367a79b663e59571cd131611f54c89b0613a94e230?s=96&d=mm&r=g\",\"contentUrl\":\"https:\/\/secure.gravatar.com\/avatar\/2545924aa250de68ac8368367a79b663e59571cd131611f54c89b0613a94e230?s=96&d=mm&r=g\",\"caption\":\"Florent Rrahmani\"}}]}<\/script>\n<!-- \/ Yoast SEO plugin. -->","yoast_head_json":{"title":"Predsednica Osmani do\u010dekala na sastanku delegaciju Narodne skup\u0161tine Francuske - Predsednik Republike Kosovo - DR. VJOSA OSMANI - SADRIU","description":"Predsednica Osmani do\u010dekala na sastanku delegaciju Narodne skup\u0161tine Francuske - Predsednik Republike Kosovo - DR. VJOSA OSMANI - SADRIU -","robots":{"index":"index","follow":"follow","max-snippet":"max-snippet:-1","max-image-preview":"max-image-preview:large","max-video-preview":"max-video-preview:-1"},"canonical":"https:\/\/president-ksgov.net\/en\/?p=157669","og_locale":"sr_RS","og_type":"article","og_title":"Predsednica Osmani do\u010dekala na sastanku delegaciju Narodne skup\u0161tine Francuske - Predsednik Republike Kosovo - DR. VJOSA OSMANI - SADRIU","og_description":"Predsednica Osmani do\u010dekala na sastanku delegaciju Narodne skup\u0161tine Francuske - Predsednik Republike Kosovo - DR. VJOSA OSMANI - SADRIU -","og_url":"https:\/\/president-ksgov.net\/en\/?p=157669","og_site_name":"Predsednik Republike Kosovo - DR. VJOSA OSMANI - SADRIU","article_published_time":"2025-04-08T15:08:05+00:00","article_modified_time":"2025-04-09T06:45:21+00:00","og_image":[{"width":2560,"height":1707,"url":"https:\/\/president-ksgov.net\/wp-content\/uploads\/Presidentja-Osmani-priti-ne-takim-delegacionin-e-Asamblese-Kombetare-te-Frances-1-scaled.jpg","type":"image\/jpeg"}],"author":"Florent Rrahmani","twitter_card":"summary_large_image","twitter_misc":{"\u041d\u0430\u043f\u0438\u0441\u0430\u043d\u043e \u043e\u0434":"Florent Rrahmani","\u041f\u0440\u043e\u0446\u0435\u045a\u0435\u043d\u043e \u0432\u0440\u0435\u043c\u0435 \u0447\u0438\u0442\u0430\u045a\u0430":"2 \u043c\u0438\u043d\u0443\u0442\u0430"},"schema":{"@context":"https:\/\/schema.org","@graph":[{"@type":"WebPage","@id":"https:\/\/president-ksgov.net\/en\/?p=157669","url":"https:\/\/president-ksgov.net\/en\/?p=157669","name":"Predsednica Osmani do\u010dekala na sastanku delegaciju Narodne skup\u0161tine Francuske - Predsednik Republike Kosovo - DR. VJOSA OSMANI - SADRIU","isPartOf":{"@id":"https:\/\/president-ksgov.net\/#website"},"primaryImageOfPage":{"@id":"https:\/\/president-ksgov.net\/en\/?p=157669#primaryimage"},"image":{"@id":"https:\/\/president-ksgov.net\/en\/?p=157669#primaryimage"},"thumbnailUrl":"https:\/\/president-ksgov.net\/wp-content\/uploads\/Presidentja-Osmani-priti-ne-takim-delegacionin-e-Asamblese-Kombetare-te-Frances-1-scaled.jpg","datePublished":"2025-04-08T15:08:05+00:00","dateModified":"2025-04-09T06:45:21+00:00","author":{"@id":"https:\/\/president-ksgov.net\/#\/schema\/person\/7c46f744a99d3f1616b92658282aa934"},"description":"Predsednica Osmani do\u010dekala na sastanku delegaciju Narodne skup\u0161tine Francuske - Predsednik Republike Kosovo - DR. VJOSA OSMANI - SADRIU -","breadcrumb":{"@id":"https:\/\/president-ksgov.net\/en\/?p=157669#breadcrumb"},"inLanguage":"sr-RS","potentialAction":[{"@type":"ReadAction","target":["https:\/\/president-ksgov.net\/en\/?p=157669"]}]},{"@type":"ImageObject","inLanguage":"sr-RS","@id":"https:\/\/president-ksgov.net\/en\/?p=157669#primaryimage","url":"https:\/\/president-ksgov.net\/wp-content\/uploads\/Presidentja-Osmani-priti-ne-takim-delegacionin-e-Asamblese-Kombetare-te-Frances-1-scaled.jpg","contentUrl":"https:\/\/president-ksgov.net\/wp-content\/uploads\/Presidentja-Osmani-priti-ne-takim-delegacionin-e-Asamblese-Kombetare-te-Frances-1-scaled.jpg","width":2560,"height":1707},{"@type":"BreadcrumbList","@id":"https:\/\/president-ksgov.net\/en\/?p=157669#breadcrumb","itemListElement":[{"@type":"ListItem","position":1,"name":"Home","item":"https:\/\/president-ksgov.net\/sr\/"},{"@type":"ListItem","position":2,"name":"Predsednica Osmani do\u010dekala na sastanku delegaciju Narodne skup\u0161tine Francuske"}]},{"@type":"WebSite","@id":"https:\/\/president-ksgov.net\/#website","url":"https:\/\/president-ksgov.net\/","name":"Presidente e Republik\u00ebs s\u00eb Kosov\u00ebs","description":"Presidente e Republik\u00ebs s\u00eb Kosov\u00ebs","alternateName":"DR. VJOSA OSMANI - SADRIU","potentialAction":[{"@type":"SearchAction","target":{"@type":"EntryPoint","urlTemplate":"https:\/\/president-ksgov.net\/?s={search_term_string}"},"query-input":{"@type":"PropertyValueSpecification","valueRequired":true,"valueName":"search_term_string"}}],"inLanguage":"sr-RS"},{"@type":"Person","@id":"https:\/\/president-ksgov.net\/#\/schema\/person\/7c46f744a99d3f1616b92658282aa934","name":"Florent Rrahmani","image":{"@type":"ImageObject","inLanguage":"sr-RS","@id":"https:\/\/president-ksgov.net\/#\/schema\/person\/image\/","url":"https:\/\/secure.gravatar.com\/avatar\/2545924aa250de68ac8368367a79b663e59571cd131611f54c89b0613a94e230?s=96&d=mm&r=g","contentUrl":"https:\/\/secure.gravatar.com\/avatar\/2545924aa250de68ac8368367a79b663e59571cd131611f54c89b0613a94e230?s=96&d=mm&r=g","caption":"Florent Rrahmani"}}]}},"_links":{"self":[{"href":"https:\/\/president-ksgov.net\/sr\/wp-json\/wp\/v2\/posts\/157667","targetHints":{"allow":["GET"]}}],"collection":[{"href":"https:\/\/president-ksgov.net\/sr\/wp-json\/wp\/v2\/posts"}],"about":[{"href":"https:\/\/president-ksgov.net\/sr\/wp-json\/wp\/v2\/types\/post"}],"author":[{"embeddable":true,"href":"https:\/\/president-ksgov.net\/sr\/wp-json\/wp\/v2\/users\/9"}],"replies":[{"embeddable":true,"href":"https:\/\/president-ksgov.net\/sr\/wp-json\/wp\/v2\/comments?post=157667"}],"version-history":[{"count":1,"href":"https:\/\/president-ksgov.net\/sr\/wp-json\/wp\/v2\/posts\/157667\/revisions"}],"predecessor-version":[{"id":157668,"href":"https:\/\/president-ksgov.net\/sr\/wp-json\/wp\/v2\/posts\/157667\/revisions\/157668"}],"wp:featuredmedia":[{"embeddable":true,"href":"https:\/\/president-ksgov.net\/sr\/wp-json\/wp\/v2\/media\/157626"}],"wp:attachment":[{"href":"https:\/\/president-ksgov.net\/sr\/wp-json\/wp\/v2\/media?parent=157667"}],"wp:term":[{"taxonomy":"category","embeddable":true,"href":"https:\/\/president-ksgov.net\/sr\/wp-json\/wp\/v2\/categories?post=157667"},{"taxonomy":"post_tag","embeddable":true,"href":"https:\/\/president-ksgov.net\/sr\/wp-json\/wp\/v2\/tags?post=157667"}],"curies":[{"name":"wp","href":"https:\/\/api.w.org\/{rel}","templated":true}]}}