{"id":157632,"date":"2025-04-08T12:47:47","date_gmt":"2025-04-08T10:47:47","guid":{"rendered":"https:\/\/president-ksgov.net\/?p=157632"},"modified":"2025-04-08T17:09:58","modified_gmt":"2025-04-08T15:09:58","slug":"predsednica-osmani-na-medunarodni-dan-roma-docekala-na-sastanku-delegaciju-partije-ujedinjenih-roma-kosova","status":"publish","type":"post","link":"https:\/\/president-ksgov.net\/sr\/predsednica-osmani-na-medunarodni-dan-roma-docekala-na-sastanku-delegaciju-partije-ujedinjenih-roma-kosova\/","title":{"rendered":"Predsednica Osmani na Me\u0111unarodni dan Roma do\u010dekala na sastanku delegaciju Partije ujedinjenih Roma Kosova"},"content":{"rendered":"<p>Predsednica Republike Kosovo Vjosa Osmani je povodom Me\u0111unarodnog dana Roma, do\u010dekala danas na sastanku delegaciju Partije ujedinjenih Roma Kosova, koju je predvodio gospodin Albert Kinolli.<\/p>\n<p>Predsednica Osmani je \u010destitala predsedniku Kinolliju i svim gra\u0111anima romske zajednice na Kosovu, isti\u010du\u0107i zna\u010daj ovog dana da se razmisli o izazovima i dostignu\u0107ima, kao i da se reafirmi\u0161e institucionalna posve\u0107enost pravima i ravnopravnosti romske zajednice.<\/p>\n<p>Tokom sastanka, predsednica je istakla da visoko ceni doprinos predstavnika romske zajednice i romske zajednice uop\u0161te u izgradnji pravednijeg, ravnopravnijeg i inkluzivnijeg dru\u0161tva, oceniv\u0161i njihov glas kao su\u0161tinski va\u017ean u demokratskim procesima u zemlji.<\/p>\n<p>Podvla\u010de\u0107i svoje kontinuirano anga\u017eovanje ja\u010danju neve\u0107inskih zajednica na Kosovu, predsednica Osmani je pohvalila rad Konsultativnog ve\u0107a za zajednice i druge mehanizme koji imaju za cilj ja\u010danje u\u010de\u0161\u0107a i unapre\u0111enje prava zajednica, sa posebnim naglaskom na romsku zajednicu.<\/p>\n<p>Predsednica Osmani je naglasila da obrazovanje ostaje jedan od glavnih prioriteta u osna\u017eivanju romske omladine, posebno devoj\u010dica i \u017eena, kroz programe koji pove\u0107avaju pristup i inkluziju u obrazovni sistem. Ona je dodala da zalaganje za ravnopravnost ne treba da se fokusira samo na obrazovanje, ve\u0107 i na stvaranje jednakih mogu\u0107nosti za zapo\u0161ljavanje i aktivno uklju\u010divanje u javni i institucionalni \u017eivot zemlje.<\/p>\n","protected":false},"excerpt":{"rendered":"<p>Predsednica Republike Kosovo Vjosa Osmani je povodom Me\u0111unarodnog dana Roma, do\u010dekala danas na sastanku delegaciju Partije ujedinjenih Roma Kosova, koju je predvodio gospodin Albert Kinolli. Predsednica Osmani je \u010destitala predsedniku Kinolliju i svim gra\u0111anima romske zajednice na Kosovu, isti\u010du\u0107i zna\u010daj ovog dana da se razmisli o izazovima i dostignu\u0107ima, kao i da se reafirmi\u0161e institucionalna posve\u0107enost pravima i ravnopravnosti romske zajednice. Tokom sastanka, predsednica je istakla da visoko ceni doprinos predstavnika romske zajednice i romske zajednice uop\u0161te u izgradnji pravednijeg, ravnopravnijeg i inkluzivnijeg dru\u0161tva, oceniv\u0161i njihov glas kao su\u0161tinski va\u017ean u demokratskim procesima u zemlji. Podvla\u010de\u0107i svoje kontinuirano anga\u017eovanje ja\u010danju neve\u0107inskih zajednica na Kosovu, predsednica Osmani je pohvalila rad Konsultativnog ve\u0107a za zajednice i druge mehanizme koji imaju za cilj ja\u010danje u\u010de\u0161\u0107a i unapre\u0111enje prava zajednica, sa posebnim naglaskom na romsku zajednicu. Predsednica Osmani je naglasila da obrazovanje ostaje jedan od glavnih prioriteta u osna\u017eivanju romske omladine, posebno devoj\u010dica i \u017eena, kroz programe koji pove\u0107avaju pristup i inkluziju u obrazovni sistem. Ona je dodala da zalaganje za ravnopravnost ne treba da se fokusira samo na obrazovanje, ve\u0107 i na stvaranje jednakih mogu\u0107nosti za zapo\u0161ljavanje i aktivno uklju\u010divanje u javni i institucionalni \u017eivot zemlje.<\/p>\n","protected":false},"author":9,"featured_media":157569,"comment_status":"closed","ping_status":"closed","sticky":false,"template":"","format":"standard","meta":{"_eb_attr":"","footnotes":""},"categories":[101],"tags":[],"class_list":["post-157632","post","type-post","status-publish","format-standard","has-post-thumbnail","hentry","category-vesti"],"yoast_head":"<!-- This site is optimized with the Yoast SEO plugin v23.5 - https:\/\/yoast.com\/wordpress\/plugins\/seo\/ -->\n<title>Predsednica Osmani na Me\u0111unarodni dan Roma do\u010dekala na sastanku delegaciju Partije ujedinjenih Roma Kosova - Predsednik Republike Kosovo - DR. VJOSA OSMANI - SADRIU<\/title>\n<meta name=\"description\" content=\"Predsednica Osmani na Me\u0111unarodni dan Roma do\u010dekala na sastanku delegaciju Partije ujedinjenih Roma Kosova - Predsednik Republike Kosovo - DR. VJOSA OSMANI - SADRIU -\" \/>\n<meta name=\"robots\" content=\"index, follow, max-snippet:-1, max-image-preview:large, max-video-preview:-1\" \/>\n<link rel=\"canonical\" href=\"https:\/\/president-ksgov.net\/en\/?p=157634\" \/>\n<meta property=\"og:locale\" content=\"sr_RS\" \/>\n<meta property=\"og:type\" content=\"article\" \/>\n<meta property=\"og:title\" content=\"Predsednica Osmani na Me\u0111unarodni dan Roma do\u010dekala na sastanku delegaciju Partije ujedinjenih Roma Kosova - Predsednik Republike Kosovo - DR. VJOSA OSMANI - SADRIU\" \/>\n<meta property=\"og:description\" content=\"Predsednica Osmani na Me\u0111unarodni dan Roma do\u010dekala na sastanku delegaciju Partije ujedinjenih Roma Kosova - Predsednik Republike Kosovo - DR. VJOSA OSMANI - SADRIU -\" \/>\n<meta property=\"og:url\" content=\"https:\/\/president-ksgov.net\/en\/?p=157634\" \/>\n<meta property=\"og:site_name\" content=\"Predsednik Republike Kosovo - DR. VJOSA OSMANI - SADRIU\" \/>\n<meta property=\"article:published_time\" content=\"2025-04-08T10:47:47+00:00\" \/>\n<meta property=\"article:modified_time\" content=\"2025-04-08T15:09:58+00:00\" \/>\n<meta property=\"og:image\" content=\"https:\/\/president-ksgov.net\/wp-content\/uploads\/8.4.25-1.jpg\" \/>\n\t<meta property=\"og:image:width\" content=\"1280\" \/>\n\t<meta property=\"og:image:height\" content=\"853\" \/>\n\t<meta property=\"og:image:type\" content=\"image\/jpeg\" \/>\n<meta name=\"author\" content=\"Florent Rrahmani\" \/>\n<meta name=\"twitter:card\" content=\"summary_large_image\" \/>\n<meta name=\"twitter:label1\" content=\"\u041d\u0430\u043f\u0438\u0441\u0430\u043d\u043e \u043e\u0434\" \/>\n\t<meta name=\"twitter:data1\" content=\"Florent Rrahmani\" \/>\n\t<meta name=\"twitter:label2\" content=\"\u041f\u0440\u043e\u0446\u0435\u045a\u0435\u043d\u043e \u0432\u0440\u0435\u043c\u0435 \u0447\u0438\u0442\u0430\u045a\u0430\" \/>\n\t<meta name=\"twitter:data2\" content=\"2 \u043c\u0438\u043d\u0443\u0442\u0430\" \/>\n<script type=\"application\/ld+json\" class=\"yoast-schema-graph\">{\"@context\":\"https:\/\/schema.org\",\"@graph\":[{\"@type\":\"WebPage\",\"@id\":\"https:\/\/president-ksgov.net\/en\/?p=157634\",\"url\":\"https:\/\/president-ksgov.net\/en\/?p=157634\",\"name\":\"Predsednica Osmani na Me\u0111unarodni dan Roma do\u010dekala na sastanku delegaciju Partije ujedinjenih Roma Kosova - Predsednik Republike Kosovo - DR. VJOSA OSMANI - SADRIU\",\"isPartOf\":{\"@id\":\"https:\/\/president-ksgov.net\/#website\"},\"primaryImageOfPage\":{\"@id\":\"https:\/\/president-ksgov.net\/en\/?p=157634#primaryimage\"},\"image\":{\"@id\":\"https:\/\/president-ksgov.net\/en\/?p=157634#primaryimage\"},\"thumbnailUrl\":\"https:\/\/president-ksgov.net\/wp-content\/uploads\/8.4.25-1.jpg\",\"datePublished\":\"2025-04-08T10:47:47+00:00\",\"dateModified\":\"2025-04-08T15:09:58+00:00\",\"author\":{\"@id\":\"https:\/\/president-ksgov.net\/#\/schema\/person\/7c46f744a99d3f1616b92658282aa934\"},\"description\":\"Predsednica Osmani na Me\u0111unarodni dan Roma do\u010dekala na sastanku delegaciju Partije ujedinjenih Roma Kosova - Predsednik Republike Kosovo - DR. VJOSA OSMANI - SADRIU -\",\"breadcrumb\":{\"@id\":\"https:\/\/president-ksgov.net\/en\/?p=157634#breadcrumb\"},\"inLanguage\":\"sr-RS\",\"potentialAction\":[{\"@type\":\"ReadAction\",\"target\":[\"https:\/\/president-ksgov.net\/en\/?p=157634\"]}]},{\"@type\":\"ImageObject\",\"inLanguage\":\"sr-RS\",\"@id\":\"https:\/\/president-ksgov.net\/en\/?p=157634#primaryimage\",\"url\":\"https:\/\/president-ksgov.net\/wp-content\/uploads\/8.4.25-1.jpg\",\"contentUrl\":\"https:\/\/president-ksgov.net\/wp-content\/uploads\/8.4.25-1.jpg\",\"width\":1280,\"height\":853},{\"@type\":\"BreadcrumbList\",\"@id\":\"https:\/\/president-ksgov.net\/en\/?p=157634#breadcrumb\",\"itemListElement\":[{\"@type\":\"ListItem\",\"position\":1,\"name\":\"Home\",\"item\":\"https:\/\/president-ksgov.net\/sr\/\"},{\"@type\":\"ListItem\",\"position\":2,\"name\":\"Predsednica Osmani na Me\u0111unarodni dan Roma do\u010dekala na sastanku delegaciju Partije ujedinjenih Roma Kosova\"}]},{\"@type\":\"WebSite\",\"@id\":\"https:\/\/president-ksgov.net\/#website\",\"url\":\"https:\/\/president-ksgov.net\/\",\"name\":\"Presidente e Republik\u00ebs s\u00eb Kosov\u00ebs\",\"description\":\"Presidente e Republik\u00ebs s\u00eb Kosov\u00ebs\",\"alternateName\":\"DR. VJOSA OSMANI - SADRIU\",\"potentialAction\":[{\"@type\":\"SearchAction\",\"target\":{\"@type\":\"EntryPoint\",\"urlTemplate\":\"https:\/\/president-ksgov.net\/?s={search_term_string}\"},\"query-input\":{\"@type\":\"PropertyValueSpecification\",\"valueRequired\":true,\"valueName\":\"search_term_string\"}}],\"inLanguage\":\"sr-RS\"},{\"@type\":\"Person\",\"@id\":\"https:\/\/president-ksgov.net\/#\/schema\/person\/7c46f744a99d3f1616b92658282aa934\",\"name\":\"Florent Rrahmani\",\"image\":{\"@type\":\"ImageObject\",\"inLanguage\":\"sr-RS\",\"@id\":\"https:\/\/president-ksgov.net\/#\/schema\/person\/image\/\",\"url\":\"https:\/\/secure.gravatar.com\/avatar\/2545924aa250de68ac8368367a79b663e59571cd131611f54c89b0613a94e230?s=96&d=mm&r=g\",\"contentUrl\":\"https:\/\/secure.gravatar.com\/avatar\/2545924aa250de68ac8368367a79b663e59571cd131611f54c89b0613a94e230?s=96&d=mm&r=g\",\"caption\":\"Florent Rrahmani\"}}]}<\/script>\n<!-- \/ Yoast SEO plugin. -->","yoast_head_json":{"title":"Predsednica Osmani na Me\u0111unarodni dan Roma do\u010dekala na sastanku delegaciju Partije ujedinjenih Roma Kosova - Predsednik Republike Kosovo - DR. VJOSA OSMANI - SADRIU","description":"Predsednica Osmani na Me\u0111unarodni dan Roma do\u010dekala na sastanku delegaciju Partije ujedinjenih Roma Kosova - Predsednik Republike Kosovo - DR. VJOSA OSMANI - SADRIU -","robots":{"index":"index","follow":"follow","max-snippet":"max-snippet:-1","max-image-preview":"max-image-preview:large","max-video-preview":"max-video-preview:-1"},"canonical":"https:\/\/president-ksgov.net\/en\/?p=157634","og_locale":"sr_RS","og_type":"article","og_title":"Predsednica Osmani na Me\u0111unarodni dan Roma do\u010dekala na sastanku delegaciju Partije ujedinjenih Roma Kosova - Predsednik Republike Kosovo - DR. VJOSA OSMANI - SADRIU","og_description":"Predsednica Osmani na Me\u0111unarodni dan Roma do\u010dekala na sastanku delegaciju Partije ujedinjenih Roma Kosova - Predsednik Republike Kosovo - DR. VJOSA OSMANI - SADRIU -","og_url":"https:\/\/president-ksgov.net\/en\/?p=157634","og_site_name":"Predsednik Republike Kosovo - DR. VJOSA OSMANI - SADRIU","article_published_time":"2025-04-08T10:47:47+00:00","article_modified_time":"2025-04-08T15:09:58+00:00","og_image":[{"width":1280,"height":853,"url":"https:\/\/president-ksgov.net\/wp-content\/uploads\/8.4.25-1.jpg","type":"image\/jpeg"}],"author":"Florent Rrahmani","twitter_card":"summary_large_image","twitter_misc":{"\u041d\u0430\u043f\u0438\u0441\u0430\u043d\u043e \u043e\u0434":"Florent Rrahmani","\u041f\u0440\u043e\u0446\u0435\u045a\u0435\u043d\u043e \u0432\u0440\u0435\u043c\u0435 \u0447\u0438\u0442\u0430\u045a\u0430":"2 \u043c\u0438\u043d\u0443\u0442\u0430"},"schema":{"@context":"https:\/\/schema.org","@graph":[{"@type":"WebPage","@id":"https:\/\/president-ksgov.net\/en\/?p=157634","url":"https:\/\/president-ksgov.net\/en\/?p=157634","name":"Predsednica Osmani na Me\u0111unarodni dan Roma do\u010dekala na sastanku delegaciju Partije ujedinjenih Roma Kosova - Predsednik Republike Kosovo - DR. VJOSA OSMANI - SADRIU","isPartOf":{"@id":"https:\/\/president-ksgov.net\/#website"},"primaryImageOfPage":{"@id":"https:\/\/president-ksgov.net\/en\/?p=157634#primaryimage"},"image":{"@id":"https:\/\/president-ksgov.net\/en\/?p=157634#primaryimage"},"thumbnailUrl":"https:\/\/president-ksgov.net\/wp-content\/uploads\/8.4.25-1.jpg","datePublished":"2025-04-08T10:47:47+00:00","dateModified":"2025-04-08T15:09:58+00:00","author":{"@id":"https:\/\/president-ksgov.net\/#\/schema\/person\/7c46f744a99d3f1616b92658282aa934"},"description":"Predsednica Osmani na Me\u0111unarodni dan Roma do\u010dekala na sastanku delegaciju Partije ujedinjenih Roma Kosova - Predsednik Republike Kosovo - DR. VJOSA OSMANI - SADRIU -","breadcrumb":{"@id":"https:\/\/president-ksgov.net\/en\/?p=157634#breadcrumb"},"inLanguage":"sr-RS","potentialAction":[{"@type":"ReadAction","target":["https:\/\/president-ksgov.net\/en\/?p=157634"]}]},{"@type":"ImageObject","inLanguage":"sr-RS","@id":"https:\/\/president-ksgov.net\/en\/?p=157634#primaryimage","url":"https:\/\/president-ksgov.net\/wp-content\/uploads\/8.4.25-1.jpg","contentUrl":"https:\/\/president-ksgov.net\/wp-content\/uploads\/8.4.25-1.jpg","width":1280,"height":853},{"@type":"BreadcrumbList","@id":"https:\/\/president-ksgov.net\/en\/?p=157634#breadcrumb","itemListElement":[{"@type":"ListItem","position":1,"name":"Home","item":"https:\/\/president-ksgov.net\/sr\/"},{"@type":"ListItem","position":2,"name":"Predsednica Osmani na Me\u0111unarodni dan Roma do\u010dekala na sastanku delegaciju Partije ujedinjenih Roma Kosova"}]},{"@type":"WebSite","@id":"https:\/\/president-ksgov.net\/#website","url":"https:\/\/president-ksgov.net\/","name":"Presidente e Republik\u00ebs s\u00eb Kosov\u00ebs","description":"Presidente e Republik\u00ebs s\u00eb Kosov\u00ebs","alternateName":"DR. VJOSA OSMANI - SADRIU","potentialAction":[{"@type":"SearchAction","target":{"@type":"EntryPoint","urlTemplate":"https:\/\/president-ksgov.net\/?s={search_term_string}"},"query-input":{"@type":"PropertyValueSpecification","valueRequired":true,"valueName":"search_term_string"}}],"inLanguage":"sr-RS"},{"@type":"Person","@id":"https:\/\/president-ksgov.net\/#\/schema\/person\/7c46f744a99d3f1616b92658282aa934","name":"Florent Rrahmani","image":{"@type":"ImageObject","inLanguage":"sr-RS","@id":"https:\/\/president-ksgov.net\/#\/schema\/person\/image\/","url":"https:\/\/secure.gravatar.com\/avatar\/2545924aa250de68ac8368367a79b663e59571cd131611f54c89b0613a94e230?s=96&d=mm&r=g","contentUrl":"https:\/\/secure.gravatar.com\/avatar\/2545924aa250de68ac8368367a79b663e59571cd131611f54c89b0613a94e230?s=96&d=mm&r=g","caption":"Florent Rrahmani"}}]}},"_links":{"self":[{"href":"https:\/\/president-ksgov.net\/sr\/wp-json\/wp\/v2\/posts\/157632","targetHints":{"allow":["GET"]}}],"collection":[{"href":"https:\/\/president-ksgov.net\/sr\/wp-json\/wp\/v2\/posts"}],"about":[{"href":"https:\/\/president-ksgov.net\/sr\/wp-json\/wp\/v2\/types\/post"}],"author":[{"embeddable":true,"href":"https:\/\/president-ksgov.net\/sr\/wp-json\/wp\/v2\/users\/9"}],"replies":[{"embeddable":true,"href":"https:\/\/president-ksgov.net\/sr\/wp-json\/wp\/v2\/comments?post=157632"}],"version-history":[{"count":1,"href":"https:\/\/president-ksgov.net\/sr\/wp-json\/wp\/v2\/posts\/157632\/revisions"}],"predecessor-version":[{"id":157633,"href":"https:\/\/president-ksgov.net\/sr\/wp-json\/wp\/v2\/posts\/157632\/revisions\/157633"}],"wp:featuredmedia":[{"embeddable":true,"href":"https:\/\/president-ksgov.net\/sr\/wp-json\/wp\/v2\/media\/157569"}],"wp:attachment":[{"href":"https:\/\/president-ksgov.net\/sr\/wp-json\/wp\/v2\/media?parent=157632"}],"wp:term":[{"taxonomy":"category","embeddable":true,"href":"https:\/\/president-ksgov.net\/sr\/wp-json\/wp\/v2\/categories?post=157632"},{"taxonomy":"post_tag","embeddable":true,"href":"https:\/\/president-ksgov.net\/sr\/wp-json\/wp\/v2\/tags?post=157632"}],"curies":[{"name":"wp","href":"https:\/\/api.w.org\/{rel}","templated":true}]}}