{"id":156572,"date":"2025-03-25T15:12:33","date_gmt":"2025-03-25T14:12:33","guid":{"rendered":"https:\/\/president-ksgov.net\/?p=156572"},"modified":"2025-03-27T10:08:12","modified_gmt":"2025-03-27T09:08:12","slug":"predsednica-osmani-trnje-nezalecena-rana-vecna-uspomena","status":"publish","type":"post","link":"https:\/\/president-ksgov.net\/sr\/predsednica-osmani-trnje-nezalecena-rana-vecna-uspomena\/","title":{"rendered":"Predsednica Osmani: Trnje \u2013 nezale\u010dena rana, ve\u010dna uspomena"},"content":{"rendered":"<p>U ranim jutarnjim satima 25. marta 1999. godine, genocidne srpske paravojne snage u\u0161le su u selo Trnje u Suvoj Reci i masakrirali 46 mu\u010denika, me\u0111u kojima su bili \u017eene, starci i deca.<\/p>\n<p>Neke od \u017ertava bile su stanovnici sela, dok su drugi bili gosti iz sela Studen\u010dane i Randobrava, koji su potra\u017eili skloni\u0161te kod porodica u Trnju.<\/p>\n<p>Me\u0111u nasilno nestalima i dalje je osam stanovnika.<\/p>\n<p>Trnje je otvorena rana, ve\u010dni podsetnik na na\u0161u \u017ertvu za slobodu i zakletvu da nikada ne zaboravimo one koji su dali sve za otad\u017ebinu. Ve\u010dna slava mu\u010denicima iz Trnja!<\/p>\n","protected":false},"excerpt":{"rendered":"<p>U ranim jutarnjim satima 25. marta 1999. godine, genocidne srpske paravojne snage u\u0161le su u selo Trnje u Suvoj Reci i masakrirali 46 mu\u010denika, me\u0111u kojima su bili \u017eene, starci i deca. Neke od \u017ertava bile su stanovnici sela, dok su drugi bili gosti iz sela Studen\u010dane i Randobrava, koji su potra\u017eili skloni\u0161te kod porodica u Trnju. Me\u0111u nasilno nestalima i dalje je osam stanovnika. Trnje je otvorena rana, ve\u010dni podsetnik na na\u0161u \u017ertvu za slobodu i zakletvu da nikada ne zaboravimo one koji su dali sve za otad\u017ebinu. Ve\u010dna slava mu\u010denicima iz Trnja!<\/p>\n","protected":false},"author":9,"featured_media":156381,"comment_status":"closed","ping_status":"closed","sticky":false,"template":"","format":"standard","meta":{"_eb_attr":"","footnotes":""},"categories":[101],"tags":[],"class_list":["post-156572","post","type-post","status-publish","format-standard","has-post-thumbnail","hentry","category-vesti"],"yoast_head":"<!-- This site is optimized with the Yoast SEO plugin v23.5 - https:\/\/yoast.com\/wordpress\/plugins\/seo\/ -->\n<title>Predsednica Osmani: Trnje \u2013 nezale\u010dena rana, ve\u010dna uspomena - Predsednik Republike Kosovo - DR. VJOSA OSMANI - SADRIU<\/title>\n<meta name=\"description\" content=\"Predsednica Osmani: Trnje \u2013 nezale\u010dena rana, ve\u010dna uspomena - Predsednik Republike Kosovo - DR. VJOSA OSMANI - SADRIU - Vesti\" \/>\n<meta name=\"robots\" content=\"index, follow, max-snippet:-1, max-image-preview:large, max-video-preview:-1\" \/>\n<link rel=\"canonical\" href=\"https:\/\/president-ksgov.net\/sr\/predsednica-osmani-trnje-nezalecena-rana-vecna-uspomena\/\" \/>\n<meta property=\"og:locale\" content=\"sr_RS\" \/>\n<meta property=\"og:type\" content=\"article\" \/>\n<meta property=\"og:title\" content=\"Predsednica Osmani: Trnje \u2013 nezale\u010dena rana, ve\u010dna uspomena - Predsednik Republike Kosovo - DR. VJOSA OSMANI - SADRIU\" \/>\n<meta property=\"og:description\" content=\"Predsednica Osmani: Trnje \u2013 nezale\u010dena rana, ve\u010dna uspomena - Predsednik Republike Kosovo - DR. VJOSA OSMANI - SADRIU - Vesti\" \/>\n<meta property=\"og:url\" content=\"https:\/\/president-ksgov.net\/sr\/predsednica-osmani-trnje-nezalecena-rana-vecna-uspomena\/\" \/>\n<meta property=\"og:site_name\" content=\"Predsednik Republike Kosovo - DR. VJOSA OSMANI - SADRIU\" \/>\n<meta property=\"article:published_time\" content=\"2025-03-25T14:12:33+00:00\" \/>\n<meta property=\"article:modified_time\" content=\"2025-03-27T09:08:12+00:00\" \/>\n<meta property=\"og:image\" content=\"https:\/\/president-ksgov.net\/wp-content\/uploads\/486852039_690084357013556_5599826887094066468_n.jpg\" \/>\n\t<meta property=\"og:image:width\" content=\"1080\" \/>\n\t<meta property=\"og:image:height\" content=\"1077\" \/>\n\t<meta property=\"og:image:type\" content=\"image\/jpeg\" \/>\n<meta name=\"author\" content=\"Florent Rrahmani\" \/>\n<meta name=\"twitter:card\" content=\"summary_large_image\" \/>\n<meta name=\"twitter:label1\" content=\"\u041d\u0430\u043f\u0438\u0441\u0430\u043d\u043e \u043e\u0434\" \/>\n\t<meta name=\"twitter:data1\" content=\"Florent Rrahmani\" \/>\n\t<meta name=\"twitter:label2\" content=\"\u041f\u0440\u043e\u0446\u0435\u045a\u0435\u043d\u043e \u0432\u0440\u0435\u043c\u0435 \u0447\u0438\u0442\u0430\u045a\u0430\" \/>\n\t<meta name=\"twitter:data2\" content=\"1 \u043c\u0438\u043d\u0443\u0442\" \/>\n<script type=\"application\/ld+json\" class=\"yoast-schema-graph\">{\"@context\":\"https:\/\/schema.org\",\"@graph\":[{\"@type\":\"WebPage\",\"@id\":\"https:\/\/president-ksgov.net\/sr\/predsednica-osmani-trnje-nezalecena-rana-vecna-uspomena\/\",\"url\":\"https:\/\/president-ksgov.net\/sr\/predsednica-osmani-trnje-nezalecena-rana-vecna-uspomena\/\",\"name\":\"Predsednica Osmani: Trnje \u2013 nezale\u010dena rana, ve\u010dna uspomena - Predsednik Republike Kosovo - DR. VJOSA OSMANI - SADRIU\",\"isPartOf\":{\"@id\":\"https:\/\/president-ksgov.net\/#website\"},\"primaryImageOfPage\":{\"@id\":\"https:\/\/president-ksgov.net\/sr\/predsednica-osmani-trnje-nezalecena-rana-vecna-uspomena\/#primaryimage\"},\"image\":{\"@id\":\"https:\/\/president-ksgov.net\/sr\/predsednica-osmani-trnje-nezalecena-rana-vecna-uspomena\/#primaryimage\"},\"thumbnailUrl\":\"https:\/\/president-ksgov.net\/wp-content\/uploads\/486852039_690084357013556_5599826887094066468_n.jpg\",\"datePublished\":\"2025-03-25T14:12:33+00:00\",\"dateModified\":\"2025-03-27T09:08:12+00:00\",\"author\":{\"@id\":\"https:\/\/president-ksgov.net\/#\/schema\/person\/7c46f744a99d3f1616b92658282aa934\"},\"description\":\"Predsednica Osmani: Trnje \u2013 nezale\u010dena rana, ve\u010dna uspomena - Predsednik Republike Kosovo - DR. VJOSA OSMANI - SADRIU - Vesti\",\"breadcrumb\":{\"@id\":\"https:\/\/president-ksgov.net\/sr\/predsednica-osmani-trnje-nezalecena-rana-vecna-uspomena\/#breadcrumb\"},\"inLanguage\":\"sr-RS\",\"potentialAction\":[{\"@type\":\"ReadAction\",\"target\":[\"https:\/\/president-ksgov.net\/sr\/predsednica-osmani-trnje-nezalecena-rana-vecna-uspomena\/\"]}]},{\"@type\":\"ImageObject\",\"inLanguage\":\"sr-RS\",\"@id\":\"https:\/\/president-ksgov.net\/sr\/predsednica-osmani-trnje-nezalecena-rana-vecna-uspomena\/#primaryimage\",\"url\":\"https:\/\/president-ksgov.net\/wp-content\/uploads\/486852039_690084357013556_5599826887094066468_n.jpg\",\"contentUrl\":\"https:\/\/president-ksgov.net\/wp-content\/uploads\/486852039_690084357013556_5599826887094066468_n.jpg\",\"width\":1080,\"height\":1077},{\"@type\":\"BreadcrumbList\",\"@id\":\"https:\/\/president-ksgov.net\/sr\/predsednica-osmani-trnje-nezalecena-rana-vecna-uspomena\/#breadcrumb\",\"itemListElement\":[{\"@type\":\"ListItem\",\"position\":1,\"name\":\"Home\",\"item\":\"https:\/\/president-ksgov.net\/sr\/\"},{\"@type\":\"ListItem\",\"position\":2,\"name\":\"Predsednica Osmani: Trnje \u2013 nezale\u010dena rana, ve\u010dna uspomena\"}]},{\"@type\":\"WebSite\",\"@id\":\"https:\/\/president-ksgov.net\/#website\",\"url\":\"https:\/\/president-ksgov.net\/\",\"name\":\"Presidente e Republik\u00ebs s\u00eb Kosov\u00ebs\",\"description\":\"Presidente e Republik\u00ebs s\u00eb Kosov\u00ebs\",\"alternateName\":\"DR. VJOSA OSMANI - SADRIU\",\"potentialAction\":[{\"@type\":\"SearchAction\",\"target\":{\"@type\":\"EntryPoint\",\"urlTemplate\":\"https:\/\/president-ksgov.net\/?s={search_term_string}\"},\"query-input\":{\"@type\":\"PropertyValueSpecification\",\"valueRequired\":true,\"valueName\":\"search_term_string\"}}],\"inLanguage\":\"sr-RS\"},{\"@type\":\"Person\",\"@id\":\"https:\/\/president-ksgov.net\/#\/schema\/person\/7c46f744a99d3f1616b92658282aa934\",\"name\":\"Florent Rrahmani\",\"image\":{\"@type\":\"ImageObject\",\"inLanguage\":\"sr-RS\",\"@id\":\"https:\/\/president-ksgov.net\/#\/schema\/person\/image\/\",\"url\":\"https:\/\/secure.gravatar.com\/avatar\/2545924aa250de68ac8368367a79b663e59571cd131611f54c89b0613a94e230?s=96&d=mm&r=g\",\"contentUrl\":\"https:\/\/secure.gravatar.com\/avatar\/2545924aa250de68ac8368367a79b663e59571cd131611f54c89b0613a94e230?s=96&d=mm&r=g\",\"caption\":\"Florent Rrahmani\"}}]}<\/script>\n<!-- \/ Yoast SEO plugin. -->","yoast_head_json":{"title":"Predsednica Osmani: Trnje \u2013 nezale\u010dena rana, ve\u010dna uspomena - Predsednik Republike Kosovo - DR. VJOSA OSMANI - SADRIU","description":"Predsednica Osmani: Trnje \u2013 nezale\u010dena rana, ve\u010dna uspomena - Predsednik Republike Kosovo - DR. VJOSA OSMANI - SADRIU - Vesti","robots":{"index":"index","follow":"follow","max-snippet":"max-snippet:-1","max-image-preview":"max-image-preview:large","max-video-preview":"max-video-preview:-1"},"canonical":"https:\/\/president-ksgov.net\/sr\/predsednica-osmani-trnje-nezalecena-rana-vecna-uspomena\/","og_locale":"sr_RS","og_type":"article","og_title":"Predsednica Osmani: Trnje \u2013 nezale\u010dena rana, ve\u010dna uspomena - Predsednik Republike Kosovo - DR. VJOSA OSMANI - SADRIU","og_description":"Predsednica Osmani: Trnje \u2013 nezale\u010dena rana, ve\u010dna uspomena - Predsednik Republike Kosovo - DR. VJOSA OSMANI - SADRIU - Vesti","og_url":"https:\/\/president-ksgov.net\/sr\/predsednica-osmani-trnje-nezalecena-rana-vecna-uspomena\/","og_site_name":"Predsednik Republike Kosovo - DR. VJOSA OSMANI - SADRIU","article_published_time":"2025-03-25T14:12:33+00:00","article_modified_time":"2025-03-27T09:08:12+00:00","og_image":[{"width":1080,"height":1077,"url":"https:\/\/president-ksgov.net\/wp-content\/uploads\/486852039_690084357013556_5599826887094066468_n.jpg","type":"image\/jpeg"}],"author":"Florent Rrahmani","twitter_card":"summary_large_image","twitter_misc":{"\u041d\u0430\u043f\u0438\u0441\u0430\u043d\u043e \u043e\u0434":"Florent Rrahmani","\u041f\u0440\u043e\u0446\u0435\u045a\u0435\u043d\u043e \u0432\u0440\u0435\u043c\u0435 \u0447\u0438\u0442\u0430\u045a\u0430":"1 \u043c\u0438\u043d\u0443\u0442"},"schema":{"@context":"https:\/\/schema.org","@graph":[{"@type":"WebPage","@id":"https:\/\/president-ksgov.net\/sr\/predsednica-osmani-trnje-nezalecena-rana-vecna-uspomena\/","url":"https:\/\/president-ksgov.net\/sr\/predsednica-osmani-trnje-nezalecena-rana-vecna-uspomena\/","name":"Predsednica Osmani: Trnje \u2013 nezale\u010dena rana, ve\u010dna uspomena - Predsednik Republike Kosovo - DR. VJOSA OSMANI - SADRIU","isPartOf":{"@id":"https:\/\/president-ksgov.net\/#website"},"primaryImageOfPage":{"@id":"https:\/\/president-ksgov.net\/sr\/predsednica-osmani-trnje-nezalecena-rana-vecna-uspomena\/#primaryimage"},"image":{"@id":"https:\/\/president-ksgov.net\/sr\/predsednica-osmani-trnje-nezalecena-rana-vecna-uspomena\/#primaryimage"},"thumbnailUrl":"https:\/\/president-ksgov.net\/wp-content\/uploads\/486852039_690084357013556_5599826887094066468_n.jpg","datePublished":"2025-03-25T14:12:33+00:00","dateModified":"2025-03-27T09:08:12+00:00","author":{"@id":"https:\/\/president-ksgov.net\/#\/schema\/person\/7c46f744a99d3f1616b92658282aa934"},"description":"Predsednica Osmani: Trnje \u2013 nezale\u010dena rana, ve\u010dna uspomena - Predsednik Republike Kosovo - DR. VJOSA OSMANI - SADRIU - Vesti","breadcrumb":{"@id":"https:\/\/president-ksgov.net\/sr\/predsednica-osmani-trnje-nezalecena-rana-vecna-uspomena\/#breadcrumb"},"inLanguage":"sr-RS","potentialAction":[{"@type":"ReadAction","target":["https:\/\/president-ksgov.net\/sr\/predsednica-osmani-trnje-nezalecena-rana-vecna-uspomena\/"]}]},{"@type":"ImageObject","inLanguage":"sr-RS","@id":"https:\/\/president-ksgov.net\/sr\/predsednica-osmani-trnje-nezalecena-rana-vecna-uspomena\/#primaryimage","url":"https:\/\/president-ksgov.net\/wp-content\/uploads\/486852039_690084357013556_5599826887094066468_n.jpg","contentUrl":"https:\/\/president-ksgov.net\/wp-content\/uploads\/486852039_690084357013556_5599826887094066468_n.jpg","width":1080,"height":1077},{"@type":"BreadcrumbList","@id":"https:\/\/president-ksgov.net\/sr\/predsednica-osmani-trnje-nezalecena-rana-vecna-uspomena\/#breadcrumb","itemListElement":[{"@type":"ListItem","position":1,"name":"Home","item":"https:\/\/president-ksgov.net\/sr\/"},{"@type":"ListItem","position":2,"name":"Predsednica Osmani: Trnje \u2013 nezale\u010dena rana, ve\u010dna uspomena"}]},{"@type":"WebSite","@id":"https:\/\/president-ksgov.net\/#website","url":"https:\/\/president-ksgov.net\/","name":"Presidente e Republik\u00ebs s\u00eb Kosov\u00ebs","description":"Presidente e Republik\u00ebs s\u00eb Kosov\u00ebs","alternateName":"DR. VJOSA OSMANI - SADRIU","potentialAction":[{"@type":"SearchAction","target":{"@type":"EntryPoint","urlTemplate":"https:\/\/president-ksgov.net\/?s={search_term_string}"},"query-input":{"@type":"PropertyValueSpecification","valueRequired":true,"valueName":"search_term_string"}}],"inLanguage":"sr-RS"},{"@type":"Person","@id":"https:\/\/president-ksgov.net\/#\/schema\/person\/7c46f744a99d3f1616b92658282aa934","name":"Florent Rrahmani","image":{"@type":"ImageObject","inLanguage":"sr-RS","@id":"https:\/\/president-ksgov.net\/#\/schema\/person\/image\/","url":"https:\/\/secure.gravatar.com\/avatar\/2545924aa250de68ac8368367a79b663e59571cd131611f54c89b0613a94e230?s=96&d=mm&r=g","contentUrl":"https:\/\/secure.gravatar.com\/avatar\/2545924aa250de68ac8368367a79b663e59571cd131611f54c89b0613a94e230?s=96&d=mm&r=g","caption":"Florent Rrahmani"}}]}},"_links":{"self":[{"href":"https:\/\/president-ksgov.net\/sr\/wp-json\/wp\/v2\/posts\/156572","targetHints":{"allow":["GET"]}}],"collection":[{"href":"https:\/\/president-ksgov.net\/sr\/wp-json\/wp\/v2\/posts"}],"about":[{"href":"https:\/\/president-ksgov.net\/sr\/wp-json\/wp\/v2\/types\/post"}],"author":[{"embeddable":true,"href":"https:\/\/president-ksgov.net\/sr\/wp-json\/wp\/v2\/users\/9"}],"replies":[{"embeddable":true,"href":"https:\/\/president-ksgov.net\/sr\/wp-json\/wp\/v2\/comments?post=156572"}],"version-history":[{"count":1,"href":"https:\/\/president-ksgov.net\/sr\/wp-json\/wp\/v2\/posts\/156572\/revisions"}],"predecessor-version":[{"id":156573,"href":"https:\/\/president-ksgov.net\/sr\/wp-json\/wp\/v2\/posts\/156572\/revisions\/156573"}],"wp:featuredmedia":[{"embeddable":true,"href":"https:\/\/president-ksgov.net\/sr\/wp-json\/wp\/v2\/media\/156381"}],"wp:attachment":[{"href":"https:\/\/president-ksgov.net\/sr\/wp-json\/wp\/v2\/media?parent=156572"}],"wp:term":[{"taxonomy":"category","embeddable":true,"href":"https:\/\/president-ksgov.net\/sr\/wp-json\/wp\/v2\/categories?post=156572"},{"taxonomy":"post_tag","embeddable":true,"href":"https:\/\/president-ksgov.net\/sr\/wp-json\/wp\/v2\/tags?post=156572"}],"curies":[{"name":"wp","href":"https:\/\/api.w.org\/{rel}","templated":true}]}}