{"id":156365,"date":"2025-03-25T11:07:29","date_gmt":"2025-03-25T10:07:29","guid":{"rendered":"https:\/\/president-ksgov.net\/?p=156365"},"modified":"2025-03-25T11:27:21","modified_gmt":"2025-03-25T10:27:21","slug":"predsednica-osmani-podsetila-na-masakre-u-celini-beloj-crkvi-fortesa-i-brestovcu","status":"publish","type":"post","link":"https:\/\/president-ksgov.net\/sr\/predsednica-osmani-podsetila-na-masakre-u-celini-beloj-crkvi-fortesa-i-brestovcu\/","title":{"rendered":"Predsednica Osmani podsetila na masakre u Celini, Beloj Crkvi (Fortesa) i Brestovcu"},"content":{"rendered":"<p>Snage genocidnog re\u017eima Srbije su 25. marta 1999. godine izvr\u0161ile krvave masakre u selima Orahovca, u kojima su u Celini ubile 75 civila, u Beloj Crkvi (Fortesa) 69 i u Brestovcu 49 civila. U odbrani stanovni\u0161tva, herojski je palo i pet boraca OVK.<\/p>\n<p>Ubijeni su samo zato \u0161to su bili Albanci, samo zato \u0161to su \u017eeleli slobodu.<\/p>\n<p>Bol ostaje, pravda nedostaje, ali istina nije uni\u0161tena.<\/p>\n<p>Se\u0107amo se mu\u010denika, odajemo po\u010dast herojima OVK i nikada ne\u0107emo stati u potrazi za pravdom!<\/p>\n","protected":false},"excerpt":{"rendered":"<p>Snage genocidnog re\u017eima Srbije su 25. marta 1999. godine izvr\u0161ile krvave masakre u selima Orahovca, u kojima su u Celini ubile 75 civila, u Beloj Crkvi (Fortesa) 69 i u Brestovcu 49 civila. U odbrani stanovni\u0161tva, herojski je palo i pet boraca OVK. Ubijeni su samo zato \u0161to su bili Albanci, samo zato \u0161to su \u017eeleli slobodu. Bol ostaje, pravda nedostaje, ali istina nije uni\u0161tena. Se\u0107amo se mu\u010denika, odajemo po\u010dast herojima OVK i nikada ne\u0107emo stati u potrazi za pravdom!<\/p>\n","protected":false},"author":9,"featured_media":156356,"comment_status":"closed","ping_status":"closed","sticky":false,"template":"","format":"standard","meta":{"_eb_attr":"","footnotes":""},"categories":[101],"tags":[],"class_list":["post-156365","post","type-post","status-publish","format-standard","has-post-thumbnail","hentry","category-vesti"],"yoast_head":"<!-- This site is optimized with the Yoast SEO plugin v23.5 - https:\/\/yoast.com\/wordpress\/plugins\/seo\/ -->\n<title>Predsednica Osmani podsetila na masakre u Celini, Beloj Crkvi (Fortesa) i Brestovcu - Predsednik Republike Kosovo - DR. VJOSA OSMANI - SADRIU<\/title>\n<meta name=\"description\" content=\"Predsednica Osmani podsetila na masakre u Celini, Beloj Crkvi (Fortesa) i Brestovcu - Predsednik Republike Kosovo - DR. VJOSA OSMANI - SADRIU -\" \/>\n<meta name=\"robots\" content=\"index, follow, max-snippet:-1, max-image-preview:large, max-video-preview:-1\" \/>\n<link rel=\"canonical\" href=\"https:\/\/president-ksgov.net\/en\/?p=156367\" \/>\n<meta property=\"og:locale\" content=\"sr_RS\" \/>\n<meta property=\"og:type\" content=\"article\" \/>\n<meta property=\"og:title\" content=\"Predsednica Osmani podsetila na masakre u Celini, Beloj Crkvi (Fortesa) i Brestovcu - Predsednik Republike Kosovo - DR. VJOSA OSMANI - SADRIU\" \/>\n<meta property=\"og:description\" content=\"Predsednica Osmani podsetila na masakre u Celini, Beloj Crkvi (Fortesa) i Brestovcu - Predsednik Republike Kosovo - DR. VJOSA OSMANI - SADRIU -\" \/>\n<meta property=\"og:url\" content=\"https:\/\/president-ksgov.net\/en\/?p=156367\" \/>\n<meta property=\"og:site_name\" content=\"Predsednik Republike Kosovo - DR. VJOSA OSMANI - SADRIU\" \/>\n<meta property=\"article:published_time\" content=\"2025-03-25T10:07:29+00:00\" \/>\n<meta property=\"article:modified_time\" content=\"2025-03-25T10:27:21+00:00\" \/>\n<meta property=\"og:image\" content=\"https:\/\/president-ksgov.net\/wp-content\/uploads\/WhatsApp-Image-2024-03-25-at-20.50.57-1.jpeg\" \/>\n\t<meta property=\"og:image:width\" content=\"1081\" \/>\n\t<meta property=\"og:image:height\" content=\"720\" \/>\n\t<meta property=\"og:image:type\" content=\"image\/jpeg\" \/>\n<meta name=\"author\" content=\"Florent Rrahmani\" \/>\n<meta name=\"twitter:card\" content=\"summary_large_image\" \/>\n<meta name=\"twitter:label1\" content=\"\u041d\u0430\u043f\u0438\u0441\u0430\u043d\u043e \u043e\u0434\" \/>\n\t<meta name=\"twitter:data1\" content=\"Florent Rrahmani\" \/>\n\t<meta name=\"twitter:label2\" content=\"\u041f\u0440\u043e\u0446\u0435\u045a\u0435\u043d\u043e \u0432\u0440\u0435\u043c\u0435 \u0447\u0438\u0442\u0430\u045a\u0430\" \/>\n\t<meta name=\"twitter:data2\" content=\"1 \u043c\u0438\u043d\u0443\u0442\" \/>\n<script type=\"application\/ld+json\" class=\"yoast-schema-graph\">{\"@context\":\"https:\/\/schema.org\",\"@graph\":[{\"@type\":\"WebPage\",\"@id\":\"https:\/\/president-ksgov.net\/en\/?p=156367\",\"url\":\"https:\/\/president-ksgov.net\/en\/?p=156367\",\"name\":\"Predsednica Osmani podsetila na masakre u Celini, Beloj Crkvi (Fortesa) i Brestovcu - Predsednik Republike Kosovo - DR. VJOSA OSMANI - SADRIU\",\"isPartOf\":{\"@id\":\"https:\/\/president-ksgov.net\/#website\"},\"primaryImageOfPage\":{\"@id\":\"https:\/\/president-ksgov.net\/en\/?p=156367#primaryimage\"},\"image\":{\"@id\":\"https:\/\/president-ksgov.net\/en\/?p=156367#primaryimage\"},\"thumbnailUrl\":\"https:\/\/president-ksgov.net\/wp-content\/uploads\/WhatsApp-Image-2024-03-25-at-20.50.57-1.jpeg\",\"datePublished\":\"2025-03-25T10:07:29+00:00\",\"dateModified\":\"2025-03-25T10:27:21+00:00\",\"author\":{\"@id\":\"https:\/\/president-ksgov.net\/#\/schema\/person\/7c46f744a99d3f1616b92658282aa934\"},\"description\":\"Predsednica Osmani podsetila na masakre u Celini, Beloj Crkvi (Fortesa) i Brestovcu - Predsednik Republike Kosovo - DR. VJOSA OSMANI - SADRIU -\",\"breadcrumb\":{\"@id\":\"https:\/\/president-ksgov.net\/en\/?p=156367#breadcrumb\"},\"inLanguage\":\"sr-RS\",\"potentialAction\":[{\"@type\":\"ReadAction\",\"target\":[\"https:\/\/president-ksgov.net\/en\/?p=156367\"]}]},{\"@type\":\"ImageObject\",\"inLanguage\":\"sr-RS\",\"@id\":\"https:\/\/president-ksgov.net\/en\/?p=156367#primaryimage\",\"url\":\"https:\/\/president-ksgov.net\/wp-content\/uploads\/WhatsApp-Image-2024-03-25-at-20.50.57-1.jpeg\",\"contentUrl\":\"https:\/\/president-ksgov.net\/wp-content\/uploads\/WhatsApp-Image-2024-03-25-at-20.50.57-1.jpeg\",\"width\":1081,\"height\":720},{\"@type\":\"BreadcrumbList\",\"@id\":\"https:\/\/president-ksgov.net\/en\/?p=156367#breadcrumb\",\"itemListElement\":[{\"@type\":\"ListItem\",\"position\":1,\"name\":\"Home\",\"item\":\"https:\/\/president-ksgov.net\/sr\/\"},{\"@type\":\"ListItem\",\"position\":2,\"name\":\"Predsednica Osmani podsetila na masakre u Celini, Beloj Crkvi (Fortesa) i Brestovcu\"}]},{\"@type\":\"WebSite\",\"@id\":\"https:\/\/president-ksgov.net\/#website\",\"url\":\"https:\/\/president-ksgov.net\/\",\"name\":\"Presidente e Republik\u00ebs s\u00eb Kosov\u00ebs\",\"description\":\"Presidente e Republik\u00ebs s\u00eb Kosov\u00ebs\",\"alternateName\":\"DR. VJOSA OSMANI - SADRIU\",\"potentialAction\":[{\"@type\":\"SearchAction\",\"target\":{\"@type\":\"EntryPoint\",\"urlTemplate\":\"https:\/\/president-ksgov.net\/?s={search_term_string}\"},\"query-input\":{\"@type\":\"PropertyValueSpecification\",\"valueRequired\":true,\"valueName\":\"search_term_string\"}}],\"inLanguage\":\"sr-RS\"},{\"@type\":\"Person\",\"@id\":\"https:\/\/president-ksgov.net\/#\/schema\/person\/7c46f744a99d3f1616b92658282aa934\",\"name\":\"Florent Rrahmani\",\"image\":{\"@type\":\"ImageObject\",\"inLanguage\":\"sr-RS\",\"@id\":\"https:\/\/president-ksgov.net\/#\/schema\/person\/image\/\",\"url\":\"https:\/\/secure.gravatar.com\/avatar\/2545924aa250de68ac8368367a79b663e59571cd131611f54c89b0613a94e230?s=96&d=mm&r=g\",\"contentUrl\":\"https:\/\/secure.gravatar.com\/avatar\/2545924aa250de68ac8368367a79b663e59571cd131611f54c89b0613a94e230?s=96&d=mm&r=g\",\"caption\":\"Florent Rrahmani\"}}]}<\/script>\n<!-- \/ Yoast SEO plugin. -->","yoast_head_json":{"title":"Predsednica Osmani podsetila na masakre u Celini, Beloj Crkvi (Fortesa) i Brestovcu - Predsednik Republike Kosovo - DR. VJOSA OSMANI - SADRIU","description":"Predsednica Osmani podsetila na masakre u Celini, Beloj Crkvi (Fortesa) i Brestovcu - Predsednik Republike Kosovo - DR. VJOSA OSMANI - SADRIU -","robots":{"index":"index","follow":"follow","max-snippet":"max-snippet:-1","max-image-preview":"max-image-preview:large","max-video-preview":"max-video-preview:-1"},"canonical":"https:\/\/president-ksgov.net\/en\/?p=156367","og_locale":"sr_RS","og_type":"article","og_title":"Predsednica Osmani podsetila na masakre u Celini, Beloj Crkvi (Fortesa) i Brestovcu - Predsednik Republike Kosovo - DR. VJOSA OSMANI - SADRIU","og_description":"Predsednica Osmani podsetila na masakre u Celini, Beloj Crkvi (Fortesa) i Brestovcu - Predsednik Republike Kosovo - DR. VJOSA OSMANI - SADRIU -","og_url":"https:\/\/president-ksgov.net\/en\/?p=156367","og_site_name":"Predsednik Republike Kosovo - DR. VJOSA OSMANI - SADRIU","article_published_time":"2025-03-25T10:07:29+00:00","article_modified_time":"2025-03-25T10:27:21+00:00","og_image":[{"width":1081,"height":720,"url":"https:\/\/president-ksgov.net\/wp-content\/uploads\/WhatsApp-Image-2024-03-25-at-20.50.57-1.jpeg","type":"image\/jpeg"}],"author":"Florent Rrahmani","twitter_card":"summary_large_image","twitter_misc":{"\u041d\u0430\u043f\u0438\u0441\u0430\u043d\u043e \u043e\u0434":"Florent Rrahmani","\u041f\u0440\u043e\u0446\u0435\u045a\u0435\u043d\u043e \u0432\u0440\u0435\u043c\u0435 \u0447\u0438\u0442\u0430\u045a\u0430":"1 \u043c\u0438\u043d\u0443\u0442"},"schema":{"@context":"https:\/\/schema.org","@graph":[{"@type":"WebPage","@id":"https:\/\/president-ksgov.net\/en\/?p=156367","url":"https:\/\/president-ksgov.net\/en\/?p=156367","name":"Predsednica Osmani podsetila na masakre u Celini, Beloj Crkvi (Fortesa) i Brestovcu - Predsednik Republike Kosovo - DR. VJOSA OSMANI - SADRIU","isPartOf":{"@id":"https:\/\/president-ksgov.net\/#website"},"primaryImageOfPage":{"@id":"https:\/\/president-ksgov.net\/en\/?p=156367#primaryimage"},"image":{"@id":"https:\/\/president-ksgov.net\/en\/?p=156367#primaryimage"},"thumbnailUrl":"https:\/\/president-ksgov.net\/wp-content\/uploads\/WhatsApp-Image-2024-03-25-at-20.50.57-1.jpeg","datePublished":"2025-03-25T10:07:29+00:00","dateModified":"2025-03-25T10:27:21+00:00","author":{"@id":"https:\/\/president-ksgov.net\/#\/schema\/person\/7c46f744a99d3f1616b92658282aa934"},"description":"Predsednica Osmani podsetila na masakre u Celini, Beloj Crkvi (Fortesa) i Brestovcu - Predsednik Republike Kosovo - DR. VJOSA OSMANI - SADRIU -","breadcrumb":{"@id":"https:\/\/president-ksgov.net\/en\/?p=156367#breadcrumb"},"inLanguage":"sr-RS","potentialAction":[{"@type":"ReadAction","target":["https:\/\/president-ksgov.net\/en\/?p=156367"]}]},{"@type":"ImageObject","inLanguage":"sr-RS","@id":"https:\/\/president-ksgov.net\/en\/?p=156367#primaryimage","url":"https:\/\/president-ksgov.net\/wp-content\/uploads\/WhatsApp-Image-2024-03-25-at-20.50.57-1.jpeg","contentUrl":"https:\/\/president-ksgov.net\/wp-content\/uploads\/WhatsApp-Image-2024-03-25-at-20.50.57-1.jpeg","width":1081,"height":720},{"@type":"BreadcrumbList","@id":"https:\/\/president-ksgov.net\/en\/?p=156367#breadcrumb","itemListElement":[{"@type":"ListItem","position":1,"name":"Home","item":"https:\/\/president-ksgov.net\/sr\/"},{"@type":"ListItem","position":2,"name":"Predsednica Osmani podsetila na masakre u Celini, Beloj Crkvi (Fortesa) i Brestovcu"}]},{"@type":"WebSite","@id":"https:\/\/president-ksgov.net\/#website","url":"https:\/\/president-ksgov.net\/","name":"Presidente e Republik\u00ebs s\u00eb Kosov\u00ebs","description":"Presidente e Republik\u00ebs s\u00eb Kosov\u00ebs","alternateName":"DR. VJOSA OSMANI - SADRIU","potentialAction":[{"@type":"SearchAction","target":{"@type":"EntryPoint","urlTemplate":"https:\/\/president-ksgov.net\/?s={search_term_string}"},"query-input":{"@type":"PropertyValueSpecification","valueRequired":true,"valueName":"search_term_string"}}],"inLanguage":"sr-RS"},{"@type":"Person","@id":"https:\/\/president-ksgov.net\/#\/schema\/person\/7c46f744a99d3f1616b92658282aa934","name":"Florent Rrahmani","image":{"@type":"ImageObject","inLanguage":"sr-RS","@id":"https:\/\/president-ksgov.net\/#\/schema\/person\/image\/","url":"https:\/\/secure.gravatar.com\/avatar\/2545924aa250de68ac8368367a79b663e59571cd131611f54c89b0613a94e230?s=96&d=mm&r=g","contentUrl":"https:\/\/secure.gravatar.com\/avatar\/2545924aa250de68ac8368367a79b663e59571cd131611f54c89b0613a94e230?s=96&d=mm&r=g","caption":"Florent Rrahmani"}}]}},"_links":{"self":[{"href":"https:\/\/president-ksgov.net\/sr\/wp-json\/wp\/v2\/posts\/156365","targetHints":{"allow":["GET"]}}],"collection":[{"href":"https:\/\/president-ksgov.net\/sr\/wp-json\/wp\/v2\/posts"}],"about":[{"href":"https:\/\/president-ksgov.net\/sr\/wp-json\/wp\/v2\/types\/post"}],"author":[{"embeddable":true,"href":"https:\/\/president-ksgov.net\/sr\/wp-json\/wp\/v2\/users\/9"}],"replies":[{"embeddable":true,"href":"https:\/\/president-ksgov.net\/sr\/wp-json\/wp\/v2\/comments?post=156365"}],"version-history":[{"count":1,"href":"https:\/\/president-ksgov.net\/sr\/wp-json\/wp\/v2\/posts\/156365\/revisions"}],"predecessor-version":[{"id":156366,"href":"https:\/\/president-ksgov.net\/sr\/wp-json\/wp\/v2\/posts\/156365\/revisions\/156366"}],"wp:featuredmedia":[{"embeddable":true,"href":"https:\/\/president-ksgov.net\/sr\/wp-json\/wp\/v2\/media\/156356"}],"wp:attachment":[{"href":"https:\/\/president-ksgov.net\/sr\/wp-json\/wp\/v2\/media?parent=156365"}],"wp:term":[{"taxonomy":"category","embeddable":true,"href":"https:\/\/president-ksgov.net\/sr\/wp-json\/wp\/v2\/categories?post=156365"},{"taxonomy":"post_tag","embeddable":true,"href":"https:\/\/president-ksgov.net\/sr\/wp-json\/wp\/v2\/tags?post=156365"}],"curies":[{"name":"wp","href":"https:\/\/api.w.org\/{rel}","templated":true}]}}