{"id":156344,"date":"2025-03-24T17:23:20","date_gmt":"2025-03-24T16:23:20","guid":{"rendered":"https:\/\/president-ksgov.net\/?p=156344"},"modified":"2025-03-25T11:48:44","modified_gmt":"2025-03-25T10:48:44","slug":"danasnja-izjava-predsednice-osmani-medijima-u-glodanu","status":"publish","type":"post","link":"https:\/\/president-ksgov.net\/sr\/danasnja-izjava-predsednice-osmani-medijima-u-glodanu\/","title":{"rendered":"Dana\u0161nja izjava predsednice Osmani medijima u Glo\u0111anu"},"content":{"rendered":"<p>Danas smo odali po\u010dast herojima Duka\u0111inske epopeje. 24. mart je jedan od najslavnijih datuma u na\u0161oj istoriji, jer se ovde vodio herojski rat u odbrani albanskog naroda od masakra i naj\u017ee\u0161\u0107ih napada srpske hegemonije pod vo\u0111stvom Milo\u0161evi\u0107evog genocidnog i fa\u0161isti\u010dkog re\u017eima.<\/p>\n<p>Porodica Haradinaj i ceo Glo\u0111an su ustali na noge da ove kule pretvore u tvr\u0111ave slobode, a mnogi od onih koji su se borili su stradali, dok su mnogi drugi nastavili da doprinose slobodi Kosova. Dakle, du\u017eni smo kao institucije Kosova, ali pre svega kao gra\u0111ani ove slobodne, suverene i nezavisne Republike, da uvek po\u0161tujemo \u017ertvu porodice Haradinaj i svih koji su pali za slobodu u okviru Duka\u0111inske epopeje i bitaka koje su se vodile na ovom delu Kosova, ali i da odamo po\u010dast svim herojima koji su pali, ne samo na ovaj dan, ve\u0107 uvek za na\u0161u slobodu.<\/p>\n<p>Kao \u0161to znate, danas odajemo po\u010dasti i godi\u0161njici NATO-ove intervencije, \u0161to manje-vi\u0161e pokazuje da je kombinacija na\u0161e oslobodila\u010dke borbe s jedne strane i pomo\u0107 na\u0161ih saveznika, kona\u010dno donela slobodu za koju su se \u017ertvovale generacije, a istovremeno je poruka da samo ujedinjeni za suvereno Kosovo, ali i uz pomo\u0107 na\u0161ih saveznika, Kosovo mo\u017ee da postigne istorijske uspehe, kao \u0161to je to postiglo i na Kosovu, da li je Kosovo postiglo oslobo\u0111enjem, zatim nezavisno\u0161\u0107u i izgradnjom dr\u017eave.<\/p>\n<p>Slava herojima!<\/p>\n<p>Neka je ve\u010dna uspomena na njih!<\/p>\n<p>Hvala svima!<\/p>\n<p><iframe src=\"https:\/\/www.facebook.com\/plugins\/video.php?height=476&#038;href=https%3A%2F%2Fwww.facebook.com%2FPresidencaRKS%2Fvideos%2F1086664773183787%2F&#038;show_text=false&#038;width=560&#038;t=0\" width=\"560\" height=\"476\" style=\"border:none;overflow:hidden\" scrolling=\"no\" frameborder=\"0\" allowfullscreen=\"true\" allow=\"autoplay; clipboard-write; encrypted-media; picture-in-picture; web-share\" allowFullScreen=\"true\"><\/iframe><\/p>\n","protected":false},"excerpt":{"rendered":"<p>Danas smo odali po\u010dast herojima Duka\u0111inske epopeje. 24. mart je jedan od najslavnijih datuma u na\u0161oj istoriji, jer se ovde vodio herojski rat u odbrani albanskog naroda od masakra i naj\u017ee\u0161\u0107ih napada srpske hegemonije pod vo\u0111stvom Milo\u0161evi\u0107evog genocidnog i fa\u0161isti\u010dkog re\u017eima. Porodica Haradinaj i ceo Glo\u0111an su ustali na noge da ove kule pretvore u tvr\u0111ave slobode, a mnogi od onih koji su se borili su stradali, dok su mnogi drugi nastavili da doprinose slobodi Kosova. Dakle, du\u017eni smo kao institucije Kosova, ali pre svega kao gra\u0111ani ove slobodne, suverene i nezavisne Republike, da uvek po\u0161tujemo \u017ertvu porodice Haradinaj i svih koji su pali za slobodu u okviru Duka\u0111inske epopeje i bitaka koje su se vodile na ovom delu Kosova, ali i da odamo po\u010dast svim herojima koji su pali, ne samo na ovaj dan, ve\u0107 uvek za na\u0161u slobodu. Kao \u0161to znate, danas odajemo po\u010dasti i godi\u0161njici NATO-ove intervencije, \u0161to manje-vi\u0161e pokazuje da je kombinacija na\u0161e oslobodila\u010dke borbe s jedne strane i pomo\u0107 na\u0161ih saveznika, kona\u010dno donela slobodu za koju su se \u017ertvovale generacije, a istovremeno je poruka da samo ujedinjeni za suvereno Kosovo, ali i uz pomo\u0107 na\u0161ih saveznika, Kosovo mo\u017ee da postigne istorijske uspehe, kao \u0161to je to postiglo i na Kosovu, da li je Kosovo postiglo oslobo\u0111enjem, zatim nezavisno\u0161\u0107u i izgradnjom dr\u017eave. Slava herojima! Neka je ve\u010dna uspomena na njih! Hvala svima!<\/p>\n","protected":false},"author":16,"featured_media":156342,"comment_status":"closed","ping_status":"closed","sticky":false,"template":"","format":"standard","meta":{"_eb_attr":"","footnotes":""},"categories":[101],"tags":[],"class_list":["post-156344","post","type-post","status-publish","format-standard","has-post-thumbnail","hentry","category-vesti"],"yoast_head":"<!-- This site is optimized with the Yoast SEO plugin v23.5 - https:\/\/yoast.com\/wordpress\/plugins\/seo\/ -->\n<title>Dana\u0161nja izjava predsednice Osmani medijima u Glo\u0111anu - Predsednik Republike Kosovo - DR. VJOSA OSMANI - SADRIU<\/title>\n<meta name=\"description\" content=\"Dana\u0161nja izjava predsednice Osmani medijima u Glo\u0111anu - Predsednik Republike Kosovo - DR. VJOSA OSMANI - SADRIU -\" \/>\n<meta name=\"robots\" content=\"index, follow, max-snippet:-1, max-image-preview:large, max-video-preview:-1\" \/>\n<link rel=\"canonical\" href=\"https:\/\/president-ksgov.net\/sr\/danasnja-izjava-predsednice-osmani-medijima-u-glodanu\/\" \/>\n<meta property=\"og:locale\" content=\"sr_RS\" \/>\n<meta property=\"og:type\" content=\"article\" \/>\n<meta property=\"og:title\" content=\"Dana\u0161nja izjava predsednice Osmani medijima u Glo\u0111anu - Predsednik Republike Kosovo - DR. VJOSA OSMANI - SADRIU\" \/>\n<meta property=\"og:description\" content=\"Dana\u0161nja izjava predsednice Osmani medijima u Glo\u0111anu - Predsednik Republike Kosovo - DR. VJOSA OSMANI - SADRIU -\" \/>\n<meta property=\"og:url\" content=\"https:\/\/president-ksgov.net\/sr\/danasnja-izjava-predsednice-osmani-medijima-u-glodanu\/\" \/>\n<meta property=\"og:site_name\" content=\"Predsednik Republike Kosovo - DR. VJOSA OSMANI - SADRIU\" \/>\n<meta property=\"article:published_time\" content=\"2025-03-24T16:23:20+00:00\" \/>\n<meta property=\"article:modified_time\" content=\"2025-03-25T10:48:44+00:00\" \/>\n<meta property=\"og:image\" content=\"https:\/\/president-ksgov.net\/wp-content\/uploads\/IMG-20250324-WA0020.jpg\" \/>\n\t<meta property=\"og:image:width\" content=\"2560\" \/>\n\t<meta property=\"og:image:height\" content=\"1704\" \/>\n\t<meta property=\"og:image:type\" content=\"image\/jpeg\" \/>\n<meta name=\"author\" content=\"Azim Rabby\" \/>\n<meta name=\"twitter:card\" content=\"summary_large_image\" \/>\n<meta name=\"twitter:label1\" content=\"\u041d\u0430\u043f\u0438\u0441\u0430\u043d\u043e \u043e\u0434\" \/>\n\t<meta name=\"twitter:data1\" content=\"Azim Rabby\" \/>\n\t<meta name=\"twitter:label2\" content=\"\u041f\u0440\u043e\u0446\u0435\u045a\u0435\u043d\u043e \u0432\u0440\u0435\u043c\u0435 \u0447\u0438\u0442\u0430\u045a\u0430\" \/>\n\t<meta name=\"twitter:data2\" content=\"2 \u043c\u0438\u043d\u0443\u0442\u0430\" \/>\n<script type=\"application\/ld+json\" class=\"yoast-schema-graph\">{\"@context\":\"https:\/\/schema.org\",\"@graph\":[{\"@type\":\"WebPage\",\"@id\":\"https:\/\/president-ksgov.net\/sr\/danasnja-izjava-predsednice-osmani-medijima-u-glodanu\/\",\"url\":\"https:\/\/president-ksgov.net\/sr\/danasnja-izjava-predsednice-osmani-medijima-u-glodanu\/\",\"name\":\"Dana\u0161nja izjava predsednice Osmani medijima u Glo\u0111anu - Predsednik Republike Kosovo - DR. VJOSA OSMANI - SADRIU\",\"isPartOf\":{\"@id\":\"https:\/\/president-ksgov.net\/#website\"},\"primaryImageOfPage\":{\"@id\":\"https:\/\/president-ksgov.net\/sr\/danasnja-izjava-predsednice-osmani-medijima-u-glodanu\/#primaryimage\"},\"image\":{\"@id\":\"https:\/\/president-ksgov.net\/sr\/danasnja-izjava-predsednice-osmani-medijima-u-glodanu\/#primaryimage\"},\"thumbnailUrl\":\"https:\/\/president-ksgov.net\/wp-content\/uploads\/IMG-20250324-WA0020.jpg\",\"datePublished\":\"2025-03-24T16:23:20+00:00\",\"dateModified\":\"2025-03-25T10:48:44+00:00\",\"author\":{\"@id\":\"https:\/\/president-ksgov.net\/#\/schema\/person\/46897fdfb3a2c4637c66776b267b09f6\"},\"description\":\"Dana\u0161nja izjava predsednice Osmani medijima u Glo\u0111anu - Predsednik Republike Kosovo - DR. VJOSA OSMANI - SADRIU -\",\"breadcrumb\":{\"@id\":\"https:\/\/president-ksgov.net\/sr\/danasnja-izjava-predsednice-osmani-medijima-u-glodanu\/#breadcrumb\"},\"inLanguage\":\"sr-RS\",\"potentialAction\":[{\"@type\":\"ReadAction\",\"target\":[\"https:\/\/president-ksgov.net\/sr\/danasnja-izjava-predsednice-osmani-medijima-u-glodanu\/\"]}]},{\"@type\":\"ImageObject\",\"inLanguage\":\"sr-RS\",\"@id\":\"https:\/\/president-ksgov.net\/sr\/danasnja-izjava-predsednice-osmani-medijima-u-glodanu\/#primaryimage\",\"url\":\"https:\/\/president-ksgov.net\/wp-content\/uploads\/IMG-20250324-WA0020.jpg\",\"contentUrl\":\"https:\/\/president-ksgov.net\/wp-content\/uploads\/IMG-20250324-WA0020.jpg\",\"width\":2560,\"height\":1704},{\"@type\":\"BreadcrumbList\",\"@id\":\"https:\/\/president-ksgov.net\/sr\/danasnja-izjava-predsednice-osmani-medijima-u-glodanu\/#breadcrumb\",\"itemListElement\":[{\"@type\":\"ListItem\",\"position\":1,\"name\":\"Home\",\"item\":\"https:\/\/president-ksgov.net\/sr\/\"},{\"@type\":\"ListItem\",\"position\":2,\"name\":\"Dana\u0161nja izjava predsednice Osmani medijima u Glo\u0111anu\"}]},{\"@type\":\"WebSite\",\"@id\":\"https:\/\/president-ksgov.net\/#website\",\"url\":\"https:\/\/president-ksgov.net\/\",\"name\":\"Presidente e Republik\u00ebs s\u00eb Kosov\u00ebs\",\"description\":\"Presidente e Republik\u00ebs s\u00eb Kosov\u00ebs\",\"alternateName\":\"DR. VJOSA OSMANI - SADRIU\",\"potentialAction\":[{\"@type\":\"SearchAction\",\"target\":{\"@type\":\"EntryPoint\",\"urlTemplate\":\"https:\/\/president-ksgov.net\/?s={search_term_string}\"},\"query-input\":{\"@type\":\"PropertyValueSpecification\",\"valueRequired\":true,\"valueName\":\"search_term_string\"}}],\"inLanguage\":\"sr-RS\"},{\"@type\":\"Person\",\"@id\":\"https:\/\/president-ksgov.net\/#\/schema\/person\/46897fdfb3a2c4637c66776b267b09f6\",\"name\":\"Azim Rabby\",\"image\":{\"@type\":\"ImageObject\",\"inLanguage\":\"sr-RS\",\"@id\":\"https:\/\/president-ksgov.net\/#\/schema\/person\/image\/\",\"url\":\"https:\/\/secure.gravatar.com\/avatar\/2e869d6e696f88891afa5dab0768da91bb4d2f829b32699cfb894a221f3d336b?s=96&d=mm&r=g\",\"contentUrl\":\"https:\/\/secure.gravatar.com\/avatar\/2e869d6e696f88891afa5dab0768da91bb4d2f829b32699cfb894a221f3d336b?s=96&d=mm&r=g\",\"caption\":\"Azim Rabby\"}}]}<\/script>\n<!-- \/ Yoast SEO plugin. -->","yoast_head_json":{"title":"Dana\u0161nja izjava predsednice Osmani medijima u Glo\u0111anu - Predsednik Republike Kosovo - DR. VJOSA OSMANI - SADRIU","description":"Dana\u0161nja izjava predsednice Osmani medijima u Glo\u0111anu - Predsednik Republike Kosovo - DR. VJOSA OSMANI - SADRIU -","robots":{"index":"index","follow":"follow","max-snippet":"max-snippet:-1","max-image-preview":"max-image-preview:large","max-video-preview":"max-video-preview:-1"},"canonical":"https:\/\/president-ksgov.net\/sr\/danasnja-izjava-predsednice-osmani-medijima-u-glodanu\/","og_locale":"sr_RS","og_type":"article","og_title":"Dana\u0161nja izjava predsednice Osmani medijima u Glo\u0111anu - Predsednik Republike Kosovo - DR. VJOSA OSMANI - SADRIU","og_description":"Dana\u0161nja izjava predsednice Osmani medijima u Glo\u0111anu - Predsednik Republike Kosovo - DR. VJOSA OSMANI - SADRIU -","og_url":"https:\/\/president-ksgov.net\/sr\/danasnja-izjava-predsednice-osmani-medijima-u-glodanu\/","og_site_name":"Predsednik Republike Kosovo - DR. VJOSA OSMANI - SADRIU","article_published_time":"2025-03-24T16:23:20+00:00","article_modified_time":"2025-03-25T10:48:44+00:00","og_image":[{"width":2560,"height":1704,"url":"https:\/\/president-ksgov.net\/wp-content\/uploads\/IMG-20250324-WA0020.jpg","type":"image\/jpeg"}],"author":"Azim Rabby","twitter_card":"summary_large_image","twitter_misc":{"\u041d\u0430\u043f\u0438\u0441\u0430\u043d\u043e \u043e\u0434":"Azim Rabby","\u041f\u0440\u043e\u0446\u0435\u045a\u0435\u043d\u043e \u0432\u0440\u0435\u043c\u0435 \u0447\u0438\u0442\u0430\u045a\u0430":"2 \u043c\u0438\u043d\u0443\u0442\u0430"},"schema":{"@context":"https:\/\/schema.org","@graph":[{"@type":"WebPage","@id":"https:\/\/president-ksgov.net\/sr\/danasnja-izjava-predsednice-osmani-medijima-u-glodanu\/","url":"https:\/\/president-ksgov.net\/sr\/danasnja-izjava-predsednice-osmani-medijima-u-glodanu\/","name":"Dana\u0161nja izjava predsednice Osmani medijima u Glo\u0111anu - Predsednik Republike Kosovo - DR. VJOSA OSMANI - SADRIU","isPartOf":{"@id":"https:\/\/president-ksgov.net\/#website"},"primaryImageOfPage":{"@id":"https:\/\/president-ksgov.net\/sr\/danasnja-izjava-predsednice-osmani-medijima-u-glodanu\/#primaryimage"},"image":{"@id":"https:\/\/president-ksgov.net\/sr\/danasnja-izjava-predsednice-osmani-medijima-u-glodanu\/#primaryimage"},"thumbnailUrl":"https:\/\/president-ksgov.net\/wp-content\/uploads\/IMG-20250324-WA0020.jpg","datePublished":"2025-03-24T16:23:20+00:00","dateModified":"2025-03-25T10:48:44+00:00","author":{"@id":"https:\/\/president-ksgov.net\/#\/schema\/person\/46897fdfb3a2c4637c66776b267b09f6"},"description":"Dana\u0161nja izjava predsednice Osmani medijima u Glo\u0111anu - Predsednik Republike Kosovo - DR. VJOSA OSMANI - SADRIU -","breadcrumb":{"@id":"https:\/\/president-ksgov.net\/sr\/danasnja-izjava-predsednice-osmani-medijima-u-glodanu\/#breadcrumb"},"inLanguage":"sr-RS","potentialAction":[{"@type":"ReadAction","target":["https:\/\/president-ksgov.net\/sr\/danasnja-izjava-predsednice-osmani-medijima-u-glodanu\/"]}]},{"@type":"ImageObject","inLanguage":"sr-RS","@id":"https:\/\/president-ksgov.net\/sr\/danasnja-izjava-predsednice-osmani-medijima-u-glodanu\/#primaryimage","url":"https:\/\/president-ksgov.net\/wp-content\/uploads\/IMG-20250324-WA0020.jpg","contentUrl":"https:\/\/president-ksgov.net\/wp-content\/uploads\/IMG-20250324-WA0020.jpg","width":2560,"height":1704},{"@type":"BreadcrumbList","@id":"https:\/\/president-ksgov.net\/sr\/danasnja-izjava-predsednice-osmani-medijima-u-glodanu\/#breadcrumb","itemListElement":[{"@type":"ListItem","position":1,"name":"Home","item":"https:\/\/president-ksgov.net\/sr\/"},{"@type":"ListItem","position":2,"name":"Dana\u0161nja izjava predsednice Osmani medijima u Glo\u0111anu"}]},{"@type":"WebSite","@id":"https:\/\/president-ksgov.net\/#website","url":"https:\/\/president-ksgov.net\/","name":"Presidente e Republik\u00ebs s\u00eb Kosov\u00ebs","description":"Presidente e Republik\u00ebs s\u00eb Kosov\u00ebs","alternateName":"DR. VJOSA OSMANI - SADRIU","potentialAction":[{"@type":"SearchAction","target":{"@type":"EntryPoint","urlTemplate":"https:\/\/president-ksgov.net\/?s={search_term_string}"},"query-input":{"@type":"PropertyValueSpecification","valueRequired":true,"valueName":"search_term_string"}}],"inLanguage":"sr-RS"},{"@type":"Person","@id":"https:\/\/president-ksgov.net\/#\/schema\/person\/46897fdfb3a2c4637c66776b267b09f6","name":"Azim Rabby","image":{"@type":"ImageObject","inLanguage":"sr-RS","@id":"https:\/\/president-ksgov.net\/#\/schema\/person\/image\/","url":"https:\/\/secure.gravatar.com\/avatar\/2e869d6e696f88891afa5dab0768da91bb4d2f829b32699cfb894a221f3d336b?s=96&d=mm&r=g","contentUrl":"https:\/\/secure.gravatar.com\/avatar\/2e869d6e696f88891afa5dab0768da91bb4d2f829b32699cfb894a221f3d336b?s=96&d=mm&r=g","caption":"Azim Rabby"}}]}},"_links":{"self":[{"href":"https:\/\/president-ksgov.net\/sr\/wp-json\/wp\/v2\/posts\/156344","targetHints":{"allow":["GET"]}}],"collection":[{"href":"https:\/\/president-ksgov.net\/sr\/wp-json\/wp\/v2\/posts"}],"about":[{"href":"https:\/\/president-ksgov.net\/sr\/wp-json\/wp\/v2\/types\/post"}],"author":[{"embeddable":true,"href":"https:\/\/president-ksgov.net\/sr\/wp-json\/wp\/v2\/users\/16"}],"replies":[{"embeddable":true,"href":"https:\/\/president-ksgov.net\/sr\/wp-json\/wp\/v2\/comments?post=156344"}],"version-history":[{"count":2,"href":"https:\/\/president-ksgov.net\/sr\/wp-json\/wp\/v2\/posts\/156344\/revisions"}],"predecessor-version":[{"id":156376,"href":"https:\/\/president-ksgov.net\/sr\/wp-json\/wp\/v2\/posts\/156344\/revisions\/156376"}],"wp:featuredmedia":[{"embeddable":true,"href":"https:\/\/president-ksgov.net\/sr\/wp-json\/wp\/v2\/media\/156342"}],"wp:attachment":[{"href":"https:\/\/president-ksgov.net\/sr\/wp-json\/wp\/v2\/media?parent=156344"}],"wp:term":[{"taxonomy":"category","embeddable":true,"href":"https:\/\/president-ksgov.net\/sr\/wp-json\/wp\/v2\/categories?post=156344"},{"taxonomy":"post_tag","embeddable":true,"href":"https:\/\/president-ksgov.net\/sr\/wp-json\/wp\/v2\/tags?post=156344"}],"curies":[{"name":"wp","href":"https:\/\/api.w.org\/{rel}","templated":true}]}}