{"id":155831,"date":"2025-03-17T11:43:54","date_gmt":"2025-03-17T10:43:54","guid":{"rendered":"https:\/\/president-ksgov.net\/?p=155831"},"modified":"2025-03-17T12:01:19","modified_gmt":"2025-03-17T11:01:19","slug":"predsednica-osmani-na-sastanku-docekala-specijalnog-predstavnika-eu-petera-sorensena","status":"publish","type":"post","link":"https:\/\/president-ksgov.net\/sr\/predsednica-osmani-na-sastanku-docekala-specijalnog-predstavnika-eu-petera-sorensena\/","title":{"rendered":"Predsednica Osmani na sastanku do\u010dekala specijalnog predstavnika EU Petera S\u00f8rensena"},"content":{"rendered":"<p>Predsednica Republike Kosovo Vjosa Osmani do\u010dekala je danas na sastanku specijalnog predstavnika EU za dijalog Kosovo-Srbija Petera S\u00f8rensena, sa kojim je razgovarala o politi\u010dkim de\u0161avanjima u zemlji, dijalogu sa Srbijom i evropskoj perspektivi Kosova.<\/p>\n<p>Predsednica Osmani je istakla va\u017enost politi\u010dke stabilnosti nakon parlamentarnih izbora 9. februara 2025. godine i potrebu da se \u0161to prije konstitui\u0161u institucije, kako bi se nastavile klju\u010dne reforme za evropsku integraciju zemlje.<\/p>\n<p>\u0160to se ti\u010de dijaloga sa Srbijom, predsednica Osmani je potvrdila posve\u0107enost Kosova procesu uz posredovanje EU, isti\u010du\u0107i va\u017enost potpune i uravnote\u017eene primene postignutih sporazuma.<\/p>\n<p>Na sastanku sa g. S\u00f8rensenom, predsednica Osmani je iznela svoje primedbe o Nacrtu statuta Zajednice koji je predlo\u017eila EU, primedbe koje se moraju ozbiljno tretirati kako bi se spre\u010dilo ugro\u017eavanje funkcionalnosti dr\u017eave Kosovo.<\/p>\n<p>Kada je re\u010d o integraciji u me\u0111unarodne organizacije, predsednica Osmani je ponovila zna\u010daj \u010dlanstva Kosova u Savetu Evrope, kao i drugim me\u0111unarodnim organizacijama, a jo\u0161 jednom je naglasila kontinuirano kr\u0161enje sporazuma postignutih u Briselu od strane Srbije, uklju\u010duju\u0107i kr\u0161enje \u010dlana 4. sporazuma iz februara 2023. godine.<\/p>\n<p>Prema re\u010dima predsednice Osmanija, Kosovo je posve\u0107eno neophodnim reformama i naglasila je da, u kontekstu nove geopoliti\u010dke dinamike, Kosovu treba dati status kandidata i ubrzati proces pro\u0161irenja EU na Zapadnom Balkanu, na osnovu principa meritokratije.<\/p>\n<p>Ona je tako\u0111e ponovila potrebu da se ukinu nepravedne mere koje je EU nametnula u junu 2023. godine, isti\u010du\u0107i njihov negativan uticaj na \u017eivote gra\u0111ana Kosova, bez razlike, kao i nano\u0161enje \u0161tete samom procesu dijaloga \u010dine\u0107i ga neuravnote\u017eenim.<\/p>\n<p>\u201eKosovo se ve\u0107 dokazalo kao konstruktivna stranka u dijalogu, posve\u0107ena miru, demokratiji i vladavini prava, stoga zadr\u017eavanje nepravednih mera EU protiv na\u0161e zemlje \u0161tete ne samo na\u0161im gra\u0111anima, ve\u0107 i neophodnoj ravnote\u017ei u dijalogu\u201c, naglasila je ona.<\/p>\n<p>Tokom sastanka razgovaralo se o ulozi NATO-a u odr\u017eavanju mira i bezbednosti na Kosovu, pored kosovskih institucija, kao i o ulozi EULEX-a, u kontekstu saradnje sa me\u0111unarodnim partnerima u oblasti bezbednosti i vladavine prava.<\/p>\n","protected":false},"excerpt":{"rendered":"<p>Predsednica Republike Kosovo Vjosa Osmani do\u010dekala je danas na sastanku specijalnog predstavnika EU za dijalog Kosovo-Srbija Petera S\u00f8rensena, sa kojim je razgovarala o politi\u010dkim de\u0161avanjima u zemlji, dijalogu sa Srbijom i evropskoj perspektivi Kosova. Predsednica Osmani je istakla va\u017enost politi\u010dke stabilnosti nakon parlamentarnih izbora 9. februara 2025. godine i potrebu da se \u0161to prije konstitui\u0161u institucije, kako bi se nastavile klju\u010dne reforme za evropsku integraciju zemlje. \u0160to se ti\u010de dijaloga sa Srbijom, predsednica Osmani je potvrdila posve\u0107enost Kosova procesu uz posredovanje EU, isti\u010du\u0107i va\u017enost potpune i uravnote\u017eene primene postignutih sporazuma. Na sastanku sa g. S\u00f8rensenom, predsednica Osmani je iznela svoje primedbe o Nacrtu statuta Zajednice koji je predlo\u017eila EU, primedbe koje se moraju ozbiljno tretirati kako bi se spre\u010dilo ugro\u017eavanje funkcionalnosti dr\u017eave Kosovo. Kada je re\u010d o integraciji u me\u0111unarodne organizacije, predsednica Osmani je ponovila zna\u010daj \u010dlanstva Kosova u Savetu Evrope, kao i drugim me\u0111unarodnim organizacijama, a jo\u0161 jednom je naglasila kontinuirano kr\u0161enje sporazuma postignutih u Briselu od strane Srbije, uklju\u010duju\u0107i kr\u0161enje \u010dlana 4. sporazuma iz februara 2023. godine. Prema re\u010dima predsednice Osmanija, Kosovo je posve\u0107eno neophodnim reformama i naglasila je da, u kontekstu nove geopoliti\u010dke dinamike, Kosovu treba dati status kandidata i ubrzati proces pro\u0161irenja EU na Zapadnom Balkanu, na osnovu principa meritokratije. Ona je tako\u0111e ponovila potrebu da se ukinu nepravedne mere koje je EU nametnula u junu 2023. godine, isti\u010du\u0107i njihov negativan uticaj na \u017eivote gra\u0111ana Kosova, bez razlike, kao i nano\u0161enje \u0161tete samom procesu dijaloga \u010dine\u0107i ga neuravnote\u017eenim. \u201eKosovo se ve\u0107 dokazalo kao konstruktivna stranka u dijalogu, posve\u0107ena miru, demokratiji i vladavini prava, stoga zadr\u017eavanje nepravednih mera EU protiv na\u0161e zemlje \u0161tete ne samo na\u0161im gra\u0111anima, ve\u0107 i neophodnoj ravnote\u017ei u dijalogu\u201c, naglasila je ona. Tokom sastanka razgovaralo se o ulozi NATO-a u odr\u017eavanju mira i bezbednosti na Kosovu, pored kosovskih institucija, kao i o ulozi EULEX-a, u kontekstu saradnje sa me\u0111unarodnim partnerima u oblasti bezbednosti i vladavine prava.<\/p>\n","protected":false},"author":9,"featured_media":155815,"comment_status":"closed","ping_status":"closed","sticky":false,"template":"","format":"standard","meta":{"_eb_attr":"","footnotes":""},"categories":[101],"tags":[],"class_list":["post-155831","post","type-post","status-publish","format-standard","has-post-thumbnail","hentry","category-vesti"],"yoast_head":"<!-- This site is optimized with the Yoast SEO plugin v23.5 - https:\/\/yoast.com\/wordpress\/plugins\/seo\/ -->\n<title>Predsednica Osmani na sastanku do\u010dekala specijalnog predstavnika EU Petera S\u00f8rensena - Predsednik Republike Kosovo - DR. VJOSA OSMANI - SADRIU<\/title>\n<meta name=\"description\" content=\"Predsednica Osmani na sastanku do\u010dekala specijalnog predstavnika EU Petera S\u00f8rensena - Predsednik Republike Kosovo - DR. VJOSA OSMANI - SADRIU -\" \/>\n<meta name=\"robots\" content=\"index, follow, max-snippet:-1, max-image-preview:large, max-video-preview:-1\" \/>\n<link rel=\"canonical\" href=\"https:\/\/president-ksgov.net\/sr\/predsednica-osmani-na-sastanku-docekala-specijalnog-predstavnika-eu-petera-sorensena\/\" \/>\n<meta property=\"og:locale\" content=\"sr_RS\" \/>\n<meta property=\"og:type\" content=\"article\" \/>\n<meta property=\"og:title\" content=\"Predsednica Osmani na sastanku do\u010dekala specijalnog predstavnika EU Petera S\u00f8rensena - Predsednik Republike Kosovo - DR. VJOSA OSMANI - SADRIU\" \/>\n<meta property=\"og:description\" content=\"Predsednica Osmani na sastanku do\u010dekala specijalnog predstavnika EU Petera S\u00f8rensena - Predsednik Republike Kosovo - DR. VJOSA OSMANI - SADRIU -\" \/>\n<meta property=\"og:url\" content=\"https:\/\/president-ksgov.net\/sr\/predsednica-osmani-na-sastanku-docekala-specijalnog-predstavnika-eu-petera-sorensena\/\" \/>\n<meta property=\"og:site_name\" content=\"Predsednik Republike Kosovo - DR. VJOSA OSMANI - SADRIU\" \/>\n<meta property=\"article:published_time\" content=\"2025-03-17T10:43:54+00:00\" \/>\n<meta property=\"article:modified_time\" content=\"2025-03-17T11:01:19+00:00\" \/>\n<meta property=\"og:image\" content=\"https:\/\/president-ksgov.net\/wp-content\/uploads\/Presidentja-Osmani-priti-ne-takim-Perfaqesuesin-e-Posacem-te-BE-se-Peter-Sorensen-1.jpg\" \/>\n\t<meta property=\"og:image:width\" content=\"2048\" \/>\n\t<meta property=\"og:image:height\" content=\"1364\" \/>\n\t<meta property=\"og:image:type\" content=\"image\/jpeg\" \/>\n<meta name=\"author\" content=\"Florent Rrahmani\" \/>\n<meta name=\"twitter:card\" content=\"summary_large_image\" \/>\n<meta name=\"twitter:label1\" content=\"\u041d\u0430\u043f\u0438\u0441\u0430\u043d\u043e \u043e\u0434\" \/>\n\t<meta name=\"twitter:data1\" content=\"Florent Rrahmani\" \/>\n\t<meta name=\"twitter:label2\" content=\"\u041f\u0440\u043e\u0446\u0435\u045a\u0435\u043d\u043e \u0432\u0440\u0435\u043c\u0435 \u0447\u0438\u0442\u0430\u045a\u0430\" \/>\n\t<meta name=\"twitter:data2\" content=\"2 \u043c\u0438\u043d\u0443\u0442\u0430\" \/>\n<script type=\"application\/ld+json\" class=\"yoast-schema-graph\">{\"@context\":\"https:\/\/schema.org\",\"@graph\":[{\"@type\":\"WebPage\",\"@id\":\"https:\/\/president-ksgov.net\/sr\/predsednica-osmani-na-sastanku-docekala-specijalnog-predstavnika-eu-petera-sorensena\/\",\"url\":\"https:\/\/president-ksgov.net\/sr\/predsednica-osmani-na-sastanku-docekala-specijalnog-predstavnika-eu-petera-sorensena\/\",\"name\":\"Predsednica Osmani na sastanku do\u010dekala specijalnog predstavnika EU Petera S\u00f8rensena - Predsednik Republike Kosovo - DR. VJOSA OSMANI - SADRIU\",\"isPartOf\":{\"@id\":\"https:\/\/president-ksgov.net\/#website\"},\"primaryImageOfPage\":{\"@id\":\"https:\/\/president-ksgov.net\/sr\/predsednica-osmani-na-sastanku-docekala-specijalnog-predstavnika-eu-petera-sorensena\/#primaryimage\"},\"image\":{\"@id\":\"https:\/\/president-ksgov.net\/sr\/predsednica-osmani-na-sastanku-docekala-specijalnog-predstavnika-eu-petera-sorensena\/#primaryimage\"},\"thumbnailUrl\":\"https:\/\/president-ksgov.net\/wp-content\/uploads\/Presidentja-Osmani-priti-ne-takim-Perfaqesuesin-e-Posacem-te-BE-se-Peter-Sorensen-1.jpg\",\"datePublished\":\"2025-03-17T10:43:54+00:00\",\"dateModified\":\"2025-03-17T11:01:19+00:00\",\"author\":{\"@id\":\"https:\/\/president-ksgov.net\/#\/schema\/person\/7c46f744a99d3f1616b92658282aa934\"},\"description\":\"Predsednica Osmani na sastanku do\u010dekala specijalnog predstavnika EU Petera S\u00f8rensena - Predsednik Republike Kosovo - DR. VJOSA OSMANI - SADRIU -\",\"breadcrumb\":{\"@id\":\"https:\/\/president-ksgov.net\/sr\/predsednica-osmani-na-sastanku-docekala-specijalnog-predstavnika-eu-petera-sorensena\/#breadcrumb\"},\"inLanguage\":\"sr-RS\",\"potentialAction\":[{\"@type\":\"ReadAction\",\"target\":[\"https:\/\/president-ksgov.net\/sr\/predsednica-osmani-na-sastanku-docekala-specijalnog-predstavnika-eu-petera-sorensena\/\"]}]},{\"@type\":\"ImageObject\",\"inLanguage\":\"sr-RS\",\"@id\":\"https:\/\/president-ksgov.net\/sr\/predsednica-osmani-na-sastanku-docekala-specijalnog-predstavnika-eu-petera-sorensena\/#primaryimage\",\"url\":\"https:\/\/president-ksgov.net\/wp-content\/uploads\/Presidentja-Osmani-priti-ne-takim-Perfaqesuesin-e-Posacem-te-BE-se-Peter-Sorensen-1.jpg\",\"contentUrl\":\"https:\/\/president-ksgov.net\/wp-content\/uploads\/Presidentja-Osmani-priti-ne-takim-Perfaqesuesin-e-Posacem-te-BE-se-Peter-Sorensen-1.jpg\",\"width\":2048,\"height\":1364},{\"@type\":\"BreadcrumbList\",\"@id\":\"https:\/\/president-ksgov.net\/sr\/predsednica-osmani-na-sastanku-docekala-specijalnog-predstavnika-eu-petera-sorensena\/#breadcrumb\",\"itemListElement\":[{\"@type\":\"ListItem\",\"position\":1,\"name\":\"Home\",\"item\":\"https:\/\/president-ksgov.net\/sr\/\"},{\"@type\":\"ListItem\",\"position\":2,\"name\":\"Predsednica Osmani na sastanku do\u010dekala specijalnog predstavnika EU Petera S\u00f8rensena\"}]},{\"@type\":\"WebSite\",\"@id\":\"https:\/\/president-ksgov.net\/#website\",\"url\":\"https:\/\/president-ksgov.net\/\",\"name\":\"Presidente e Republik\u00ebs s\u00eb Kosov\u00ebs\",\"description\":\"Presidente e Republik\u00ebs s\u00eb Kosov\u00ebs\",\"alternateName\":\"DR. VJOSA OSMANI - SADRIU\",\"potentialAction\":[{\"@type\":\"SearchAction\",\"target\":{\"@type\":\"EntryPoint\",\"urlTemplate\":\"https:\/\/president-ksgov.net\/?s={search_term_string}\"},\"query-input\":{\"@type\":\"PropertyValueSpecification\",\"valueRequired\":true,\"valueName\":\"search_term_string\"}}],\"inLanguage\":\"sr-RS\"},{\"@type\":\"Person\",\"@id\":\"https:\/\/president-ksgov.net\/#\/schema\/person\/7c46f744a99d3f1616b92658282aa934\",\"name\":\"Florent Rrahmani\",\"image\":{\"@type\":\"ImageObject\",\"inLanguage\":\"sr-RS\",\"@id\":\"https:\/\/president-ksgov.net\/#\/schema\/person\/image\/\",\"url\":\"https:\/\/secure.gravatar.com\/avatar\/2545924aa250de68ac8368367a79b663e59571cd131611f54c89b0613a94e230?s=96&d=mm&r=g\",\"contentUrl\":\"https:\/\/secure.gravatar.com\/avatar\/2545924aa250de68ac8368367a79b663e59571cd131611f54c89b0613a94e230?s=96&d=mm&r=g\",\"caption\":\"Florent Rrahmani\"}}]}<\/script>\n<!-- \/ Yoast SEO plugin. -->","yoast_head_json":{"title":"Predsednica Osmani na sastanku do\u010dekala specijalnog predstavnika EU Petera S\u00f8rensena - Predsednik Republike Kosovo - DR. VJOSA OSMANI - SADRIU","description":"Predsednica Osmani na sastanku do\u010dekala specijalnog predstavnika EU Petera S\u00f8rensena - Predsednik Republike Kosovo - DR. VJOSA OSMANI - SADRIU -","robots":{"index":"index","follow":"follow","max-snippet":"max-snippet:-1","max-image-preview":"max-image-preview:large","max-video-preview":"max-video-preview:-1"},"canonical":"https:\/\/president-ksgov.net\/sr\/predsednica-osmani-na-sastanku-docekala-specijalnog-predstavnika-eu-petera-sorensena\/","og_locale":"sr_RS","og_type":"article","og_title":"Predsednica Osmani na sastanku do\u010dekala specijalnog predstavnika EU Petera S\u00f8rensena - Predsednik Republike Kosovo - DR. VJOSA OSMANI - SADRIU","og_description":"Predsednica Osmani na sastanku do\u010dekala specijalnog predstavnika EU Petera S\u00f8rensena - Predsednik Republike Kosovo - DR. VJOSA OSMANI - SADRIU -","og_url":"https:\/\/president-ksgov.net\/sr\/predsednica-osmani-na-sastanku-docekala-specijalnog-predstavnika-eu-petera-sorensena\/","og_site_name":"Predsednik Republike Kosovo - DR. VJOSA OSMANI - SADRIU","article_published_time":"2025-03-17T10:43:54+00:00","article_modified_time":"2025-03-17T11:01:19+00:00","og_image":[{"width":2048,"height":1364,"url":"https:\/\/president-ksgov.net\/wp-content\/uploads\/Presidentja-Osmani-priti-ne-takim-Perfaqesuesin-e-Posacem-te-BE-se-Peter-Sorensen-1.jpg","type":"image\/jpeg"}],"author":"Florent Rrahmani","twitter_card":"summary_large_image","twitter_misc":{"\u041d\u0430\u043f\u0438\u0441\u0430\u043d\u043e \u043e\u0434":"Florent Rrahmani","\u041f\u0440\u043e\u0446\u0435\u045a\u0435\u043d\u043e \u0432\u0440\u0435\u043c\u0435 \u0447\u0438\u0442\u0430\u045a\u0430":"2 \u043c\u0438\u043d\u0443\u0442\u0430"},"schema":{"@context":"https:\/\/schema.org","@graph":[{"@type":"WebPage","@id":"https:\/\/president-ksgov.net\/sr\/predsednica-osmani-na-sastanku-docekala-specijalnog-predstavnika-eu-petera-sorensena\/","url":"https:\/\/president-ksgov.net\/sr\/predsednica-osmani-na-sastanku-docekala-specijalnog-predstavnika-eu-petera-sorensena\/","name":"Predsednica Osmani na sastanku do\u010dekala specijalnog predstavnika EU Petera S\u00f8rensena - Predsednik Republike Kosovo - DR. VJOSA OSMANI - SADRIU","isPartOf":{"@id":"https:\/\/president-ksgov.net\/#website"},"primaryImageOfPage":{"@id":"https:\/\/president-ksgov.net\/sr\/predsednica-osmani-na-sastanku-docekala-specijalnog-predstavnika-eu-petera-sorensena\/#primaryimage"},"image":{"@id":"https:\/\/president-ksgov.net\/sr\/predsednica-osmani-na-sastanku-docekala-specijalnog-predstavnika-eu-petera-sorensena\/#primaryimage"},"thumbnailUrl":"https:\/\/president-ksgov.net\/wp-content\/uploads\/Presidentja-Osmani-priti-ne-takim-Perfaqesuesin-e-Posacem-te-BE-se-Peter-Sorensen-1.jpg","datePublished":"2025-03-17T10:43:54+00:00","dateModified":"2025-03-17T11:01:19+00:00","author":{"@id":"https:\/\/president-ksgov.net\/#\/schema\/person\/7c46f744a99d3f1616b92658282aa934"},"description":"Predsednica Osmani na sastanku do\u010dekala specijalnog predstavnika EU Petera S\u00f8rensena - Predsednik Republike Kosovo - DR. VJOSA OSMANI - SADRIU -","breadcrumb":{"@id":"https:\/\/president-ksgov.net\/sr\/predsednica-osmani-na-sastanku-docekala-specijalnog-predstavnika-eu-petera-sorensena\/#breadcrumb"},"inLanguage":"sr-RS","potentialAction":[{"@type":"ReadAction","target":["https:\/\/president-ksgov.net\/sr\/predsednica-osmani-na-sastanku-docekala-specijalnog-predstavnika-eu-petera-sorensena\/"]}]},{"@type":"ImageObject","inLanguage":"sr-RS","@id":"https:\/\/president-ksgov.net\/sr\/predsednica-osmani-na-sastanku-docekala-specijalnog-predstavnika-eu-petera-sorensena\/#primaryimage","url":"https:\/\/president-ksgov.net\/wp-content\/uploads\/Presidentja-Osmani-priti-ne-takim-Perfaqesuesin-e-Posacem-te-BE-se-Peter-Sorensen-1.jpg","contentUrl":"https:\/\/president-ksgov.net\/wp-content\/uploads\/Presidentja-Osmani-priti-ne-takim-Perfaqesuesin-e-Posacem-te-BE-se-Peter-Sorensen-1.jpg","width":2048,"height":1364},{"@type":"BreadcrumbList","@id":"https:\/\/president-ksgov.net\/sr\/predsednica-osmani-na-sastanku-docekala-specijalnog-predstavnika-eu-petera-sorensena\/#breadcrumb","itemListElement":[{"@type":"ListItem","position":1,"name":"Home","item":"https:\/\/president-ksgov.net\/sr\/"},{"@type":"ListItem","position":2,"name":"Predsednica Osmani na sastanku do\u010dekala specijalnog predstavnika EU Petera S\u00f8rensena"}]},{"@type":"WebSite","@id":"https:\/\/president-ksgov.net\/#website","url":"https:\/\/president-ksgov.net\/","name":"Presidente e Republik\u00ebs s\u00eb Kosov\u00ebs","description":"Presidente e Republik\u00ebs s\u00eb Kosov\u00ebs","alternateName":"DR. VJOSA OSMANI - SADRIU","potentialAction":[{"@type":"SearchAction","target":{"@type":"EntryPoint","urlTemplate":"https:\/\/president-ksgov.net\/?s={search_term_string}"},"query-input":{"@type":"PropertyValueSpecification","valueRequired":true,"valueName":"search_term_string"}}],"inLanguage":"sr-RS"},{"@type":"Person","@id":"https:\/\/president-ksgov.net\/#\/schema\/person\/7c46f744a99d3f1616b92658282aa934","name":"Florent Rrahmani","image":{"@type":"ImageObject","inLanguage":"sr-RS","@id":"https:\/\/president-ksgov.net\/#\/schema\/person\/image\/","url":"https:\/\/secure.gravatar.com\/avatar\/2545924aa250de68ac8368367a79b663e59571cd131611f54c89b0613a94e230?s=96&d=mm&r=g","contentUrl":"https:\/\/secure.gravatar.com\/avatar\/2545924aa250de68ac8368367a79b663e59571cd131611f54c89b0613a94e230?s=96&d=mm&r=g","caption":"Florent Rrahmani"}}]}},"_links":{"self":[{"href":"https:\/\/president-ksgov.net\/sr\/wp-json\/wp\/v2\/posts\/155831","targetHints":{"allow":["GET"]}}],"collection":[{"href":"https:\/\/president-ksgov.net\/sr\/wp-json\/wp\/v2\/posts"}],"about":[{"href":"https:\/\/president-ksgov.net\/sr\/wp-json\/wp\/v2\/types\/post"}],"author":[{"embeddable":true,"href":"https:\/\/president-ksgov.net\/sr\/wp-json\/wp\/v2\/users\/9"}],"replies":[{"embeddable":true,"href":"https:\/\/president-ksgov.net\/sr\/wp-json\/wp\/v2\/comments?post=155831"}],"version-history":[{"count":1,"href":"https:\/\/president-ksgov.net\/sr\/wp-json\/wp\/v2\/posts\/155831\/revisions"}],"predecessor-version":[{"id":155832,"href":"https:\/\/president-ksgov.net\/sr\/wp-json\/wp\/v2\/posts\/155831\/revisions\/155832"}],"wp:featuredmedia":[{"embeddable":true,"href":"https:\/\/president-ksgov.net\/sr\/wp-json\/wp\/v2\/media\/155815"}],"wp:attachment":[{"href":"https:\/\/president-ksgov.net\/sr\/wp-json\/wp\/v2\/media?parent=155831"}],"wp:term":[{"taxonomy":"category","embeddable":true,"href":"https:\/\/president-ksgov.net\/sr\/wp-json\/wp\/v2\/categories?post=155831"},{"taxonomy":"post_tag","embeddable":true,"href":"https:\/\/president-ksgov.net\/sr\/wp-json\/wp\/v2\/tags?post=155831"}],"curies":[{"name":"wp","href":"https:\/\/api.w.org\/{rel}","templated":true}]}}