{"id":155767,"date":"2025-03-13T17:22:09","date_gmt":"2025-03-13T16:22:09","guid":{"rendered":"https:\/\/president-ksgov.net\/?p=155767"},"modified":"2025-03-14T12:43:57","modified_gmt":"2025-03-14T11:43:57","slug":"predsednica-osmani-docekala-na-sastanku-generalnog-sekretara-saveta-za-regionalnu-saradnju-rcc-amera-kapetanovica","status":"publish","type":"post","link":"https:\/\/president-ksgov.net\/sr\/predsednica-osmani-docekala-na-sastanku-generalnog-sekretara-saveta-za-regionalnu-saradnju-rcc-amera-kapetanovica\/","title":{"rendered":"Predsednica Osmani do\u010dekala na sastanku generalnog sekretara Saveta za regionalnu saradnju (RCC) Amera Kapetanovi\u0107a"},"content":{"rendered":"<p>Predsednica Republike Kosovo Vjosa Osmani do\u010dekala je danas na sastanku generalnog sekretara Saveta za regionalnu saradnju (RCC) Amera Kapetanovi\u0107a.<\/p>\n<p>Tokom sastanka, predsednica Osmani je razgovarala o posve\u0107enosti Kosova regionalnoj saradnji kao klju\u010dnom koraku za napredak celog regiona i doprinosu stabilnosti i napretku. Ona je ocenila regionalne inicijative koje doprinose pove\u0107anju saradnje izme\u0111u susednih dr\u017eava u na\u0161em regionu, isti\u010du\u0107i va\u017enost jednakih mogu\u0107nosti bez proceduralnih ili politi\u010dkih prepreka.<\/p>\n<p>Govore\u0107i o Berlinskom procesu, predsednica Osmani je istakla potrebu da se jo\u0161 vi\u0161e radi na vra\u0107anju fokusa na teme od posebnog interesa, kao \u0161to je rasvetljavanje sudbine lica koja su nasilno nestala tokom nedavnih ratova na Zapadnom Balkanu.<\/p>\n<p>\u0160tavi\u0161e, predsednica Osmani je naglasila vitalni zna\u010daj ulaganja u osna\u017eivanje devojaka i \u017eena, opisuju\u0107i ovo kao preduslov za pove\u0107anje blagostanja i unapre\u0111enje razvoja regiona.<\/p>\n<p>Predsednica Osmani je tako\u0111e naglasila da je Kosovo potvrdilo svoju konstruktivnu ulogu u regionu i potvrdilo svoju posve\u0107enost punoj integraciji u regionalni okvir.<\/p>\n","protected":false},"excerpt":{"rendered":"<p>Predsednica Republike Kosovo Vjosa Osmani do\u010dekala je danas na sastanku generalnog sekretara Saveta za regionalnu saradnju (RCC) Amera Kapetanovi\u0107a. Tokom sastanka, predsednica Osmani je razgovarala o posve\u0107enosti Kosova regionalnoj saradnji kao klju\u010dnom koraku za napredak celog regiona i doprinosu stabilnosti i napretku. Ona je ocenila regionalne inicijative koje doprinose pove\u0107anju saradnje izme\u0111u susednih dr\u017eava u na\u0161em regionu, isti\u010du\u0107i va\u017enost jednakih mogu\u0107nosti bez proceduralnih ili politi\u010dkih prepreka. Govore\u0107i o Berlinskom procesu, predsednica Osmani je istakla potrebu da se jo\u0161 vi\u0161e radi na vra\u0107anju fokusa na teme od posebnog interesa, kao \u0161to je rasvetljavanje sudbine lica koja su nasilno nestala tokom nedavnih ratova na Zapadnom Balkanu. \u0160tavi\u0161e, predsednica Osmani je naglasila vitalni zna\u010daj ulaganja u osna\u017eivanje devojaka i \u017eena, opisuju\u0107i ovo kao preduslov za pove\u0107anje blagostanja i unapre\u0111enje razvoja regiona. Predsednica Osmani je tako\u0111e naglasila da je Kosovo potvrdilo svoju konstruktivnu ulogu u regionu i potvrdilo svoju posve\u0107enost punoj integraciji u regionalni okvir.<\/p>\n","protected":false},"author":9,"featured_media":155736,"comment_status":"closed","ping_status":"closed","sticky":false,"template":"","format":"standard","meta":{"_eb_attr":"","footnotes":""},"categories":[101],"tags":[],"class_list":["post-155767","post","type-post","status-publish","format-standard","has-post-thumbnail","hentry","category-vesti"],"yoast_head":"<!-- This site is optimized with the Yoast SEO plugin v23.5 - https:\/\/yoast.com\/wordpress\/plugins\/seo\/ -->\n<title>Predsednica Osmani do\u010dekala na sastanku generalnog sekretara Saveta za regionalnu saradnju (RCC) Amera Kapetanovi\u0107a - Predsednik Republike Kosovo - DR. VJOSA OSMANI - SADRIU<\/title>\n<meta name=\"description\" content=\"Predsednica Osmani do\u010dekala na sastanku generalnog sekretara Saveta za regionalnu saradnju (RCC) Amera Kapetanovi\u0107a - Predsednik Republike Kosovo - DR. VJOSA OSMANI - SADRIU - Vesti\" \/>\n<meta name=\"robots\" content=\"index, follow, max-snippet:-1, max-image-preview:large, max-video-preview:-1\" \/>\n<link rel=\"canonical\" href=\"https:\/\/president-ksgov.net\/sr\/predsednica-osmani-docekala-na-sastanku-generalnog-sekretara-saveta-za-regionalnu-saradnju-rcc-amera-kapetanovica\/\" \/>\n<meta property=\"og:locale\" content=\"sr_RS\" \/>\n<meta property=\"og:type\" content=\"article\" \/>\n<meta property=\"og:title\" content=\"Predsednica Osmani do\u010dekala na sastanku generalnog sekretara Saveta za regionalnu saradnju (RCC) Amera Kapetanovi\u0107a - Predsednik Republike Kosovo - DR. VJOSA OSMANI - SADRIU\" \/>\n<meta property=\"og:description\" content=\"Predsednica Osmani do\u010dekala na sastanku generalnog sekretara Saveta za regionalnu saradnju (RCC) Amera Kapetanovi\u0107a - Predsednik Republike Kosovo - DR. VJOSA OSMANI - SADRIU - Vesti\" \/>\n<meta property=\"og:url\" content=\"https:\/\/president-ksgov.net\/sr\/predsednica-osmani-docekala-na-sastanku-generalnog-sekretara-saveta-za-regionalnu-saradnju-rcc-amera-kapetanovica\/\" \/>\n<meta property=\"og:site_name\" content=\"Predsednik Republike Kosovo - DR. VJOSA OSMANI - SADRIU\" \/>\n<meta property=\"article:published_time\" content=\"2025-03-13T16:22:09+00:00\" \/>\n<meta property=\"article:modified_time\" content=\"2025-03-14T11:43:57+00:00\" \/>\n<meta property=\"og:image\" content=\"https:\/\/president-ksgov.net\/wp-content\/uploads\/13.3.25-1-Presidentja-Osmani-priti-ne-takim-Sekretarin-e-Pergjithshem.jpg\" \/>\n\t<meta property=\"og:image:width\" content=\"2048\" \/>\n\t<meta property=\"og:image:height\" content=\"1588\" \/>\n\t<meta property=\"og:image:type\" content=\"image\/jpeg\" \/>\n<meta name=\"author\" content=\"Florent Rrahmani\" \/>\n<meta name=\"twitter:card\" content=\"summary_large_image\" \/>\n<meta name=\"twitter:label1\" content=\"\u041d\u0430\u043f\u0438\u0441\u0430\u043d\u043e \u043e\u0434\" \/>\n\t<meta name=\"twitter:data1\" content=\"Florent Rrahmani\" \/>\n\t<meta name=\"twitter:label2\" content=\"\u041f\u0440\u043e\u0446\u0435\u045a\u0435\u043d\u043e \u0432\u0440\u0435\u043c\u0435 \u0447\u0438\u0442\u0430\u045a\u0430\" \/>\n\t<meta name=\"twitter:data2\" content=\"2 \u043c\u0438\u043d\u0443\u0442\u0430\" \/>\n<script type=\"application\/ld+json\" class=\"yoast-schema-graph\">{\"@context\":\"https:\/\/schema.org\",\"@graph\":[{\"@type\":\"WebPage\",\"@id\":\"https:\/\/president-ksgov.net\/sr\/predsednica-osmani-docekala-na-sastanku-generalnog-sekretara-saveta-za-regionalnu-saradnju-rcc-amera-kapetanovica\/\",\"url\":\"https:\/\/president-ksgov.net\/sr\/predsednica-osmani-docekala-na-sastanku-generalnog-sekretara-saveta-za-regionalnu-saradnju-rcc-amera-kapetanovica\/\",\"name\":\"Predsednica Osmani do\u010dekala na sastanku generalnog sekretara Saveta za regionalnu saradnju (RCC) Amera Kapetanovi\u0107a - Predsednik Republike Kosovo - DR. VJOSA OSMANI - SADRIU\",\"isPartOf\":{\"@id\":\"https:\/\/president-ksgov.net\/#website\"},\"primaryImageOfPage\":{\"@id\":\"https:\/\/president-ksgov.net\/sr\/predsednica-osmani-docekala-na-sastanku-generalnog-sekretara-saveta-za-regionalnu-saradnju-rcc-amera-kapetanovica\/#primaryimage\"},\"image\":{\"@id\":\"https:\/\/president-ksgov.net\/sr\/predsednica-osmani-docekala-na-sastanku-generalnog-sekretara-saveta-za-regionalnu-saradnju-rcc-amera-kapetanovica\/#primaryimage\"},\"thumbnailUrl\":\"https:\/\/president-ksgov.net\/wp-content\/uploads\/13.3.25-1-Presidentja-Osmani-priti-ne-takim-Sekretarin-e-Pergjithshem.jpg\",\"datePublished\":\"2025-03-13T16:22:09+00:00\",\"dateModified\":\"2025-03-14T11:43:57+00:00\",\"author\":{\"@id\":\"https:\/\/president-ksgov.net\/#\/schema\/person\/7c46f744a99d3f1616b92658282aa934\"},\"description\":\"Predsednica Osmani do\u010dekala na sastanku generalnog sekretara Saveta za regionalnu saradnju (RCC) Amera Kapetanovi\u0107a - Predsednik Republike Kosovo - DR. VJOSA OSMANI - SADRIU - Vesti\",\"breadcrumb\":{\"@id\":\"https:\/\/president-ksgov.net\/sr\/predsednica-osmani-docekala-na-sastanku-generalnog-sekretara-saveta-za-regionalnu-saradnju-rcc-amera-kapetanovica\/#breadcrumb\"},\"inLanguage\":\"sr-RS\",\"potentialAction\":[{\"@type\":\"ReadAction\",\"target\":[\"https:\/\/president-ksgov.net\/sr\/predsednica-osmani-docekala-na-sastanku-generalnog-sekretara-saveta-za-regionalnu-saradnju-rcc-amera-kapetanovica\/\"]}]},{\"@type\":\"ImageObject\",\"inLanguage\":\"sr-RS\",\"@id\":\"https:\/\/president-ksgov.net\/sr\/predsednica-osmani-docekala-na-sastanku-generalnog-sekretara-saveta-za-regionalnu-saradnju-rcc-amera-kapetanovica\/#primaryimage\",\"url\":\"https:\/\/president-ksgov.net\/wp-content\/uploads\/13.3.25-1-Presidentja-Osmani-priti-ne-takim-Sekretarin-e-Pergjithshem.jpg\",\"contentUrl\":\"https:\/\/president-ksgov.net\/wp-content\/uploads\/13.3.25-1-Presidentja-Osmani-priti-ne-takim-Sekretarin-e-Pergjithshem.jpg\",\"width\":2048,\"height\":1588},{\"@type\":\"BreadcrumbList\",\"@id\":\"https:\/\/president-ksgov.net\/sr\/predsednica-osmani-docekala-na-sastanku-generalnog-sekretara-saveta-za-regionalnu-saradnju-rcc-amera-kapetanovica\/#breadcrumb\",\"itemListElement\":[{\"@type\":\"ListItem\",\"position\":1,\"name\":\"Home\",\"item\":\"https:\/\/president-ksgov.net\/sr\/\"},{\"@type\":\"ListItem\",\"position\":2,\"name\":\"Predsednica Osmani do\u010dekala na sastanku generalnog sekretara Saveta za regionalnu saradnju (RCC) Amera Kapetanovi\u0107a\"}]},{\"@type\":\"WebSite\",\"@id\":\"https:\/\/president-ksgov.net\/#website\",\"url\":\"https:\/\/president-ksgov.net\/\",\"name\":\"Presidente e Republik\u00ebs s\u00eb Kosov\u00ebs\",\"description\":\"Presidente e Republik\u00ebs s\u00eb Kosov\u00ebs\",\"alternateName\":\"DR. VJOSA OSMANI - SADRIU\",\"potentialAction\":[{\"@type\":\"SearchAction\",\"target\":{\"@type\":\"EntryPoint\",\"urlTemplate\":\"https:\/\/president-ksgov.net\/?s={search_term_string}\"},\"query-input\":{\"@type\":\"PropertyValueSpecification\",\"valueRequired\":true,\"valueName\":\"search_term_string\"}}],\"inLanguage\":\"sr-RS\"},{\"@type\":\"Person\",\"@id\":\"https:\/\/president-ksgov.net\/#\/schema\/person\/7c46f744a99d3f1616b92658282aa934\",\"name\":\"Florent Rrahmani\",\"image\":{\"@type\":\"ImageObject\",\"inLanguage\":\"sr-RS\",\"@id\":\"https:\/\/president-ksgov.net\/#\/schema\/person\/image\/\",\"url\":\"https:\/\/secure.gravatar.com\/avatar\/2545924aa250de68ac8368367a79b663e59571cd131611f54c89b0613a94e230?s=96&d=mm&r=g\",\"contentUrl\":\"https:\/\/secure.gravatar.com\/avatar\/2545924aa250de68ac8368367a79b663e59571cd131611f54c89b0613a94e230?s=96&d=mm&r=g\",\"caption\":\"Florent Rrahmani\"}}]}<\/script>\n<!-- \/ Yoast SEO plugin. -->","yoast_head_json":{"title":"Predsednica Osmani do\u010dekala na sastanku generalnog sekretara Saveta za regionalnu saradnju (RCC) Amera Kapetanovi\u0107a - Predsednik Republike Kosovo - DR. VJOSA OSMANI - SADRIU","description":"Predsednica Osmani do\u010dekala na sastanku generalnog sekretara Saveta za regionalnu saradnju (RCC) Amera Kapetanovi\u0107a - Predsednik Republike Kosovo - DR. VJOSA OSMANI - SADRIU - Vesti","robots":{"index":"index","follow":"follow","max-snippet":"max-snippet:-1","max-image-preview":"max-image-preview:large","max-video-preview":"max-video-preview:-1"},"canonical":"https:\/\/president-ksgov.net\/sr\/predsednica-osmani-docekala-na-sastanku-generalnog-sekretara-saveta-za-regionalnu-saradnju-rcc-amera-kapetanovica\/","og_locale":"sr_RS","og_type":"article","og_title":"Predsednica Osmani do\u010dekala na sastanku generalnog sekretara Saveta za regionalnu saradnju (RCC) Amera Kapetanovi\u0107a - Predsednik Republike Kosovo - DR. VJOSA OSMANI - SADRIU","og_description":"Predsednica Osmani do\u010dekala na sastanku generalnog sekretara Saveta za regionalnu saradnju (RCC) Amera Kapetanovi\u0107a - Predsednik Republike Kosovo - DR. VJOSA OSMANI - SADRIU - Vesti","og_url":"https:\/\/president-ksgov.net\/sr\/predsednica-osmani-docekala-na-sastanku-generalnog-sekretara-saveta-za-regionalnu-saradnju-rcc-amera-kapetanovica\/","og_site_name":"Predsednik Republike Kosovo - DR. VJOSA OSMANI - SADRIU","article_published_time":"2025-03-13T16:22:09+00:00","article_modified_time":"2025-03-14T11:43:57+00:00","og_image":[{"width":2048,"height":1588,"url":"https:\/\/president-ksgov.net\/wp-content\/uploads\/13.3.25-1-Presidentja-Osmani-priti-ne-takim-Sekretarin-e-Pergjithshem.jpg","type":"image\/jpeg"}],"author":"Florent Rrahmani","twitter_card":"summary_large_image","twitter_misc":{"\u041d\u0430\u043f\u0438\u0441\u0430\u043d\u043e \u043e\u0434":"Florent Rrahmani","\u041f\u0440\u043e\u0446\u0435\u045a\u0435\u043d\u043e \u0432\u0440\u0435\u043c\u0435 \u0447\u0438\u0442\u0430\u045a\u0430":"2 \u043c\u0438\u043d\u0443\u0442\u0430"},"schema":{"@context":"https:\/\/schema.org","@graph":[{"@type":"WebPage","@id":"https:\/\/president-ksgov.net\/sr\/predsednica-osmani-docekala-na-sastanku-generalnog-sekretara-saveta-za-regionalnu-saradnju-rcc-amera-kapetanovica\/","url":"https:\/\/president-ksgov.net\/sr\/predsednica-osmani-docekala-na-sastanku-generalnog-sekretara-saveta-za-regionalnu-saradnju-rcc-amera-kapetanovica\/","name":"Predsednica Osmani do\u010dekala na sastanku generalnog sekretara Saveta za regionalnu saradnju (RCC) Amera Kapetanovi\u0107a - Predsednik Republike Kosovo - DR. VJOSA OSMANI - SADRIU","isPartOf":{"@id":"https:\/\/president-ksgov.net\/#website"},"primaryImageOfPage":{"@id":"https:\/\/president-ksgov.net\/sr\/predsednica-osmani-docekala-na-sastanku-generalnog-sekretara-saveta-za-regionalnu-saradnju-rcc-amera-kapetanovica\/#primaryimage"},"image":{"@id":"https:\/\/president-ksgov.net\/sr\/predsednica-osmani-docekala-na-sastanku-generalnog-sekretara-saveta-za-regionalnu-saradnju-rcc-amera-kapetanovica\/#primaryimage"},"thumbnailUrl":"https:\/\/president-ksgov.net\/wp-content\/uploads\/13.3.25-1-Presidentja-Osmani-priti-ne-takim-Sekretarin-e-Pergjithshem.jpg","datePublished":"2025-03-13T16:22:09+00:00","dateModified":"2025-03-14T11:43:57+00:00","author":{"@id":"https:\/\/president-ksgov.net\/#\/schema\/person\/7c46f744a99d3f1616b92658282aa934"},"description":"Predsednica Osmani do\u010dekala na sastanku generalnog sekretara Saveta za regionalnu saradnju (RCC) Amera Kapetanovi\u0107a - Predsednik Republike Kosovo - DR. VJOSA OSMANI - SADRIU - Vesti","breadcrumb":{"@id":"https:\/\/president-ksgov.net\/sr\/predsednica-osmani-docekala-na-sastanku-generalnog-sekretara-saveta-za-regionalnu-saradnju-rcc-amera-kapetanovica\/#breadcrumb"},"inLanguage":"sr-RS","potentialAction":[{"@type":"ReadAction","target":["https:\/\/president-ksgov.net\/sr\/predsednica-osmani-docekala-na-sastanku-generalnog-sekretara-saveta-za-regionalnu-saradnju-rcc-amera-kapetanovica\/"]}]},{"@type":"ImageObject","inLanguage":"sr-RS","@id":"https:\/\/president-ksgov.net\/sr\/predsednica-osmani-docekala-na-sastanku-generalnog-sekretara-saveta-za-regionalnu-saradnju-rcc-amera-kapetanovica\/#primaryimage","url":"https:\/\/president-ksgov.net\/wp-content\/uploads\/13.3.25-1-Presidentja-Osmani-priti-ne-takim-Sekretarin-e-Pergjithshem.jpg","contentUrl":"https:\/\/president-ksgov.net\/wp-content\/uploads\/13.3.25-1-Presidentja-Osmani-priti-ne-takim-Sekretarin-e-Pergjithshem.jpg","width":2048,"height":1588},{"@type":"BreadcrumbList","@id":"https:\/\/president-ksgov.net\/sr\/predsednica-osmani-docekala-na-sastanku-generalnog-sekretara-saveta-za-regionalnu-saradnju-rcc-amera-kapetanovica\/#breadcrumb","itemListElement":[{"@type":"ListItem","position":1,"name":"Home","item":"https:\/\/president-ksgov.net\/sr\/"},{"@type":"ListItem","position":2,"name":"Predsednica Osmani do\u010dekala na sastanku generalnog sekretara Saveta za regionalnu saradnju (RCC) Amera Kapetanovi\u0107a"}]},{"@type":"WebSite","@id":"https:\/\/president-ksgov.net\/#website","url":"https:\/\/president-ksgov.net\/","name":"Presidente e Republik\u00ebs s\u00eb Kosov\u00ebs","description":"Presidente e Republik\u00ebs s\u00eb Kosov\u00ebs","alternateName":"DR. VJOSA OSMANI - SADRIU","potentialAction":[{"@type":"SearchAction","target":{"@type":"EntryPoint","urlTemplate":"https:\/\/president-ksgov.net\/?s={search_term_string}"},"query-input":{"@type":"PropertyValueSpecification","valueRequired":true,"valueName":"search_term_string"}}],"inLanguage":"sr-RS"},{"@type":"Person","@id":"https:\/\/president-ksgov.net\/#\/schema\/person\/7c46f744a99d3f1616b92658282aa934","name":"Florent Rrahmani","image":{"@type":"ImageObject","inLanguage":"sr-RS","@id":"https:\/\/president-ksgov.net\/#\/schema\/person\/image\/","url":"https:\/\/secure.gravatar.com\/avatar\/2545924aa250de68ac8368367a79b663e59571cd131611f54c89b0613a94e230?s=96&d=mm&r=g","contentUrl":"https:\/\/secure.gravatar.com\/avatar\/2545924aa250de68ac8368367a79b663e59571cd131611f54c89b0613a94e230?s=96&d=mm&r=g","caption":"Florent Rrahmani"}}]}},"_links":{"self":[{"href":"https:\/\/president-ksgov.net\/sr\/wp-json\/wp\/v2\/posts\/155767","targetHints":{"allow":["GET"]}}],"collection":[{"href":"https:\/\/president-ksgov.net\/sr\/wp-json\/wp\/v2\/posts"}],"about":[{"href":"https:\/\/president-ksgov.net\/sr\/wp-json\/wp\/v2\/types\/post"}],"author":[{"embeddable":true,"href":"https:\/\/president-ksgov.net\/sr\/wp-json\/wp\/v2\/users\/9"}],"replies":[{"embeddable":true,"href":"https:\/\/president-ksgov.net\/sr\/wp-json\/wp\/v2\/comments?post=155767"}],"version-history":[{"count":1,"href":"https:\/\/president-ksgov.net\/sr\/wp-json\/wp\/v2\/posts\/155767\/revisions"}],"predecessor-version":[{"id":155768,"href":"https:\/\/president-ksgov.net\/sr\/wp-json\/wp\/v2\/posts\/155767\/revisions\/155768"}],"wp:featuredmedia":[{"embeddable":true,"href":"https:\/\/president-ksgov.net\/sr\/wp-json\/wp\/v2\/media\/155736"}],"wp:attachment":[{"href":"https:\/\/president-ksgov.net\/sr\/wp-json\/wp\/v2\/media?parent=155767"}],"wp:term":[{"taxonomy":"category","embeddable":true,"href":"https:\/\/president-ksgov.net\/sr\/wp-json\/wp\/v2\/categories?post=155767"},{"taxonomy":"post_tag","embeddable":true,"href":"https:\/\/president-ksgov.net\/sr\/wp-json\/wp\/v2\/tags?post=155767"}],"curies":[{"name":"wp","href":"https:\/\/api.w.org\/{rel}","templated":true}]}}