{"id":154817,"date":"2025-02-25T09:56:39","date_gmt":"2025-02-25T08:56:39","guid":{"rendered":"https:\/\/president-ksgov.net\/?p=154817"},"modified":"2025-02-26T15:28:07","modified_gmt":"2025-02-26T14:28:07","slug":"predsednica-osmani-primila-na-sastanku-svedskog-ambasadora-potpisan-sporazum-o-podrsci-predsednistva-strucnom-ekspertizom","status":"publish","type":"post","link":"https:\/\/president-ksgov.net\/sr\/predsednica-osmani-primila-na-sastanku-svedskog-ambasadora-potpisan-sporazum-o-podrsci-predsednistva-strucnom-ekspertizom\/","title":{"rendered":"Predsednica Osmani primila na sastanku \u0161vedskog ambasadora &#8211; potpisan sporazum o podr\u0161ci predsedni\u0161tva stru\u010dnom ekspertizom"},"content":{"rendered":"<p>Predsednica Republike Kosovo, Vjosa Osmani, primila je na sastanku ambasadora \u0160vedske na Kosovu, Jonas Westerlund, sa kojim je razgovarala o poslednjim de\u0161avanjima u zemlji, kao i o saradnji u prevazila\u017eenju zajedni\u010dkih izazova na evropskom kontinentu.<\/p>\n<p>Tako\u0111e, tokom ovog sastanka, predsednica Osmani, ambasador Westerlund i izvr\u0161ni direktor Balkan Policy Research Group, Naim Rashiti, potpisali su Memorandum o saradnji, koji \u0107e obezbediti Kancelariji predsednice podr\u0161ku \u0161vedske dr\u017eave kroz stru\u010dnu ekspertizu iz delokruga institucije predsedni\u0161tva.<\/p>\n<p>Tokom ceremonije potpisivanja, predsednica Osmani se zahvalila ambasadoru Westerlund na stalnoj podr\u0161ci koju \u0160vedska pru\u017ea Kosovu, nagla\u0161avaju\u0107i va\u017enost partnerstva u ja\u010danju demokratskih institucija i unapre\u0111enju evropske agende na\u0161e zemlje.<\/p>\n<p>Ovaj Memorandum o saradnji ozna\u010dava jo\u0161 jedan konkretan korak u pravcu ja\u010danja institucionalnih kapaciteta i kreiranje politike zasnovane na ekspertizi i najbolje me\u0111unarodne prakse.<\/p>\n","protected":false},"excerpt":{"rendered":"<p>Predsednica Republike Kosovo, Vjosa Osmani, primila je na sastanku ambasadora \u0160vedske na Kosovu, Jonas Westerlund, sa kojim je razgovarala o poslednjim de\u0161avanjima u zemlji, kao i o saradnji u prevazila\u017eenju zajedni\u010dkih izazova na evropskom kontinentu. Tako\u0111e, tokom ovog sastanka, predsednica Osmani, ambasador Westerlund i izvr\u0161ni direktor Balkan Policy Research Group, Naim Rashiti, potpisali su Memorandum o saradnji, koji \u0107e obezbediti Kancelariji predsednice podr\u0161ku \u0161vedske dr\u017eave kroz stru\u010dnu ekspertizu iz delokruga institucije predsedni\u0161tva. Tokom ceremonije potpisivanja, predsednica Osmani se zahvalila ambasadoru Westerlund na stalnoj podr\u0161ci koju \u0160vedska pru\u017ea Kosovu, nagla\u0161avaju\u0107i va\u017enost partnerstva u ja\u010danju demokratskih institucija i unapre\u0111enju evropske agende na\u0161e zemlje. Ovaj Memorandum o saradnji ozna\u010dava jo\u0161 jedan konkretan korak u pravcu ja\u010danja institucionalnih kapaciteta i kreiranje politike zasnovane na ekspertizi i najbolje me\u0111unarodne prakse.<\/p>\n","protected":false},"author":16,"featured_media":154739,"comment_status":"closed","ping_status":"closed","sticky":false,"template":"","format":"standard","meta":{"_eb_attr":"","footnotes":""},"categories":[101],"tags":[],"class_list":["post-154817","post","type-post","status-publish","format-standard","has-post-thumbnail","hentry","category-vesti"],"yoast_head":"<!-- This site is optimized with the Yoast SEO plugin v23.5 - https:\/\/yoast.com\/wordpress\/plugins\/seo\/ -->\n<title>Predsednica Osmani primila na sastanku \u0161vedskog ambasadora - potpisan sporazum o podr\u0161ci predsedni\u0161tva stru\u010dnom ekspertizom - Predsednik Republike Kosovo - DR. VJOSA OSMANI - SADRIU<\/title>\n<meta name=\"description\" content=\"Predsednica Osmani primila na sastanku \u0161vedskog ambasadora - potpisan sporazum o podr\u0161ci predsedni\u0161tva stru\u010dnom ekspertizom - Predsednik Republike Kosovo - DR. VJOSA OSMANI - SADRIU - Vesti\" \/>\n<meta name=\"robots\" content=\"index, follow, max-snippet:-1, max-image-preview:large, max-video-preview:-1\" \/>\n<link rel=\"canonical\" href=\"https:\/\/president-ksgov.net\/sr\/predsednica-osmani-primila-na-sastanku-svedskog-ambasadora-potpisan-sporazum-o-podrsci-predsednistva-strucnom-ekspertizom\/\" \/>\n<meta property=\"og:locale\" content=\"sr_RS\" \/>\n<meta property=\"og:type\" content=\"article\" \/>\n<meta property=\"og:title\" content=\"Predsednica Osmani primila na sastanku \u0161vedskog ambasadora - potpisan sporazum o podr\u0161ci predsedni\u0161tva stru\u010dnom ekspertizom - Predsednik Republike Kosovo - DR. VJOSA OSMANI - SADRIU\" \/>\n<meta property=\"og:description\" content=\"Predsednica Osmani primila na sastanku \u0161vedskog ambasadora - potpisan sporazum o podr\u0161ci predsedni\u0161tva stru\u010dnom ekspertizom - Predsednik Republike Kosovo - DR. VJOSA OSMANI - SADRIU - Vesti\" \/>\n<meta property=\"og:url\" content=\"https:\/\/president-ksgov.net\/sr\/predsednica-osmani-primila-na-sastanku-svedskog-ambasadora-potpisan-sporazum-o-podrsci-predsednistva-strucnom-ekspertizom\/\" \/>\n<meta property=\"og:site_name\" content=\"Predsednik Republike Kosovo - DR. VJOSA OSMANI - SADRIU\" \/>\n<meta property=\"article:published_time\" content=\"2025-02-25T08:56:39+00:00\" \/>\n<meta property=\"article:modified_time\" content=\"2025-02-26T14:28:07+00:00\" \/>\n<meta property=\"og:image\" content=\"https:\/\/president-ksgov.net\/wp-content\/uploads\/2-316-scaled.jpg\" \/>\n\t<meta property=\"og:image:width\" content=\"2560\" \/>\n\t<meta property=\"og:image:height\" content=\"1908\" \/>\n\t<meta property=\"og:image:type\" content=\"image\/jpeg\" \/>\n<meta name=\"author\" content=\"Azim Rabby\" \/>\n<meta name=\"twitter:card\" content=\"summary_large_image\" \/>\n<meta name=\"twitter:label1\" content=\"\u041d\u0430\u043f\u0438\u0441\u0430\u043d\u043e \u043e\u0434\" \/>\n\t<meta name=\"twitter:data1\" content=\"Azim Rabby\" \/>\n\t<meta name=\"twitter:label2\" content=\"\u041f\u0440\u043e\u0446\u0435\u045a\u0435\u043d\u043e \u0432\u0440\u0435\u043c\u0435 \u0447\u0438\u0442\u0430\u045a\u0430\" \/>\n\t<meta name=\"twitter:data2\" content=\"1 \u043c\u0438\u043d\u0443\u0442\" \/>\n<script type=\"application\/ld+json\" class=\"yoast-schema-graph\">{\"@context\":\"https:\/\/schema.org\",\"@graph\":[{\"@type\":\"WebPage\",\"@id\":\"https:\/\/president-ksgov.net\/sr\/predsednica-osmani-primila-na-sastanku-svedskog-ambasadora-potpisan-sporazum-o-podrsci-predsednistva-strucnom-ekspertizom\/\",\"url\":\"https:\/\/president-ksgov.net\/sr\/predsednica-osmani-primila-na-sastanku-svedskog-ambasadora-potpisan-sporazum-o-podrsci-predsednistva-strucnom-ekspertizom\/\",\"name\":\"Predsednica Osmani primila na sastanku \u0161vedskog ambasadora - potpisan sporazum o podr\u0161ci predsedni\u0161tva stru\u010dnom ekspertizom - Predsednik Republike Kosovo - DR. VJOSA OSMANI - SADRIU\",\"isPartOf\":{\"@id\":\"https:\/\/president-ksgov.net\/#website\"},\"primaryImageOfPage\":{\"@id\":\"https:\/\/president-ksgov.net\/sr\/predsednica-osmani-primila-na-sastanku-svedskog-ambasadora-potpisan-sporazum-o-podrsci-predsednistva-strucnom-ekspertizom\/#primaryimage\"},\"image\":{\"@id\":\"https:\/\/president-ksgov.net\/sr\/predsednica-osmani-primila-na-sastanku-svedskog-ambasadora-potpisan-sporazum-o-podrsci-predsednistva-strucnom-ekspertizom\/#primaryimage\"},\"thumbnailUrl\":\"https:\/\/president-ksgov.net\/wp-content\/uploads\/2-316-scaled.jpg\",\"datePublished\":\"2025-02-25T08:56:39+00:00\",\"dateModified\":\"2025-02-26T14:28:07+00:00\",\"author\":{\"@id\":\"https:\/\/president-ksgov.net\/#\/schema\/person\/46897fdfb3a2c4637c66776b267b09f6\"},\"description\":\"Predsednica Osmani primila na sastanku \u0161vedskog ambasadora - potpisan sporazum o podr\u0161ci predsedni\u0161tva stru\u010dnom ekspertizom - Predsednik Republike Kosovo - DR. VJOSA OSMANI - SADRIU - Vesti\",\"breadcrumb\":{\"@id\":\"https:\/\/president-ksgov.net\/sr\/predsednica-osmani-primila-na-sastanku-svedskog-ambasadora-potpisan-sporazum-o-podrsci-predsednistva-strucnom-ekspertizom\/#breadcrumb\"},\"inLanguage\":\"sr-RS\",\"potentialAction\":[{\"@type\":\"ReadAction\",\"target\":[\"https:\/\/president-ksgov.net\/sr\/predsednica-osmani-primila-na-sastanku-svedskog-ambasadora-potpisan-sporazum-o-podrsci-predsednistva-strucnom-ekspertizom\/\"]}]},{\"@type\":\"ImageObject\",\"inLanguage\":\"sr-RS\",\"@id\":\"https:\/\/president-ksgov.net\/sr\/predsednica-osmani-primila-na-sastanku-svedskog-ambasadora-potpisan-sporazum-o-podrsci-predsednistva-strucnom-ekspertizom\/#primaryimage\",\"url\":\"https:\/\/president-ksgov.net\/wp-content\/uploads\/2-316-scaled.jpg\",\"contentUrl\":\"https:\/\/president-ksgov.net\/wp-content\/uploads\/2-316-scaled.jpg\",\"width\":2560,\"height\":1908},{\"@type\":\"BreadcrumbList\",\"@id\":\"https:\/\/president-ksgov.net\/sr\/predsednica-osmani-primila-na-sastanku-svedskog-ambasadora-potpisan-sporazum-o-podrsci-predsednistva-strucnom-ekspertizom\/#breadcrumb\",\"itemListElement\":[{\"@type\":\"ListItem\",\"position\":1,\"name\":\"Home\",\"item\":\"https:\/\/president-ksgov.net\/sr\/\"},{\"@type\":\"ListItem\",\"position\":2,\"name\":\"Predsednica Osmani primila na sastanku \u0161vedskog ambasadora &#8211; potpisan sporazum o podr\u0161ci predsedni\u0161tva stru\u010dnom ekspertizom\"}]},{\"@type\":\"WebSite\",\"@id\":\"https:\/\/president-ksgov.net\/#website\",\"url\":\"https:\/\/president-ksgov.net\/\",\"name\":\"Presidente e Republik\u00ebs s\u00eb Kosov\u00ebs\",\"description\":\"Presidente e Republik\u00ebs s\u00eb Kosov\u00ebs\",\"alternateName\":\"DR. VJOSA OSMANI - SADRIU\",\"potentialAction\":[{\"@type\":\"SearchAction\",\"target\":{\"@type\":\"EntryPoint\",\"urlTemplate\":\"https:\/\/president-ksgov.net\/?s={search_term_string}\"},\"query-input\":{\"@type\":\"PropertyValueSpecification\",\"valueRequired\":true,\"valueName\":\"search_term_string\"}}],\"inLanguage\":\"sr-RS\"},{\"@type\":\"Person\",\"@id\":\"https:\/\/president-ksgov.net\/#\/schema\/person\/46897fdfb3a2c4637c66776b267b09f6\",\"name\":\"Azim Rabby\",\"image\":{\"@type\":\"ImageObject\",\"inLanguage\":\"sr-RS\",\"@id\":\"https:\/\/president-ksgov.net\/#\/schema\/person\/image\/\",\"url\":\"https:\/\/secure.gravatar.com\/avatar\/2e869d6e696f88891afa5dab0768da91bb4d2f829b32699cfb894a221f3d336b?s=96&d=mm&r=g\",\"contentUrl\":\"https:\/\/secure.gravatar.com\/avatar\/2e869d6e696f88891afa5dab0768da91bb4d2f829b32699cfb894a221f3d336b?s=96&d=mm&r=g\",\"caption\":\"Azim Rabby\"}}]}<\/script>\n<!-- \/ Yoast SEO plugin. -->","yoast_head_json":{"title":"Predsednica Osmani primila na sastanku \u0161vedskog ambasadora - potpisan sporazum o podr\u0161ci predsedni\u0161tva stru\u010dnom ekspertizom - Predsednik Republike Kosovo - DR. VJOSA OSMANI - SADRIU","description":"Predsednica Osmani primila na sastanku \u0161vedskog ambasadora - potpisan sporazum o podr\u0161ci predsedni\u0161tva stru\u010dnom ekspertizom - Predsednik Republike Kosovo - DR. VJOSA OSMANI - SADRIU - Vesti","robots":{"index":"index","follow":"follow","max-snippet":"max-snippet:-1","max-image-preview":"max-image-preview:large","max-video-preview":"max-video-preview:-1"},"canonical":"https:\/\/president-ksgov.net\/sr\/predsednica-osmani-primila-na-sastanku-svedskog-ambasadora-potpisan-sporazum-o-podrsci-predsednistva-strucnom-ekspertizom\/","og_locale":"sr_RS","og_type":"article","og_title":"Predsednica Osmani primila na sastanku \u0161vedskog ambasadora - potpisan sporazum o podr\u0161ci predsedni\u0161tva stru\u010dnom ekspertizom - Predsednik Republike Kosovo - DR. VJOSA OSMANI - SADRIU","og_description":"Predsednica Osmani primila na sastanku \u0161vedskog ambasadora - potpisan sporazum o podr\u0161ci predsedni\u0161tva stru\u010dnom ekspertizom - Predsednik Republike Kosovo - DR. VJOSA OSMANI - SADRIU - Vesti","og_url":"https:\/\/president-ksgov.net\/sr\/predsednica-osmani-primila-na-sastanku-svedskog-ambasadora-potpisan-sporazum-o-podrsci-predsednistva-strucnom-ekspertizom\/","og_site_name":"Predsednik Republike Kosovo - DR. VJOSA OSMANI - SADRIU","article_published_time":"2025-02-25T08:56:39+00:00","article_modified_time":"2025-02-26T14:28:07+00:00","og_image":[{"width":2560,"height":1908,"url":"https:\/\/president-ksgov.net\/wp-content\/uploads\/2-316-scaled.jpg","type":"image\/jpeg"}],"author":"Azim Rabby","twitter_card":"summary_large_image","twitter_misc":{"\u041d\u0430\u043f\u0438\u0441\u0430\u043d\u043e \u043e\u0434":"Azim Rabby","\u041f\u0440\u043e\u0446\u0435\u045a\u0435\u043d\u043e \u0432\u0440\u0435\u043c\u0435 \u0447\u0438\u0442\u0430\u045a\u0430":"1 \u043c\u0438\u043d\u0443\u0442"},"schema":{"@context":"https:\/\/schema.org","@graph":[{"@type":"WebPage","@id":"https:\/\/president-ksgov.net\/sr\/predsednica-osmani-primila-na-sastanku-svedskog-ambasadora-potpisan-sporazum-o-podrsci-predsednistva-strucnom-ekspertizom\/","url":"https:\/\/president-ksgov.net\/sr\/predsednica-osmani-primila-na-sastanku-svedskog-ambasadora-potpisan-sporazum-o-podrsci-predsednistva-strucnom-ekspertizom\/","name":"Predsednica Osmani primila na sastanku \u0161vedskog ambasadora - potpisan sporazum o podr\u0161ci predsedni\u0161tva stru\u010dnom ekspertizom - Predsednik Republike Kosovo - DR. VJOSA OSMANI - SADRIU","isPartOf":{"@id":"https:\/\/president-ksgov.net\/#website"},"primaryImageOfPage":{"@id":"https:\/\/president-ksgov.net\/sr\/predsednica-osmani-primila-na-sastanku-svedskog-ambasadora-potpisan-sporazum-o-podrsci-predsednistva-strucnom-ekspertizom\/#primaryimage"},"image":{"@id":"https:\/\/president-ksgov.net\/sr\/predsednica-osmani-primila-na-sastanku-svedskog-ambasadora-potpisan-sporazum-o-podrsci-predsednistva-strucnom-ekspertizom\/#primaryimage"},"thumbnailUrl":"https:\/\/president-ksgov.net\/wp-content\/uploads\/2-316-scaled.jpg","datePublished":"2025-02-25T08:56:39+00:00","dateModified":"2025-02-26T14:28:07+00:00","author":{"@id":"https:\/\/president-ksgov.net\/#\/schema\/person\/46897fdfb3a2c4637c66776b267b09f6"},"description":"Predsednica Osmani primila na sastanku \u0161vedskog ambasadora - potpisan sporazum o podr\u0161ci predsedni\u0161tva stru\u010dnom ekspertizom - Predsednik Republike Kosovo - DR. VJOSA OSMANI - SADRIU - Vesti","breadcrumb":{"@id":"https:\/\/president-ksgov.net\/sr\/predsednica-osmani-primila-na-sastanku-svedskog-ambasadora-potpisan-sporazum-o-podrsci-predsednistva-strucnom-ekspertizom\/#breadcrumb"},"inLanguage":"sr-RS","potentialAction":[{"@type":"ReadAction","target":["https:\/\/president-ksgov.net\/sr\/predsednica-osmani-primila-na-sastanku-svedskog-ambasadora-potpisan-sporazum-o-podrsci-predsednistva-strucnom-ekspertizom\/"]}]},{"@type":"ImageObject","inLanguage":"sr-RS","@id":"https:\/\/president-ksgov.net\/sr\/predsednica-osmani-primila-na-sastanku-svedskog-ambasadora-potpisan-sporazum-o-podrsci-predsednistva-strucnom-ekspertizom\/#primaryimage","url":"https:\/\/president-ksgov.net\/wp-content\/uploads\/2-316-scaled.jpg","contentUrl":"https:\/\/president-ksgov.net\/wp-content\/uploads\/2-316-scaled.jpg","width":2560,"height":1908},{"@type":"BreadcrumbList","@id":"https:\/\/president-ksgov.net\/sr\/predsednica-osmani-primila-na-sastanku-svedskog-ambasadora-potpisan-sporazum-o-podrsci-predsednistva-strucnom-ekspertizom\/#breadcrumb","itemListElement":[{"@type":"ListItem","position":1,"name":"Home","item":"https:\/\/president-ksgov.net\/sr\/"},{"@type":"ListItem","position":2,"name":"Predsednica Osmani primila na sastanku \u0161vedskog ambasadora &#8211; potpisan sporazum o podr\u0161ci predsedni\u0161tva stru\u010dnom ekspertizom"}]},{"@type":"WebSite","@id":"https:\/\/president-ksgov.net\/#website","url":"https:\/\/president-ksgov.net\/","name":"Presidente e Republik\u00ebs s\u00eb Kosov\u00ebs","description":"Presidente e Republik\u00ebs s\u00eb Kosov\u00ebs","alternateName":"DR. VJOSA OSMANI - SADRIU","potentialAction":[{"@type":"SearchAction","target":{"@type":"EntryPoint","urlTemplate":"https:\/\/president-ksgov.net\/?s={search_term_string}"},"query-input":{"@type":"PropertyValueSpecification","valueRequired":true,"valueName":"search_term_string"}}],"inLanguage":"sr-RS"},{"@type":"Person","@id":"https:\/\/president-ksgov.net\/#\/schema\/person\/46897fdfb3a2c4637c66776b267b09f6","name":"Azim Rabby","image":{"@type":"ImageObject","inLanguage":"sr-RS","@id":"https:\/\/president-ksgov.net\/#\/schema\/person\/image\/","url":"https:\/\/secure.gravatar.com\/avatar\/2e869d6e696f88891afa5dab0768da91bb4d2f829b32699cfb894a221f3d336b?s=96&d=mm&r=g","contentUrl":"https:\/\/secure.gravatar.com\/avatar\/2e869d6e696f88891afa5dab0768da91bb4d2f829b32699cfb894a221f3d336b?s=96&d=mm&r=g","caption":"Azim Rabby"}}]}},"_links":{"self":[{"href":"https:\/\/president-ksgov.net\/sr\/wp-json\/wp\/v2\/posts\/154817","targetHints":{"allow":["GET"]}}],"collection":[{"href":"https:\/\/president-ksgov.net\/sr\/wp-json\/wp\/v2\/posts"}],"about":[{"href":"https:\/\/president-ksgov.net\/sr\/wp-json\/wp\/v2\/types\/post"}],"author":[{"embeddable":true,"href":"https:\/\/president-ksgov.net\/sr\/wp-json\/wp\/v2\/users\/16"}],"replies":[{"embeddable":true,"href":"https:\/\/president-ksgov.net\/sr\/wp-json\/wp\/v2\/comments?post=154817"}],"version-history":[{"count":1,"href":"https:\/\/president-ksgov.net\/sr\/wp-json\/wp\/v2\/posts\/154817\/revisions"}],"predecessor-version":[{"id":154818,"href":"https:\/\/president-ksgov.net\/sr\/wp-json\/wp\/v2\/posts\/154817\/revisions\/154818"}],"wp:featuredmedia":[{"embeddable":true,"href":"https:\/\/president-ksgov.net\/sr\/wp-json\/wp\/v2\/media\/154739"}],"wp:attachment":[{"href":"https:\/\/president-ksgov.net\/sr\/wp-json\/wp\/v2\/media?parent=154817"}],"wp:term":[{"taxonomy":"category","embeddable":true,"href":"https:\/\/president-ksgov.net\/sr\/wp-json\/wp\/v2\/categories?post=154817"},{"taxonomy":"post_tag","embeddable":true,"href":"https:\/\/president-ksgov.net\/sr\/wp-json\/wp\/v2\/tags?post=154817"}],"curies":[{"name":"wp","href":"https:\/\/api.w.org\/{rel}","templated":true}]}}