{"id":154012,"date":"2025-02-16T19:32:55","date_gmt":"2025-02-16T18:32:55","guid":{"rendered":"https:\/\/president-ksgov.net\/?p=154012"},"modified":"2025-02-16T20:00:57","modified_gmt":"2025-02-16T19:00:57","slug":"predsednik-macron-cestitao-predsednici-osmani-17-godisnjicu-nezavisnosti-kosova","status":"publish","type":"post","link":"https:\/\/president-ksgov.net\/sr\/predsednik-macron-cestitao-predsednici-osmani-17-godisnjicu-nezavisnosti-kosova\/","title":{"rendered":"Predsednik Macron \u010destitao predsednici Osmani 17. godi\u0161njicu nezavisnosti Kosova"},"content":{"rendered":"<p>Povodom 17. godi\u0161njice nezavisnosti Kosova, predsednik Republike Francuske Emmanuel Macron \u010destitao je predsednici Republike Kosovo Vjosi Osmani Sadriu, ponovo potvrdiv\u0161i podr\u0161ku Francuske nezavisnosti Kosova i evropskim integracijama.<\/p>\n<p>&nbsp;<\/p>\n<p>\u201eSuo\u010deni sa previranjima i fragmentacijom sveta, evropska perspektiva Kosova, kao i svih zemalja zapadnog Balkana, mora biti reafirmisana. Uveravam vas u podr\u0161ku Francuske da podr\u017ei va\u0161u zemlju na ovom putu\u201c, navodi se u \u010destitki predsednika Macrona. Dalje, u svojim \u010destitkama, on je izrazio nadu da dve zemlje mogu da nastave saradnju, posebno u pogledu organizacije Mediteranskih igara 2030. godine na Kosovu.<\/p>\n<p>&nbsp;<\/p>\n<p>\u201eFrancuska je spremna da vam pomogne da ovaj veliki doga\u0111aj u potpunosti uspe\u201c, navodi se u \u010destitki.<\/p>\n<p>&nbsp;<\/p>\n<p>U ovoj \u010destitki, predsednik Macron je zahvalio predsednici Osmani na u\u010de\u0161\u0107u na ceremoniji ponovnog otvaranja katedrale Notre-Dame.<\/p>\n<p>&nbsp;<\/p>\n<p>\u201eFrancuska ostaje posve\u0107en saveznik Kosova i nastavi\u0107e da podr\u017eava njegovu stabilnost, razvoj i evropsku perspektivu\u201c, napisao je, izme\u0111u ostalog, predsednik Macron u svojoj \u010destitki.<\/p>\n<p><a href=\"https:\/\/president-ksgov.net\/wp-content\/uploads\/Leter-urimi-nga-Presidenti-Macron.jpeg\" target=\"_blank\" rel=\"noopener\"><img fetchpriority=\"high\" decoding=\"async\" class=\"alignnone size-medium wp-image-153876\" src=\"https:\/\/president-ksgov.net\/wp-content\/uploads\/Leter-urimi-nga-Presidenti-Macron-218x300.jpeg\" alt=\"\" width=\"218\" height=\"300\" srcset=\"https:\/\/president-ksgov.net\/wp-content\/uploads\/Leter-urimi-nga-Presidenti-Macron-218x300.jpeg 218w, https:\/\/president-ksgov.net\/wp-content\/uploads\/Leter-urimi-nga-Presidenti-Macron-744x1024.jpeg 744w, https:\/\/president-ksgov.net\/wp-content\/uploads\/Leter-urimi-nga-Presidenti-Macron-768x1057.jpeg 768w, https:\/\/president-ksgov.net\/wp-content\/uploads\/Leter-urimi-nga-Presidenti-Macron-1116x1536.jpeg 1116w, https:\/\/president-ksgov.net\/wp-content\/uploads\/Leter-urimi-nga-Presidenti-Macron-327x450.jpeg 327w, https:\/\/president-ksgov.net\/wp-content\/uploads\/Leter-urimi-nga-Presidenti-Macron.jpeg 1162w\" sizes=\"(max-width: 218px) 100vw, 218px\" \/>\u00a0 <img decoding=\"async\" class=\"alignnone size-medium wp-image-153880\" src=\"https:\/\/president-ksgov.net\/wp-content\/uploads\/Leter-urimi-nga-Presidenti-Macron-2jpeg-221x300.jpeg\" alt=\"\" width=\"221\" height=\"300\" srcset=\"https:\/\/president-ksgov.net\/wp-content\/uploads\/Leter-urimi-nga-Presidenti-Macron-2jpeg-221x300.jpeg 221w, https:\/\/president-ksgov.net\/wp-content\/uploads\/Leter-urimi-nga-Presidenti-Macron-2jpeg-753x1024.jpeg 753w, https:\/\/president-ksgov.net\/wp-content\/uploads\/Leter-urimi-nga-Presidenti-Macron-2jpeg-768x1044.jpeg 768w, https:\/\/president-ksgov.net\/wp-content\/uploads\/Leter-urimi-nga-Presidenti-Macron-2jpeg-1130x1536.jpeg 1130w, https:\/\/president-ksgov.net\/wp-content\/uploads\/Leter-urimi-nga-Presidenti-Macron-2jpeg-331x450.jpeg 331w, https:\/\/president-ksgov.net\/wp-content\/uploads\/Leter-urimi-nga-Presidenti-Macron-2jpeg.jpeg 1177w\" sizes=\"(max-width: 221px) 100vw, 221px\" \/><\/a><\/p>\n","protected":false},"excerpt":{"rendered":"<p>Povodom 17. godi\u0161njice nezavisnosti Kosova, predsednik Republike Francuske Emmanuel Macron \u010destitao je predsednici Republike Kosovo Vjosi Osmani Sadriu, ponovo potvrdiv\u0161i podr\u0161ku Francuske nezavisnosti Kosova i evropskim integracijama. &nbsp; \u201eSuo\u010deni sa previranjima i fragmentacijom sveta, evropska perspektiva Kosova, kao i svih zemalja zapadnog Balkana, mora biti reafirmisana. Uveravam vas u podr\u0161ku Francuske da podr\u017ei va\u0161u zemlju na ovom putu\u201c, navodi se u \u010destitki predsednika Macrona. Dalje, u svojim \u010destitkama, on je izrazio nadu da dve zemlje mogu da nastave saradnju, posebno u pogledu organizacije Mediteranskih igara 2030. godine na Kosovu. &nbsp; \u201eFrancuska je spremna da vam pomogne da ovaj veliki doga\u0111aj u potpunosti uspe\u201c, navodi se u \u010destitki. &nbsp; U ovoj \u010destitki, predsednik Macron je zahvalio predsednici Osmani na u\u010de\u0161\u0107u na ceremoniji ponovnog otvaranja katedrale Notre-Dame. &nbsp; \u201eFrancuska ostaje posve\u0107en saveznik Kosova i nastavi\u0107e da podr\u017eava njegovu stabilnost, razvoj i evropsku perspektivu\u201c, napisao je, izme\u0111u ostalog, predsednik Macron u svojoj \u010destitki. \u00a0<\/p>\n","protected":false},"author":16,"featured_media":153872,"comment_status":"closed","ping_status":"closed","sticky":false,"template":"","format":"standard","meta":{"_eb_attr":"","footnotes":""},"categories":[101],"tags":[],"class_list":["post-154012","post","type-post","status-publish","format-standard","has-post-thumbnail","hentry","category-vesti"],"yoast_head":"<!-- This site is optimized with the Yoast SEO plugin v23.5 - https:\/\/yoast.com\/wordpress\/plugins\/seo\/ -->\n<title>Predsednik Macron \u010destitao predsednici Osmani 17. godi\u0161njicu nezavisnosti Kosova - Predsednik Republike Kosovo - DR. VJOSA OSMANI - SADRIU<\/title>\n<meta name=\"description\" content=\"Predsednik Macron \u010destitao predsednici Osmani 17. godi\u0161njicu nezavisnosti Kosova - Predsednik Republike Kosovo - DR. VJOSA OSMANI - SADRIU - Vesti\" \/>\n<meta name=\"robots\" content=\"index, follow, max-snippet:-1, max-image-preview:large, max-video-preview:-1\" \/>\n<link rel=\"canonical\" href=\"https:\/\/president-ksgov.net\/sr\/predsednik-macron-cestitao-predsednici-osmani-17-godisnjicu-nezavisnosti-kosova\/\" \/>\n<meta property=\"og:locale\" content=\"sr_RS\" \/>\n<meta property=\"og:type\" content=\"article\" \/>\n<meta property=\"og:title\" content=\"Predsednik Macron \u010destitao predsednici Osmani 17. godi\u0161njicu nezavisnosti Kosova - Predsednik Republike Kosovo - DR. VJOSA OSMANI - SADRIU\" \/>\n<meta property=\"og:description\" content=\"Predsednik Macron \u010destitao predsednici Osmani 17. godi\u0161njicu nezavisnosti Kosova - Predsednik Republike Kosovo - DR. VJOSA OSMANI - SADRIU - Vesti\" \/>\n<meta property=\"og:url\" content=\"https:\/\/president-ksgov.net\/sr\/predsednik-macron-cestitao-predsednici-osmani-17-godisnjicu-nezavisnosti-kosova\/\" \/>\n<meta property=\"og:site_name\" content=\"Predsednik Republike Kosovo - DR. VJOSA OSMANI - SADRIU\" \/>\n<meta property=\"article:published_time\" content=\"2025-02-16T18:32:55+00:00\" \/>\n<meta property=\"article:modified_time\" content=\"2025-02-16T19:00:57+00:00\" \/>\n<meta property=\"og:image\" content=\"https:\/\/president-ksgov.net\/wp-content\/uploads\/1-18.jpeg\" \/>\n\t<meta property=\"og:image:width\" content=\"1279\" \/>\n\t<meta property=\"og:image:height\" content=\"1600\" \/>\n\t<meta property=\"og:image:type\" content=\"image\/jpeg\" \/>\n<meta name=\"author\" content=\"Azim Rabby\" \/>\n<meta name=\"twitter:card\" content=\"summary_large_image\" \/>\n<meta name=\"twitter:label1\" content=\"\u041d\u0430\u043f\u0438\u0441\u0430\u043d\u043e \u043e\u0434\" \/>\n\t<meta name=\"twitter:data1\" content=\"Azim Rabby\" \/>\n\t<meta name=\"twitter:label2\" content=\"\u041f\u0440\u043e\u0446\u0435\u045a\u0435\u043d\u043e \u0432\u0440\u0435\u043c\u0435 \u0447\u0438\u0442\u0430\u045a\u0430\" \/>\n\t<meta name=\"twitter:data2\" content=\"2 \u043c\u0438\u043d\u0443\u0442\u0430\" \/>\n<script type=\"application\/ld+json\" class=\"yoast-schema-graph\">{\"@context\":\"https:\/\/schema.org\",\"@graph\":[{\"@type\":\"WebPage\",\"@id\":\"https:\/\/president-ksgov.net\/sr\/predsednik-macron-cestitao-predsednici-osmani-17-godisnjicu-nezavisnosti-kosova\/\",\"url\":\"https:\/\/president-ksgov.net\/sr\/predsednik-macron-cestitao-predsednici-osmani-17-godisnjicu-nezavisnosti-kosova\/\",\"name\":\"Predsednik Macron \u010destitao predsednici Osmani 17. godi\u0161njicu nezavisnosti Kosova - Predsednik Republike Kosovo - DR. VJOSA OSMANI - SADRIU\",\"isPartOf\":{\"@id\":\"https:\/\/president-ksgov.net\/#website\"},\"primaryImageOfPage\":{\"@id\":\"https:\/\/president-ksgov.net\/sr\/predsednik-macron-cestitao-predsednici-osmani-17-godisnjicu-nezavisnosti-kosova\/#primaryimage\"},\"image\":{\"@id\":\"https:\/\/president-ksgov.net\/sr\/predsednik-macron-cestitao-predsednici-osmani-17-godisnjicu-nezavisnosti-kosova\/#primaryimage\"},\"thumbnailUrl\":\"https:\/\/president-ksgov.net\/wp-content\/uploads\/1-18.jpeg\",\"datePublished\":\"2025-02-16T18:32:55+00:00\",\"dateModified\":\"2025-02-16T19:00:57+00:00\",\"author\":{\"@id\":\"https:\/\/president-ksgov.net\/#\/schema\/person\/46897fdfb3a2c4637c66776b267b09f6\"},\"description\":\"Predsednik Macron \u010destitao predsednici Osmani 17. godi\u0161njicu nezavisnosti Kosova - Predsednik Republike Kosovo - DR. VJOSA OSMANI - SADRIU - Vesti\",\"breadcrumb\":{\"@id\":\"https:\/\/president-ksgov.net\/sr\/predsednik-macron-cestitao-predsednici-osmani-17-godisnjicu-nezavisnosti-kosova\/#breadcrumb\"},\"inLanguage\":\"sr-RS\",\"potentialAction\":[{\"@type\":\"ReadAction\",\"target\":[\"https:\/\/president-ksgov.net\/sr\/predsednik-macron-cestitao-predsednici-osmani-17-godisnjicu-nezavisnosti-kosova\/\"]}]},{\"@type\":\"ImageObject\",\"inLanguage\":\"sr-RS\",\"@id\":\"https:\/\/president-ksgov.net\/sr\/predsednik-macron-cestitao-predsednici-osmani-17-godisnjicu-nezavisnosti-kosova\/#primaryimage\",\"url\":\"https:\/\/president-ksgov.net\/wp-content\/uploads\/1-18.jpeg\",\"contentUrl\":\"https:\/\/president-ksgov.net\/wp-content\/uploads\/1-18.jpeg\",\"width\":1279,\"height\":1600},{\"@type\":\"BreadcrumbList\",\"@id\":\"https:\/\/president-ksgov.net\/sr\/predsednik-macron-cestitao-predsednici-osmani-17-godisnjicu-nezavisnosti-kosova\/#breadcrumb\",\"itemListElement\":[{\"@type\":\"ListItem\",\"position\":1,\"name\":\"Home\",\"item\":\"https:\/\/president-ksgov.net\/sr\/\"},{\"@type\":\"ListItem\",\"position\":2,\"name\":\"Predsednik Macron \u010destitao predsednici Osmani 17. godi\u0161njicu nezavisnosti Kosova\"}]},{\"@type\":\"WebSite\",\"@id\":\"https:\/\/president-ksgov.net\/#website\",\"url\":\"https:\/\/president-ksgov.net\/\",\"name\":\"Presidente e Republik\u00ebs s\u00eb Kosov\u00ebs\",\"description\":\"Presidente e Republik\u00ebs s\u00eb Kosov\u00ebs\",\"alternateName\":\"DR. VJOSA OSMANI - SADRIU\",\"potentialAction\":[{\"@type\":\"SearchAction\",\"target\":{\"@type\":\"EntryPoint\",\"urlTemplate\":\"https:\/\/president-ksgov.net\/?s={search_term_string}\"},\"query-input\":{\"@type\":\"PropertyValueSpecification\",\"valueRequired\":true,\"valueName\":\"search_term_string\"}}],\"inLanguage\":\"sr-RS\"},{\"@type\":\"Person\",\"@id\":\"https:\/\/president-ksgov.net\/#\/schema\/person\/46897fdfb3a2c4637c66776b267b09f6\",\"name\":\"Azim Rabby\",\"image\":{\"@type\":\"ImageObject\",\"inLanguage\":\"sr-RS\",\"@id\":\"https:\/\/president-ksgov.net\/#\/schema\/person\/image\/\",\"url\":\"https:\/\/secure.gravatar.com\/avatar\/2e869d6e696f88891afa5dab0768da91bb4d2f829b32699cfb894a221f3d336b?s=96&d=mm&r=g\",\"contentUrl\":\"https:\/\/secure.gravatar.com\/avatar\/2e869d6e696f88891afa5dab0768da91bb4d2f829b32699cfb894a221f3d336b?s=96&d=mm&r=g\",\"caption\":\"Azim Rabby\"}}]}<\/script>\n<!-- \/ Yoast SEO plugin. -->","yoast_head_json":{"title":"Predsednik Macron \u010destitao predsednici Osmani 17. godi\u0161njicu nezavisnosti Kosova - Predsednik Republike Kosovo - DR. VJOSA OSMANI - SADRIU","description":"Predsednik Macron \u010destitao predsednici Osmani 17. godi\u0161njicu nezavisnosti Kosova - Predsednik Republike Kosovo - DR. VJOSA OSMANI - SADRIU - Vesti","robots":{"index":"index","follow":"follow","max-snippet":"max-snippet:-1","max-image-preview":"max-image-preview:large","max-video-preview":"max-video-preview:-1"},"canonical":"https:\/\/president-ksgov.net\/sr\/predsednik-macron-cestitao-predsednici-osmani-17-godisnjicu-nezavisnosti-kosova\/","og_locale":"sr_RS","og_type":"article","og_title":"Predsednik Macron \u010destitao predsednici Osmani 17. godi\u0161njicu nezavisnosti Kosova - Predsednik Republike Kosovo - DR. VJOSA OSMANI - SADRIU","og_description":"Predsednik Macron \u010destitao predsednici Osmani 17. godi\u0161njicu nezavisnosti Kosova - Predsednik Republike Kosovo - DR. VJOSA OSMANI - SADRIU - Vesti","og_url":"https:\/\/president-ksgov.net\/sr\/predsednik-macron-cestitao-predsednici-osmani-17-godisnjicu-nezavisnosti-kosova\/","og_site_name":"Predsednik Republike Kosovo - DR. VJOSA OSMANI - SADRIU","article_published_time":"2025-02-16T18:32:55+00:00","article_modified_time":"2025-02-16T19:00:57+00:00","og_image":[{"width":1279,"height":1600,"url":"https:\/\/president-ksgov.net\/wp-content\/uploads\/1-18.jpeg","type":"image\/jpeg"}],"author":"Azim Rabby","twitter_card":"summary_large_image","twitter_misc":{"\u041d\u0430\u043f\u0438\u0441\u0430\u043d\u043e \u043e\u0434":"Azim Rabby","\u041f\u0440\u043e\u0446\u0435\u045a\u0435\u043d\u043e \u0432\u0440\u0435\u043c\u0435 \u0447\u0438\u0442\u0430\u045a\u0430":"2 \u043c\u0438\u043d\u0443\u0442\u0430"},"schema":{"@context":"https:\/\/schema.org","@graph":[{"@type":"WebPage","@id":"https:\/\/president-ksgov.net\/sr\/predsednik-macron-cestitao-predsednici-osmani-17-godisnjicu-nezavisnosti-kosova\/","url":"https:\/\/president-ksgov.net\/sr\/predsednik-macron-cestitao-predsednici-osmani-17-godisnjicu-nezavisnosti-kosova\/","name":"Predsednik Macron \u010destitao predsednici Osmani 17. godi\u0161njicu nezavisnosti Kosova - Predsednik Republike Kosovo - DR. VJOSA OSMANI - SADRIU","isPartOf":{"@id":"https:\/\/president-ksgov.net\/#website"},"primaryImageOfPage":{"@id":"https:\/\/president-ksgov.net\/sr\/predsednik-macron-cestitao-predsednici-osmani-17-godisnjicu-nezavisnosti-kosova\/#primaryimage"},"image":{"@id":"https:\/\/president-ksgov.net\/sr\/predsednik-macron-cestitao-predsednici-osmani-17-godisnjicu-nezavisnosti-kosova\/#primaryimage"},"thumbnailUrl":"https:\/\/president-ksgov.net\/wp-content\/uploads\/1-18.jpeg","datePublished":"2025-02-16T18:32:55+00:00","dateModified":"2025-02-16T19:00:57+00:00","author":{"@id":"https:\/\/president-ksgov.net\/#\/schema\/person\/46897fdfb3a2c4637c66776b267b09f6"},"description":"Predsednik Macron \u010destitao predsednici Osmani 17. godi\u0161njicu nezavisnosti Kosova - Predsednik Republike Kosovo - DR. VJOSA OSMANI - SADRIU - Vesti","breadcrumb":{"@id":"https:\/\/president-ksgov.net\/sr\/predsednik-macron-cestitao-predsednici-osmani-17-godisnjicu-nezavisnosti-kosova\/#breadcrumb"},"inLanguage":"sr-RS","potentialAction":[{"@type":"ReadAction","target":["https:\/\/president-ksgov.net\/sr\/predsednik-macron-cestitao-predsednici-osmani-17-godisnjicu-nezavisnosti-kosova\/"]}]},{"@type":"ImageObject","inLanguage":"sr-RS","@id":"https:\/\/president-ksgov.net\/sr\/predsednik-macron-cestitao-predsednici-osmani-17-godisnjicu-nezavisnosti-kosova\/#primaryimage","url":"https:\/\/president-ksgov.net\/wp-content\/uploads\/1-18.jpeg","contentUrl":"https:\/\/president-ksgov.net\/wp-content\/uploads\/1-18.jpeg","width":1279,"height":1600},{"@type":"BreadcrumbList","@id":"https:\/\/president-ksgov.net\/sr\/predsednik-macron-cestitao-predsednici-osmani-17-godisnjicu-nezavisnosti-kosova\/#breadcrumb","itemListElement":[{"@type":"ListItem","position":1,"name":"Home","item":"https:\/\/president-ksgov.net\/sr\/"},{"@type":"ListItem","position":2,"name":"Predsednik Macron \u010destitao predsednici Osmani 17. godi\u0161njicu nezavisnosti Kosova"}]},{"@type":"WebSite","@id":"https:\/\/president-ksgov.net\/#website","url":"https:\/\/president-ksgov.net\/","name":"Presidente e Republik\u00ebs s\u00eb Kosov\u00ebs","description":"Presidente e Republik\u00ebs s\u00eb Kosov\u00ebs","alternateName":"DR. VJOSA OSMANI - SADRIU","potentialAction":[{"@type":"SearchAction","target":{"@type":"EntryPoint","urlTemplate":"https:\/\/president-ksgov.net\/?s={search_term_string}"},"query-input":{"@type":"PropertyValueSpecification","valueRequired":true,"valueName":"search_term_string"}}],"inLanguage":"sr-RS"},{"@type":"Person","@id":"https:\/\/president-ksgov.net\/#\/schema\/person\/46897fdfb3a2c4637c66776b267b09f6","name":"Azim Rabby","image":{"@type":"ImageObject","inLanguage":"sr-RS","@id":"https:\/\/president-ksgov.net\/#\/schema\/person\/image\/","url":"https:\/\/secure.gravatar.com\/avatar\/2e869d6e696f88891afa5dab0768da91bb4d2f829b32699cfb894a221f3d336b?s=96&d=mm&r=g","contentUrl":"https:\/\/secure.gravatar.com\/avatar\/2e869d6e696f88891afa5dab0768da91bb4d2f829b32699cfb894a221f3d336b?s=96&d=mm&r=g","caption":"Azim Rabby"}}]}},"_links":{"self":[{"href":"https:\/\/president-ksgov.net\/sr\/wp-json\/wp\/v2\/posts\/154012","targetHints":{"allow":["GET"]}}],"collection":[{"href":"https:\/\/president-ksgov.net\/sr\/wp-json\/wp\/v2\/posts"}],"about":[{"href":"https:\/\/president-ksgov.net\/sr\/wp-json\/wp\/v2\/types\/post"}],"author":[{"embeddable":true,"href":"https:\/\/president-ksgov.net\/sr\/wp-json\/wp\/v2\/users\/16"}],"replies":[{"embeddable":true,"href":"https:\/\/president-ksgov.net\/sr\/wp-json\/wp\/v2\/comments?post=154012"}],"version-history":[{"count":1,"href":"https:\/\/president-ksgov.net\/sr\/wp-json\/wp\/v2\/posts\/154012\/revisions"}],"predecessor-version":[{"id":154013,"href":"https:\/\/president-ksgov.net\/sr\/wp-json\/wp\/v2\/posts\/154012\/revisions\/154013"}],"wp:featuredmedia":[{"embeddable":true,"href":"https:\/\/president-ksgov.net\/sr\/wp-json\/wp\/v2\/media\/153872"}],"wp:attachment":[{"href":"https:\/\/president-ksgov.net\/sr\/wp-json\/wp\/v2\/media?parent=154012"}],"wp:term":[{"taxonomy":"category","embeddable":true,"href":"https:\/\/president-ksgov.net\/sr\/wp-json\/wp\/v2\/categories?post=154012"},{"taxonomy":"post_tag","embeddable":true,"href":"https:\/\/president-ksgov.net\/sr\/wp-json\/wp\/v2\/tags?post=154012"}],"curies":[{"name":"wp","href":"https:\/\/api.w.org\/{rel}","templated":true}]}}