{"id":153168,"date":"2025-02-08T10:26:32","date_gmt":"2025-02-08T09:26:32","guid":{"rendered":"https:\/\/president-ksgov.net\/?p=153168"},"modified":"2025-02-09T14:22:23","modified_gmt":"2025-02-09T13:22:23","slug":"rezime-posete-vasingtonu","status":"publish","type":"post","link":"https:\/\/president-ksgov.net\/sr\/rezime-posete-vasingtonu\/","title":{"rendered":"Rezime posete Va\u0161ingtonu"},"content":{"rendered":"<p>Tokom zvani\u010dne posete Va\u0161ingtonu, predsednica Vjosa Osmani odr\u017eala je niz sastanaka sa ameri\u010dkim zvani\u010dnicima i kongresmenima, i bila je jedan od glavnih gostiju na Molitvenom doru\u010dku. Tokom svog boravka u Va\u0161ingtonu predsednica Osmani je odr\u017eala:<\/p>\n<p>&nbsp;<\/p>\n<p>\u2022 Sastanak sa pomo\u0107nikom ameri\u010dkog dr\u017eavnog sekretara za evropska i evroazijska pitanja u Stejt departmentu Louisom Bonom;<\/p>\n<p>\u2022 Sastanak sa kongresmenom Brianom Mastom, predsednikom Komiteta za spoljne poslove u Predstavni\u010dkom domu SAD-a;<\/p>\n<p>\u2022 Sastanak sa kongresmenom Keithom Selfom, predsedavaju\u0107im Potkomiteta za Evropu u Klmisiji za spoljne poslove Predstavni\u010dkog doma;<\/p>\n<p>\u2022 Sastanak sa kongresmenom Mikeom Lawlerom;<\/p>\n<p>\u2022 Uvodno obra\u0107anje na Me\u0111unarodnom ru\u010dku organizovanom u okviru molitvenog doru\u010dka, pred hiljadama u\u010desnika, \u010diji je doma\u0107in Kongres SAD-a u Va\u0161ingtonu;<\/p>\n<p>\u2022 Govor na Me\u0111uparlamentarnom bezbednosnom forumu, gde je bila po\u010dasni gost;<\/p>\n<p>\u2022 Govor na ve\u010deri Organizacije mladih predsednika (Young Presidents Organization), u okviru Jutarnje molitve;<\/p>\n<p>\u2022 Sastanak sa nobelovcem i biv\u0161im izvr\u0161nim direktorom Svetskog programa za hranu UN-a, Davidom Beasleyem;<\/p>\n<p>\u2022 Sastanak sa liderima i stru\u010dnjacima iz The Heritage Foundation, jednog od najuticajnijih instituta u ameri\u010dkoj javnoj politici.<\/p>\n<p>&nbsp;<\/p>\n<p>Predsednica Osmani je tako\u0111e u\u010destvovala na:<\/p>\n<p>&nbsp;<\/p>\n<p>\u2022 Molitvenom doru\u010dku, gde je predsednik Tramp odr\u017eao govor;<\/p>\n<p>\u2022 Me\u0111unarodnom me\u0111uparlamentarnom ru\u010dku na Kapitol Hilu;<\/p>\n<p>\u2022 Uvodnoj ve\u010deri ovogodi\u0161njeg sastanka Molitvenog doru\u010dka.<\/p>\n<p>&nbsp;<\/p>\n<p>Tokom ovih aktivnosti, predsednica Osmani je imala priliku da se sastane sa kraljem i kraljicom Burundija, premijerom Fid\u017eija, potpredsednikom filipinskog parlamenta, biv\u0161im predsednicima i biv\u0161im premijerima iz celog sveta, kao i sa kongresmenima, guvernerima i liderima iz sveta biznisa.<\/p>\n<p>&nbsp;<\/p>\n<p>Predsednica Osmani je odr\u017eala i sastanke sa predstavnicima na\u0161e dijaspore u Sjedinjenim Ameri\u010dkim Dr\u017eavama.<\/p>\n","protected":false},"excerpt":{"rendered":"<p>Tokom zvani\u010dne posete Va\u0161ingtonu, predsednica Vjosa Osmani odr\u017eala je niz sastanaka sa ameri\u010dkim zvani\u010dnicima i kongresmenima, i bila je jedan od glavnih gostiju na Molitvenom doru\u010dku. Tokom svog boravka u Va\u0161ingtonu predsednica Osmani je odr\u017eala: &nbsp; \u2022 Sastanak sa pomo\u0107nikom ameri\u010dkog dr\u017eavnog sekretara za evropska i evroazijska pitanja u Stejt departmentu Louisom Bonom; \u2022 Sastanak sa kongresmenom Brianom Mastom, predsednikom Komiteta za spoljne poslove u Predstavni\u010dkom domu SAD-a; \u2022 Sastanak sa kongresmenom Keithom Selfom, predsedavaju\u0107im Potkomiteta za Evropu u Klmisiji za spoljne poslove Predstavni\u010dkog doma; \u2022 Sastanak sa kongresmenom Mikeom Lawlerom; \u2022 Uvodno obra\u0107anje na Me\u0111unarodnom ru\u010dku organizovanom u okviru molitvenog doru\u010dka, pred hiljadama u\u010desnika, \u010diji je doma\u0107in Kongres SAD-a u Va\u0161ingtonu; \u2022 Govor na Me\u0111uparlamentarnom bezbednosnom forumu, gde je bila po\u010dasni gost; \u2022 Govor na ve\u010deri Organizacije mladih predsednika (Young Presidents Organization), u okviru Jutarnje molitve; \u2022 Sastanak sa nobelovcem i biv\u0161im izvr\u0161nim direktorom Svetskog programa za hranu UN-a, Davidom Beasleyem; \u2022 Sastanak sa liderima i stru\u010dnjacima iz The Heritage Foundation, jednog od najuticajnijih instituta u ameri\u010dkoj javnoj politici. &nbsp; Predsednica Osmani je tako\u0111e u\u010destvovala na: &nbsp; \u2022 Molitvenom doru\u010dku, gde je predsednik Tramp odr\u017eao govor; \u2022 Me\u0111unarodnom me\u0111uparlamentarnom ru\u010dku na Kapitol Hilu; \u2022 Uvodnoj ve\u010deri ovogodi\u0161njeg sastanka Molitvenog doru\u010dka. &nbsp; Tokom ovih aktivnosti, predsednica Osmani je imala priliku da se sastane sa kraljem i kraljicom Burundija, premijerom Fid\u017eija, potpredsednikom filipinskog parlamenta, biv\u0161im predsednicima i biv\u0161im premijerima iz celog sveta, kao i sa kongresmenima, guvernerima i liderima iz sveta biznisa. &nbsp; Predsednica Osmani je odr\u017eala i sastanke sa predstavnicima na\u0161e dijaspore u Sjedinjenim Ameri\u010dkim Dr\u017eavama.<\/p>\n","protected":false},"author":9,"featured_media":152898,"comment_status":"closed","ping_status":"closed","sticky":false,"template":"","format":"standard","meta":{"_eb_attr":"","footnotes":""},"categories":[114,101],"tags":[],"class_list":["post-153168","post","type-post","status-publish","format-standard","has-post-thumbnail","hentry","category-medunarodne-posete","category-vesti"],"yoast_head":"<!-- This site is optimized with the Yoast SEO plugin v23.5 - https:\/\/yoast.com\/wordpress\/plugins\/seo\/ -->\n<title>Rezime posete Va\u0161ingtonu - Predsednik Republike Kosovo - DR. VJOSA OSMANI - SADRIU<\/title>\n<meta name=\"description\" content=\"Rezime posete Va\u0161ingtonu - Predsednik Republike Kosovo - DR. VJOSA OSMANI - SADRIU - Me\u0111unarodne posete\" \/>\n<meta name=\"robots\" content=\"index, follow, max-snippet:-1, max-image-preview:large, max-video-preview:-1\" \/>\n<link rel=\"canonical\" href=\"https:\/\/president-ksgov.net\/sr\/rezime-posete-vasingtonu\/\" \/>\n<meta property=\"og:locale\" content=\"sr_RS\" \/>\n<meta property=\"og:type\" content=\"article\" \/>\n<meta property=\"og:title\" content=\"Rezime posete Va\u0161ingtonu - Predsednik Republike Kosovo - DR. VJOSA OSMANI - SADRIU\" \/>\n<meta property=\"og:description\" content=\"Rezime posete Va\u0161ingtonu - Predsednik Republike Kosovo - DR. VJOSA OSMANI - SADRIU - Me\u0111unarodne posete\" \/>\n<meta property=\"og:url\" content=\"https:\/\/president-ksgov.net\/sr\/rezime-posete-vasingtonu\/\" \/>\n<meta property=\"og:site_name\" content=\"Predsednik Republike Kosovo - DR. VJOSA OSMANI - SADRIU\" \/>\n<meta property=\"article:published_time\" content=\"2025-02-08T09:26:32+00:00\" \/>\n<meta property=\"article:modified_time\" content=\"2025-02-09T13:22:23+00:00\" \/>\n<meta property=\"og:image\" content=\"https:\/\/president-ksgov.net\/wp-content\/uploads\/Permbledhja-e-Vizites-ne-Washington-D.C.-1.jpg\" \/>\n\t<meta property=\"og:image:width\" content=\"2048\" \/>\n\t<meta property=\"og:image:height\" content=\"1365\" \/>\n\t<meta property=\"og:image:type\" content=\"image\/jpeg\" \/>\n<meta name=\"author\" content=\"Florent Rrahmani\" \/>\n<meta name=\"twitter:card\" content=\"summary_large_image\" \/>\n<meta name=\"twitter:label1\" content=\"\u041d\u0430\u043f\u0438\u0441\u0430\u043d\u043e \u043e\u0434\" \/>\n\t<meta name=\"twitter:data1\" content=\"Florent Rrahmani\" \/>\n\t<meta name=\"twitter:label2\" content=\"\u041f\u0440\u043e\u0446\u0435\u045a\u0435\u043d\u043e \u0432\u0440\u0435\u043c\u0435 \u0447\u0438\u0442\u0430\u045a\u0430\" \/>\n\t<meta name=\"twitter:data2\" content=\"2 \u043c\u0438\u043d\u0443\u0442\u0430\" \/>\n<script type=\"application\/ld+json\" class=\"yoast-schema-graph\">{\"@context\":\"https:\/\/schema.org\",\"@graph\":[{\"@type\":\"WebPage\",\"@id\":\"https:\/\/president-ksgov.net\/sr\/rezime-posete-vasingtonu\/\",\"url\":\"https:\/\/president-ksgov.net\/sr\/rezime-posete-vasingtonu\/\",\"name\":\"Rezime posete Va\u0161ingtonu - Predsednik Republike Kosovo - DR. VJOSA OSMANI - SADRIU\",\"isPartOf\":{\"@id\":\"https:\/\/president-ksgov.net\/#website\"},\"primaryImageOfPage\":{\"@id\":\"https:\/\/president-ksgov.net\/sr\/rezime-posete-vasingtonu\/#primaryimage\"},\"image\":{\"@id\":\"https:\/\/president-ksgov.net\/sr\/rezime-posete-vasingtonu\/#primaryimage\"},\"thumbnailUrl\":\"https:\/\/president-ksgov.net\/wp-content\/uploads\/Permbledhja-e-Vizites-ne-Washington-D.C.-1.jpg\",\"datePublished\":\"2025-02-08T09:26:32+00:00\",\"dateModified\":\"2025-02-09T13:22:23+00:00\",\"author\":{\"@id\":\"https:\/\/president-ksgov.net\/#\/schema\/person\/7c46f744a99d3f1616b92658282aa934\"},\"description\":\"Rezime posete Va\u0161ingtonu - Predsednik Republike Kosovo - DR. VJOSA OSMANI - SADRIU - Me\u0111unarodne posete\",\"breadcrumb\":{\"@id\":\"https:\/\/president-ksgov.net\/sr\/rezime-posete-vasingtonu\/#breadcrumb\"},\"inLanguage\":\"sr-RS\",\"potentialAction\":[{\"@type\":\"ReadAction\",\"target\":[\"https:\/\/president-ksgov.net\/sr\/rezime-posete-vasingtonu\/\"]}]},{\"@type\":\"ImageObject\",\"inLanguage\":\"sr-RS\",\"@id\":\"https:\/\/president-ksgov.net\/sr\/rezime-posete-vasingtonu\/#primaryimage\",\"url\":\"https:\/\/president-ksgov.net\/wp-content\/uploads\/Permbledhja-e-Vizites-ne-Washington-D.C.-1.jpg\",\"contentUrl\":\"https:\/\/president-ksgov.net\/wp-content\/uploads\/Permbledhja-e-Vizites-ne-Washington-D.C.-1.jpg\",\"width\":2048,\"height\":1365},{\"@type\":\"BreadcrumbList\",\"@id\":\"https:\/\/president-ksgov.net\/sr\/rezime-posete-vasingtonu\/#breadcrumb\",\"itemListElement\":[{\"@type\":\"ListItem\",\"position\":1,\"name\":\"Home\",\"item\":\"https:\/\/president-ksgov.net\/sr\/\"},{\"@type\":\"ListItem\",\"position\":2,\"name\":\"Rezime posete Va\u0161ingtonu\"}]},{\"@type\":\"WebSite\",\"@id\":\"https:\/\/president-ksgov.net\/#website\",\"url\":\"https:\/\/president-ksgov.net\/\",\"name\":\"Presidente e Republik\u00ebs s\u00eb Kosov\u00ebs\",\"description\":\"Presidente e Republik\u00ebs s\u00eb Kosov\u00ebs\",\"alternateName\":\"DR. VJOSA OSMANI - SADRIU\",\"potentialAction\":[{\"@type\":\"SearchAction\",\"target\":{\"@type\":\"EntryPoint\",\"urlTemplate\":\"https:\/\/president-ksgov.net\/?s={search_term_string}\"},\"query-input\":{\"@type\":\"PropertyValueSpecification\",\"valueRequired\":true,\"valueName\":\"search_term_string\"}}],\"inLanguage\":\"sr-RS\"},{\"@type\":\"Person\",\"@id\":\"https:\/\/president-ksgov.net\/#\/schema\/person\/7c46f744a99d3f1616b92658282aa934\",\"name\":\"Florent Rrahmani\",\"image\":{\"@type\":\"ImageObject\",\"inLanguage\":\"sr-RS\",\"@id\":\"https:\/\/president-ksgov.net\/#\/schema\/person\/image\/\",\"url\":\"https:\/\/secure.gravatar.com\/avatar\/2545924aa250de68ac8368367a79b663e59571cd131611f54c89b0613a94e230?s=96&d=mm&r=g\",\"contentUrl\":\"https:\/\/secure.gravatar.com\/avatar\/2545924aa250de68ac8368367a79b663e59571cd131611f54c89b0613a94e230?s=96&d=mm&r=g\",\"caption\":\"Florent Rrahmani\"}}]}<\/script>\n<!-- \/ Yoast SEO plugin. -->","yoast_head_json":{"title":"Rezime posete Va\u0161ingtonu - Predsednik Republike Kosovo - DR. VJOSA OSMANI - SADRIU","description":"Rezime posete Va\u0161ingtonu - Predsednik Republike Kosovo - DR. VJOSA OSMANI - SADRIU - Me\u0111unarodne posete","robots":{"index":"index","follow":"follow","max-snippet":"max-snippet:-1","max-image-preview":"max-image-preview:large","max-video-preview":"max-video-preview:-1"},"canonical":"https:\/\/president-ksgov.net\/sr\/rezime-posete-vasingtonu\/","og_locale":"sr_RS","og_type":"article","og_title":"Rezime posete Va\u0161ingtonu - Predsednik Republike Kosovo - DR. VJOSA OSMANI - SADRIU","og_description":"Rezime posete Va\u0161ingtonu - Predsednik Republike Kosovo - DR. VJOSA OSMANI - SADRIU - Me\u0111unarodne posete","og_url":"https:\/\/president-ksgov.net\/sr\/rezime-posete-vasingtonu\/","og_site_name":"Predsednik Republike Kosovo - DR. VJOSA OSMANI - SADRIU","article_published_time":"2025-02-08T09:26:32+00:00","article_modified_time":"2025-02-09T13:22:23+00:00","og_image":[{"width":2048,"height":1365,"url":"https:\/\/president-ksgov.net\/wp-content\/uploads\/Permbledhja-e-Vizites-ne-Washington-D.C.-1.jpg","type":"image\/jpeg"}],"author":"Florent Rrahmani","twitter_card":"summary_large_image","twitter_misc":{"\u041d\u0430\u043f\u0438\u0441\u0430\u043d\u043e \u043e\u0434":"Florent Rrahmani","\u041f\u0440\u043e\u0446\u0435\u045a\u0435\u043d\u043e \u0432\u0440\u0435\u043c\u0435 \u0447\u0438\u0442\u0430\u045a\u0430":"2 \u043c\u0438\u043d\u0443\u0442\u0430"},"schema":{"@context":"https:\/\/schema.org","@graph":[{"@type":"WebPage","@id":"https:\/\/president-ksgov.net\/sr\/rezime-posete-vasingtonu\/","url":"https:\/\/president-ksgov.net\/sr\/rezime-posete-vasingtonu\/","name":"Rezime posete Va\u0161ingtonu - Predsednik Republike Kosovo - DR. VJOSA OSMANI - SADRIU","isPartOf":{"@id":"https:\/\/president-ksgov.net\/#website"},"primaryImageOfPage":{"@id":"https:\/\/president-ksgov.net\/sr\/rezime-posete-vasingtonu\/#primaryimage"},"image":{"@id":"https:\/\/president-ksgov.net\/sr\/rezime-posete-vasingtonu\/#primaryimage"},"thumbnailUrl":"https:\/\/president-ksgov.net\/wp-content\/uploads\/Permbledhja-e-Vizites-ne-Washington-D.C.-1.jpg","datePublished":"2025-02-08T09:26:32+00:00","dateModified":"2025-02-09T13:22:23+00:00","author":{"@id":"https:\/\/president-ksgov.net\/#\/schema\/person\/7c46f744a99d3f1616b92658282aa934"},"description":"Rezime posete Va\u0161ingtonu - Predsednik Republike Kosovo - DR. VJOSA OSMANI - SADRIU - Me\u0111unarodne posete","breadcrumb":{"@id":"https:\/\/president-ksgov.net\/sr\/rezime-posete-vasingtonu\/#breadcrumb"},"inLanguage":"sr-RS","potentialAction":[{"@type":"ReadAction","target":["https:\/\/president-ksgov.net\/sr\/rezime-posete-vasingtonu\/"]}]},{"@type":"ImageObject","inLanguage":"sr-RS","@id":"https:\/\/president-ksgov.net\/sr\/rezime-posete-vasingtonu\/#primaryimage","url":"https:\/\/president-ksgov.net\/wp-content\/uploads\/Permbledhja-e-Vizites-ne-Washington-D.C.-1.jpg","contentUrl":"https:\/\/president-ksgov.net\/wp-content\/uploads\/Permbledhja-e-Vizites-ne-Washington-D.C.-1.jpg","width":2048,"height":1365},{"@type":"BreadcrumbList","@id":"https:\/\/president-ksgov.net\/sr\/rezime-posete-vasingtonu\/#breadcrumb","itemListElement":[{"@type":"ListItem","position":1,"name":"Home","item":"https:\/\/president-ksgov.net\/sr\/"},{"@type":"ListItem","position":2,"name":"Rezime posete Va\u0161ingtonu"}]},{"@type":"WebSite","@id":"https:\/\/president-ksgov.net\/#website","url":"https:\/\/president-ksgov.net\/","name":"Presidente e Republik\u00ebs s\u00eb Kosov\u00ebs","description":"Presidente e Republik\u00ebs s\u00eb Kosov\u00ebs","alternateName":"DR. VJOSA OSMANI - SADRIU","potentialAction":[{"@type":"SearchAction","target":{"@type":"EntryPoint","urlTemplate":"https:\/\/president-ksgov.net\/?s={search_term_string}"},"query-input":{"@type":"PropertyValueSpecification","valueRequired":true,"valueName":"search_term_string"}}],"inLanguage":"sr-RS"},{"@type":"Person","@id":"https:\/\/president-ksgov.net\/#\/schema\/person\/7c46f744a99d3f1616b92658282aa934","name":"Florent Rrahmani","image":{"@type":"ImageObject","inLanguage":"sr-RS","@id":"https:\/\/president-ksgov.net\/#\/schema\/person\/image\/","url":"https:\/\/secure.gravatar.com\/avatar\/2545924aa250de68ac8368367a79b663e59571cd131611f54c89b0613a94e230?s=96&d=mm&r=g","contentUrl":"https:\/\/secure.gravatar.com\/avatar\/2545924aa250de68ac8368367a79b663e59571cd131611f54c89b0613a94e230?s=96&d=mm&r=g","caption":"Florent Rrahmani"}}]}},"_links":{"self":[{"href":"https:\/\/president-ksgov.net\/sr\/wp-json\/wp\/v2\/posts\/153168","targetHints":{"allow":["GET"]}}],"collection":[{"href":"https:\/\/president-ksgov.net\/sr\/wp-json\/wp\/v2\/posts"}],"about":[{"href":"https:\/\/president-ksgov.net\/sr\/wp-json\/wp\/v2\/types\/post"}],"author":[{"embeddable":true,"href":"https:\/\/president-ksgov.net\/sr\/wp-json\/wp\/v2\/users\/9"}],"replies":[{"embeddable":true,"href":"https:\/\/president-ksgov.net\/sr\/wp-json\/wp\/v2\/comments?post=153168"}],"version-history":[{"count":1,"href":"https:\/\/president-ksgov.net\/sr\/wp-json\/wp\/v2\/posts\/153168\/revisions"}],"predecessor-version":[{"id":153169,"href":"https:\/\/president-ksgov.net\/sr\/wp-json\/wp\/v2\/posts\/153168\/revisions\/153169"}],"wp:featuredmedia":[{"embeddable":true,"href":"https:\/\/president-ksgov.net\/sr\/wp-json\/wp\/v2\/media\/152898"}],"wp:attachment":[{"href":"https:\/\/president-ksgov.net\/sr\/wp-json\/wp\/v2\/media?parent=153168"}],"wp:term":[{"taxonomy":"category","embeddable":true,"href":"https:\/\/president-ksgov.net\/sr\/wp-json\/wp\/v2\/categories?post=153168"},{"taxonomy":"post_tag","embeddable":true,"href":"https:\/\/president-ksgov.net\/sr\/wp-json\/wp\/v2\/tags?post=153168"}],"curies":[{"name":"wp","href":"https:\/\/api.w.org\/{rel}","templated":true}]}}