{"id":152769,"date":"2025-02-05T22:21:17","date_gmt":"2025-02-05T21:21:17","guid":{"rendered":"https:\/\/president-ksgov.net\/?p=152769"},"modified":"2025-02-06T09:39:05","modified_gmt":"2025-02-06T08:39:05","slug":"predsednica-osmani-pocasna-gosca-na-medunarodnom-meduparlamentarnom-rucku-na-kapitol-hilu-i-na-meduparlamentarnom-bezbednosnom-forumu-u-vasingtonu","status":"publish","type":"post","link":"https:\/\/president-ksgov.net\/sr\/predsednica-osmani-pocasna-gosca-na-medunarodnom-meduparlamentarnom-rucku-na-kapitol-hilu-i-na-meduparlamentarnom-bezbednosnom-forumu-u-vasingtonu\/","title":{"rendered":"Predsednica Osmani po\u010dasna go\u0161\u0107a na Me\u0111unarodnom me\u0111uparlamentarnom ru\u010dku na Kapitol Hilu i na Me\u0111uparlamentarnom bezbednosnom forumu u Va\u0161ingtonu"},"content":{"rendered":"<p>Predsednica Republike Kosovo Vjosa Osmani u\u010destvovala je danas na Me\u0111unarodnom me\u0111uparlamentarnom ru\u010dku na Kapitol Hilu, kao po\u010dastvovana go\u0161\u0107a, i obratila se na Me\u0111uparlamentarnom bezbednosnom forumu.<\/p>\n<p>Tokom Me\u0111unarodnog me\u0111uparlamentarnog ru\u010dka, organizovanog u okviru Godi\u0161njeg nacionalnog molitvenog sastanka, predsednica Osmani je govorila o putu kosovskog naroda od najve\u0107ih izazova do dana\u0161njih dostignu\u0107a, kao i o nepokolebljivom anga\u017eovanju u borbi protiv zlo\u0107udnih sila i uticaja na Kosovu.<\/p>\n<p>Na Me\u0111unarodni me\u0111uparlamentarni ru\u010dak, predsednica je pozvana pored kralja i kraljice Burundija, premijera Fid\u017eija, kao i brojnih ameri\u010dkih kongresmena, ministara i poslanika iz celog sveta. Ona je ovom prilikom imala priliku da sa njima razgovara o produbljivanju bilateralnih odnosa.<\/p>\n<p>A na Me\u0111uparlamentarnom bezbednosnom forumu, predsednica Osmani se fokusirala na strate\u0161ku ulogu Kosova u borbi protiv malignih uticaja Kine, Rusije i Irana, nagla\u0161avaju\u0107i nepokolebljivo partnerstvo sa Sjedinjenim Ameri\u010dkim Dr\u017eavama.<\/p>\n<p>\u201eAmeri\u010dka ulaganja i anga\u017eovanje na Kosovu, osim \u0161to doprinose na\u0161oj bezbednosti i razvoju, tako\u0111e su u skladu sa ciljevima Trampove administracije. Ovo bi tako\u0111e spre\u010dilo \u0161irenje ruskog hibridnog ratovanja, ideolo\u0161ki uticaj Irana i ekonomski pritisak Kine u regionu. \u201eKosovo je nepokolebljiv saveznik koji ja\u010da uticaj SAD-a u Evropi i na Balkanu\u201c, naglasila je predsednica Osmani.<\/p>\n<p>Prema re\u010dima predsednice Osmani, Kosovo je strate\u0161ka vrednost za Sjedinjene Dr\u017eave u suo\u010davanju sa destabilizuju\u0107im uticajima u Evropi i ostaje u potpunosti posve\u0107eno strate\u0161kim interesima Sjedinjenih Dr\u017eava.<\/p>\n<p>Izme\u0111u ostalog, predsednica Osmani je ponovila zna\u010daj ameri\u010dkih investicija i ulaganja u kriti\u010dnu infrastrukturu Kosova, obezbe\u0111uju\u0107i energetsku nezavisnost zemlje i odr\u017eiv ekonomski razvoj.<\/p>\n","protected":false},"excerpt":{"rendered":"<p>Predsednica Republike Kosovo Vjosa Osmani u\u010destvovala je danas na Me\u0111unarodnom me\u0111uparlamentarnom ru\u010dku na Kapitol Hilu, kao po\u010dastvovana go\u0161\u0107a, i obratila se na Me\u0111uparlamentarnom bezbednosnom forumu. Tokom Me\u0111unarodnog me\u0111uparlamentarnog ru\u010dka, organizovanog u okviru Godi\u0161njeg nacionalnog molitvenog sastanka, predsednica Osmani je govorila o putu kosovskog naroda od najve\u0107ih izazova do dana\u0161njih dostignu\u0107a, kao i o nepokolebljivom anga\u017eovanju u borbi protiv zlo\u0107udnih sila i uticaja na Kosovu. Na Me\u0111unarodni me\u0111uparlamentarni ru\u010dak, predsednica je pozvana pored kralja i kraljice Burundija, premijera Fid\u017eija, kao i brojnih ameri\u010dkih kongresmena, ministara i poslanika iz celog sveta. Ona je ovom prilikom imala priliku da sa njima razgovara o produbljivanju bilateralnih odnosa. A na Me\u0111uparlamentarnom bezbednosnom forumu, predsednica Osmani se fokusirala na strate\u0161ku ulogu Kosova u borbi protiv malignih uticaja Kine, Rusije i Irana, nagla\u0161avaju\u0107i nepokolebljivo partnerstvo sa Sjedinjenim Ameri\u010dkim Dr\u017eavama. \u201eAmeri\u010dka ulaganja i anga\u017eovanje na Kosovu, osim \u0161to doprinose na\u0161oj bezbednosti i razvoju, tako\u0111e su u skladu sa ciljevima Trampove administracije. Ovo bi tako\u0111e spre\u010dilo \u0161irenje ruskog hibridnog ratovanja, ideolo\u0161ki uticaj Irana i ekonomski pritisak Kine u regionu. \u201eKosovo je nepokolebljiv saveznik koji ja\u010da uticaj SAD-a u Evropi i na Balkanu\u201c, naglasila je predsednica Osmani. Prema re\u010dima predsednice Osmani, Kosovo je strate\u0161ka vrednost za Sjedinjene Dr\u017eave u suo\u010davanju sa destabilizuju\u0107im uticajima u Evropi i ostaje u potpunosti posve\u0107eno strate\u0161kim interesima Sjedinjenih Dr\u017eava. Izme\u0111u ostalog, predsednica Osmani je ponovila zna\u010daj ameri\u010dkih investicija i ulaganja u kriti\u010dnu infrastrukturu Kosova, obezbe\u0111uju\u0107i energetsku nezavisnost zemlje i odr\u017eiv ekonomski razvoj.<\/p>\n","protected":false},"author":9,"featured_media":152704,"comment_status":"closed","ping_status":"closed","sticky":false,"template":"","format":"standard","meta":{"_eb_attr":"","footnotes":""},"categories":[114,101],"tags":[],"class_list":["post-152769","post","type-post","status-publish","format-standard","has-post-thumbnail","hentry","category-medunarodne-posete","category-vesti"],"yoast_head":"<!-- This site is optimized with the Yoast SEO plugin v23.5 - https:\/\/yoast.com\/wordpress\/plugins\/seo\/ -->\n<title>Predsednica Osmani po\u010dasna go\u0161\u0107a na Me\u0111unarodnom me\u0111uparlamentarnom ru\u010dku na Kapitol Hilu i na Me\u0111uparlamentarnom bezbednosnom forumu u Va\u0161ingtonu - Predsednik Republike Kosovo - DR. VJOSA OSMANI - SADRIU<\/title>\n<meta name=\"description\" content=\"Predsednica Osmani po\u010dasna go\u0161\u0107a na Me\u0111unarodnom me\u0111uparlamentarnom ru\u010dku na Kapitol Hilu i na Me\u0111uparlamentarnom bezbednosnom forumu u Va\u0161ingtonu - Predsednik Republike Kosovo - DR. VJOSA OSMANI - SADRIU - Me\u0111unarodne posete\" \/>\n<meta name=\"robots\" content=\"index, follow, max-snippet:-1, max-image-preview:large, max-video-preview:-1\" \/>\n<link rel=\"canonical\" href=\"https:\/\/president-ksgov.net\/sr\/predsednica-osmani-pocasna-gosca-na-medunarodnom-meduparlamentarnom-rucku-na-kapitol-hilu-i-na-meduparlamentarnom-bezbednosnom-forumu-u-vasingtonu\/\" \/>\n<meta property=\"og:locale\" content=\"sr_RS\" \/>\n<meta property=\"og:type\" content=\"article\" \/>\n<meta property=\"og:title\" content=\"Predsednica Osmani po\u010dasna go\u0161\u0107a na Me\u0111unarodnom me\u0111uparlamentarnom ru\u010dku na Kapitol Hilu i na Me\u0111uparlamentarnom bezbednosnom forumu u Va\u0161ingtonu - Predsednik Republike Kosovo - DR. VJOSA OSMANI - SADRIU\" \/>\n<meta property=\"og:description\" content=\"Predsednica Osmani po\u010dasna go\u0161\u0107a na Me\u0111unarodnom me\u0111uparlamentarnom ru\u010dku na Kapitol Hilu i na Me\u0111uparlamentarnom bezbednosnom forumu u Va\u0161ingtonu - Predsednik Republike Kosovo - DR. VJOSA OSMANI - SADRIU - Me\u0111unarodne posete\" \/>\n<meta property=\"og:url\" content=\"https:\/\/president-ksgov.net\/sr\/predsednica-osmani-pocasna-gosca-na-medunarodnom-meduparlamentarnom-rucku-na-kapitol-hilu-i-na-meduparlamentarnom-bezbednosnom-forumu-u-vasingtonu\/\" \/>\n<meta property=\"og:site_name\" content=\"Predsednik Republike Kosovo - DR. VJOSA OSMANI - SADRIU\" \/>\n<meta property=\"article:published_time\" content=\"2025-02-05T21:21:17+00:00\" \/>\n<meta property=\"article:modified_time\" content=\"2025-02-06T08:39:05+00:00\" \/>\n<meta property=\"og:image\" content=\"https:\/\/president-ksgov.net\/wp-content\/uploads\/1-341-scaled.jpg\" \/>\n\t<meta property=\"og:image:width\" content=\"2560\" \/>\n\t<meta property=\"og:image:height\" content=\"2010\" \/>\n\t<meta property=\"og:image:type\" content=\"image\/jpeg\" \/>\n<meta name=\"author\" content=\"Florent Rrahmani\" \/>\n<meta name=\"twitter:card\" content=\"summary_large_image\" \/>\n<meta name=\"twitter:label1\" content=\"\u041d\u0430\u043f\u0438\u0441\u0430\u043d\u043e \u043e\u0434\" \/>\n\t<meta name=\"twitter:data1\" content=\"Florent Rrahmani\" \/>\n\t<meta name=\"twitter:label2\" content=\"\u041f\u0440\u043e\u0446\u0435\u045a\u0435\u043d\u043e \u0432\u0440\u0435\u043c\u0435 \u0447\u0438\u0442\u0430\u045a\u0430\" \/>\n\t<meta name=\"twitter:data2\" content=\"2 \u043c\u0438\u043d\u0443\u0442\u0430\" \/>\n<script type=\"application\/ld+json\" class=\"yoast-schema-graph\">{\"@context\":\"https:\/\/schema.org\",\"@graph\":[{\"@type\":\"WebPage\",\"@id\":\"https:\/\/president-ksgov.net\/sr\/predsednica-osmani-pocasna-gosca-na-medunarodnom-meduparlamentarnom-rucku-na-kapitol-hilu-i-na-meduparlamentarnom-bezbednosnom-forumu-u-vasingtonu\/\",\"url\":\"https:\/\/president-ksgov.net\/sr\/predsednica-osmani-pocasna-gosca-na-medunarodnom-meduparlamentarnom-rucku-na-kapitol-hilu-i-na-meduparlamentarnom-bezbednosnom-forumu-u-vasingtonu\/\",\"name\":\"Predsednica Osmani po\u010dasna go\u0161\u0107a na Me\u0111unarodnom me\u0111uparlamentarnom ru\u010dku na Kapitol Hilu i na Me\u0111uparlamentarnom bezbednosnom forumu u Va\u0161ingtonu - Predsednik Republike Kosovo - DR. VJOSA OSMANI - SADRIU\",\"isPartOf\":{\"@id\":\"https:\/\/president-ksgov.net\/#website\"},\"primaryImageOfPage\":{\"@id\":\"https:\/\/president-ksgov.net\/sr\/predsednica-osmani-pocasna-gosca-na-medunarodnom-meduparlamentarnom-rucku-na-kapitol-hilu-i-na-meduparlamentarnom-bezbednosnom-forumu-u-vasingtonu\/#primaryimage\"},\"image\":{\"@id\":\"https:\/\/president-ksgov.net\/sr\/predsednica-osmani-pocasna-gosca-na-medunarodnom-meduparlamentarnom-rucku-na-kapitol-hilu-i-na-meduparlamentarnom-bezbednosnom-forumu-u-vasingtonu\/#primaryimage\"},\"thumbnailUrl\":\"https:\/\/president-ksgov.net\/wp-content\/uploads\/1-341-scaled.jpg\",\"datePublished\":\"2025-02-05T21:21:17+00:00\",\"dateModified\":\"2025-02-06T08:39:05+00:00\",\"author\":{\"@id\":\"https:\/\/president-ksgov.net\/#\/schema\/person\/7c46f744a99d3f1616b92658282aa934\"},\"description\":\"Predsednica Osmani po\u010dasna go\u0161\u0107a na Me\u0111unarodnom me\u0111uparlamentarnom ru\u010dku na Kapitol Hilu i na Me\u0111uparlamentarnom bezbednosnom forumu u Va\u0161ingtonu - Predsednik Republike Kosovo - DR. VJOSA OSMANI - SADRIU - Me\u0111unarodne posete\",\"breadcrumb\":{\"@id\":\"https:\/\/president-ksgov.net\/sr\/predsednica-osmani-pocasna-gosca-na-medunarodnom-meduparlamentarnom-rucku-na-kapitol-hilu-i-na-meduparlamentarnom-bezbednosnom-forumu-u-vasingtonu\/#breadcrumb\"},\"inLanguage\":\"sr-RS\",\"potentialAction\":[{\"@type\":\"ReadAction\",\"target\":[\"https:\/\/president-ksgov.net\/sr\/predsednica-osmani-pocasna-gosca-na-medunarodnom-meduparlamentarnom-rucku-na-kapitol-hilu-i-na-meduparlamentarnom-bezbednosnom-forumu-u-vasingtonu\/\"]}]},{\"@type\":\"ImageObject\",\"inLanguage\":\"sr-RS\",\"@id\":\"https:\/\/president-ksgov.net\/sr\/predsednica-osmani-pocasna-gosca-na-medunarodnom-meduparlamentarnom-rucku-na-kapitol-hilu-i-na-meduparlamentarnom-bezbednosnom-forumu-u-vasingtonu\/#primaryimage\",\"url\":\"https:\/\/president-ksgov.net\/wp-content\/uploads\/1-341-scaled.jpg\",\"contentUrl\":\"https:\/\/president-ksgov.net\/wp-content\/uploads\/1-341-scaled.jpg\",\"width\":2560,\"height\":2010},{\"@type\":\"BreadcrumbList\",\"@id\":\"https:\/\/president-ksgov.net\/sr\/predsednica-osmani-pocasna-gosca-na-medunarodnom-meduparlamentarnom-rucku-na-kapitol-hilu-i-na-meduparlamentarnom-bezbednosnom-forumu-u-vasingtonu\/#breadcrumb\",\"itemListElement\":[{\"@type\":\"ListItem\",\"position\":1,\"name\":\"Home\",\"item\":\"https:\/\/president-ksgov.net\/sr\/\"},{\"@type\":\"ListItem\",\"position\":2,\"name\":\"Predsednica Osmani po\u010dasna go\u0161\u0107a na Me\u0111unarodnom me\u0111uparlamentarnom ru\u010dku na Kapitol Hilu i na Me\u0111uparlamentarnom bezbednosnom forumu u Va\u0161ingtonu\"}]},{\"@type\":\"WebSite\",\"@id\":\"https:\/\/president-ksgov.net\/#website\",\"url\":\"https:\/\/president-ksgov.net\/\",\"name\":\"Presidente e Republik\u00ebs s\u00eb Kosov\u00ebs\",\"description\":\"Presidente e Republik\u00ebs s\u00eb Kosov\u00ebs\",\"alternateName\":\"DR. VJOSA OSMANI - SADRIU\",\"potentialAction\":[{\"@type\":\"SearchAction\",\"target\":{\"@type\":\"EntryPoint\",\"urlTemplate\":\"https:\/\/president-ksgov.net\/?s={search_term_string}\"},\"query-input\":{\"@type\":\"PropertyValueSpecification\",\"valueRequired\":true,\"valueName\":\"search_term_string\"}}],\"inLanguage\":\"sr-RS\"},{\"@type\":\"Person\",\"@id\":\"https:\/\/president-ksgov.net\/#\/schema\/person\/7c46f744a99d3f1616b92658282aa934\",\"name\":\"Florent Rrahmani\",\"image\":{\"@type\":\"ImageObject\",\"inLanguage\":\"sr-RS\",\"@id\":\"https:\/\/president-ksgov.net\/#\/schema\/person\/image\/\",\"url\":\"https:\/\/secure.gravatar.com\/avatar\/2545924aa250de68ac8368367a79b663e59571cd131611f54c89b0613a94e230?s=96&d=mm&r=g\",\"contentUrl\":\"https:\/\/secure.gravatar.com\/avatar\/2545924aa250de68ac8368367a79b663e59571cd131611f54c89b0613a94e230?s=96&d=mm&r=g\",\"caption\":\"Florent Rrahmani\"}}]}<\/script>\n<!-- \/ Yoast SEO plugin. -->","yoast_head_json":{"title":"Predsednica Osmani po\u010dasna go\u0161\u0107a na Me\u0111unarodnom me\u0111uparlamentarnom ru\u010dku na Kapitol Hilu i na Me\u0111uparlamentarnom bezbednosnom forumu u Va\u0161ingtonu - Predsednik Republike Kosovo - DR. VJOSA OSMANI - SADRIU","description":"Predsednica Osmani po\u010dasna go\u0161\u0107a na Me\u0111unarodnom me\u0111uparlamentarnom ru\u010dku na Kapitol Hilu i na Me\u0111uparlamentarnom bezbednosnom forumu u Va\u0161ingtonu - Predsednik Republike Kosovo - DR. VJOSA OSMANI - SADRIU - Me\u0111unarodne posete","robots":{"index":"index","follow":"follow","max-snippet":"max-snippet:-1","max-image-preview":"max-image-preview:large","max-video-preview":"max-video-preview:-1"},"canonical":"https:\/\/president-ksgov.net\/sr\/predsednica-osmani-pocasna-gosca-na-medunarodnom-meduparlamentarnom-rucku-na-kapitol-hilu-i-na-meduparlamentarnom-bezbednosnom-forumu-u-vasingtonu\/","og_locale":"sr_RS","og_type":"article","og_title":"Predsednica Osmani po\u010dasna go\u0161\u0107a na Me\u0111unarodnom me\u0111uparlamentarnom ru\u010dku na Kapitol Hilu i na Me\u0111uparlamentarnom bezbednosnom forumu u Va\u0161ingtonu - Predsednik Republike Kosovo - DR. VJOSA OSMANI - SADRIU","og_description":"Predsednica Osmani po\u010dasna go\u0161\u0107a na Me\u0111unarodnom me\u0111uparlamentarnom ru\u010dku na Kapitol Hilu i na Me\u0111uparlamentarnom bezbednosnom forumu u Va\u0161ingtonu - Predsednik Republike Kosovo - DR. VJOSA OSMANI - SADRIU - Me\u0111unarodne posete","og_url":"https:\/\/president-ksgov.net\/sr\/predsednica-osmani-pocasna-gosca-na-medunarodnom-meduparlamentarnom-rucku-na-kapitol-hilu-i-na-meduparlamentarnom-bezbednosnom-forumu-u-vasingtonu\/","og_site_name":"Predsednik Republike Kosovo - DR. VJOSA OSMANI - SADRIU","article_published_time":"2025-02-05T21:21:17+00:00","article_modified_time":"2025-02-06T08:39:05+00:00","og_image":[{"width":2560,"height":2010,"url":"https:\/\/president-ksgov.net\/wp-content\/uploads\/1-341-scaled.jpg","type":"image\/jpeg"}],"author":"Florent Rrahmani","twitter_card":"summary_large_image","twitter_misc":{"\u041d\u0430\u043f\u0438\u0441\u0430\u043d\u043e \u043e\u0434":"Florent Rrahmani","\u041f\u0440\u043e\u0446\u0435\u045a\u0435\u043d\u043e \u0432\u0440\u0435\u043c\u0435 \u0447\u0438\u0442\u0430\u045a\u0430":"2 \u043c\u0438\u043d\u0443\u0442\u0430"},"schema":{"@context":"https:\/\/schema.org","@graph":[{"@type":"WebPage","@id":"https:\/\/president-ksgov.net\/sr\/predsednica-osmani-pocasna-gosca-na-medunarodnom-meduparlamentarnom-rucku-na-kapitol-hilu-i-na-meduparlamentarnom-bezbednosnom-forumu-u-vasingtonu\/","url":"https:\/\/president-ksgov.net\/sr\/predsednica-osmani-pocasna-gosca-na-medunarodnom-meduparlamentarnom-rucku-na-kapitol-hilu-i-na-meduparlamentarnom-bezbednosnom-forumu-u-vasingtonu\/","name":"Predsednica Osmani po\u010dasna go\u0161\u0107a na Me\u0111unarodnom me\u0111uparlamentarnom ru\u010dku na Kapitol Hilu i na Me\u0111uparlamentarnom bezbednosnom forumu u Va\u0161ingtonu - Predsednik Republike Kosovo - DR. VJOSA OSMANI - SADRIU","isPartOf":{"@id":"https:\/\/president-ksgov.net\/#website"},"primaryImageOfPage":{"@id":"https:\/\/president-ksgov.net\/sr\/predsednica-osmani-pocasna-gosca-na-medunarodnom-meduparlamentarnom-rucku-na-kapitol-hilu-i-na-meduparlamentarnom-bezbednosnom-forumu-u-vasingtonu\/#primaryimage"},"image":{"@id":"https:\/\/president-ksgov.net\/sr\/predsednica-osmani-pocasna-gosca-na-medunarodnom-meduparlamentarnom-rucku-na-kapitol-hilu-i-na-meduparlamentarnom-bezbednosnom-forumu-u-vasingtonu\/#primaryimage"},"thumbnailUrl":"https:\/\/president-ksgov.net\/wp-content\/uploads\/1-341-scaled.jpg","datePublished":"2025-02-05T21:21:17+00:00","dateModified":"2025-02-06T08:39:05+00:00","author":{"@id":"https:\/\/president-ksgov.net\/#\/schema\/person\/7c46f744a99d3f1616b92658282aa934"},"description":"Predsednica Osmani po\u010dasna go\u0161\u0107a na Me\u0111unarodnom me\u0111uparlamentarnom ru\u010dku na Kapitol Hilu i na Me\u0111uparlamentarnom bezbednosnom forumu u Va\u0161ingtonu - Predsednik Republike Kosovo - DR. VJOSA OSMANI - SADRIU - Me\u0111unarodne posete","breadcrumb":{"@id":"https:\/\/president-ksgov.net\/sr\/predsednica-osmani-pocasna-gosca-na-medunarodnom-meduparlamentarnom-rucku-na-kapitol-hilu-i-na-meduparlamentarnom-bezbednosnom-forumu-u-vasingtonu\/#breadcrumb"},"inLanguage":"sr-RS","potentialAction":[{"@type":"ReadAction","target":["https:\/\/president-ksgov.net\/sr\/predsednica-osmani-pocasna-gosca-na-medunarodnom-meduparlamentarnom-rucku-na-kapitol-hilu-i-na-meduparlamentarnom-bezbednosnom-forumu-u-vasingtonu\/"]}]},{"@type":"ImageObject","inLanguage":"sr-RS","@id":"https:\/\/president-ksgov.net\/sr\/predsednica-osmani-pocasna-gosca-na-medunarodnom-meduparlamentarnom-rucku-na-kapitol-hilu-i-na-meduparlamentarnom-bezbednosnom-forumu-u-vasingtonu\/#primaryimage","url":"https:\/\/president-ksgov.net\/wp-content\/uploads\/1-341-scaled.jpg","contentUrl":"https:\/\/president-ksgov.net\/wp-content\/uploads\/1-341-scaled.jpg","width":2560,"height":2010},{"@type":"BreadcrumbList","@id":"https:\/\/president-ksgov.net\/sr\/predsednica-osmani-pocasna-gosca-na-medunarodnom-meduparlamentarnom-rucku-na-kapitol-hilu-i-na-meduparlamentarnom-bezbednosnom-forumu-u-vasingtonu\/#breadcrumb","itemListElement":[{"@type":"ListItem","position":1,"name":"Home","item":"https:\/\/president-ksgov.net\/sr\/"},{"@type":"ListItem","position":2,"name":"Predsednica Osmani po\u010dasna go\u0161\u0107a na Me\u0111unarodnom me\u0111uparlamentarnom ru\u010dku na Kapitol Hilu i na Me\u0111uparlamentarnom bezbednosnom forumu u Va\u0161ingtonu"}]},{"@type":"WebSite","@id":"https:\/\/president-ksgov.net\/#website","url":"https:\/\/president-ksgov.net\/","name":"Presidente e Republik\u00ebs s\u00eb Kosov\u00ebs","description":"Presidente e Republik\u00ebs s\u00eb Kosov\u00ebs","alternateName":"DR. VJOSA OSMANI - SADRIU","potentialAction":[{"@type":"SearchAction","target":{"@type":"EntryPoint","urlTemplate":"https:\/\/president-ksgov.net\/?s={search_term_string}"},"query-input":{"@type":"PropertyValueSpecification","valueRequired":true,"valueName":"search_term_string"}}],"inLanguage":"sr-RS"},{"@type":"Person","@id":"https:\/\/president-ksgov.net\/#\/schema\/person\/7c46f744a99d3f1616b92658282aa934","name":"Florent Rrahmani","image":{"@type":"ImageObject","inLanguage":"sr-RS","@id":"https:\/\/president-ksgov.net\/#\/schema\/person\/image\/","url":"https:\/\/secure.gravatar.com\/avatar\/2545924aa250de68ac8368367a79b663e59571cd131611f54c89b0613a94e230?s=96&d=mm&r=g","contentUrl":"https:\/\/secure.gravatar.com\/avatar\/2545924aa250de68ac8368367a79b663e59571cd131611f54c89b0613a94e230?s=96&d=mm&r=g","caption":"Florent Rrahmani"}}]}},"_links":{"self":[{"href":"https:\/\/president-ksgov.net\/sr\/wp-json\/wp\/v2\/posts\/152769","targetHints":{"allow":["GET"]}}],"collection":[{"href":"https:\/\/president-ksgov.net\/sr\/wp-json\/wp\/v2\/posts"}],"about":[{"href":"https:\/\/president-ksgov.net\/sr\/wp-json\/wp\/v2\/types\/post"}],"author":[{"embeddable":true,"href":"https:\/\/president-ksgov.net\/sr\/wp-json\/wp\/v2\/users\/9"}],"replies":[{"embeddable":true,"href":"https:\/\/president-ksgov.net\/sr\/wp-json\/wp\/v2\/comments?post=152769"}],"version-history":[{"count":1,"href":"https:\/\/president-ksgov.net\/sr\/wp-json\/wp\/v2\/posts\/152769\/revisions"}],"predecessor-version":[{"id":152770,"href":"https:\/\/president-ksgov.net\/sr\/wp-json\/wp\/v2\/posts\/152769\/revisions\/152770"}],"wp:featuredmedia":[{"embeddable":true,"href":"https:\/\/president-ksgov.net\/sr\/wp-json\/wp\/v2\/media\/152704"}],"wp:attachment":[{"href":"https:\/\/president-ksgov.net\/sr\/wp-json\/wp\/v2\/media?parent=152769"}],"wp:term":[{"taxonomy":"category","embeddable":true,"href":"https:\/\/president-ksgov.net\/sr\/wp-json\/wp\/v2\/categories?post=152769"},{"taxonomy":"post_tag","embeddable":true,"href":"https:\/\/president-ksgov.net\/sr\/wp-json\/wp\/v2\/tags?post=152769"}],"curies":[{"name":"wp","href":"https:\/\/api.w.org\/{rel}","templated":true}]}}