{"id":150037,"date":"2024-12-19T12:51:57","date_gmt":"2024-12-19T11:51:57","guid":{"rendered":"https:\/\/president-ksgov.net\/?p=150037"},"modified":"2024-12-19T13:53:31","modified_gmt":"2024-12-19T12:53:31","slug":"predsednica-osmani-odlikovala-ordenom-nezavisnosti-post-mortem-pokojnu-predsednicu-belgijskog-senata-anne-marie-lizin","status":"publish","type":"post","link":"https:\/\/president-ksgov.net\/sr\/predsednica-osmani-odlikovala-ordenom-nezavisnosti-post-mortem-pokojnu-predsednicu-belgijskog-senata-anne-marie-lizin\/","title":{"rendered":"Predsednica Osmani odlikovala Ordenom nezavisnosti (post mortem) pokojnu predsednicu belgijskog Senata Anne Marie Lizin"},"content":{"rendered":"<p>Tokom radne posete Belgiji predsednice Republike Kosovo Vjose Osmani, u prostorijama Ambasade Republike Kosovo organizovana je sve\u010danost povodom uru\u010denja Predsedni\u010dkog ordena pokojnoj predsednici Senata Belgije, Anne Marie Lizin. Tom prilikom predsednica Osmani je uru\u010dila Orden nezavisnosti (post mortem) mu\u017eu gospo\u0111e Lizin.<\/p>\n<p>&nbsp;<\/p>\n<p>U prisustvu porodice i bliskih prijatelja, predsednica Osmani je istakla da je ovo samo dokaz njene nepokolebljive privr\u017eenosti vrednostima slobode, demokratije i nezavisnosti Kosova. \u201eIzuzetni doprinosi Anne Marine Lizin ostavili su neizbrisiv trag u na\u0161oj naciji i njena posve\u0107enost na\u0161em narodu nikada ne\u0107e biti zaboravljena\u201c, istakla je predsednica Osmani.<\/p>\n<p>&nbsp;<\/p>\n<p>\u201eIako ona vi\u0161e nije sa nama, njen duh i rad nastavljaju da nas inspiri\u0161u dok gradimo ja\u010de Kosovo\u201c, naglasila je predsednica Osmani.<\/p>\n","protected":false},"excerpt":{"rendered":"<p>Tokom radne posete Belgiji predsednice Republike Kosovo Vjose Osmani, u prostorijama Ambasade Republike Kosovo organizovana je sve\u010danost povodom uru\u010denja Predsedni\u010dkog ordena pokojnoj predsednici Senata Belgije, Anne Marie Lizin. Tom prilikom predsednica Osmani je uru\u010dila Orden nezavisnosti (post mortem) mu\u017eu gospo\u0111e Lizin. &nbsp; U prisustvu porodice i bliskih prijatelja, predsednica Osmani je istakla da je ovo samo dokaz njene nepokolebljive privr\u017eenosti vrednostima slobode, demokratije i nezavisnosti Kosova. \u201eIzuzetni doprinosi Anne Marine Lizin ostavili su neizbrisiv trag u na\u0161oj naciji i njena posve\u0107enost na\u0161em narodu nikada ne\u0107e biti zaboravljena\u201c, istakla je predsednica Osmani. &nbsp; \u201eIako ona vi\u0161e nije sa nama, njen duh i rad nastavljaju da nas inspiri\u0161u dok gradimo ja\u010de Kosovo\u201c, naglasila je predsednica Osmani.<\/p>\n","protected":false},"author":9,"featured_media":149992,"comment_status":"closed","ping_status":"closed","sticky":false,"template":"","format":"standard","meta":{"_eb_attr":"","footnotes":""},"categories":[114,101],"tags":[],"class_list":["post-150037","post","type-post","status-publish","format-standard","has-post-thumbnail","hentry","category-medunarodne-posete","category-vesti"],"yoast_head":"<!-- This site is optimized with the Yoast SEO plugin v23.5 - https:\/\/yoast.com\/wordpress\/plugins\/seo\/ -->\n<title>Predsednica Osmani odlikovala Ordenom nezavisnosti (post mortem) pokojnu predsednicu belgijskog Senata Anne Marie Lizin - Predsednik Republike Kosovo - DR. VJOSA OSMANI - SADRIU<\/title>\n<meta name=\"description\" content=\"Predsednica Osmani odlikovala Ordenom nezavisnosti (post mortem) pokojnu predsednicu belgijskog Senata Anne Marie Lizin - Predsednik Republike Kosovo - DR. VJOSA OSMANI - SADRIU - Me\u0111unarodne posete\" \/>\n<meta name=\"robots\" content=\"index, follow, max-snippet:-1, max-image-preview:large, max-video-preview:-1\" \/>\n<link rel=\"canonical\" href=\"https:\/\/president-ksgov.net\/sr\/predsednica-osmani-odlikovala-ordenom-nezavisnosti-post-mortem-pokojnu-predsednicu-belgijskog-senata-anne-marie-lizin\/\" \/>\n<meta property=\"og:locale\" content=\"sr_RS\" \/>\n<meta property=\"og:type\" content=\"article\" \/>\n<meta property=\"og:title\" content=\"Predsednica Osmani odlikovala Ordenom nezavisnosti (post mortem) pokojnu predsednicu belgijskog Senata Anne Marie Lizin - Predsednik Republike Kosovo - DR. VJOSA OSMANI - SADRIU\" \/>\n<meta property=\"og:description\" content=\"Predsednica Osmani odlikovala Ordenom nezavisnosti (post mortem) pokojnu predsednicu belgijskog Senata Anne Marie Lizin - Predsednik Republike Kosovo - DR. VJOSA OSMANI - SADRIU - Me\u0111unarodne posete\" \/>\n<meta property=\"og:url\" content=\"https:\/\/president-ksgov.net\/sr\/predsednica-osmani-odlikovala-ordenom-nezavisnosti-post-mortem-pokojnu-predsednicu-belgijskog-senata-anne-marie-lizin\/\" \/>\n<meta property=\"og:site_name\" content=\"Predsednik Republike Kosovo - DR. VJOSA OSMANI - SADRIU\" \/>\n<meta property=\"article:published_time\" content=\"2024-12-19T11:51:57+00:00\" \/>\n<meta property=\"article:modified_time\" content=\"2024-12-19T12:53:31+00:00\" \/>\n<meta property=\"og:image\" content=\"https:\/\/president-ksgov.net\/wp-content\/uploads\/Presidentja-Osmani-dekoron-me-Urdhrin-e-Pavaresise-post-mortem-Anne-Marie-Lizin-1-scaled.jpeg\" \/>\n\t<meta property=\"og:image:width\" content=\"2560\" \/>\n\t<meta property=\"og:image:height\" content=\"1707\" \/>\n\t<meta property=\"og:image:type\" content=\"image\/jpeg\" \/>\n<meta name=\"author\" content=\"Florent Rrahmani\" \/>\n<meta name=\"twitter:card\" content=\"summary_large_image\" \/>\n<meta name=\"twitter:label1\" content=\"\u041d\u0430\u043f\u0438\u0441\u0430\u043d\u043e \u043e\u0434\" \/>\n\t<meta name=\"twitter:data1\" content=\"Florent Rrahmani\" \/>\n\t<meta name=\"twitter:label2\" content=\"\u041f\u0440\u043e\u0446\u0435\u045a\u0435\u043d\u043e \u0432\u0440\u0435\u043c\u0435 \u0447\u0438\u0442\u0430\u045a\u0430\" \/>\n\t<meta name=\"twitter:data2\" content=\"1 \u043c\u0438\u043d\u0443\u0442\" \/>\n<script type=\"application\/ld+json\" class=\"yoast-schema-graph\">{\"@context\":\"https:\/\/schema.org\",\"@graph\":[{\"@type\":\"WebPage\",\"@id\":\"https:\/\/president-ksgov.net\/sr\/predsednica-osmani-odlikovala-ordenom-nezavisnosti-post-mortem-pokojnu-predsednicu-belgijskog-senata-anne-marie-lizin\/\",\"url\":\"https:\/\/president-ksgov.net\/sr\/predsednica-osmani-odlikovala-ordenom-nezavisnosti-post-mortem-pokojnu-predsednicu-belgijskog-senata-anne-marie-lizin\/\",\"name\":\"Predsednica Osmani odlikovala Ordenom nezavisnosti (post mortem) pokojnu predsednicu belgijskog Senata Anne Marie Lizin - Predsednik Republike Kosovo - DR. VJOSA OSMANI - SADRIU\",\"isPartOf\":{\"@id\":\"https:\/\/president-ksgov.net\/#website\"},\"primaryImageOfPage\":{\"@id\":\"https:\/\/president-ksgov.net\/sr\/predsednica-osmani-odlikovala-ordenom-nezavisnosti-post-mortem-pokojnu-predsednicu-belgijskog-senata-anne-marie-lizin\/#primaryimage\"},\"image\":{\"@id\":\"https:\/\/president-ksgov.net\/sr\/predsednica-osmani-odlikovala-ordenom-nezavisnosti-post-mortem-pokojnu-predsednicu-belgijskog-senata-anne-marie-lizin\/#primaryimage\"},\"thumbnailUrl\":\"https:\/\/president-ksgov.net\/wp-content\/uploads\/Presidentja-Osmani-dekoron-me-Urdhrin-e-Pavaresise-post-mortem-Anne-Marie-Lizin-1-scaled.jpeg\",\"datePublished\":\"2024-12-19T11:51:57+00:00\",\"dateModified\":\"2024-12-19T12:53:31+00:00\",\"author\":{\"@id\":\"https:\/\/president-ksgov.net\/#\/schema\/person\/7c46f744a99d3f1616b92658282aa934\"},\"description\":\"Predsednica Osmani odlikovala Ordenom nezavisnosti (post mortem) pokojnu predsednicu belgijskog Senata Anne Marie Lizin - Predsednik Republike Kosovo - DR. VJOSA OSMANI - SADRIU - Me\u0111unarodne posete\",\"breadcrumb\":{\"@id\":\"https:\/\/president-ksgov.net\/sr\/predsednica-osmani-odlikovala-ordenom-nezavisnosti-post-mortem-pokojnu-predsednicu-belgijskog-senata-anne-marie-lizin\/#breadcrumb\"},\"inLanguage\":\"sr-RS\",\"potentialAction\":[{\"@type\":\"ReadAction\",\"target\":[\"https:\/\/president-ksgov.net\/sr\/predsednica-osmani-odlikovala-ordenom-nezavisnosti-post-mortem-pokojnu-predsednicu-belgijskog-senata-anne-marie-lizin\/\"]}]},{\"@type\":\"ImageObject\",\"inLanguage\":\"sr-RS\",\"@id\":\"https:\/\/president-ksgov.net\/sr\/predsednica-osmani-odlikovala-ordenom-nezavisnosti-post-mortem-pokojnu-predsednicu-belgijskog-senata-anne-marie-lizin\/#primaryimage\",\"url\":\"https:\/\/president-ksgov.net\/wp-content\/uploads\/Presidentja-Osmani-dekoron-me-Urdhrin-e-Pavaresise-post-mortem-Anne-Marie-Lizin-1-scaled.jpeg\",\"contentUrl\":\"https:\/\/president-ksgov.net\/wp-content\/uploads\/Presidentja-Osmani-dekoron-me-Urdhrin-e-Pavaresise-post-mortem-Anne-Marie-Lizin-1-scaled.jpeg\",\"width\":2560,\"height\":1707},{\"@type\":\"BreadcrumbList\",\"@id\":\"https:\/\/president-ksgov.net\/sr\/predsednica-osmani-odlikovala-ordenom-nezavisnosti-post-mortem-pokojnu-predsednicu-belgijskog-senata-anne-marie-lizin\/#breadcrumb\",\"itemListElement\":[{\"@type\":\"ListItem\",\"position\":1,\"name\":\"Home\",\"item\":\"https:\/\/president-ksgov.net\/sr\/\"},{\"@type\":\"ListItem\",\"position\":2,\"name\":\"Predsednica Osmani odlikovala Ordenom nezavisnosti (post mortem) pokojnu predsednicu belgijskog Senata Anne Marie Lizin\"}]},{\"@type\":\"WebSite\",\"@id\":\"https:\/\/president-ksgov.net\/#website\",\"url\":\"https:\/\/president-ksgov.net\/\",\"name\":\"Presidente e Republik\u00ebs s\u00eb Kosov\u00ebs\",\"description\":\"Presidente e Republik\u00ebs s\u00eb Kosov\u00ebs\",\"alternateName\":\"DR. VJOSA OSMANI - SADRIU\",\"potentialAction\":[{\"@type\":\"SearchAction\",\"target\":{\"@type\":\"EntryPoint\",\"urlTemplate\":\"https:\/\/president-ksgov.net\/?s={search_term_string}\"},\"query-input\":{\"@type\":\"PropertyValueSpecification\",\"valueRequired\":true,\"valueName\":\"search_term_string\"}}],\"inLanguage\":\"sr-RS\"},{\"@type\":\"Person\",\"@id\":\"https:\/\/president-ksgov.net\/#\/schema\/person\/7c46f744a99d3f1616b92658282aa934\",\"name\":\"Florent Rrahmani\",\"image\":{\"@type\":\"ImageObject\",\"inLanguage\":\"sr-RS\",\"@id\":\"https:\/\/president-ksgov.net\/#\/schema\/person\/image\/\",\"url\":\"https:\/\/secure.gravatar.com\/avatar\/2545924aa250de68ac8368367a79b663e59571cd131611f54c89b0613a94e230?s=96&d=mm&r=g\",\"contentUrl\":\"https:\/\/secure.gravatar.com\/avatar\/2545924aa250de68ac8368367a79b663e59571cd131611f54c89b0613a94e230?s=96&d=mm&r=g\",\"caption\":\"Florent Rrahmani\"}}]}<\/script>\n<!-- \/ Yoast SEO plugin. -->","yoast_head_json":{"title":"Predsednica Osmani odlikovala Ordenom nezavisnosti (post mortem) pokojnu predsednicu belgijskog Senata Anne Marie Lizin - Predsednik Republike Kosovo - DR. VJOSA OSMANI - SADRIU","description":"Predsednica Osmani odlikovala Ordenom nezavisnosti (post mortem) pokojnu predsednicu belgijskog Senata Anne Marie Lizin - Predsednik Republike Kosovo - DR. VJOSA OSMANI - SADRIU - Me\u0111unarodne posete","robots":{"index":"index","follow":"follow","max-snippet":"max-snippet:-1","max-image-preview":"max-image-preview:large","max-video-preview":"max-video-preview:-1"},"canonical":"https:\/\/president-ksgov.net\/sr\/predsednica-osmani-odlikovala-ordenom-nezavisnosti-post-mortem-pokojnu-predsednicu-belgijskog-senata-anne-marie-lizin\/","og_locale":"sr_RS","og_type":"article","og_title":"Predsednica Osmani odlikovala Ordenom nezavisnosti (post mortem) pokojnu predsednicu belgijskog Senata Anne Marie Lizin - Predsednik Republike Kosovo - DR. VJOSA OSMANI - SADRIU","og_description":"Predsednica Osmani odlikovala Ordenom nezavisnosti (post mortem) pokojnu predsednicu belgijskog Senata Anne Marie Lizin - Predsednik Republike Kosovo - DR. VJOSA OSMANI - SADRIU - Me\u0111unarodne posete","og_url":"https:\/\/president-ksgov.net\/sr\/predsednica-osmani-odlikovala-ordenom-nezavisnosti-post-mortem-pokojnu-predsednicu-belgijskog-senata-anne-marie-lizin\/","og_site_name":"Predsednik Republike Kosovo - DR. VJOSA OSMANI - SADRIU","article_published_time":"2024-12-19T11:51:57+00:00","article_modified_time":"2024-12-19T12:53:31+00:00","og_image":[{"width":2560,"height":1707,"url":"https:\/\/president-ksgov.net\/wp-content\/uploads\/Presidentja-Osmani-dekoron-me-Urdhrin-e-Pavaresise-post-mortem-Anne-Marie-Lizin-1-scaled.jpeg","type":"image\/jpeg"}],"author":"Florent Rrahmani","twitter_card":"summary_large_image","twitter_misc":{"\u041d\u0430\u043f\u0438\u0441\u0430\u043d\u043e \u043e\u0434":"Florent Rrahmani","\u041f\u0440\u043e\u0446\u0435\u045a\u0435\u043d\u043e \u0432\u0440\u0435\u043c\u0435 \u0447\u0438\u0442\u0430\u045a\u0430":"1 \u043c\u0438\u043d\u0443\u0442"},"schema":{"@context":"https:\/\/schema.org","@graph":[{"@type":"WebPage","@id":"https:\/\/president-ksgov.net\/sr\/predsednica-osmani-odlikovala-ordenom-nezavisnosti-post-mortem-pokojnu-predsednicu-belgijskog-senata-anne-marie-lizin\/","url":"https:\/\/president-ksgov.net\/sr\/predsednica-osmani-odlikovala-ordenom-nezavisnosti-post-mortem-pokojnu-predsednicu-belgijskog-senata-anne-marie-lizin\/","name":"Predsednica Osmani odlikovala Ordenom nezavisnosti (post mortem) pokojnu predsednicu belgijskog Senata Anne Marie Lizin - Predsednik Republike Kosovo - DR. VJOSA OSMANI - SADRIU","isPartOf":{"@id":"https:\/\/president-ksgov.net\/#website"},"primaryImageOfPage":{"@id":"https:\/\/president-ksgov.net\/sr\/predsednica-osmani-odlikovala-ordenom-nezavisnosti-post-mortem-pokojnu-predsednicu-belgijskog-senata-anne-marie-lizin\/#primaryimage"},"image":{"@id":"https:\/\/president-ksgov.net\/sr\/predsednica-osmani-odlikovala-ordenom-nezavisnosti-post-mortem-pokojnu-predsednicu-belgijskog-senata-anne-marie-lizin\/#primaryimage"},"thumbnailUrl":"https:\/\/president-ksgov.net\/wp-content\/uploads\/Presidentja-Osmani-dekoron-me-Urdhrin-e-Pavaresise-post-mortem-Anne-Marie-Lizin-1-scaled.jpeg","datePublished":"2024-12-19T11:51:57+00:00","dateModified":"2024-12-19T12:53:31+00:00","author":{"@id":"https:\/\/president-ksgov.net\/#\/schema\/person\/7c46f744a99d3f1616b92658282aa934"},"description":"Predsednica Osmani odlikovala Ordenom nezavisnosti (post mortem) pokojnu predsednicu belgijskog Senata Anne Marie Lizin - Predsednik Republike Kosovo - DR. VJOSA OSMANI - SADRIU - Me\u0111unarodne posete","breadcrumb":{"@id":"https:\/\/president-ksgov.net\/sr\/predsednica-osmani-odlikovala-ordenom-nezavisnosti-post-mortem-pokojnu-predsednicu-belgijskog-senata-anne-marie-lizin\/#breadcrumb"},"inLanguage":"sr-RS","potentialAction":[{"@type":"ReadAction","target":["https:\/\/president-ksgov.net\/sr\/predsednica-osmani-odlikovala-ordenom-nezavisnosti-post-mortem-pokojnu-predsednicu-belgijskog-senata-anne-marie-lizin\/"]}]},{"@type":"ImageObject","inLanguage":"sr-RS","@id":"https:\/\/president-ksgov.net\/sr\/predsednica-osmani-odlikovala-ordenom-nezavisnosti-post-mortem-pokojnu-predsednicu-belgijskog-senata-anne-marie-lizin\/#primaryimage","url":"https:\/\/president-ksgov.net\/wp-content\/uploads\/Presidentja-Osmani-dekoron-me-Urdhrin-e-Pavaresise-post-mortem-Anne-Marie-Lizin-1-scaled.jpeg","contentUrl":"https:\/\/president-ksgov.net\/wp-content\/uploads\/Presidentja-Osmani-dekoron-me-Urdhrin-e-Pavaresise-post-mortem-Anne-Marie-Lizin-1-scaled.jpeg","width":2560,"height":1707},{"@type":"BreadcrumbList","@id":"https:\/\/president-ksgov.net\/sr\/predsednica-osmani-odlikovala-ordenom-nezavisnosti-post-mortem-pokojnu-predsednicu-belgijskog-senata-anne-marie-lizin\/#breadcrumb","itemListElement":[{"@type":"ListItem","position":1,"name":"Home","item":"https:\/\/president-ksgov.net\/sr\/"},{"@type":"ListItem","position":2,"name":"Predsednica Osmani odlikovala Ordenom nezavisnosti (post mortem) pokojnu predsednicu belgijskog Senata Anne Marie Lizin"}]},{"@type":"WebSite","@id":"https:\/\/president-ksgov.net\/#website","url":"https:\/\/president-ksgov.net\/","name":"Presidente e Republik\u00ebs s\u00eb Kosov\u00ebs","description":"Presidente e Republik\u00ebs s\u00eb Kosov\u00ebs","alternateName":"DR. VJOSA OSMANI - SADRIU","potentialAction":[{"@type":"SearchAction","target":{"@type":"EntryPoint","urlTemplate":"https:\/\/president-ksgov.net\/?s={search_term_string}"},"query-input":{"@type":"PropertyValueSpecification","valueRequired":true,"valueName":"search_term_string"}}],"inLanguage":"sr-RS"},{"@type":"Person","@id":"https:\/\/president-ksgov.net\/#\/schema\/person\/7c46f744a99d3f1616b92658282aa934","name":"Florent Rrahmani","image":{"@type":"ImageObject","inLanguage":"sr-RS","@id":"https:\/\/president-ksgov.net\/#\/schema\/person\/image\/","url":"https:\/\/secure.gravatar.com\/avatar\/2545924aa250de68ac8368367a79b663e59571cd131611f54c89b0613a94e230?s=96&d=mm&r=g","contentUrl":"https:\/\/secure.gravatar.com\/avatar\/2545924aa250de68ac8368367a79b663e59571cd131611f54c89b0613a94e230?s=96&d=mm&r=g","caption":"Florent Rrahmani"}}]}},"_links":{"self":[{"href":"https:\/\/president-ksgov.net\/sr\/wp-json\/wp\/v2\/posts\/150037","targetHints":{"allow":["GET"]}}],"collection":[{"href":"https:\/\/president-ksgov.net\/sr\/wp-json\/wp\/v2\/posts"}],"about":[{"href":"https:\/\/president-ksgov.net\/sr\/wp-json\/wp\/v2\/types\/post"}],"author":[{"embeddable":true,"href":"https:\/\/president-ksgov.net\/sr\/wp-json\/wp\/v2\/users\/9"}],"replies":[{"embeddable":true,"href":"https:\/\/president-ksgov.net\/sr\/wp-json\/wp\/v2\/comments?post=150037"}],"version-history":[{"count":1,"href":"https:\/\/president-ksgov.net\/sr\/wp-json\/wp\/v2\/posts\/150037\/revisions"}],"predecessor-version":[{"id":150038,"href":"https:\/\/president-ksgov.net\/sr\/wp-json\/wp\/v2\/posts\/150037\/revisions\/150038"}],"wp:featuredmedia":[{"embeddable":true,"href":"https:\/\/president-ksgov.net\/sr\/wp-json\/wp\/v2\/media\/149992"}],"wp:attachment":[{"href":"https:\/\/president-ksgov.net\/sr\/wp-json\/wp\/v2\/media?parent=150037"}],"wp:term":[{"taxonomy":"category","embeddable":true,"href":"https:\/\/president-ksgov.net\/sr\/wp-json\/wp\/v2\/categories?post=150037"},{"taxonomy":"post_tag","embeddable":true,"href":"https:\/\/president-ksgov.net\/sr\/wp-json\/wp\/v2\/tags?post=150037"}],"curies":[{"name":"wp","href":"https:\/\/api.w.org\/{rel}","templated":true}]}}