{"id":147596,"date":"2024-11-19T15:43:27","date_gmt":"2024-11-19T14:43:27","guid":{"rendered":"https:\/\/president-ksgov.net\/?p=147596"},"modified":"2024-11-19T18:29:45","modified_gmt":"2024-11-19T17:29:45","slug":"radna-grupa-za-rodnu-ravnopravnost-osnovana-u-okviru-saveta-za-demokratiju-i-ljudska-prava-odrzala-je-naredni-sastanak-2","status":"publish","type":"post","link":"https:\/\/president-ksgov.net\/sr\/radna-grupa-za-rodnu-ravnopravnost-osnovana-u-okviru-saveta-za-demokratiju-i-ljudska-prava-odrzala-je-naredni-sastanak-2\/","title":{"rendered":"Radna grupa za rodnu ravnopravnost osnovana u okviru Saveta za demokratiju i ljudska prava odr\u017eala je naredni sastanak"},"content":{"rendered":"<p>Radna grupa za rodnu ravnopravnost osnovana u okviru Saveta za demokratiju i ljudska prava odr\u017eala je naredni sastanak na kome su predstavljene poslednje dve saradnje ostvarene sa Kancelarijom predsednice Republike Kosovo, ta\u010dnije jedna sa Vladom Kanade kroz program TAP-EDM, a druga sa Me\u0111unarodnim republikanskim institutom (IRI).<\/p>\n<p>&nbsp;<\/p>\n<p>Tokom sastanka, stru\u010dnjaci anga\u017eovani u projektu TAP-EDM predstavili su glavni cilj saradnje sa Kancelarijom predsednice Republike Kosovo, kao i rezultate koji se o\u010dekuju da budu postignuti do kraja ovog partnerstva. Glavni cilj partnerstva izme\u0111u Kancelarije predsednice i Vlade Kanade je izgradnja me\u0111unarodno priznatih sistema zasnovanih na podacima za re\u0161avanje rodno zasnovanog nasilja. Ovi sistemi podataka \u0107e pomo\u0107i da se identifikuju politike zasnovane na dokazima, stoga je cilj da politike koje tretiraju rodno zasnovano nasilje budu \u0161to efikasnije i pravednije.<\/p>\n<p>&nbsp;<\/p>\n<p>U nastavku sastanka, u okviru partnerstva sa IRI, zajedno sa anga\u017eovanim stru\u010dnjacima, \u010dlanovi Grupe su razgovarali o prioritetnim oblastima u kojima postoji potreba za unapre\u0111enjem rodne ravnopravnosti, kao \u0161to su u\u010de\u0161\u0107e \u017eena u politi\u010dkom i javnom \u017eivotu, rodno odgovorno bud\u017eetiranje, kultura, obrazovanje, pravosu\u0111e i druge va\u017ene oblasti.<\/p>\n<p>&nbsp;<\/p>\n<p>Ovo partnerstvo, koje je u svojoj drugoj fazi, uklju\u010duje razmatranje zakona i politika koje direktno uti\u010du na \u017eivote i aktivno u\u010de\u0161\u0107e \u017eena u ovim oblastima i predlaganje promena kako bi se obezbedile jednake mogu\u0107nosti i u\u010de\u0161\u0107e \u017eena u svim aspektima dru\u0161tvenog i politi\u010dkog \u017eivota Kosova.<\/p>\n<p>&nbsp;<\/p>\n<p>Na kraju sastanka, \u010dlanovi su razgovarali o razli\u010ditim temama od zajedni\u010dkog interesa sa fokusom na rodnu ravnopravnost na Kosovu.<\/p>\n<p>&nbsp;<\/p>\n","protected":false},"excerpt":{"rendered":"<p>Radna grupa za rodnu ravnopravnost osnovana u okviru Saveta za demokratiju i ljudska prava odr\u017eala je naredni sastanak na kome su predstavljene poslednje dve saradnje ostvarene sa Kancelarijom predsednice Republike Kosovo, ta\u010dnije jedna sa Vladom Kanade kroz program TAP-EDM, a druga sa Me\u0111unarodnim republikanskim institutom (IRI). &nbsp; Tokom sastanka, stru\u010dnjaci anga\u017eovani u projektu TAP-EDM predstavili su glavni cilj saradnje sa Kancelarijom predsednice Republike Kosovo, kao i rezultate koji se o\u010dekuju da budu postignuti do kraja ovog partnerstva. Glavni cilj partnerstva izme\u0111u Kancelarije predsednice i Vlade Kanade je izgradnja me\u0111unarodno priznatih sistema zasnovanih na podacima za re\u0161avanje rodno zasnovanog nasilja. Ovi sistemi podataka \u0107e pomo\u0107i da se identifikuju politike zasnovane na dokazima, stoga je cilj da politike koje tretiraju rodno zasnovano nasilje budu \u0161to efikasnije i pravednije. &nbsp; U nastavku sastanka, u okviru partnerstva sa IRI, zajedno sa anga\u017eovanim stru\u010dnjacima, \u010dlanovi Grupe su razgovarali o prioritetnim oblastima u kojima postoji potreba za unapre\u0111enjem rodne ravnopravnosti, kao \u0161to su u\u010de\u0161\u0107e \u017eena u politi\u010dkom i javnom \u017eivotu, rodno odgovorno bud\u017eetiranje, kultura, obrazovanje, pravosu\u0111e i druge va\u017ene oblasti. &nbsp; Ovo partnerstvo, koje je u svojoj drugoj fazi, uklju\u010duje razmatranje zakona i politika koje direktno uti\u010du na \u017eivote i aktivno u\u010de\u0161\u0107e \u017eena u ovim oblastima i predlaganje promena kako bi se obezbedile jednake mogu\u0107nosti i u\u010de\u0161\u0107e \u017eena u svim aspektima dru\u0161tvenog i politi\u010dkog \u017eivota Kosova. &nbsp; Na kraju sastanka, \u010dlanovi su razgovarali o razli\u010ditim temama od zajedni\u010dkog interesa sa fokusom na rodnu ravnopravnost na Kosovu. &nbsp;<\/p>\n","protected":false},"author":9,"featured_media":147554,"comment_status":"closed","ping_status":"closed","sticky":false,"template":"","format":"standard","meta":{"_eb_attr":"","footnotes":""},"categories":[101],"tags":[],"class_list":["post-147596","post","type-post","status-publish","format-standard","has-post-thumbnail","hentry","category-vesti"],"yoast_head":"<!-- This site is optimized with the Yoast SEO plugin v23.5 - https:\/\/yoast.com\/wordpress\/plugins\/seo\/ -->\n<title>Radna grupa za rodnu ravnopravnost osnovana u okviru Saveta za demokratiju i ljudska prava odr\u017eala je naredni sastanak - Predsednik Republike Kosovo - DR. VJOSA OSMANI - SADRIU<\/title>\n<meta name=\"description\" content=\"Radna grupa za rodnu ravnopravnost osnovana u okviru Saveta za demokratiju i ljudska prava odr\u017eala je naredni sastanak - Predsednik Republike Kosovo - DR. VJOSA OSMANI - SADRIU - Vesti\" \/>\n<meta name=\"robots\" content=\"index, follow, max-snippet:-1, max-image-preview:large, max-video-preview:-1\" \/>\n<link rel=\"canonical\" href=\"https:\/\/president-ksgov.net\/sr\/radna-grupa-za-rodnu-ravnopravnost-osnovana-u-okviru-saveta-za-demokratiju-i-ljudska-prava-odrzala-je-naredni-sastanak-2\/\" \/>\n<meta property=\"og:locale\" content=\"sr_RS\" \/>\n<meta property=\"og:type\" content=\"article\" \/>\n<meta property=\"og:title\" content=\"Radna grupa za rodnu ravnopravnost osnovana u okviru Saveta za demokratiju i ljudska prava odr\u017eala je naredni sastanak - Predsednik Republike Kosovo - DR. VJOSA OSMANI - SADRIU\" \/>\n<meta property=\"og:description\" content=\"Radna grupa za rodnu ravnopravnost osnovana u okviru Saveta za demokratiju i ljudska prava odr\u017eala je naredni sastanak - Predsednik Republike Kosovo - DR. VJOSA OSMANI - SADRIU - Vesti\" \/>\n<meta property=\"og:url\" content=\"https:\/\/president-ksgov.net\/sr\/radna-grupa-za-rodnu-ravnopravnost-osnovana-u-okviru-saveta-za-demokratiju-i-ljudska-prava-odrzala-je-naredni-sastanak-2\/\" \/>\n<meta property=\"og:site_name\" content=\"Predsednik Republike Kosovo - DR. VJOSA OSMANI - SADRIU\" \/>\n<meta property=\"article:published_time\" content=\"2024-11-19T14:43:27+00:00\" \/>\n<meta property=\"article:modified_time\" content=\"2024-11-19T17:29:45+00:00\" \/>\n<meta property=\"og:image\" content=\"https:\/\/president-ksgov.net\/wp-content\/uploads\/0-14.jpg\" \/>\n\t<meta property=\"og:image:width\" content=\"1600\" \/>\n\t<meta property=\"og:image:height\" content=\"900\" \/>\n\t<meta property=\"og:image:type\" content=\"image\/jpeg\" \/>\n<meta name=\"author\" content=\"Florent Rrahmani\" \/>\n<meta name=\"twitter:card\" content=\"summary_large_image\" \/>\n<meta name=\"twitter:label1\" content=\"\u041d\u0430\u043f\u0438\u0441\u0430\u043d\u043e \u043e\u0434\" \/>\n\t<meta name=\"twitter:data1\" content=\"Florent Rrahmani\" \/>\n\t<meta name=\"twitter:label2\" content=\"\u041f\u0440\u043e\u0446\u0435\u045a\u0435\u043d\u043e \u0432\u0440\u0435\u043c\u0435 \u0447\u0438\u0442\u0430\u045a\u0430\" \/>\n\t<meta name=\"twitter:data2\" content=\"2 \u043c\u0438\u043d\u0443\u0442\u0430\" \/>\n<script type=\"application\/ld+json\" class=\"yoast-schema-graph\">{\"@context\":\"https:\/\/schema.org\",\"@graph\":[{\"@type\":\"WebPage\",\"@id\":\"https:\/\/president-ksgov.net\/sr\/radna-grupa-za-rodnu-ravnopravnost-osnovana-u-okviru-saveta-za-demokratiju-i-ljudska-prava-odrzala-je-naredni-sastanak-2\/\",\"url\":\"https:\/\/president-ksgov.net\/sr\/radna-grupa-za-rodnu-ravnopravnost-osnovana-u-okviru-saveta-za-demokratiju-i-ljudska-prava-odrzala-je-naredni-sastanak-2\/\",\"name\":\"Radna grupa za rodnu ravnopravnost osnovana u okviru Saveta za demokratiju i ljudska prava odr\u017eala je naredni sastanak - Predsednik Republike Kosovo - DR. VJOSA OSMANI - SADRIU\",\"isPartOf\":{\"@id\":\"https:\/\/president-ksgov.net\/#website\"},\"primaryImageOfPage\":{\"@id\":\"https:\/\/president-ksgov.net\/sr\/radna-grupa-za-rodnu-ravnopravnost-osnovana-u-okviru-saveta-za-demokratiju-i-ljudska-prava-odrzala-je-naredni-sastanak-2\/#primaryimage\"},\"image\":{\"@id\":\"https:\/\/president-ksgov.net\/sr\/radna-grupa-za-rodnu-ravnopravnost-osnovana-u-okviru-saveta-za-demokratiju-i-ljudska-prava-odrzala-je-naredni-sastanak-2\/#primaryimage\"},\"thumbnailUrl\":\"https:\/\/president-ksgov.net\/wp-content\/uploads\/0-14.jpg\",\"datePublished\":\"2024-11-19T14:43:27+00:00\",\"dateModified\":\"2024-11-19T17:29:45+00:00\",\"author\":{\"@id\":\"https:\/\/president-ksgov.net\/#\/schema\/person\/7c46f744a99d3f1616b92658282aa934\"},\"description\":\"Radna grupa za rodnu ravnopravnost osnovana u okviru Saveta za demokratiju i ljudska prava odr\u017eala je naredni sastanak - Predsednik Republike Kosovo - DR. VJOSA OSMANI - SADRIU - Vesti\",\"breadcrumb\":{\"@id\":\"https:\/\/president-ksgov.net\/sr\/radna-grupa-za-rodnu-ravnopravnost-osnovana-u-okviru-saveta-za-demokratiju-i-ljudska-prava-odrzala-je-naredni-sastanak-2\/#breadcrumb\"},\"inLanguage\":\"sr-RS\",\"potentialAction\":[{\"@type\":\"ReadAction\",\"target\":[\"https:\/\/president-ksgov.net\/sr\/radna-grupa-za-rodnu-ravnopravnost-osnovana-u-okviru-saveta-za-demokratiju-i-ljudska-prava-odrzala-je-naredni-sastanak-2\/\"]}]},{\"@type\":\"ImageObject\",\"inLanguage\":\"sr-RS\",\"@id\":\"https:\/\/president-ksgov.net\/sr\/radna-grupa-za-rodnu-ravnopravnost-osnovana-u-okviru-saveta-za-demokratiju-i-ljudska-prava-odrzala-je-naredni-sastanak-2\/#primaryimage\",\"url\":\"https:\/\/president-ksgov.net\/wp-content\/uploads\/0-14.jpg\",\"contentUrl\":\"https:\/\/president-ksgov.net\/wp-content\/uploads\/0-14.jpg\",\"width\":1600,\"height\":900},{\"@type\":\"BreadcrumbList\",\"@id\":\"https:\/\/president-ksgov.net\/sr\/radna-grupa-za-rodnu-ravnopravnost-osnovana-u-okviru-saveta-za-demokratiju-i-ljudska-prava-odrzala-je-naredni-sastanak-2\/#breadcrumb\",\"itemListElement\":[{\"@type\":\"ListItem\",\"position\":1,\"name\":\"Home\",\"item\":\"https:\/\/president-ksgov.net\/sr\/\"},{\"@type\":\"ListItem\",\"position\":2,\"name\":\"Radna grupa za rodnu ravnopravnost osnovana u okviru Saveta za demokratiju i ljudska prava odr\u017eala je naredni sastanak\"}]},{\"@type\":\"WebSite\",\"@id\":\"https:\/\/president-ksgov.net\/#website\",\"url\":\"https:\/\/president-ksgov.net\/\",\"name\":\"Presidente e Republik\u00ebs s\u00eb Kosov\u00ebs\",\"description\":\"Presidente e Republik\u00ebs s\u00eb Kosov\u00ebs\",\"alternateName\":\"DR. VJOSA OSMANI - SADRIU\",\"potentialAction\":[{\"@type\":\"SearchAction\",\"target\":{\"@type\":\"EntryPoint\",\"urlTemplate\":\"https:\/\/president-ksgov.net\/?s={search_term_string}\"},\"query-input\":{\"@type\":\"PropertyValueSpecification\",\"valueRequired\":true,\"valueName\":\"search_term_string\"}}],\"inLanguage\":\"sr-RS\"},{\"@type\":\"Person\",\"@id\":\"https:\/\/president-ksgov.net\/#\/schema\/person\/7c46f744a99d3f1616b92658282aa934\",\"name\":\"Florent Rrahmani\",\"image\":{\"@type\":\"ImageObject\",\"inLanguage\":\"sr-RS\",\"@id\":\"https:\/\/president-ksgov.net\/#\/schema\/person\/image\/\",\"url\":\"https:\/\/secure.gravatar.com\/avatar\/2545924aa250de68ac8368367a79b663e59571cd131611f54c89b0613a94e230?s=96&d=mm&r=g\",\"contentUrl\":\"https:\/\/secure.gravatar.com\/avatar\/2545924aa250de68ac8368367a79b663e59571cd131611f54c89b0613a94e230?s=96&d=mm&r=g\",\"caption\":\"Florent Rrahmani\"}}]}<\/script>\n<!-- \/ Yoast SEO plugin. -->","yoast_head_json":{"title":"Radna grupa za rodnu ravnopravnost osnovana u okviru Saveta za demokratiju i ljudska prava odr\u017eala je naredni sastanak - Predsednik Republike Kosovo - DR. VJOSA OSMANI - SADRIU","description":"Radna grupa za rodnu ravnopravnost osnovana u okviru Saveta za demokratiju i ljudska prava odr\u017eala je naredni sastanak - Predsednik Republike Kosovo - DR. VJOSA OSMANI - SADRIU - Vesti","robots":{"index":"index","follow":"follow","max-snippet":"max-snippet:-1","max-image-preview":"max-image-preview:large","max-video-preview":"max-video-preview:-1"},"canonical":"https:\/\/president-ksgov.net\/sr\/radna-grupa-za-rodnu-ravnopravnost-osnovana-u-okviru-saveta-za-demokratiju-i-ljudska-prava-odrzala-je-naredni-sastanak-2\/","og_locale":"sr_RS","og_type":"article","og_title":"Radna grupa za rodnu ravnopravnost osnovana u okviru Saveta za demokratiju i ljudska prava odr\u017eala je naredni sastanak - Predsednik Republike Kosovo - DR. VJOSA OSMANI - SADRIU","og_description":"Radna grupa za rodnu ravnopravnost osnovana u okviru Saveta za demokratiju i ljudska prava odr\u017eala je naredni sastanak - Predsednik Republike Kosovo - DR. VJOSA OSMANI - SADRIU - Vesti","og_url":"https:\/\/president-ksgov.net\/sr\/radna-grupa-za-rodnu-ravnopravnost-osnovana-u-okviru-saveta-za-demokratiju-i-ljudska-prava-odrzala-je-naredni-sastanak-2\/","og_site_name":"Predsednik Republike Kosovo - DR. VJOSA OSMANI - SADRIU","article_published_time":"2024-11-19T14:43:27+00:00","article_modified_time":"2024-11-19T17:29:45+00:00","og_image":[{"width":1600,"height":900,"url":"https:\/\/president-ksgov.net\/wp-content\/uploads\/0-14.jpg","type":"image\/jpeg"}],"author":"Florent Rrahmani","twitter_card":"summary_large_image","twitter_misc":{"\u041d\u0430\u043f\u0438\u0441\u0430\u043d\u043e \u043e\u0434":"Florent Rrahmani","\u041f\u0440\u043e\u0446\u0435\u045a\u0435\u043d\u043e \u0432\u0440\u0435\u043c\u0435 \u0447\u0438\u0442\u0430\u045a\u0430":"2 \u043c\u0438\u043d\u0443\u0442\u0430"},"schema":{"@context":"https:\/\/schema.org","@graph":[{"@type":"WebPage","@id":"https:\/\/president-ksgov.net\/sr\/radna-grupa-za-rodnu-ravnopravnost-osnovana-u-okviru-saveta-za-demokratiju-i-ljudska-prava-odrzala-je-naredni-sastanak-2\/","url":"https:\/\/president-ksgov.net\/sr\/radna-grupa-za-rodnu-ravnopravnost-osnovana-u-okviru-saveta-za-demokratiju-i-ljudska-prava-odrzala-je-naredni-sastanak-2\/","name":"Radna grupa za rodnu ravnopravnost osnovana u okviru Saveta za demokratiju i ljudska prava odr\u017eala je naredni sastanak - Predsednik Republike Kosovo - DR. VJOSA OSMANI - SADRIU","isPartOf":{"@id":"https:\/\/president-ksgov.net\/#website"},"primaryImageOfPage":{"@id":"https:\/\/president-ksgov.net\/sr\/radna-grupa-za-rodnu-ravnopravnost-osnovana-u-okviru-saveta-za-demokratiju-i-ljudska-prava-odrzala-je-naredni-sastanak-2\/#primaryimage"},"image":{"@id":"https:\/\/president-ksgov.net\/sr\/radna-grupa-za-rodnu-ravnopravnost-osnovana-u-okviru-saveta-za-demokratiju-i-ljudska-prava-odrzala-je-naredni-sastanak-2\/#primaryimage"},"thumbnailUrl":"https:\/\/president-ksgov.net\/wp-content\/uploads\/0-14.jpg","datePublished":"2024-11-19T14:43:27+00:00","dateModified":"2024-11-19T17:29:45+00:00","author":{"@id":"https:\/\/president-ksgov.net\/#\/schema\/person\/7c46f744a99d3f1616b92658282aa934"},"description":"Radna grupa za rodnu ravnopravnost osnovana u okviru Saveta za demokratiju i ljudska prava odr\u017eala je naredni sastanak - Predsednik Republike Kosovo - DR. VJOSA OSMANI - SADRIU - Vesti","breadcrumb":{"@id":"https:\/\/president-ksgov.net\/sr\/radna-grupa-za-rodnu-ravnopravnost-osnovana-u-okviru-saveta-za-demokratiju-i-ljudska-prava-odrzala-je-naredni-sastanak-2\/#breadcrumb"},"inLanguage":"sr-RS","potentialAction":[{"@type":"ReadAction","target":["https:\/\/president-ksgov.net\/sr\/radna-grupa-za-rodnu-ravnopravnost-osnovana-u-okviru-saveta-za-demokratiju-i-ljudska-prava-odrzala-je-naredni-sastanak-2\/"]}]},{"@type":"ImageObject","inLanguage":"sr-RS","@id":"https:\/\/president-ksgov.net\/sr\/radna-grupa-za-rodnu-ravnopravnost-osnovana-u-okviru-saveta-za-demokratiju-i-ljudska-prava-odrzala-je-naredni-sastanak-2\/#primaryimage","url":"https:\/\/president-ksgov.net\/wp-content\/uploads\/0-14.jpg","contentUrl":"https:\/\/president-ksgov.net\/wp-content\/uploads\/0-14.jpg","width":1600,"height":900},{"@type":"BreadcrumbList","@id":"https:\/\/president-ksgov.net\/sr\/radna-grupa-za-rodnu-ravnopravnost-osnovana-u-okviru-saveta-za-demokratiju-i-ljudska-prava-odrzala-je-naredni-sastanak-2\/#breadcrumb","itemListElement":[{"@type":"ListItem","position":1,"name":"Home","item":"https:\/\/president-ksgov.net\/sr\/"},{"@type":"ListItem","position":2,"name":"Radna grupa za rodnu ravnopravnost osnovana u okviru Saveta za demokratiju i ljudska prava odr\u017eala je naredni sastanak"}]},{"@type":"WebSite","@id":"https:\/\/president-ksgov.net\/#website","url":"https:\/\/president-ksgov.net\/","name":"Presidente e Republik\u00ebs s\u00eb Kosov\u00ebs","description":"Presidente e Republik\u00ebs s\u00eb Kosov\u00ebs","alternateName":"DR. VJOSA OSMANI - SADRIU","potentialAction":[{"@type":"SearchAction","target":{"@type":"EntryPoint","urlTemplate":"https:\/\/president-ksgov.net\/?s={search_term_string}"},"query-input":{"@type":"PropertyValueSpecification","valueRequired":true,"valueName":"search_term_string"}}],"inLanguage":"sr-RS"},{"@type":"Person","@id":"https:\/\/president-ksgov.net\/#\/schema\/person\/7c46f744a99d3f1616b92658282aa934","name":"Florent Rrahmani","image":{"@type":"ImageObject","inLanguage":"sr-RS","@id":"https:\/\/president-ksgov.net\/#\/schema\/person\/image\/","url":"https:\/\/secure.gravatar.com\/avatar\/2545924aa250de68ac8368367a79b663e59571cd131611f54c89b0613a94e230?s=96&d=mm&r=g","contentUrl":"https:\/\/secure.gravatar.com\/avatar\/2545924aa250de68ac8368367a79b663e59571cd131611f54c89b0613a94e230?s=96&d=mm&r=g","caption":"Florent Rrahmani"}}]}},"_links":{"self":[{"href":"https:\/\/president-ksgov.net\/sr\/wp-json\/wp\/v2\/posts\/147596","targetHints":{"allow":["GET"]}}],"collection":[{"href":"https:\/\/president-ksgov.net\/sr\/wp-json\/wp\/v2\/posts"}],"about":[{"href":"https:\/\/president-ksgov.net\/sr\/wp-json\/wp\/v2\/types\/post"}],"author":[{"embeddable":true,"href":"https:\/\/president-ksgov.net\/sr\/wp-json\/wp\/v2\/users\/9"}],"replies":[{"embeddable":true,"href":"https:\/\/president-ksgov.net\/sr\/wp-json\/wp\/v2\/comments?post=147596"}],"version-history":[{"count":1,"href":"https:\/\/president-ksgov.net\/sr\/wp-json\/wp\/v2\/posts\/147596\/revisions"}],"predecessor-version":[{"id":147597,"href":"https:\/\/president-ksgov.net\/sr\/wp-json\/wp\/v2\/posts\/147596\/revisions\/147597"}],"wp:featuredmedia":[{"embeddable":true,"href":"https:\/\/president-ksgov.net\/sr\/wp-json\/wp\/v2\/media\/147554"}],"wp:attachment":[{"href":"https:\/\/president-ksgov.net\/sr\/wp-json\/wp\/v2\/media?parent=147596"}],"wp:term":[{"taxonomy":"category","embeddable":true,"href":"https:\/\/president-ksgov.net\/sr\/wp-json\/wp\/v2\/categories?post=147596"},{"taxonomy":"post_tag","embeddable":true,"href":"https:\/\/president-ksgov.net\/sr\/wp-json\/wp\/v2\/tags?post=147596"}],"curies":[{"name":"wp","href":"https:\/\/api.w.org\/{rel}","templated":true}]}}