{"id":146532,"date":"2024-11-06T14:52:51","date_gmt":"2024-11-06T13:52:51","guid":{"rendered":"https:\/\/president-ksgov.net\/?p=146532"},"modified":"2024-11-06T15:11:16","modified_gmt":"2024-11-06T14:11:16","slug":"predsednica-osmani-predstavlja-republiku-kosovo-na-samitu-lidera-evropske-politicke-zajednice-u-madarskoj","status":"publish","type":"post","link":"https:\/\/president-ksgov.net\/sr\/predsednica-osmani-predstavlja-republiku-kosovo-na-samitu-lidera-evropske-politicke-zajednice-u-madarskoj\/","title":{"rendered":"Predsednica Osmani predstavlja Republiku Kosovo na samitu lidera Evropske politi\u010dke zajednice u Ma\u0111arskoj"},"content":{"rendered":"<p>Predsednica Republike Kosovo Vjosa Osmani otputovala je u Ma\u0111arsku gde \u0107e predstavljati Republiku Kosovo na petom samitu Evropske politi\u010dke zajednice (EPZ).<\/p>\n<p>Naredni sastanak Evropske politi\u010dke zajednice okupi\u0107e lidere iz 47 zemalja sa celog kontinenta u Budimpe\u0161ti.<\/p>\n<p>Na ovom samitu predsednica Osmani \u0107e zajedno sa drugim liderima diskutovati o bezbednosnim izazovima u Evropi, izazvanim ratom u Ukrajini, eskalaciji krize na Bliskom istoku, migracijama i ekonomskim izazovima.<\/p>\n<p>Predsednica Osmani \u0107e u\u010destvovati na dve plenarne sednice EPZ-a, a odr\u017ea\u0107e i dva govora, jedan na plenarnoj sednici, a drugi za radnim stolom za ekonomsku sigurnost.<\/p>\n<p>U okviru Samita, predsednica Osmani \u0107e odr\u017eati bilateralne sastanke sa drugim evropskim liderima.<\/p>\n<p>O\u010dekuje se da \u0107e predsednica Osmani tokom boravka u Budimpe\u0161ti odr\u017eati sastanak sa albanskom dijasporom u Ma\u0111arskoj.<\/p>\n<p>Evropska politi\u010dka zajednica je platforma za evropske lidere da diskutuju o klju\u010dnim pitanjima sa kojima se kontinent suo\u010dava, od bezbednosti i migracije do ekonomske stabilnosti i \u017eivotne sredine. Pokrenuta 2022. godine, EPZ ima za cilj ja\u010danje politi\u010dkih i ekonomskih veza \u0161irom Evrope, pru\u017eanje re\u0161enja za zajedni\u010dke izazove i produbljivanje saradnje izme\u0111u zemalja EU i \u0161ire.<\/p>\n","protected":false},"excerpt":{"rendered":"<p>Predsednica Republike Kosovo Vjosa Osmani otputovala je u Ma\u0111arsku gde \u0107e predstavljati Republiku Kosovo na petom samitu Evropske politi\u010dke zajednice (EPZ). Naredni sastanak Evropske politi\u010dke zajednice okupi\u0107e lidere iz 47 zemalja sa celog kontinenta u Budimpe\u0161ti. Na ovom samitu predsednica Osmani \u0107e zajedno sa drugim liderima diskutovati o bezbednosnim izazovima u Evropi, izazvanim ratom u Ukrajini, eskalaciji krize na Bliskom istoku, migracijama i ekonomskim izazovima. Predsednica Osmani \u0107e u\u010destvovati na dve plenarne sednice EPZ-a, a odr\u017ea\u0107e i dva govora, jedan na plenarnoj sednici, a drugi za radnim stolom za ekonomsku sigurnost. U okviru Samita, predsednica Osmani \u0107e odr\u017eati bilateralne sastanke sa drugim evropskim liderima. O\u010dekuje se da \u0107e predsednica Osmani tokom boravka u Budimpe\u0161ti odr\u017eati sastanak sa albanskom dijasporom u Ma\u0111arskoj. Evropska politi\u010dka zajednica je platforma za evropske lidere da diskutuju o klju\u010dnim pitanjima sa kojima se kontinent suo\u010dava, od bezbednosti i migracije do ekonomske stabilnosti i \u017eivotne sredine. Pokrenuta 2022. godine, EPZ ima za cilj ja\u010danje politi\u010dkih i ekonomskih veza \u0161irom Evrope, pru\u017eanje re\u0161enja za zajedni\u010dke izazove i produbljivanje saradnje izme\u0111u zemalja EU i \u0161ire.<\/p>\n","protected":false},"author":9,"featured_media":146530,"comment_status":"closed","ping_status":"closed","sticky":false,"template":"","format":"standard","meta":{"_eb_attr":"","footnotes":""},"categories":[114,101],"tags":[],"class_list":["post-146532","post","type-post","status-publish","format-standard","has-post-thumbnail","hentry","category-medunarodne-posete","category-vesti"],"yoast_head":"<!-- This site is optimized with the Yoast SEO plugin v23.5 - https:\/\/yoast.com\/wordpress\/plugins\/seo\/ -->\n<title>Predsednica Osmani predstavlja Republiku Kosovo na samitu lidera Evropske politi\u010dke zajednice u Ma\u0111arskoj - Predsednik Republike Kosovo - DR. VJOSA OSMANI - SADRIU<\/title>\n<meta name=\"description\" content=\"Predsednica Osmani predstavlja Republiku Kosovo na samitu lidera Evropske politi\u010dke zajednice u Ma\u0111arskoj - Predsednik Republike Kosovo - DR. VJOSA OSMANI - SADRIU -\" \/>\n<meta name=\"robots\" content=\"index, follow, max-snippet:-1, max-image-preview:large, max-video-preview:-1\" \/>\n<link rel=\"canonical\" href=\"https:\/\/president-ksgov.net\/sr\/predsednica-osmani-predstavlja-republiku-kosovo-na-samitu-lidera-evropske-politicke-zajednice-u-madarskoj\/\" \/>\n<meta property=\"og:locale\" content=\"sr_RS\" \/>\n<meta property=\"og:type\" content=\"article\" \/>\n<meta property=\"og:title\" content=\"Predsednica Osmani predstavlja Republiku Kosovo na samitu lidera Evropske politi\u010dke zajednice u Ma\u0111arskoj - Predsednik Republike Kosovo - DR. VJOSA OSMANI - SADRIU\" \/>\n<meta property=\"og:description\" content=\"Predsednica Osmani predstavlja Republiku Kosovo na samitu lidera Evropske politi\u010dke zajednice u Ma\u0111arskoj - Predsednik Republike Kosovo - DR. VJOSA OSMANI - SADRIU -\" \/>\n<meta property=\"og:url\" content=\"https:\/\/president-ksgov.net\/sr\/predsednica-osmani-predstavlja-republiku-kosovo-na-samitu-lidera-evropske-politicke-zajednice-u-madarskoj\/\" \/>\n<meta property=\"og:site_name\" content=\"Predsednik Republike Kosovo - DR. VJOSA OSMANI - SADRIU\" \/>\n<meta property=\"article:published_time\" content=\"2024-11-06T13:52:51+00:00\" \/>\n<meta property=\"article:modified_time\" content=\"2024-11-06T14:11:16+00:00\" \/>\n<meta property=\"og:image\" content=\"https:\/\/president-ksgov.net\/wp-content\/uploads\/Presidentja-Osmani-perfaqeson-Republiken-e-Kosoves-ne-samitin-e-lidereve-te-Komunitetit-Politik-Evropian-ne.jpeg\" \/>\n\t<meta property=\"og:image:width\" content=\"1600\" \/>\n\t<meta property=\"og:image:height\" content=\"1066\" \/>\n\t<meta property=\"og:image:type\" content=\"image\/jpeg\" \/>\n<meta name=\"author\" content=\"Florent Rrahmani\" \/>\n<meta name=\"twitter:card\" content=\"summary_large_image\" \/>\n<meta name=\"twitter:label1\" content=\"\u041d\u0430\u043f\u0438\u0441\u0430\u043d\u043e \u043e\u0434\" \/>\n\t<meta name=\"twitter:data1\" content=\"Florent Rrahmani\" \/>\n\t<meta name=\"twitter:label2\" content=\"\u041f\u0440\u043e\u0446\u0435\u045a\u0435\u043d\u043e \u0432\u0440\u0435\u043c\u0435 \u0447\u0438\u0442\u0430\u045a\u0430\" \/>\n\t<meta name=\"twitter:data2\" content=\"2 \u043c\u0438\u043d\u0443\u0442\u0430\" \/>\n<script type=\"application\/ld+json\" class=\"yoast-schema-graph\">{\"@context\":\"https:\/\/schema.org\",\"@graph\":[{\"@type\":\"WebPage\",\"@id\":\"https:\/\/president-ksgov.net\/sr\/predsednica-osmani-predstavlja-republiku-kosovo-na-samitu-lidera-evropske-politicke-zajednice-u-madarskoj\/\",\"url\":\"https:\/\/president-ksgov.net\/sr\/predsednica-osmani-predstavlja-republiku-kosovo-na-samitu-lidera-evropske-politicke-zajednice-u-madarskoj\/\",\"name\":\"Predsednica Osmani predstavlja Republiku Kosovo na samitu lidera Evropske politi\u010dke zajednice u Ma\u0111arskoj - Predsednik Republike Kosovo - DR. VJOSA OSMANI - SADRIU\",\"isPartOf\":{\"@id\":\"https:\/\/president-ksgov.net\/#website\"},\"primaryImageOfPage\":{\"@id\":\"https:\/\/president-ksgov.net\/sr\/predsednica-osmani-predstavlja-republiku-kosovo-na-samitu-lidera-evropske-politicke-zajednice-u-madarskoj\/#primaryimage\"},\"image\":{\"@id\":\"https:\/\/president-ksgov.net\/sr\/predsednica-osmani-predstavlja-republiku-kosovo-na-samitu-lidera-evropske-politicke-zajednice-u-madarskoj\/#primaryimage\"},\"thumbnailUrl\":\"https:\/\/president-ksgov.net\/wp-content\/uploads\/Presidentja-Osmani-perfaqeson-Republiken-e-Kosoves-ne-samitin-e-lidereve-te-Komunitetit-Politik-Evropian-ne.jpeg\",\"datePublished\":\"2024-11-06T13:52:51+00:00\",\"dateModified\":\"2024-11-06T14:11:16+00:00\",\"author\":{\"@id\":\"https:\/\/president-ksgov.net\/#\/schema\/person\/7c46f744a99d3f1616b92658282aa934\"},\"description\":\"Predsednica Osmani predstavlja Republiku Kosovo na samitu lidera Evropske politi\u010dke zajednice u Ma\u0111arskoj - Predsednik Republike Kosovo - DR. VJOSA OSMANI - SADRIU -\",\"breadcrumb\":{\"@id\":\"https:\/\/president-ksgov.net\/sr\/predsednica-osmani-predstavlja-republiku-kosovo-na-samitu-lidera-evropske-politicke-zajednice-u-madarskoj\/#breadcrumb\"},\"inLanguage\":\"sr-RS\",\"potentialAction\":[{\"@type\":\"ReadAction\",\"target\":[\"https:\/\/president-ksgov.net\/sr\/predsednica-osmani-predstavlja-republiku-kosovo-na-samitu-lidera-evropske-politicke-zajednice-u-madarskoj\/\"]}]},{\"@type\":\"ImageObject\",\"inLanguage\":\"sr-RS\",\"@id\":\"https:\/\/president-ksgov.net\/sr\/predsednica-osmani-predstavlja-republiku-kosovo-na-samitu-lidera-evropske-politicke-zajednice-u-madarskoj\/#primaryimage\",\"url\":\"https:\/\/president-ksgov.net\/wp-content\/uploads\/Presidentja-Osmani-perfaqeson-Republiken-e-Kosoves-ne-samitin-e-lidereve-te-Komunitetit-Politik-Evropian-ne.jpeg\",\"contentUrl\":\"https:\/\/president-ksgov.net\/wp-content\/uploads\/Presidentja-Osmani-perfaqeson-Republiken-e-Kosoves-ne-samitin-e-lidereve-te-Komunitetit-Politik-Evropian-ne.jpeg\",\"width\":1600,\"height\":1066},{\"@type\":\"BreadcrumbList\",\"@id\":\"https:\/\/president-ksgov.net\/sr\/predsednica-osmani-predstavlja-republiku-kosovo-na-samitu-lidera-evropske-politicke-zajednice-u-madarskoj\/#breadcrumb\",\"itemListElement\":[{\"@type\":\"ListItem\",\"position\":1,\"name\":\"Home\",\"item\":\"https:\/\/president-ksgov.net\/sr\/\"},{\"@type\":\"ListItem\",\"position\":2,\"name\":\"Predsednica Osmani predstavlja Republiku Kosovo na samitu lidera Evropske politi\u010dke zajednice u Ma\u0111arskoj\"}]},{\"@type\":\"WebSite\",\"@id\":\"https:\/\/president-ksgov.net\/#website\",\"url\":\"https:\/\/president-ksgov.net\/\",\"name\":\"Presidente e Republik\u00ebs s\u00eb Kosov\u00ebs\",\"description\":\"Presidente e Republik\u00ebs s\u00eb Kosov\u00ebs\",\"alternateName\":\"DR. VJOSA OSMANI - SADRIU\",\"potentialAction\":[{\"@type\":\"SearchAction\",\"target\":{\"@type\":\"EntryPoint\",\"urlTemplate\":\"https:\/\/president-ksgov.net\/?s={search_term_string}\"},\"query-input\":{\"@type\":\"PropertyValueSpecification\",\"valueRequired\":true,\"valueName\":\"search_term_string\"}}],\"inLanguage\":\"sr-RS\"},{\"@type\":\"Person\",\"@id\":\"https:\/\/president-ksgov.net\/#\/schema\/person\/7c46f744a99d3f1616b92658282aa934\",\"name\":\"Florent Rrahmani\",\"image\":{\"@type\":\"ImageObject\",\"inLanguage\":\"sr-RS\",\"@id\":\"https:\/\/president-ksgov.net\/#\/schema\/person\/image\/\",\"url\":\"https:\/\/secure.gravatar.com\/avatar\/2545924aa250de68ac8368367a79b663e59571cd131611f54c89b0613a94e230?s=96&d=mm&r=g\",\"contentUrl\":\"https:\/\/secure.gravatar.com\/avatar\/2545924aa250de68ac8368367a79b663e59571cd131611f54c89b0613a94e230?s=96&d=mm&r=g\",\"caption\":\"Florent Rrahmani\"}}]}<\/script>\n<!-- \/ Yoast SEO plugin. -->","yoast_head_json":{"title":"Predsednica Osmani predstavlja Republiku Kosovo na samitu lidera Evropske politi\u010dke zajednice u Ma\u0111arskoj - Predsednik Republike Kosovo - DR. VJOSA OSMANI - SADRIU","description":"Predsednica Osmani predstavlja Republiku Kosovo na samitu lidera Evropske politi\u010dke zajednice u Ma\u0111arskoj - Predsednik Republike Kosovo - DR. VJOSA OSMANI - SADRIU -","robots":{"index":"index","follow":"follow","max-snippet":"max-snippet:-1","max-image-preview":"max-image-preview:large","max-video-preview":"max-video-preview:-1"},"canonical":"https:\/\/president-ksgov.net\/sr\/predsednica-osmani-predstavlja-republiku-kosovo-na-samitu-lidera-evropske-politicke-zajednice-u-madarskoj\/","og_locale":"sr_RS","og_type":"article","og_title":"Predsednica Osmani predstavlja Republiku Kosovo na samitu lidera Evropske politi\u010dke zajednice u Ma\u0111arskoj - Predsednik Republike Kosovo - DR. VJOSA OSMANI - SADRIU","og_description":"Predsednica Osmani predstavlja Republiku Kosovo na samitu lidera Evropske politi\u010dke zajednice u Ma\u0111arskoj - Predsednik Republike Kosovo - DR. VJOSA OSMANI - SADRIU -","og_url":"https:\/\/president-ksgov.net\/sr\/predsednica-osmani-predstavlja-republiku-kosovo-na-samitu-lidera-evropske-politicke-zajednice-u-madarskoj\/","og_site_name":"Predsednik Republike Kosovo - DR. VJOSA OSMANI - SADRIU","article_published_time":"2024-11-06T13:52:51+00:00","article_modified_time":"2024-11-06T14:11:16+00:00","og_image":[{"width":1600,"height":1066,"url":"https:\/\/president-ksgov.net\/wp-content\/uploads\/Presidentja-Osmani-perfaqeson-Republiken-e-Kosoves-ne-samitin-e-lidereve-te-Komunitetit-Politik-Evropian-ne.jpeg","type":"image\/jpeg"}],"author":"Florent Rrahmani","twitter_card":"summary_large_image","twitter_misc":{"\u041d\u0430\u043f\u0438\u0441\u0430\u043d\u043e \u043e\u0434":"Florent Rrahmani","\u041f\u0440\u043e\u0446\u0435\u045a\u0435\u043d\u043e \u0432\u0440\u0435\u043c\u0435 \u0447\u0438\u0442\u0430\u045a\u0430":"2 \u043c\u0438\u043d\u0443\u0442\u0430"},"schema":{"@context":"https:\/\/schema.org","@graph":[{"@type":"WebPage","@id":"https:\/\/president-ksgov.net\/sr\/predsednica-osmani-predstavlja-republiku-kosovo-na-samitu-lidera-evropske-politicke-zajednice-u-madarskoj\/","url":"https:\/\/president-ksgov.net\/sr\/predsednica-osmani-predstavlja-republiku-kosovo-na-samitu-lidera-evropske-politicke-zajednice-u-madarskoj\/","name":"Predsednica Osmani predstavlja Republiku Kosovo na samitu lidera Evropske politi\u010dke zajednice u Ma\u0111arskoj - Predsednik Republike Kosovo - DR. VJOSA OSMANI - SADRIU","isPartOf":{"@id":"https:\/\/president-ksgov.net\/#website"},"primaryImageOfPage":{"@id":"https:\/\/president-ksgov.net\/sr\/predsednica-osmani-predstavlja-republiku-kosovo-na-samitu-lidera-evropske-politicke-zajednice-u-madarskoj\/#primaryimage"},"image":{"@id":"https:\/\/president-ksgov.net\/sr\/predsednica-osmani-predstavlja-republiku-kosovo-na-samitu-lidera-evropske-politicke-zajednice-u-madarskoj\/#primaryimage"},"thumbnailUrl":"https:\/\/president-ksgov.net\/wp-content\/uploads\/Presidentja-Osmani-perfaqeson-Republiken-e-Kosoves-ne-samitin-e-lidereve-te-Komunitetit-Politik-Evropian-ne.jpeg","datePublished":"2024-11-06T13:52:51+00:00","dateModified":"2024-11-06T14:11:16+00:00","author":{"@id":"https:\/\/president-ksgov.net\/#\/schema\/person\/7c46f744a99d3f1616b92658282aa934"},"description":"Predsednica Osmani predstavlja Republiku Kosovo na samitu lidera Evropske politi\u010dke zajednice u Ma\u0111arskoj - Predsednik Republike Kosovo - DR. VJOSA OSMANI - SADRIU -","breadcrumb":{"@id":"https:\/\/president-ksgov.net\/sr\/predsednica-osmani-predstavlja-republiku-kosovo-na-samitu-lidera-evropske-politicke-zajednice-u-madarskoj\/#breadcrumb"},"inLanguage":"sr-RS","potentialAction":[{"@type":"ReadAction","target":["https:\/\/president-ksgov.net\/sr\/predsednica-osmani-predstavlja-republiku-kosovo-na-samitu-lidera-evropske-politicke-zajednice-u-madarskoj\/"]}]},{"@type":"ImageObject","inLanguage":"sr-RS","@id":"https:\/\/president-ksgov.net\/sr\/predsednica-osmani-predstavlja-republiku-kosovo-na-samitu-lidera-evropske-politicke-zajednice-u-madarskoj\/#primaryimage","url":"https:\/\/president-ksgov.net\/wp-content\/uploads\/Presidentja-Osmani-perfaqeson-Republiken-e-Kosoves-ne-samitin-e-lidereve-te-Komunitetit-Politik-Evropian-ne.jpeg","contentUrl":"https:\/\/president-ksgov.net\/wp-content\/uploads\/Presidentja-Osmani-perfaqeson-Republiken-e-Kosoves-ne-samitin-e-lidereve-te-Komunitetit-Politik-Evropian-ne.jpeg","width":1600,"height":1066},{"@type":"BreadcrumbList","@id":"https:\/\/president-ksgov.net\/sr\/predsednica-osmani-predstavlja-republiku-kosovo-na-samitu-lidera-evropske-politicke-zajednice-u-madarskoj\/#breadcrumb","itemListElement":[{"@type":"ListItem","position":1,"name":"Home","item":"https:\/\/president-ksgov.net\/sr\/"},{"@type":"ListItem","position":2,"name":"Predsednica Osmani predstavlja Republiku Kosovo na samitu lidera Evropske politi\u010dke zajednice u Ma\u0111arskoj"}]},{"@type":"WebSite","@id":"https:\/\/president-ksgov.net\/#website","url":"https:\/\/president-ksgov.net\/","name":"Presidente e Republik\u00ebs s\u00eb Kosov\u00ebs","description":"Presidente e Republik\u00ebs s\u00eb Kosov\u00ebs","alternateName":"DR. VJOSA OSMANI - SADRIU","potentialAction":[{"@type":"SearchAction","target":{"@type":"EntryPoint","urlTemplate":"https:\/\/president-ksgov.net\/?s={search_term_string}"},"query-input":{"@type":"PropertyValueSpecification","valueRequired":true,"valueName":"search_term_string"}}],"inLanguage":"sr-RS"},{"@type":"Person","@id":"https:\/\/president-ksgov.net\/#\/schema\/person\/7c46f744a99d3f1616b92658282aa934","name":"Florent Rrahmani","image":{"@type":"ImageObject","inLanguage":"sr-RS","@id":"https:\/\/president-ksgov.net\/#\/schema\/person\/image\/","url":"https:\/\/secure.gravatar.com\/avatar\/2545924aa250de68ac8368367a79b663e59571cd131611f54c89b0613a94e230?s=96&d=mm&r=g","contentUrl":"https:\/\/secure.gravatar.com\/avatar\/2545924aa250de68ac8368367a79b663e59571cd131611f54c89b0613a94e230?s=96&d=mm&r=g","caption":"Florent Rrahmani"}}]}},"_links":{"self":[{"href":"https:\/\/president-ksgov.net\/sr\/wp-json\/wp\/v2\/posts\/146532","targetHints":{"allow":["GET"]}}],"collection":[{"href":"https:\/\/president-ksgov.net\/sr\/wp-json\/wp\/v2\/posts"}],"about":[{"href":"https:\/\/president-ksgov.net\/sr\/wp-json\/wp\/v2\/types\/post"}],"author":[{"embeddable":true,"href":"https:\/\/president-ksgov.net\/sr\/wp-json\/wp\/v2\/users\/9"}],"replies":[{"embeddable":true,"href":"https:\/\/president-ksgov.net\/sr\/wp-json\/wp\/v2\/comments?post=146532"}],"version-history":[{"count":1,"href":"https:\/\/president-ksgov.net\/sr\/wp-json\/wp\/v2\/posts\/146532\/revisions"}],"predecessor-version":[{"id":146533,"href":"https:\/\/president-ksgov.net\/sr\/wp-json\/wp\/v2\/posts\/146532\/revisions\/146533"}],"wp:featuredmedia":[{"embeddable":true,"href":"https:\/\/president-ksgov.net\/sr\/wp-json\/wp\/v2\/media\/146530"}],"wp:attachment":[{"href":"https:\/\/president-ksgov.net\/sr\/wp-json\/wp\/v2\/media?parent=146532"}],"wp:term":[{"taxonomy":"category","embeddable":true,"href":"https:\/\/president-ksgov.net\/sr\/wp-json\/wp\/v2\/categories?post=146532"},{"taxonomy":"post_tag","embeddable":true,"href":"https:\/\/president-ksgov.net\/sr\/wp-json\/wp\/v2\/tags?post=146532"}],"curies":[{"name":"wp","href":"https:\/\/api.w.org\/{rel}","templated":true}]}}