{"id":146482,"date":"2024-11-04T17:48:59","date_gmt":"2024-11-04T16:48:59","guid":{"rendered":"https:\/\/president-ksgov.net\/?p=146482"},"modified":"2024-11-04T18:34:57","modified_gmt":"2024-11-04T17:34:57","slug":"predsednica-osmani-docekala-na-sastanku-ministra-spoljnih-poslova-luksemburga-ujedno-i-zamenika-premijera-i-ministra-trgovine-xaviera-bettela","status":"publish","type":"post","link":"https:\/\/president-ksgov.net\/sr\/predsednica-osmani-docekala-na-sastanku-ministra-spoljnih-poslova-luksemburga-ujedno-i-zamenika-premijera-i-ministra-trgovine-xaviera-bettela\/","title":{"rendered":"Predsednica Osmani do\u010dekala na sastanku ministra spoljnih poslova Luksemburga, ujedno i zamenika premijera i ministra trgovine, Xaviera Bettela"},"content":{"rendered":"<p>Predsednica Republike Kosovo Vjosa Osmani do\u010dekala je danas na sastanku ministra spoljnih poslova Luksemburga, ujedno i zamenika premijera i ministra trgovine Xaviera Bettela, sa kojim je razgovarala o aktuelnoj politi\u010dkoj i bezbednosnoj situaciji u zemlji, ja\u010danju bilateralnih odnosa i unapre\u0111enju saradnje u oblastima od zajedni\u010dkog interesa.<\/p>\n<p>Na sastanku, predsednica Osmani je zahvalila ministru Bettelu na kontinuiranoj podr\u0161ci Luksemburga Kosovu i istovremeno je istakla potrebu da nastavi sa podr\u0161kom \u010dlanstvu Kosova u Savetu Evrope.<\/p>\n<p>Prema re\u010dima predsednice Osmani, Kosovo je i dalje nepokolebljivo na svom putu ka evropskim integracijama, tako da je u tom pravcu ostvarilo zna\u010dajan napredak u oblasti demokratije, vladavine prava i ljudskih prava.<\/p>\n<p>Nadalje, predsednica Osmani je naglasila da napredak u Evropskoj reformskoj agendi odra\u017eava sna\u017enu spremnost za \u010dlanstvo u EU.<\/p>\n<p>\u201eKosovo je preduzelo va\u017ene korake da ispuni kriterijume EU, sprovo\u0111enjem reformi koje podsti\u010du regionalnu stabilnost i pove\u0107avaju ekonomsku stabilnost\u201c, naglasila je predsednica Osmani.<\/p>\n<p>Predsednica Osmani je \u010destitala ministru Bettelu na novom objektu ambasade Luksemburga na Kosovu, koji je ve\u010deras sve\u010dano otvoren, izraziv\u0161i uverenje da se time stvaraju preduslovi za intenziviranje odnosa dve zemlje.<\/p>\n<p>Izme\u0111u ostalog, predsednica Osmani i ministar Bettel razgovarali su i o mogu\u0107nostima za pove\u0107anje bilateralne saradnje u razli\u010ditim oblastima od zajedni\u010dkog interesa.<\/p>\n","protected":false},"excerpt":{"rendered":"<p>Predsednica Republike Kosovo Vjosa Osmani do\u010dekala je danas na sastanku ministra spoljnih poslova Luksemburga, ujedno i zamenika premijera i ministra trgovine Xaviera Bettela, sa kojim je razgovarala o aktuelnoj politi\u010dkoj i bezbednosnoj situaciji u zemlji, ja\u010danju bilateralnih odnosa i unapre\u0111enju saradnje u oblastima od zajedni\u010dkog interesa. Na sastanku, predsednica Osmani je zahvalila ministru Bettelu na kontinuiranoj podr\u0161ci Luksemburga Kosovu i istovremeno je istakla potrebu da nastavi sa podr\u0161kom \u010dlanstvu Kosova u Savetu Evrope. Prema re\u010dima predsednice Osmani, Kosovo je i dalje nepokolebljivo na svom putu ka evropskim integracijama, tako da je u tom pravcu ostvarilo zna\u010dajan napredak u oblasti demokratije, vladavine prava i ljudskih prava. Nadalje, predsednica Osmani je naglasila da napredak u Evropskoj reformskoj agendi odra\u017eava sna\u017enu spremnost za \u010dlanstvo u EU. \u201eKosovo je preduzelo va\u017ene korake da ispuni kriterijume EU, sprovo\u0111enjem reformi koje podsti\u010du regionalnu stabilnost i pove\u0107avaju ekonomsku stabilnost\u201c, naglasila je predsednica Osmani. Predsednica Osmani je \u010destitala ministru Bettelu na novom objektu ambasade Luksemburga na Kosovu, koji je ve\u010deras sve\u010dano otvoren, izraziv\u0161i uverenje da se time stvaraju preduslovi za intenziviranje odnosa dve zemlje. Izme\u0111u ostalog, predsednica Osmani i ministar Bettel razgovarali su i o mogu\u0107nostima za pove\u0107anje bilateralne saradnje u razli\u010ditim oblastima od zajedni\u010dkog interesa.<\/p>\n","protected":false},"author":9,"featured_media":146472,"comment_status":"closed","ping_status":"closed","sticky":false,"template":"","format":"standard","meta":{"_eb_attr":"","footnotes":""},"categories":[101],"tags":[],"class_list":["post-146482","post","type-post","status-publish","format-standard","has-post-thumbnail","hentry","category-vesti"],"yoast_head":"<!-- This site is optimized with the Yoast SEO plugin v23.5 - https:\/\/yoast.com\/wordpress\/plugins\/seo\/ -->\n<title>Predsednica Osmani do\u010dekala na sastanku ministra spoljnih poslova Luksemburga, ujedno i zamenika premijera i ministra trgovine, Xaviera Bettela - Predsednik Republike Kosovo - DR. VJOSA OSMANI - SADRIU<\/title>\n<meta name=\"description\" content=\"Predsednica Osmani do\u010dekala na sastanku ministra spoljnih poslova Luksemburga, ujedno i zamenika premijera i ministra trgovine, Xaviera Bettela - Predsednik Republike Kosovo - DR. VJOSA OSMANI - SADRIU -\" \/>\n<meta name=\"robots\" content=\"index, follow, max-snippet:-1, max-image-preview:large, max-video-preview:-1\" \/>\n<link rel=\"canonical\" href=\"https:\/\/president-ksgov.net\/sr\/predsednica-osmani-docekala-na-sastanku-ministra-spoljnih-poslova-luksemburga-ujedno-i-zamenika-premijera-i-ministra-trgovine-xaviera-bettela\/\" \/>\n<meta property=\"og:locale\" content=\"sr_RS\" \/>\n<meta property=\"og:type\" content=\"article\" \/>\n<meta property=\"og:title\" content=\"Predsednica Osmani do\u010dekala na sastanku ministra spoljnih poslova Luksemburga, ujedno i zamenika premijera i ministra trgovine, Xaviera Bettela - Predsednik Republike Kosovo - DR. VJOSA OSMANI - SADRIU\" \/>\n<meta property=\"og:description\" content=\"Predsednica Osmani do\u010dekala na sastanku ministra spoljnih poslova Luksemburga, ujedno i zamenika premijera i ministra trgovine, Xaviera Bettela - Predsednik Republike Kosovo - DR. VJOSA OSMANI - SADRIU -\" \/>\n<meta property=\"og:url\" content=\"https:\/\/president-ksgov.net\/sr\/predsednica-osmani-docekala-na-sastanku-ministra-spoljnih-poslova-luksemburga-ujedno-i-zamenika-premijera-i-ministra-trgovine-xaviera-bettela\/\" \/>\n<meta property=\"og:site_name\" content=\"Predsednik Republike Kosovo - DR. VJOSA OSMANI - SADRIU\" \/>\n<meta property=\"article:published_time\" content=\"2024-11-04T16:48:59+00:00\" \/>\n<meta property=\"article:modified_time\" content=\"2024-11-04T17:34:57+00:00\" \/>\n<meta property=\"og:image\" content=\"https:\/\/president-ksgov.net\/wp-content\/uploads\/4.11.24_1.jpg\" \/>\n\t<meta property=\"og:image:width\" content=\"2048\" \/>\n\t<meta property=\"og:image:height\" content=\"1530\" \/>\n\t<meta property=\"og:image:type\" content=\"image\/jpeg\" \/>\n<meta name=\"author\" content=\"Florent Rrahmani\" \/>\n<meta name=\"twitter:card\" content=\"summary_large_image\" \/>\n<meta name=\"twitter:label1\" content=\"\u041d\u0430\u043f\u0438\u0441\u0430\u043d\u043e \u043e\u0434\" \/>\n\t<meta name=\"twitter:data1\" content=\"Florent Rrahmani\" \/>\n\t<meta name=\"twitter:label2\" content=\"\u041f\u0440\u043e\u0446\u0435\u045a\u0435\u043d\u043e \u0432\u0440\u0435\u043c\u0435 \u0447\u0438\u0442\u0430\u045a\u0430\" \/>\n\t<meta name=\"twitter:data2\" content=\"2 \u043c\u0438\u043d\u0443\u0442\u0430\" \/>\n<script type=\"application\/ld+json\" class=\"yoast-schema-graph\">{\"@context\":\"https:\/\/schema.org\",\"@graph\":[{\"@type\":\"WebPage\",\"@id\":\"https:\/\/president-ksgov.net\/sr\/predsednica-osmani-docekala-na-sastanku-ministra-spoljnih-poslova-luksemburga-ujedno-i-zamenika-premijera-i-ministra-trgovine-xaviera-bettela\/\",\"url\":\"https:\/\/president-ksgov.net\/sr\/predsednica-osmani-docekala-na-sastanku-ministra-spoljnih-poslova-luksemburga-ujedno-i-zamenika-premijera-i-ministra-trgovine-xaviera-bettela\/\",\"name\":\"Predsednica Osmani do\u010dekala na sastanku ministra spoljnih poslova Luksemburga, ujedno i zamenika premijera i ministra trgovine, Xaviera Bettela - Predsednik Republike Kosovo - DR. VJOSA OSMANI - SADRIU\",\"isPartOf\":{\"@id\":\"https:\/\/president-ksgov.net\/#website\"},\"primaryImageOfPage\":{\"@id\":\"https:\/\/president-ksgov.net\/sr\/predsednica-osmani-docekala-na-sastanku-ministra-spoljnih-poslova-luksemburga-ujedno-i-zamenika-premijera-i-ministra-trgovine-xaviera-bettela\/#primaryimage\"},\"image\":{\"@id\":\"https:\/\/president-ksgov.net\/sr\/predsednica-osmani-docekala-na-sastanku-ministra-spoljnih-poslova-luksemburga-ujedno-i-zamenika-premijera-i-ministra-trgovine-xaviera-bettela\/#primaryimage\"},\"thumbnailUrl\":\"https:\/\/president-ksgov.net\/wp-content\/uploads\/4.11.24_1.jpg\",\"datePublished\":\"2024-11-04T16:48:59+00:00\",\"dateModified\":\"2024-11-04T17:34:57+00:00\",\"author\":{\"@id\":\"https:\/\/president-ksgov.net\/#\/schema\/person\/7c46f744a99d3f1616b92658282aa934\"},\"description\":\"Predsednica Osmani do\u010dekala na sastanku ministra spoljnih poslova Luksemburga, ujedno i zamenika premijera i ministra trgovine, Xaviera Bettela - Predsednik Republike Kosovo - DR. VJOSA OSMANI - SADRIU -\",\"breadcrumb\":{\"@id\":\"https:\/\/president-ksgov.net\/sr\/predsednica-osmani-docekala-na-sastanku-ministra-spoljnih-poslova-luksemburga-ujedno-i-zamenika-premijera-i-ministra-trgovine-xaviera-bettela\/#breadcrumb\"},\"inLanguage\":\"sr-RS\",\"potentialAction\":[{\"@type\":\"ReadAction\",\"target\":[\"https:\/\/president-ksgov.net\/sr\/predsednica-osmani-docekala-na-sastanku-ministra-spoljnih-poslova-luksemburga-ujedno-i-zamenika-premijera-i-ministra-trgovine-xaviera-bettela\/\"]}]},{\"@type\":\"ImageObject\",\"inLanguage\":\"sr-RS\",\"@id\":\"https:\/\/president-ksgov.net\/sr\/predsednica-osmani-docekala-na-sastanku-ministra-spoljnih-poslova-luksemburga-ujedno-i-zamenika-premijera-i-ministra-trgovine-xaviera-bettela\/#primaryimage\",\"url\":\"https:\/\/president-ksgov.net\/wp-content\/uploads\/4.11.24_1.jpg\",\"contentUrl\":\"https:\/\/president-ksgov.net\/wp-content\/uploads\/4.11.24_1.jpg\",\"width\":2048,\"height\":1530},{\"@type\":\"BreadcrumbList\",\"@id\":\"https:\/\/president-ksgov.net\/sr\/predsednica-osmani-docekala-na-sastanku-ministra-spoljnih-poslova-luksemburga-ujedno-i-zamenika-premijera-i-ministra-trgovine-xaviera-bettela\/#breadcrumb\",\"itemListElement\":[{\"@type\":\"ListItem\",\"position\":1,\"name\":\"Home\",\"item\":\"https:\/\/president-ksgov.net\/sr\/\"},{\"@type\":\"ListItem\",\"position\":2,\"name\":\"Predsednica Osmani do\u010dekala na sastanku ministra spoljnih poslova Luksemburga, ujedno i zamenika premijera i ministra trgovine, Xaviera Bettela\"}]},{\"@type\":\"WebSite\",\"@id\":\"https:\/\/president-ksgov.net\/#website\",\"url\":\"https:\/\/president-ksgov.net\/\",\"name\":\"Presidente e Republik\u00ebs s\u00eb Kosov\u00ebs\",\"description\":\"Presidente e Republik\u00ebs s\u00eb Kosov\u00ebs\",\"alternateName\":\"DR. VJOSA OSMANI - SADRIU\",\"potentialAction\":[{\"@type\":\"SearchAction\",\"target\":{\"@type\":\"EntryPoint\",\"urlTemplate\":\"https:\/\/president-ksgov.net\/?s={search_term_string}\"},\"query-input\":{\"@type\":\"PropertyValueSpecification\",\"valueRequired\":true,\"valueName\":\"search_term_string\"}}],\"inLanguage\":\"sr-RS\"},{\"@type\":\"Person\",\"@id\":\"https:\/\/president-ksgov.net\/#\/schema\/person\/7c46f744a99d3f1616b92658282aa934\",\"name\":\"Florent Rrahmani\",\"image\":{\"@type\":\"ImageObject\",\"inLanguage\":\"sr-RS\",\"@id\":\"https:\/\/president-ksgov.net\/#\/schema\/person\/image\/\",\"url\":\"https:\/\/secure.gravatar.com\/avatar\/2545924aa250de68ac8368367a79b663e59571cd131611f54c89b0613a94e230?s=96&d=mm&r=g\",\"contentUrl\":\"https:\/\/secure.gravatar.com\/avatar\/2545924aa250de68ac8368367a79b663e59571cd131611f54c89b0613a94e230?s=96&d=mm&r=g\",\"caption\":\"Florent Rrahmani\"}}]}<\/script>\n<!-- \/ Yoast SEO plugin. -->","yoast_head_json":{"title":"Predsednica Osmani do\u010dekala na sastanku ministra spoljnih poslova Luksemburga, ujedno i zamenika premijera i ministra trgovine, Xaviera Bettela - Predsednik Republike Kosovo - DR. VJOSA OSMANI - SADRIU","description":"Predsednica Osmani do\u010dekala na sastanku ministra spoljnih poslova Luksemburga, ujedno i zamenika premijera i ministra trgovine, Xaviera Bettela - Predsednik Republike Kosovo - DR. VJOSA OSMANI - SADRIU -","robots":{"index":"index","follow":"follow","max-snippet":"max-snippet:-1","max-image-preview":"max-image-preview:large","max-video-preview":"max-video-preview:-1"},"canonical":"https:\/\/president-ksgov.net\/sr\/predsednica-osmani-docekala-na-sastanku-ministra-spoljnih-poslova-luksemburga-ujedno-i-zamenika-premijera-i-ministra-trgovine-xaviera-bettela\/","og_locale":"sr_RS","og_type":"article","og_title":"Predsednica Osmani do\u010dekala na sastanku ministra spoljnih poslova Luksemburga, ujedno i zamenika premijera i ministra trgovine, Xaviera Bettela - Predsednik Republike Kosovo - DR. VJOSA OSMANI - SADRIU","og_description":"Predsednica Osmani do\u010dekala na sastanku ministra spoljnih poslova Luksemburga, ujedno i zamenika premijera i ministra trgovine, Xaviera Bettela - Predsednik Republike Kosovo - DR. VJOSA OSMANI - SADRIU -","og_url":"https:\/\/president-ksgov.net\/sr\/predsednica-osmani-docekala-na-sastanku-ministra-spoljnih-poslova-luksemburga-ujedno-i-zamenika-premijera-i-ministra-trgovine-xaviera-bettela\/","og_site_name":"Predsednik Republike Kosovo - DR. VJOSA OSMANI - SADRIU","article_published_time":"2024-11-04T16:48:59+00:00","article_modified_time":"2024-11-04T17:34:57+00:00","og_image":[{"width":2048,"height":1530,"url":"https:\/\/president-ksgov.net\/wp-content\/uploads\/4.11.24_1.jpg","type":"image\/jpeg"}],"author":"Florent Rrahmani","twitter_card":"summary_large_image","twitter_misc":{"\u041d\u0430\u043f\u0438\u0441\u0430\u043d\u043e \u043e\u0434":"Florent Rrahmani","\u041f\u0440\u043e\u0446\u0435\u045a\u0435\u043d\u043e \u0432\u0440\u0435\u043c\u0435 \u0447\u0438\u0442\u0430\u045a\u0430":"2 \u043c\u0438\u043d\u0443\u0442\u0430"},"schema":{"@context":"https:\/\/schema.org","@graph":[{"@type":"WebPage","@id":"https:\/\/president-ksgov.net\/sr\/predsednica-osmani-docekala-na-sastanku-ministra-spoljnih-poslova-luksemburga-ujedno-i-zamenika-premijera-i-ministra-trgovine-xaviera-bettela\/","url":"https:\/\/president-ksgov.net\/sr\/predsednica-osmani-docekala-na-sastanku-ministra-spoljnih-poslova-luksemburga-ujedno-i-zamenika-premijera-i-ministra-trgovine-xaviera-bettela\/","name":"Predsednica Osmani do\u010dekala na sastanku ministra spoljnih poslova Luksemburga, ujedno i zamenika premijera i ministra trgovine, Xaviera Bettela - Predsednik Republike Kosovo - DR. VJOSA OSMANI - SADRIU","isPartOf":{"@id":"https:\/\/president-ksgov.net\/#website"},"primaryImageOfPage":{"@id":"https:\/\/president-ksgov.net\/sr\/predsednica-osmani-docekala-na-sastanku-ministra-spoljnih-poslova-luksemburga-ujedno-i-zamenika-premijera-i-ministra-trgovine-xaviera-bettela\/#primaryimage"},"image":{"@id":"https:\/\/president-ksgov.net\/sr\/predsednica-osmani-docekala-na-sastanku-ministra-spoljnih-poslova-luksemburga-ujedno-i-zamenika-premijera-i-ministra-trgovine-xaviera-bettela\/#primaryimage"},"thumbnailUrl":"https:\/\/president-ksgov.net\/wp-content\/uploads\/4.11.24_1.jpg","datePublished":"2024-11-04T16:48:59+00:00","dateModified":"2024-11-04T17:34:57+00:00","author":{"@id":"https:\/\/president-ksgov.net\/#\/schema\/person\/7c46f744a99d3f1616b92658282aa934"},"description":"Predsednica Osmani do\u010dekala na sastanku ministra spoljnih poslova Luksemburga, ujedno i zamenika premijera i ministra trgovine, Xaviera Bettela - Predsednik Republike Kosovo - DR. VJOSA OSMANI - SADRIU -","breadcrumb":{"@id":"https:\/\/president-ksgov.net\/sr\/predsednica-osmani-docekala-na-sastanku-ministra-spoljnih-poslova-luksemburga-ujedno-i-zamenika-premijera-i-ministra-trgovine-xaviera-bettela\/#breadcrumb"},"inLanguage":"sr-RS","potentialAction":[{"@type":"ReadAction","target":["https:\/\/president-ksgov.net\/sr\/predsednica-osmani-docekala-na-sastanku-ministra-spoljnih-poslova-luksemburga-ujedno-i-zamenika-premijera-i-ministra-trgovine-xaviera-bettela\/"]}]},{"@type":"ImageObject","inLanguage":"sr-RS","@id":"https:\/\/president-ksgov.net\/sr\/predsednica-osmani-docekala-na-sastanku-ministra-spoljnih-poslova-luksemburga-ujedno-i-zamenika-premijera-i-ministra-trgovine-xaviera-bettela\/#primaryimage","url":"https:\/\/president-ksgov.net\/wp-content\/uploads\/4.11.24_1.jpg","contentUrl":"https:\/\/president-ksgov.net\/wp-content\/uploads\/4.11.24_1.jpg","width":2048,"height":1530},{"@type":"BreadcrumbList","@id":"https:\/\/president-ksgov.net\/sr\/predsednica-osmani-docekala-na-sastanku-ministra-spoljnih-poslova-luksemburga-ujedno-i-zamenika-premijera-i-ministra-trgovine-xaviera-bettela\/#breadcrumb","itemListElement":[{"@type":"ListItem","position":1,"name":"Home","item":"https:\/\/president-ksgov.net\/sr\/"},{"@type":"ListItem","position":2,"name":"Predsednica Osmani do\u010dekala na sastanku ministra spoljnih poslova Luksemburga, ujedno i zamenika premijera i ministra trgovine, Xaviera Bettela"}]},{"@type":"WebSite","@id":"https:\/\/president-ksgov.net\/#website","url":"https:\/\/president-ksgov.net\/","name":"Presidente e Republik\u00ebs s\u00eb Kosov\u00ebs","description":"Presidente e Republik\u00ebs s\u00eb Kosov\u00ebs","alternateName":"DR. VJOSA OSMANI - SADRIU","potentialAction":[{"@type":"SearchAction","target":{"@type":"EntryPoint","urlTemplate":"https:\/\/president-ksgov.net\/?s={search_term_string}"},"query-input":{"@type":"PropertyValueSpecification","valueRequired":true,"valueName":"search_term_string"}}],"inLanguage":"sr-RS"},{"@type":"Person","@id":"https:\/\/president-ksgov.net\/#\/schema\/person\/7c46f744a99d3f1616b92658282aa934","name":"Florent Rrahmani","image":{"@type":"ImageObject","inLanguage":"sr-RS","@id":"https:\/\/president-ksgov.net\/#\/schema\/person\/image\/","url":"https:\/\/secure.gravatar.com\/avatar\/2545924aa250de68ac8368367a79b663e59571cd131611f54c89b0613a94e230?s=96&d=mm&r=g","contentUrl":"https:\/\/secure.gravatar.com\/avatar\/2545924aa250de68ac8368367a79b663e59571cd131611f54c89b0613a94e230?s=96&d=mm&r=g","caption":"Florent Rrahmani"}}]}},"_links":{"self":[{"href":"https:\/\/president-ksgov.net\/sr\/wp-json\/wp\/v2\/posts\/146482","targetHints":{"allow":["GET"]}}],"collection":[{"href":"https:\/\/president-ksgov.net\/sr\/wp-json\/wp\/v2\/posts"}],"about":[{"href":"https:\/\/president-ksgov.net\/sr\/wp-json\/wp\/v2\/types\/post"}],"author":[{"embeddable":true,"href":"https:\/\/president-ksgov.net\/sr\/wp-json\/wp\/v2\/users\/9"}],"replies":[{"embeddable":true,"href":"https:\/\/president-ksgov.net\/sr\/wp-json\/wp\/v2\/comments?post=146482"}],"version-history":[{"count":1,"href":"https:\/\/president-ksgov.net\/sr\/wp-json\/wp\/v2\/posts\/146482\/revisions"}],"predecessor-version":[{"id":146483,"href":"https:\/\/president-ksgov.net\/sr\/wp-json\/wp\/v2\/posts\/146482\/revisions\/146483"}],"wp:featuredmedia":[{"embeddable":true,"href":"https:\/\/president-ksgov.net\/sr\/wp-json\/wp\/v2\/media\/146472"}],"wp:attachment":[{"href":"https:\/\/president-ksgov.net\/sr\/wp-json\/wp\/v2\/media?parent=146482"}],"wp:term":[{"taxonomy":"category","embeddable":true,"href":"https:\/\/president-ksgov.net\/sr\/wp-json\/wp\/v2\/categories?post=146482"},{"taxonomy":"post_tag","embeddable":true,"href":"https:\/\/president-ksgov.net\/sr\/wp-json\/wp\/v2\/tags?post=146482"}],"curies":[{"name":"wp","href":"https:\/\/api.w.org\/{rel}","templated":true}]}}