{"id":146133,"date":"2024-10-26T12:16:55","date_gmt":"2024-10-26T10:16:55","guid":{"rendered":"https:\/\/president-ksgov.net\/?p=146133"},"modified":"2026-01-27T09:29:21","modified_gmt":"2026-01-27T08:29:21","slug":"konferencija-za-medije-predsednice-kosova-vjose-osmani-i-predsednice-evropske-komisije-ursule-von-der-leyen","status":"publish","type":"post","link":"https:\/\/president-ksgov.net\/sr\/konferencija-za-medije-predsednice-kosova-vjose-osmani-i-predsednice-evropske-komisije-ursule-von-der-leyen\/","title":{"rendered":"Konferencija za medije predsednice Kosova Vjose Osmani i predsednice Evropske komisije Ursule von der Leyen"},"content":{"rendered":"<p><iframe width=\"1396\" height=\"785\" src=\"https:\/\/www.youtube.com\/embed\/ylE_rYppT6I\" title=\"Konferenca e p\u00ebrbashk\u00ebt p\u00ebr media e Presidentes Vjosa Osmani me Ursula von der Leyen\" frameborder=\"0\" allow=\"accelerometer; autoplay; clipboard-write; encrypted-media; gyroscope; picture-in-picture; web-share\" referrerpolicy=\"strict-origin-when-cross-origin\" allowfullscreen><\/iframe><\/p>\n","protected":false},"excerpt":{"rendered":"","protected":false},"author":15,"featured_media":146062,"comment_status":"closed","ping_status":"closed","sticky":false,"template":"","format":"standard","meta":{"_eb_attr":"","footnotes":""},"categories":[106,101],"tags":[],"class_list":["post-146133","post","type-post","status-publish","format-standard","has-post-thumbnail","hentry","category-govori","category-vesti"],"yoast_head":"<!-- This site is optimized with the Yoast SEO plugin v23.5 - https:\/\/yoast.com\/wordpress\/plugins\/seo\/ -->\n<title>Konferencija za medije predsednice Kosova Vjose Osmani i predsednice Evropske komisije Ursule von der Leyen - Predsednik Republike Kosovo - DR. VJOSA OSMANI - SADRIU<\/title>\n<meta name=\"description\" content=\"Konferencija za medije predsednice Kosova Vjose Osmani i predsednice Evropske komisije Ursule von der Leyen - Predsednik Republike Kosovo - DR. VJOSA OSMANI - SADRIU -\" \/>\n<meta name=\"robots\" content=\"index, follow, max-snippet:-1, max-image-preview:large, max-video-preview:-1\" \/>\n<link rel=\"canonical\" href=\"https:\/\/president-ksgov.net\/sr\/konferencija-za-medije-predsednice-kosova-vjose-osmani-i-predsednice-evropske-komisije-ursule-von-der-leyen\/\" \/>\n<meta property=\"og:locale\" content=\"sr_RS\" \/>\n<meta property=\"og:type\" content=\"article\" \/>\n<meta property=\"og:title\" content=\"Konferencija za medije predsednice Kosova Vjose Osmani i predsednice Evropske komisije Ursule von der Leyen - Predsednik Republike Kosovo - DR. VJOSA OSMANI - SADRIU\" \/>\n<meta property=\"og:description\" content=\"Konferencija za medije predsednice Kosova Vjose Osmani i predsednice Evropske komisije Ursule von der Leyen - Predsednik Republike Kosovo - DR. VJOSA OSMANI - SADRIU -\" \/>\n<meta property=\"og:url\" content=\"https:\/\/president-ksgov.net\/sr\/konferencija-za-medije-predsednice-kosova-vjose-osmani-i-predsednice-evropske-komisije-ursule-von-der-leyen\/\" \/>\n<meta property=\"og:site_name\" content=\"Predsednik Republike Kosovo - DR. VJOSA OSMANI - SADRIU\" \/>\n<meta property=\"article:published_time\" content=\"2024-10-26T10:16:55+00:00\" \/>\n<meta property=\"article:modified_time\" content=\"2026-01-27T08:29:21+00:00\" \/>\n<meta property=\"og:image\" content=\"https:\/\/president-ksgov.net\/wp-content\/uploads\/IMG-20241026-WA0004.jpg\" \/>\n\t<meta property=\"og:image:width\" content=\"1500\" \/>\n\t<meta property=\"og:image:height\" content=\"1000\" \/>\n\t<meta property=\"og:image:type\" content=\"image\/jpeg\" \/>\n<meta name=\"author\" content=\"Elza Haxhiu\" \/>\n<meta name=\"twitter:card\" content=\"summary_large_image\" \/>\n<meta name=\"twitter:label1\" content=\"\u041d\u0430\u043f\u0438\u0441\u0430\u043d\u043e \u043e\u0434\" \/>\n\t<meta name=\"twitter:data1\" content=\"Elza Haxhiu\" \/>\n\t<meta name=\"twitter:label2\" content=\"\u041f\u0440\u043e\u0446\u0435\u045a\u0435\u043d\u043e \u0432\u0440\u0435\u043c\u0435 \u0447\u0438\u0442\u0430\u045a\u0430\" \/>\n\t<meta name=\"twitter:data2\" content=\"1 \u043c\u0438\u043d\u0443\u0442\" \/>\n<script type=\"application\/ld+json\" class=\"yoast-schema-graph\">{\"@context\":\"https:\/\/schema.org\",\"@graph\":[{\"@type\":\"WebPage\",\"@id\":\"https:\/\/president-ksgov.net\/sr\/konferencija-za-medije-predsednice-kosova-vjose-osmani-i-predsednice-evropske-komisije-ursule-von-der-leyen\/\",\"url\":\"https:\/\/president-ksgov.net\/sr\/konferencija-za-medije-predsednice-kosova-vjose-osmani-i-predsednice-evropske-komisije-ursule-von-der-leyen\/\",\"name\":\"Konferencija za medije predsednice Kosova Vjose Osmani i predsednice Evropske komisije Ursule von der Leyen - Predsednik Republike Kosovo - DR. VJOSA OSMANI - SADRIU\",\"isPartOf\":{\"@id\":\"https:\/\/president-ksgov.net\/#website\"},\"primaryImageOfPage\":{\"@id\":\"https:\/\/president-ksgov.net\/sr\/konferencija-za-medije-predsednice-kosova-vjose-osmani-i-predsednice-evropske-komisije-ursule-von-der-leyen\/#primaryimage\"},\"image\":{\"@id\":\"https:\/\/president-ksgov.net\/sr\/konferencija-za-medije-predsednice-kosova-vjose-osmani-i-predsednice-evropske-komisije-ursule-von-der-leyen\/#primaryimage\"},\"thumbnailUrl\":\"https:\/\/president-ksgov.net\/wp-content\/uploads\/IMG-20241026-WA0004.jpg\",\"datePublished\":\"2024-10-26T10:16:55+00:00\",\"dateModified\":\"2026-01-27T08:29:21+00:00\",\"author\":{\"@id\":\"https:\/\/president-ksgov.net\/#\/schema\/person\/75ba04a42c4bb79cfdc00931b1a2304c\"},\"description\":\"Konferencija za medije predsednice Kosova Vjose Osmani i predsednice Evropske komisije Ursule von der Leyen - Predsednik Republike Kosovo - DR. VJOSA OSMANI - SADRIU -\",\"breadcrumb\":{\"@id\":\"https:\/\/president-ksgov.net\/sr\/konferencija-za-medije-predsednice-kosova-vjose-osmani-i-predsednice-evropske-komisije-ursule-von-der-leyen\/#breadcrumb\"},\"inLanguage\":\"sr-RS\",\"potentialAction\":[{\"@type\":\"ReadAction\",\"target\":[\"https:\/\/president-ksgov.net\/sr\/konferencija-za-medije-predsednice-kosova-vjose-osmani-i-predsednice-evropske-komisije-ursule-von-der-leyen\/\"]}]},{\"@type\":\"ImageObject\",\"inLanguage\":\"sr-RS\",\"@id\":\"https:\/\/president-ksgov.net\/sr\/konferencija-za-medije-predsednice-kosova-vjose-osmani-i-predsednice-evropske-komisije-ursule-von-der-leyen\/#primaryimage\",\"url\":\"https:\/\/president-ksgov.net\/wp-content\/uploads\/IMG-20241026-WA0004.jpg\",\"contentUrl\":\"https:\/\/president-ksgov.net\/wp-content\/uploads\/IMG-20241026-WA0004.jpg\",\"width\":1500,\"height\":1000},{\"@type\":\"BreadcrumbList\",\"@id\":\"https:\/\/president-ksgov.net\/sr\/konferencija-za-medije-predsednice-kosova-vjose-osmani-i-predsednice-evropske-komisije-ursule-von-der-leyen\/#breadcrumb\",\"itemListElement\":[{\"@type\":\"ListItem\",\"position\":1,\"name\":\"Home\",\"item\":\"https:\/\/president-ksgov.net\/sr\/\"},{\"@type\":\"ListItem\",\"position\":2,\"name\":\"Konferencija za medije predsednice Kosova Vjose Osmani i predsednice Evropske komisije Ursule von der Leyen\"}]},{\"@type\":\"WebSite\",\"@id\":\"https:\/\/president-ksgov.net\/#website\",\"url\":\"https:\/\/president-ksgov.net\/\",\"name\":\"Presidente e Republik\u00ebs s\u00eb Kosov\u00ebs\",\"description\":\"Presidente e Republik\u00ebs s\u00eb Kosov\u00ebs\",\"alternateName\":\"DR. VJOSA OSMANI - SADRIU\",\"potentialAction\":[{\"@type\":\"SearchAction\",\"target\":{\"@type\":\"EntryPoint\",\"urlTemplate\":\"https:\/\/president-ksgov.net\/?s={search_term_string}\"},\"query-input\":{\"@type\":\"PropertyValueSpecification\",\"valueRequired\":true,\"valueName\":\"search_term_string\"}}],\"inLanguage\":\"sr-RS\"},{\"@type\":\"Person\",\"@id\":\"https:\/\/president-ksgov.net\/#\/schema\/person\/75ba04a42c4bb79cfdc00931b1a2304c\",\"name\":\"Elza Haxhiu\",\"image\":{\"@type\":\"ImageObject\",\"inLanguage\":\"sr-RS\",\"@id\":\"https:\/\/president-ksgov.net\/#\/schema\/person\/image\/\",\"url\":\"https:\/\/secure.gravatar.com\/avatar\/3a24df7fd6c47bcca39e7d7e0c3a2451758793491bc7c276ec3a9b2a49af2cf2?s=96&d=mm&r=g\",\"contentUrl\":\"https:\/\/secure.gravatar.com\/avatar\/3a24df7fd6c47bcca39e7d7e0c3a2451758793491bc7c276ec3a9b2a49af2cf2?s=96&d=mm&r=g\",\"caption\":\"Elza Haxhiu\"}}]}<\/script>\n<!-- \/ Yoast SEO plugin. -->","yoast_head_json":{"title":"Konferencija za medije predsednice Kosova Vjose Osmani i predsednice Evropske komisije Ursule von der Leyen - Predsednik Republike Kosovo - DR. VJOSA OSMANI - SADRIU","description":"Konferencija za medije predsednice Kosova Vjose Osmani i predsednice Evropske komisije Ursule von der Leyen - Predsednik Republike Kosovo - DR. VJOSA OSMANI - SADRIU -","robots":{"index":"index","follow":"follow","max-snippet":"max-snippet:-1","max-image-preview":"max-image-preview:large","max-video-preview":"max-video-preview:-1"},"canonical":"https:\/\/president-ksgov.net\/sr\/konferencija-za-medije-predsednice-kosova-vjose-osmani-i-predsednice-evropske-komisije-ursule-von-der-leyen\/","og_locale":"sr_RS","og_type":"article","og_title":"Konferencija za medije predsednice Kosova Vjose Osmani i predsednice Evropske komisije Ursule von der Leyen - Predsednik Republike Kosovo - DR. VJOSA OSMANI - SADRIU","og_description":"Konferencija za medije predsednice Kosova Vjose Osmani i predsednice Evropske komisije Ursule von der Leyen - Predsednik Republike Kosovo - DR. VJOSA OSMANI - SADRIU -","og_url":"https:\/\/president-ksgov.net\/sr\/konferencija-za-medije-predsednice-kosova-vjose-osmani-i-predsednice-evropske-komisije-ursule-von-der-leyen\/","og_site_name":"Predsednik Republike Kosovo - DR. VJOSA OSMANI - SADRIU","article_published_time":"2024-10-26T10:16:55+00:00","article_modified_time":"2026-01-27T08:29:21+00:00","og_image":[{"width":1500,"height":1000,"url":"https:\/\/president-ksgov.net\/wp-content\/uploads\/IMG-20241026-WA0004.jpg","type":"image\/jpeg"}],"author":"Elza Haxhiu","twitter_card":"summary_large_image","twitter_misc":{"\u041d\u0430\u043f\u0438\u0441\u0430\u043d\u043e \u043e\u0434":"Elza Haxhiu","\u041f\u0440\u043e\u0446\u0435\u045a\u0435\u043d\u043e \u0432\u0440\u0435\u043c\u0435 \u0447\u0438\u0442\u0430\u045a\u0430":"1 \u043c\u0438\u043d\u0443\u0442"},"schema":{"@context":"https:\/\/schema.org","@graph":[{"@type":"WebPage","@id":"https:\/\/president-ksgov.net\/sr\/konferencija-za-medije-predsednice-kosova-vjose-osmani-i-predsednice-evropske-komisije-ursule-von-der-leyen\/","url":"https:\/\/president-ksgov.net\/sr\/konferencija-za-medije-predsednice-kosova-vjose-osmani-i-predsednice-evropske-komisije-ursule-von-der-leyen\/","name":"Konferencija za medije predsednice Kosova Vjose Osmani i predsednice Evropske komisije Ursule von der Leyen - Predsednik Republike Kosovo - DR. VJOSA OSMANI - SADRIU","isPartOf":{"@id":"https:\/\/president-ksgov.net\/#website"},"primaryImageOfPage":{"@id":"https:\/\/president-ksgov.net\/sr\/konferencija-za-medije-predsednice-kosova-vjose-osmani-i-predsednice-evropske-komisije-ursule-von-der-leyen\/#primaryimage"},"image":{"@id":"https:\/\/president-ksgov.net\/sr\/konferencija-za-medije-predsednice-kosova-vjose-osmani-i-predsednice-evropske-komisije-ursule-von-der-leyen\/#primaryimage"},"thumbnailUrl":"https:\/\/president-ksgov.net\/wp-content\/uploads\/IMG-20241026-WA0004.jpg","datePublished":"2024-10-26T10:16:55+00:00","dateModified":"2026-01-27T08:29:21+00:00","author":{"@id":"https:\/\/president-ksgov.net\/#\/schema\/person\/75ba04a42c4bb79cfdc00931b1a2304c"},"description":"Konferencija za medije predsednice Kosova Vjose Osmani i predsednice Evropske komisije Ursule von der Leyen - Predsednik Republike Kosovo - DR. VJOSA OSMANI - SADRIU -","breadcrumb":{"@id":"https:\/\/president-ksgov.net\/sr\/konferencija-za-medije-predsednice-kosova-vjose-osmani-i-predsednice-evropske-komisije-ursule-von-der-leyen\/#breadcrumb"},"inLanguage":"sr-RS","potentialAction":[{"@type":"ReadAction","target":["https:\/\/president-ksgov.net\/sr\/konferencija-za-medije-predsednice-kosova-vjose-osmani-i-predsednice-evropske-komisije-ursule-von-der-leyen\/"]}]},{"@type":"ImageObject","inLanguage":"sr-RS","@id":"https:\/\/president-ksgov.net\/sr\/konferencija-za-medije-predsednice-kosova-vjose-osmani-i-predsednice-evropske-komisije-ursule-von-der-leyen\/#primaryimage","url":"https:\/\/president-ksgov.net\/wp-content\/uploads\/IMG-20241026-WA0004.jpg","contentUrl":"https:\/\/president-ksgov.net\/wp-content\/uploads\/IMG-20241026-WA0004.jpg","width":1500,"height":1000},{"@type":"BreadcrumbList","@id":"https:\/\/president-ksgov.net\/sr\/konferencija-za-medije-predsednice-kosova-vjose-osmani-i-predsednice-evropske-komisije-ursule-von-der-leyen\/#breadcrumb","itemListElement":[{"@type":"ListItem","position":1,"name":"Home","item":"https:\/\/president-ksgov.net\/sr\/"},{"@type":"ListItem","position":2,"name":"Konferencija za medije predsednice Kosova Vjose Osmani i predsednice Evropske komisije Ursule von der Leyen"}]},{"@type":"WebSite","@id":"https:\/\/president-ksgov.net\/#website","url":"https:\/\/president-ksgov.net\/","name":"Presidente e Republik\u00ebs s\u00eb Kosov\u00ebs","description":"Presidente e Republik\u00ebs s\u00eb Kosov\u00ebs","alternateName":"DR. VJOSA OSMANI - SADRIU","potentialAction":[{"@type":"SearchAction","target":{"@type":"EntryPoint","urlTemplate":"https:\/\/president-ksgov.net\/?s={search_term_string}"},"query-input":{"@type":"PropertyValueSpecification","valueRequired":true,"valueName":"search_term_string"}}],"inLanguage":"sr-RS"},{"@type":"Person","@id":"https:\/\/president-ksgov.net\/#\/schema\/person\/75ba04a42c4bb79cfdc00931b1a2304c","name":"Elza Haxhiu","image":{"@type":"ImageObject","inLanguage":"sr-RS","@id":"https:\/\/president-ksgov.net\/#\/schema\/person\/image\/","url":"https:\/\/secure.gravatar.com\/avatar\/3a24df7fd6c47bcca39e7d7e0c3a2451758793491bc7c276ec3a9b2a49af2cf2?s=96&d=mm&r=g","contentUrl":"https:\/\/secure.gravatar.com\/avatar\/3a24df7fd6c47bcca39e7d7e0c3a2451758793491bc7c276ec3a9b2a49af2cf2?s=96&d=mm&r=g","caption":"Elza Haxhiu"}}]}},"_links":{"self":[{"href":"https:\/\/president-ksgov.net\/sr\/wp-json\/wp\/v2\/posts\/146133","targetHints":{"allow":["GET"]}}],"collection":[{"href":"https:\/\/president-ksgov.net\/sr\/wp-json\/wp\/v2\/posts"}],"about":[{"href":"https:\/\/president-ksgov.net\/sr\/wp-json\/wp\/v2\/types\/post"}],"author":[{"embeddable":true,"href":"https:\/\/president-ksgov.net\/sr\/wp-json\/wp\/v2\/users\/15"}],"replies":[{"embeddable":true,"href":"https:\/\/president-ksgov.net\/sr\/wp-json\/wp\/v2\/comments?post=146133"}],"version-history":[{"count":2,"href":"https:\/\/president-ksgov.net\/sr\/wp-json\/wp\/v2\/posts\/146133\/revisions"}],"predecessor-version":[{"id":180879,"href":"https:\/\/president-ksgov.net\/sr\/wp-json\/wp\/v2\/posts\/146133\/revisions\/180879"}],"wp:featuredmedia":[{"embeddable":true,"href":"https:\/\/president-ksgov.net\/sr\/wp-json\/wp\/v2\/media\/146062"}],"wp:attachment":[{"href":"https:\/\/president-ksgov.net\/sr\/wp-json\/wp\/v2\/media?parent=146133"}],"wp:term":[{"taxonomy":"category","embeddable":true,"href":"https:\/\/president-ksgov.net\/sr\/wp-json\/wp\/v2\/categories?post=146133"},{"taxonomy":"post_tag","embeddable":true,"href":"https:\/\/president-ksgov.net\/sr\/wp-json\/wp\/v2\/tags?post=146133"}],"curies":[{"name":"wp","href":"https:\/\/api.w.org\/{rel}","templated":true}]}}