{"id":146018,"date":"2024-10-24T18:36:53","date_gmt":"2024-10-24T16:36:53","guid":{"rendered":"https:\/\/president-ksgov.net\/?p=146018"},"modified":"2025-02-06T11:14:39","modified_gmt":"2025-02-06T10:14:39","slug":"govor-predsednice-osmani-na-tradicionalnoj-manifestaciji-pod-motom-rano-otkrivanje-prezivljavanje","status":"publish","type":"post","link":"https:\/\/president-ksgov.net\/sr\/govor-predsednice-osmani-na-tradicionalnoj-manifestaciji-pod-motom-rano-otkrivanje-prezivljavanje\/","title":{"rendered":"Govor predsednice Osmani na tradicionalnoj manifestaciji pod motom \u201eRano otkrivanje \u2013 pre\u017eivljavanje\u201c"},"content":{"rendered":"<p><strong>Zdravo svima!<\/strong><\/p>\n<p><strong>Po\u0161tovani premijeru Kurti,<\/strong><\/p>\n<p><strong>Po\u0161tovani ministre Vitia,<\/strong><\/p>\n<p><strong>Po\u0161tovana gospo\u0111o Nafije,<\/strong><\/p>\n<p><strong>Po\u0161tovani ambasadori,<\/strong><\/p>\n<p><strong>Dame i gospodo, <\/strong><\/p>\n<p><strong>Posebno drage dame, koje nam se pridru\u017euju u svakom godi\u0161njem mar\u0161u,<\/strong><\/p>\n<p>\u010cast mi je da stojim pred vama danas, dok se okupljamo da ponovo mar\u0161iramo i ove godine, podi\u017eu\u0107i zajedno svoj glas u borbi protiv raka dojke.<\/p>\n<p>Na ovaj dan svi mar\u0161iramo sa zajedni\u010dkim ciljem, da podignemo svest, ali i da podr\u017eimo svakog ko se suo\u010dava sa bitkom protiv raka.<\/p>\n<p>Kao predsednica, duboko sam posve\u0107en tome da stojim uz vas u ovoj te\u0161koj borbi, ali borbi sa kojom \u0107emo se ne samo suo\u010diti, ve\u0107 i pobediti zajedno. To je obaveza koju svako od nas \u010dini svaki dan \u2013 ne samo da podigne svest, ve\u0107 i da preduzme konkretne, smislene akcije koje pru\u017eaju direktnu podr\u0161ku onima kojima je najpotrebnija.<\/p>\n<p>Stoga je Predsedni\u0161tvo ve\u0107 tre\u0107u godinu zaredom zajedno sa organizacijom \u201eJETA\/VITA\u201c doniralo onkolo\u0161ke pakete za \u017eene obolele od raka dojke, dok je Ministarstvo zdravlja predvodilo napore za konkretne akcije i unapre\u0111enja u Onkolo\u0161kom odeljenju.<\/p>\n<p>Sada je red da se odobre svi zahtevi za dodatnim lekovima koje ovo Onkolo\u0161ko odeljenje ima u narednom bud\u017eetu Republike Kosovo, kako bi se ova bitka \u0161to vi\u0161e olak\u0161ala pacijentima.<\/p>\n<p>Ovaj mar\u0161 je posveta pre\u017eivelim stoi\u010dkim \u017eenama, ali i znak se\u0107anja na sve one koje smo izgubili i podr\u0161ka onima koji se jo\u0161 uvek suo\u010davaju sa ovim izazovom.<\/p>\n<p>Koraci koje danas preduzimamo pokazuju mo\u0107 mobilizacije protiv ovog zla, ali i nadu, nadu u budu\u0107nost u kojoj rak vi\u0161e ne predstavlja pretnju na\u0161im \u017eivotima.<\/p>\n<p>Rano otkrivanje je pre\u017eivljavanje, kao \u0161to uvek ka\u017eemo, jer je to realnost koju je nauka ve\u0107 dokazala, ali je i podsetnik u funkciji dugove\u010dnosti, tako da ne treba dozvoliti da odlaganje bude opcija.<\/p>\n<p>\u0160to se pre otkrije, to pre mo\u017eemo reagovati i preduzeti mere da pove\u0107amo \u0161anse za pre\u017eivljavanje.<\/p>\n<p>Zajedno sa Kosovskim centrom za borbu protiv raka dojke \u201eJETA\/VITA\u201c, ponovo smo ovde da potvrdimo sada ve\u0107 dobro poznatu poruku da rano otkrivanje spasava \u017eivote.<\/p>\n<p>Prenosimo ovu poruku svakoj \u017eeni u svakom kutku Kosova. Ne \u010dekajte, pregledajte se, preduzmite mere!<\/p>\n<p>Nijedna \u017eena ne bi trebalo da bude sama u ovom suo\u010davanju. Oni koji su pro\u0161li ovaj te\u017eak put svedoci su snage, hrabrosti i smelosti u borbi protiv raka.<\/p>\n<p>Svaka od njih je najte\u017ee trenutke u \u017eivotu pretvorila u motivaciju za \u017eivot i inspiraciju za svakoga ko se danas suo\u010davaju sa ovim izazovom.<\/p>\n<p>Svaka od njih je pri\u010da, pri\u010da obolelih od raka koja istovremeno pokazuje neverovatnu snagu, nesalomivu hrabrost i nadu koja odbija da bledi, uprkos te\u0161ko\u0107ama. Ove pri\u010de su svedo\u010danstvo sposobnosti ljudskog duha ne samo da izdr\u017ei, ve\u0107 pre svega da savlada te\u0161ke \u017eivotne izazove.<\/p>\n<p>Stoga, hajde da crpimo inspiraciju iz hrabrosti ovih \u017eena da osiguramo da na\u0161a podr\u0161ka njima ne bude ograni\u010dena vremenom ili resursima.<\/p>\n<p><strong>Hvala vam \u0161to ste se danas pridru\u017eili ovom mar\u0161u!<\/strong><\/p>\n<p>&nbsp;<\/p>\n<p><iframe style=\"border: none; overflow: hidden;\" src=\"https:\/\/www.facebook.com\/plugins\/video.php?href=https%3A%2F%2Ffb.watch%2FvqccxkgEqb%2F&amp;width=560&amp;show_text=false&amp;height=560&amp;appId\" width=\"560\" height=\"560\" frameborder=\"0\" scrolling=\"no\" allowfullscreen=\"allowfullscreen\"><span data-mce-type=\"bookmark\" style=\"display: inline-block; width: 0px; overflow: hidden; line-height: 0;\" class=\"mce_SELRES_start\">\ufeff<\/span><\/iframe><\/p>\n","protected":false},"excerpt":{"rendered":"<p>Zdravo svima! Po\u0161tovani premijeru Kurti, Po\u0161tovani ministre Vitia, Po\u0161tovana gospo\u0111o Nafije, Po\u0161tovani ambasadori, Dame i gospodo, Posebno drage dame, koje nam se pridru\u017euju u svakom godi\u0161njem mar\u0161u, \u010cast mi je da stojim pred vama danas, dok se okupljamo da ponovo mar\u0161iramo i ove godine, podi\u017eu\u0107i zajedno svoj glas u borbi protiv raka dojke. Na ovaj dan svi mar\u0161iramo sa zajedni\u010dkim ciljem, da podignemo svest, ali i da podr\u017eimo svakog ko se suo\u010dava sa bitkom protiv raka. Kao predsednica, duboko sam posve\u0107en tome da stojim uz vas u ovoj te\u0161koj borbi, ali borbi sa kojom \u0107emo se ne samo suo\u010diti, ve\u0107 i pobediti zajedno. To je obaveza koju svako od nas \u010dini svaki dan \u2013 ne samo da podigne svest, ve\u0107 i da preduzme konkretne, smislene akcije koje pru\u017eaju direktnu podr\u0161ku onima kojima je najpotrebnija. Stoga je Predsedni\u0161tvo ve\u0107 tre\u0107u godinu zaredom zajedno sa organizacijom \u201eJETA\/VITA\u201c doniralo onkolo\u0161ke pakete za \u017eene obolele od raka dojke, dok je Ministarstvo zdravlja predvodilo napore za konkretne akcije i unapre\u0111enja u Onkolo\u0161kom odeljenju. Sada je red da se odobre svi zahtevi za dodatnim lekovima koje ovo Onkolo\u0161ko odeljenje ima u narednom bud\u017eetu Republike Kosovo, kako bi se ova bitka \u0161to vi\u0161e olak\u0161ala pacijentima. Ovaj mar\u0161 je posveta pre\u017eivelim stoi\u010dkim \u017eenama, ali i znak se\u0107anja na sve one koje smo izgubili i podr\u0161ka onima koji se jo\u0161 uvek suo\u010davaju sa ovim izazovom. Koraci koje danas preduzimamo pokazuju mo\u0107 mobilizacije protiv ovog zla, ali i nadu, nadu u budu\u0107nost u kojoj rak vi\u0161e ne predstavlja pretnju na\u0161im \u017eivotima. Rano otkrivanje je pre\u017eivljavanje, kao \u0161to uvek ka\u017eemo, jer je to realnost koju je nauka ve\u0107 dokazala, ali je i podsetnik u funkciji dugove\u010dnosti, tako da ne treba dozvoliti da odlaganje bude opcija. \u0160to se pre otkrije, to pre mo\u017eemo reagovati i preduzeti mere da pove\u0107amo \u0161anse za pre\u017eivljavanje. Zajedno sa Kosovskim centrom za borbu protiv raka dojke \u201eJETA\/VITA\u201c, ponovo smo ovde da potvrdimo sada ve\u0107 dobro poznatu poruku da rano otkrivanje spasava \u017eivote. Prenosimo ovu poruku svakoj \u017eeni u svakom kutku Kosova. Ne \u010dekajte, pregledajte se, preduzmite mere! Nijedna \u017eena ne bi trebalo da bude sama u ovom suo\u010davanju. Oni koji su pro\u0161li ovaj te\u017eak put svedoci su snage, hrabrosti i smelosti u borbi protiv raka. Svaka od njih je najte\u017ee trenutke u \u017eivotu pretvorila u motivaciju za \u017eivot i inspiraciju za svakoga ko se danas suo\u010davaju sa ovim izazovom. Svaka od njih je pri\u010da, pri\u010da obolelih od raka koja istovremeno pokazuje neverovatnu snagu, nesalomivu hrabrost i nadu koja odbija da bledi, uprkos te\u0161ko\u0107ama. Ove pri\u010de su svedo\u010danstvo sposobnosti ljudskog duha ne samo da izdr\u017ei, ve\u0107 pre svega da savlada te\u0161ke \u017eivotne izazove. Stoga, hajde da crpimo inspiraciju iz hrabrosti ovih \u017eena da osiguramo da na\u0161a podr\u0161ka njima ne bude ograni\u010dena vremenom ili resursima. Hvala vam \u0161to ste se danas pridru\u017eili ovom mar\u0161u! &nbsp; \ufeff<\/p>\n","protected":false},"author":15,"featured_media":146016,"comment_status":"closed","ping_status":"closed","sticky":false,"template":"","format":"standard","meta":{"_eb_attr":"","footnotes":""},"categories":[106,101],"tags":[],"class_list":["post-146018","post","type-post","status-publish","format-standard","has-post-thumbnail","hentry","category-govori","category-vesti"],"yoast_head":"<!-- This site is optimized with the Yoast SEO plugin v23.5 - https:\/\/yoast.com\/wordpress\/plugins\/seo\/ -->\n<title>Govor predsednice Osmani na tradicionalnoj manifestaciji pod motom \u201eRano otkrivanje \u2013 pre\u017eivljavanje\u201c - Predsednik Republike Kosovo - DR. VJOSA OSMANI - SADRIU<\/title>\n<meta name=\"description\" content=\"Govor predsednice Osmani na tradicionalnoj manifestaciji pod motom \u201eRano otkrivanje \u2013 pre\u017eivljavanje\u201c - Predsednik Republike Kosovo - DR. VJOSA OSMANI - SADRIU -\" \/>\n<meta name=\"robots\" content=\"index, follow, max-snippet:-1, max-image-preview:large, max-video-preview:-1\" \/>\n<link rel=\"canonical\" href=\"https:\/\/president-ksgov.net\/sr\/govor-predsednice-osmani-na-tradicionalnoj-manifestaciji-pod-motom-rano-otkrivanje-prezivljavanje\/\" \/>\n<meta property=\"og:locale\" content=\"sr_RS\" \/>\n<meta property=\"og:type\" content=\"article\" \/>\n<meta property=\"og:title\" content=\"Govor predsednice Osmani na tradicionalnoj manifestaciji pod motom \u201eRano otkrivanje \u2013 pre\u017eivljavanje\u201c - Predsednik Republike Kosovo - DR. VJOSA OSMANI - SADRIU\" \/>\n<meta property=\"og:description\" content=\"Govor predsednice Osmani na tradicionalnoj manifestaciji pod motom \u201eRano otkrivanje \u2013 pre\u017eivljavanje\u201c - Predsednik Republike Kosovo - DR. VJOSA OSMANI - SADRIU -\" \/>\n<meta property=\"og:url\" content=\"https:\/\/president-ksgov.net\/sr\/govor-predsednice-osmani-na-tradicionalnoj-manifestaciji-pod-motom-rano-otkrivanje-prezivljavanje\/\" \/>\n<meta property=\"og:site_name\" content=\"Predsednik Republike Kosovo - DR. VJOSA OSMANI - SADRIU\" \/>\n<meta property=\"article:published_time\" content=\"2024-10-24T16:36:53+00:00\" \/>\n<meta property=\"article:modified_time\" content=\"2025-02-06T10:14:39+00:00\" \/>\n<meta property=\"og:image\" content=\"https:\/\/president-ksgov.net\/wp-content\/uploads\/FB_IMG_1729786056673.jpg\" \/>\n\t<meta property=\"og:image:width\" content=\"1080\" \/>\n\t<meta property=\"og:image:height\" content=\"720\" \/>\n\t<meta property=\"og:image:type\" content=\"image\/jpeg\" \/>\n<meta name=\"author\" content=\"Elza Haxhiu\" \/>\n<meta name=\"twitter:card\" content=\"summary_large_image\" \/>\n<meta name=\"twitter:label1\" content=\"\u041d\u0430\u043f\u0438\u0441\u0430\u043d\u043e \u043e\u0434\" \/>\n\t<meta name=\"twitter:data1\" content=\"Elza Haxhiu\" \/>\n\t<meta name=\"twitter:label2\" content=\"\u041f\u0440\u043e\u0446\u0435\u045a\u0435\u043d\u043e \u0432\u0440\u0435\u043c\u0435 \u0447\u0438\u0442\u0430\u045a\u0430\" \/>\n\t<meta name=\"twitter:data2\" content=\"3 \u043c\u0438\u043d\u0443\u0442\u0430\" \/>\n<script type=\"application\/ld+json\" class=\"yoast-schema-graph\">{\"@context\":\"https:\/\/schema.org\",\"@graph\":[{\"@type\":\"WebPage\",\"@id\":\"https:\/\/president-ksgov.net\/sr\/govor-predsednice-osmani-na-tradicionalnoj-manifestaciji-pod-motom-rano-otkrivanje-prezivljavanje\/\",\"url\":\"https:\/\/president-ksgov.net\/sr\/govor-predsednice-osmani-na-tradicionalnoj-manifestaciji-pod-motom-rano-otkrivanje-prezivljavanje\/\",\"name\":\"Govor predsednice Osmani na tradicionalnoj manifestaciji pod motom \u201eRano otkrivanje \u2013 pre\u017eivljavanje\u201c - Predsednik Republike Kosovo - DR. VJOSA OSMANI - SADRIU\",\"isPartOf\":{\"@id\":\"https:\/\/president-ksgov.net\/#website\"},\"primaryImageOfPage\":{\"@id\":\"https:\/\/president-ksgov.net\/sr\/govor-predsednice-osmani-na-tradicionalnoj-manifestaciji-pod-motom-rano-otkrivanje-prezivljavanje\/#primaryimage\"},\"image\":{\"@id\":\"https:\/\/president-ksgov.net\/sr\/govor-predsednice-osmani-na-tradicionalnoj-manifestaciji-pod-motom-rano-otkrivanje-prezivljavanje\/#primaryimage\"},\"thumbnailUrl\":\"https:\/\/president-ksgov.net\/wp-content\/uploads\/FB_IMG_1729786056673.jpg\",\"datePublished\":\"2024-10-24T16:36:53+00:00\",\"dateModified\":\"2025-02-06T10:14:39+00:00\",\"author\":{\"@id\":\"https:\/\/president-ksgov.net\/#\/schema\/person\/75ba04a42c4bb79cfdc00931b1a2304c\"},\"description\":\"Govor predsednice Osmani na tradicionalnoj manifestaciji pod motom \u201eRano otkrivanje \u2013 pre\u017eivljavanje\u201c - Predsednik Republike Kosovo - DR. VJOSA OSMANI - SADRIU -\",\"breadcrumb\":{\"@id\":\"https:\/\/president-ksgov.net\/sr\/govor-predsednice-osmani-na-tradicionalnoj-manifestaciji-pod-motom-rano-otkrivanje-prezivljavanje\/#breadcrumb\"},\"inLanguage\":\"sr-RS\",\"potentialAction\":[{\"@type\":\"ReadAction\",\"target\":[\"https:\/\/president-ksgov.net\/sr\/govor-predsednice-osmani-na-tradicionalnoj-manifestaciji-pod-motom-rano-otkrivanje-prezivljavanje\/\"]}]},{\"@type\":\"ImageObject\",\"inLanguage\":\"sr-RS\",\"@id\":\"https:\/\/president-ksgov.net\/sr\/govor-predsednice-osmani-na-tradicionalnoj-manifestaciji-pod-motom-rano-otkrivanje-prezivljavanje\/#primaryimage\",\"url\":\"https:\/\/president-ksgov.net\/wp-content\/uploads\/FB_IMG_1729786056673.jpg\",\"contentUrl\":\"https:\/\/president-ksgov.net\/wp-content\/uploads\/FB_IMG_1729786056673.jpg\",\"width\":1080,\"height\":720},{\"@type\":\"BreadcrumbList\",\"@id\":\"https:\/\/president-ksgov.net\/sr\/govor-predsednice-osmani-na-tradicionalnoj-manifestaciji-pod-motom-rano-otkrivanje-prezivljavanje\/#breadcrumb\",\"itemListElement\":[{\"@type\":\"ListItem\",\"position\":1,\"name\":\"Home\",\"item\":\"https:\/\/president-ksgov.net\/sr\/\"},{\"@type\":\"ListItem\",\"position\":2,\"name\":\"Govor predsednice Osmani na tradicionalnoj manifestaciji pod motom \u201eRano otkrivanje \u2013 pre\u017eivljavanje\u201c\"}]},{\"@type\":\"WebSite\",\"@id\":\"https:\/\/president-ksgov.net\/#website\",\"url\":\"https:\/\/president-ksgov.net\/\",\"name\":\"Presidente e Republik\u00ebs s\u00eb Kosov\u00ebs\",\"description\":\"Presidente e Republik\u00ebs s\u00eb Kosov\u00ebs\",\"alternateName\":\"DR. VJOSA OSMANI - SADRIU\",\"potentialAction\":[{\"@type\":\"SearchAction\",\"target\":{\"@type\":\"EntryPoint\",\"urlTemplate\":\"https:\/\/president-ksgov.net\/?s={search_term_string}\"},\"query-input\":{\"@type\":\"PropertyValueSpecification\",\"valueRequired\":true,\"valueName\":\"search_term_string\"}}],\"inLanguage\":\"sr-RS\"},{\"@type\":\"Person\",\"@id\":\"https:\/\/president-ksgov.net\/#\/schema\/person\/75ba04a42c4bb79cfdc00931b1a2304c\",\"name\":\"Elza Haxhiu\",\"image\":{\"@type\":\"ImageObject\",\"inLanguage\":\"sr-RS\",\"@id\":\"https:\/\/president-ksgov.net\/#\/schema\/person\/image\/\",\"url\":\"https:\/\/secure.gravatar.com\/avatar\/3a24df7fd6c47bcca39e7d7e0c3a2451758793491bc7c276ec3a9b2a49af2cf2?s=96&d=mm&r=g\",\"contentUrl\":\"https:\/\/secure.gravatar.com\/avatar\/3a24df7fd6c47bcca39e7d7e0c3a2451758793491bc7c276ec3a9b2a49af2cf2?s=96&d=mm&r=g\",\"caption\":\"Elza Haxhiu\"}}]}<\/script>\n<!-- \/ Yoast SEO plugin. -->","yoast_head_json":{"title":"Govor predsednice Osmani na tradicionalnoj manifestaciji pod motom \u201eRano otkrivanje \u2013 pre\u017eivljavanje\u201c - Predsednik Republike Kosovo - DR. VJOSA OSMANI - SADRIU","description":"Govor predsednice Osmani na tradicionalnoj manifestaciji pod motom \u201eRano otkrivanje \u2013 pre\u017eivljavanje\u201c - Predsednik Republike Kosovo - DR. VJOSA OSMANI - SADRIU -","robots":{"index":"index","follow":"follow","max-snippet":"max-snippet:-1","max-image-preview":"max-image-preview:large","max-video-preview":"max-video-preview:-1"},"canonical":"https:\/\/president-ksgov.net\/sr\/govor-predsednice-osmani-na-tradicionalnoj-manifestaciji-pod-motom-rano-otkrivanje-prezivljavanje\/","og_locale":"sr_RS","og_type":"article","og_title":"Govor predsednice Osmani na tradicionalnoj manifestaciji pod motom \u201eRano otkrivanje \u2013 pre\u017eivljavanje\u201c - Predsednik Republike Kosovo - DR. VJOSA OSMANI - SADRIU","og_description":"Govor predsednice Osmani na tradicionalnoj manifestaciji pod motom \u201eRano otkrivanje \u2013 pre\u017eivljavanje\u201c - Predsednik Republike Kosovo - DR. VJOSA OSMANI - SADRIU -","og_url":"https:\/\/president-ksgov.net\/sr\/govor-predsednice-osmani-na-tradicionalnoj-manifestaciji-pod-motom-rano-otkrivanje-prezivljavanje\/","og_site_name":"Predsednik Republike Kosovo - DR. VJOSA OSMANI - SADRIU","article_published_time":"2024-10-24T16:36:53+00:00","article_modified_time":"2025-02-06T10:14:39+00:00","og_image":[{"width":1080,"height":720,"url":"https:\/\/president-ksgov.net\/wp-content\/uploads\/FB_IMG_1729786056673.jpg","type":"image\/jpeg"}],"author":"Elza Haxhiu","twitter_card":"summary_large_image","twitter_misc":{"\u041d\u0430\u043f\u0438\u0441\u0430\u043d\u043e \u043e\u0434":"Elza Haxhiu","\u041f\u0440\u043e\u0446\u0435\u045a\u0435\u043d\u043e \u0432\u0440\u0435\u043c\u0435 \u0447\u0438\u0442\u0430\u045a\u0430":"3 \u043c\u0438\u043d\u0443\u0442\u0430"},"schema":{"@context":"https:\/\/schema.org","@graph":[{"@type":"WebPage","@id":"https:\/\/president-ksgov.net\/sr\/govor-predsednice-osmani-na-tradicionalnoj-manifestaciji-pod-motom-rano-otkrivanje-prezivljavanje\/","url":"https:\/\/president-ksgov.net\/sr\/govor-predsednice-osmani-na-tradicionalnoj-manifestaciji-pod-motom-rano-otkrivanje-prezivljavanje\/","name":"Govor predsednice Osmani na tradicionalnoj manifestaciji pod motom \u201eRano otkrivanje \u2013 pre\u017eivljavanje\u201c - Predsednik Republike Kosovo - DR. VJOSA OSMANI - SADRIU","isPartOf":{"@id":"https:\/\/president-ksgov.net\/#website"},"primaryImageOfPage":{"@id":"https:\/\/president-ksgov.net\/sr\/govor-predsednice-osmani-na-tradicionalnoj-manifestaciji-pod-motom-rano-otkrivanje-prezivljavanje\/#primaryimage"},"image":{"@id":"https:\/\/president-ksgov.net\/sr\/govor-predsednice-osmani-na-tradicionalnoj-manifestaciji-pod-motom-rano-otkrivanje-prezivljavanje\/#primaryimage"},"thumbnailUrl":"https:\/\/president-ksgov.net\/wp-content\/uploads\/FB_IMG_1729786056673.jpg","datePublished":"2024-10-24T16:36:53+00:00","dateModified":"2025-02-06T10:14:39+00:00","author":{"@id":"https:\/\/president-ksgov.net\/#\/schema\/person\/75ba04a42c4bb79cfdc00931b1a2304c"},"description":"Govor predsednice Osmani na tradicionalnoj manifestaciji pod motom \u201eRano otkrivanje \u2013 pre\u017eivljavanje\u201c - Predsednik Republike Kosovo - DR. VJOSA OSMANI - SADRIU -","breadcrumb":{"@id":"https:\/\/president-ksgov.net\/sr\/govor-predsednice-osmani-na-tradicionalnoj-manifestaciji-pod-motom-rano-otkrivanje-prezivljavanje\/#breadcrumb"},"inLanguage":"sr-RS","potentialAction":[{"@type":"ReadAction","target":["https:\/\/president-ksgov.net\/sr\/govor-predsednice-osmani-na-tradicionalnoj-manifestaciji-pod-motom-rano-otkrivanje-prezivljavanje\/"]}]},{"@type":"ImageObject","inLanguage":"sr-RS","@id":"https:\/\/president-ksgov.net\/sr\/govor-predsednice-osmani-na-tradicionalnoj-manifestaciji-pod-motom-rano-otkrivanje-prezivljavanje\/#primaryimage","url":"https:\/\/president-ksgov.net\/wp-content\/uploads\/FB_IMG_1729786056673.jpg","contentUrl":"https:\/\/president-ksgov.net\/wp-content\/uploads\/FB_IMG_1729786056673.jpg","width":1080,"height":720},{"@type":"BreadcrumbList","@id":"https:\/\/president-ksgov.net\/sr\/govor-predsednice-osmani-na-tradicionalnoj-manifestaciji-pod-motom-rano-otkrivanje-prezivljavanje\/#breadcrumb","itemListElement":[{"@type":"ListItem","position":1,"name":"Home","item":"https:\/\/president-ksgov.net\/sr\/"},{"@type":"ListItem","position":2,"name":"Govor predsednice Osmani na tradicionalnoj manifestaciji pod motom \u201eRano otkrivanje \u2013 pre\u017eivljavanje\u201c"}]},{"@type":"WebSite","@id":"https:\/\/president-ksgov.net\/#website","url":"https:\/\/president-ksgov.net\/","name":"Presidente e Republik\u00ebs s\u00eb Kosov\u00ebs","description":"Presidente e Republik\u00ebs s\u00eb Kosov\u00ebs","alternateName":"DR. VJOSA OSMANI - SADRIU","potentialAction":[{"@type":"SearchAction","target":{"@type":"EntryPoint","urlTemplate":"https:\/\/president-ksgov.net\/?s={search_term_string}"},"query-input":{"@type":"PropertyValueSpecification","valueRequired":true,"valueName":"search_term_string"}}],"inLanguage":"sr-RS"},{"@type":"Person","@id":"https:\/\/president-ksgov.net\/#\/schema\/person\/75ba04a42c4bb79cfdc00931b1a2304c","name":"Elza Haxhiu","image":{"@type":"ImageObject","inLanguage":"sr-RS","@id":"https:\/\/president-ksgov.net\/#\/schema\/person\/image\/","url":"https:\/\/secure.gravatar.com\/avatar\/3a24df7fd6c47bcca39e7d7e0c3a2451758793491bc7c276ec3a9b2a49af2cf2?s=96&d=mm&r=g","contentUrl":"https:\/\/secure.gravatar.com\/avatar\/3a24df7fd6c47bcca39e7d7e0c3a2451758793491bc7c276ec3a9b2a49af2cf2?s=96&d=mm&r=g","caption":"Elza Haxhiu"}}]}},"_links":{"self":[{"href":"https:\/\/president-ksgov.net\/sr\/wp-json\/wp\/v2\/posts\/146018","targetHints":{"allow":["GET"]}}],"collection":[{"href":"https:\/\/president-ksgov.net\/sr\/wp-json\/wp\/v2\/posts"}],"about":[{"href":"https:\/\/president-ksgov.net\/sr\/wp-json\/wp\/v2\/types\/post"}],"author":[{"embeddable":true,"href":"https:\/\/president-ksgov.net\/sr\/wp-json\/wp\/v2\/users\/15"}],"replies":[{"embeddable":true,"href":"https:\/\/president-ksgov.net\/sr\/wp-json\/wp\/v2\/comments?post=146018"}],"version-history":[{"count":3,"href":"https:\/\/president-ksgov.net\/sr\/wp-json\/wp\/v2\/posts\/146018\/revisions"}],"predecessor-version":[{"id":152782,"href":"https:\/\/president-ksgov.net\/sr\/wp-json\/wp\/v2\/posts\/146018\/revisions\/152782"}],"wp:featuredmedia":[{"embeddable":true,"href":"https:\/\/president-ksgov.net\/sr\/wp-json\/wp\/v2\/media\/146016"}],"wp:attachment":[{"href":"https:\/\/president-ksgov.net\/sr\/wp-json\/wp\/v2\/media?parent=146018"}],"wp:term":[{"taxonomy":"category","embeddable":true,"href":"https:\/\/president-ksgov.net\/sr\/wp-json\/wp\/v2\/categories?post=146018"},{"taxonomy":"post_tag","embeddable":true,"href":"https:\/\/president-ksgov.net\/sr\/wp-json\/wp\/v2\/tags?post=146018"}],"curies":[{"name":"wp","href":"https:\/\/api.w.org\/{rel}","templated":true}]}}