{"id":145885,"date":"2024-10-22T17:25:52","date_gmt":"2024-10-22T15:25:52","guid":{"rendered":"https:\/\/president-ksgov.net\/?p=145885"},"modified":"2024-10-23T09:43:01","modified_gmt":"2024-10-23T07:43:01","slug":"prvi-gospodin-republike-kosovo-prindon-sadriu-ucestvovao-je-na-ceremoniji-smene-regionalne-komande-kfor-a-istok","status":"publish","type":"post","link":"https:\/\/president-ksgov.net\/sr\/prvi-gospodin-republike-kosovo-prindon-sadriu-ucestvovao-je-na-ceremoniji-smene-regionalne-komande-kfor-a-istok\/","title":{"rendered":"Prvi gospodin Republike Kosovo, Prindon Sadriu, u\u010destvovao je na ceremoniji smene Regionalne komande KFOR-a- Istok"},"content":{"rendered":"<p>Prvi gospodin Republike Kosovo, Prindon Sadriu, na poziv komandanta vojnog kampa Bondsteel, odnosno komandanta Regionalne komande \u2013 Istok, u\u010destvovao je na ceremoniji smene Regionalne komande NATO-ove komande na Kosovu KFOR-a \u2013 Istok, a koja je odr\u017eana u ameri\u010dkom vojnom kampu Bondsteel. Prvi gospodin je ovom prilikom izrazio zahvalnost odlaze\u0107em komandantu ameri\u010dkih oru\u017eanih snaga pukovniku Bakeru, dok je novom komandantu pukovniku Helzeru po\u017eeleo dobrodo\u0161licu i mnogo uspeha u ispunjavanju njegove va\u017ene du\u017enosti.<\/p>\n<p>&nbsp;<\/p>\n","protected":false},"excerpt":{"rendered":"<p>Prvi gospodin Republike Kosovo, Prindon Sadriu, na poziv komandanta vojnog kampa Bondsteel, odnosno komandanta Regionalne komande \u2013 Istok, u\u010destvovao je na ceremoniji smene Regionalne komande NATO-ove komande na Kosovu KFOR-a \u2013 Istok, a koja je odr\u017eana u ameri\u010dkom vojnom kampu Bondsteel. Prvi gospodin je ovom prilikom izrazio zahvalnost odlaze\u0107em komandantu ameri\u010dkih oru\u017eanih snaga pukovniku Bakeru, dok je novom komandantu pukovniku Helzeru po\u017eeleo dobrodo\u0161licu i mnogo uspeha u ispunjavanju njegove va\u017ene du\u017enosti. &nbsp;<\/p>\n","protected":false},"author":9,"featured_media":145787,"comment_status":"closed","ping_status":"closed","sticky":false,"template":"","format":"standard","meta":{"_eb_attr":"","footnotes":""},"categories":[101],"tags":[],"class_list":["post-145885","post","type-post","status-publish","format-standard","has-post-thumbnail","hentry","category-vesti"],"yoast_head":"<!-- This site is optimized with the Yoast SEO plugin v23.5 - https:\/\/yoast.com\/wordpress\/plugins\/seo\/ -->\n<title>Prvi gospodin Republike Kosovo, Prindon Sadriu, u\u010destvovao je na ceremoniji smene Regionalne komande KFOR-a- Istok - Predsednik Republike Kosovo - DR. VJOSA OSMANI - SADRIU<\/title>\n<meta name=\"description\" content=\"Prvi gospodin Republike Kosovo, Prindon Sadriu, u\u010destvovao je na ceremoniji smene Regionalne komande KFOR-a- Istok - Predsednik Republike Kosovo - DR. VJOSA OSMANI - SADRIU -\" \/>\n<meta name=\"robots\" content=\"index, follow, max-snippet:-1, max-image-preview:large, max-video-preview:-1\" \/>\n<link rel=\"canonical\" href=\"https:\/\/president-ksgov.net\/sr\/prvi-gospodin-republike-kosovo-prindon-sadriu-ucestvovao-je-na-ceremoniji-smene-regionalne-komande-kfor-a-istok\/\" \/>\n<meta property=\"og:locale\" content=\"sr_RS\" \/>\n<meta property=\"og:type\" content=\"article\" \/>\n<meta property=\"og:title\" content=\"Prvi gospodin Republike Kosovo, Prindon Sadriu, u\u010destvovao je na ceremoniji smene Regionalne komande KFOR-a- Istok - Predsednik Republike Kosovo - DR. VJOSA OSMANI - SADRIU\" \/>\n<meta property=\"og:description\" content=\"Prvi gospodin Republike Kosovo, Prindon Sadriu, u\u010destvovao je na ceremoniji smene Regionalne komande KFOR-a- Istok - Predsednik Republike Kosovo - DR. VJOSA OSMANI - SADRIU -\" \/>\n<meta property=\"og:url\" content=\"https:\/\/president-ksgov.net\/sr\/prvi-gospodin-republike-kosovo-prindon-sadriu-ucestvovao-je-na-ceremoniji-smene-regionalne-komande-kfor-a-istok\/\" \/>\n<meta property=\"og:site_name\" content=\"Predsednik Republike Kosovo - DR. VJOSA OSMANI - SADRIU\" \/>\n<meta property=\"article:published_time\" content=\"2024-10-22T15:25:52+00:00\" \/>\n<meta property=\"article:modified_time\" content=\"2024-10-23T07:43:01+00:00\" \/>\n<meta property=\"og:image\" content=\"https:\/\/president-ksgov.net\/wp-content\/uploads\/1-12.jpeg\" \/>\n\t<meta property=\"og:image:width\" content=\"1600\" \/>\n\t<meta property=\"og:image:height\" content=\"1136\" \/>\n\t<meta property=\"og:image:type\" content=\"image\/jpeg\" \/>\n<meta name=\"author\" content=\"Florent Rrahmani\" \/>\n<meta name=\"twitter:card\" content=\"summary_large_image\" \/>\n<meta name=\"twitter:label1\" content=\"\u041d\u0430\u043f\u0438\u0441\u0430\u043d\u043e \u043e\u0434\" \/>\n\t<meta name=\"twitter:data1\" content=\"Florent Rrahmani\" \/>\n\t<meta name=\"twitter:label2\" content=\"\u041f\u0440\u043e\u0446\u0435\u045a\u0435\u043d\u043e \u0432\u0440\u0435\u043c\u0435 \u0447\u0438\u0442\u0430\u045a\u0430\" \/>\n\t<meta name=\"twitter:data2\" content=\"1 \u043c\u0438\u043d\u0443\u0442\" \/>\n<script type=\"application\/ld+json\" class=\"yoast-schema-graph\">{\"@context\":\"https:\/\/schema.org\",\"@graph\":[{\"@type\":\"WebPage\",\"@id\":\"https:\/\/president-ksgov.net\/sr\/prvi-gospodin-republike-kosovo-prindon-sadriu-ucestvovao-je-na-ceremoniji-smene-regionalne-komande-kfor-a-istok\/\",\"url\":\"https:\/\/president-ksgov.net\/sr\/prvi-gospodin-republike-kosovo-prindon-sadriu-ucestvovao-je-na-ceremoniji-smene-regionalne-komande-kfor-a-istok\/\",\"name\":\"Prvi gospodin Republike Kosovo, Prindon Sadriu, u\u010destvovao je na ceremoniji smene Regionalne komande KFOR-a- Istok - Predsednik Republike Kosovo - DR. VJOSA OSMANI - SADRIU\",\"isPartOf\":{\"@id\":\"https:\/\/president-ksgov.net\/#website\"},\"primaryImageOfPage\":{\"@id\":\"https:\/\/president-ksgov.net\/sr\/prvi-gospodin-republike-kosovo-prindon-sadriu-ucestvovao-je-na-ceremoniji-smene-regionalne-komande-kfor-a-istok\/#primaryimage\"},\"image\":{\"@id\":\"https:\/\/president-ksgov.net\/sr\/prvi-gospodin-republike-kosovo-prindon-sadriu-ucestvovao-je-na-ceremoniji-smene-regionalne-komande-kfor-a-istok\/#primaryimage\"},\"thumbnailUrl\":\"https:\/\/president-ksgov.net\/wp-content\/uploads\/1-12.jpeg\",\"datePublished\":\"2024-10-22T15:25:52+00:00\",\"dateModified\":\"2024-10-23T07:43:01+00:00\",\"author\":{\"@id\":\"https:\/\/president-ksgov.net\/#\/schema\/person\/7c46f744a99d3f1616b92658282aa934\"},\"description\":\"Prvi gospodin Republike Kosovo, Prindon Sadriu, u\u010destvovao je na ceremoniji smene Regionalne komande KFOR-a- Istok - Predsednik Republike Kosovo - DR. VJOSA OSMANI - SADRIU -\",\"breadcrumb\":{\"@id\":\"https:\/\/president-ksgov.net\/sr\/prvi-gospodin-republike-kosovo-prindon-sadriu-ucestvovao-je-na-ceremoniji-smene-regionalne-komande-kfor-a-istok\/#breadcrumb\"},\"inLanguage\":\"sr-RS\",\"potentialAction\":[{\"@type\":\"ReadAction\",\"target\":[\"https:\/\/president-ksgov.net\/sr\/prvi-gospodin-republike-kosovo-prindon-sadriu-ucestvovao-je-na-ceremoniji-smene-regionalne-komande-kfor-a-istok\/\"]}]},{\"@type\":\"ImageObject\",\"inLanguage\":\"sr-RS\",\"@id\":\"https:\/\/president-ksgov.net\/sr\/prvi-gospodin-republike-kosovo-prindon-sadriu-ucestvovao-je-na-ceremoniji-smene-regionalne-komande-kfor-a-istok\/#primaryimage\",\"url\":\"https:\/\/president-ksgov.net\/wp-content\/uploads\/1-12.jpeg\",\"contentUrl\":\"https:\/\/president-ksgov.net\/wp-content\/uploads\/1-12.jpeg\",\"width\":1600,\"height\":1136},{\"@type\":\"BreadcrumbList\",\"@id\":\"https:\/\/president-ksgov.net\/sr\/prvi-gospodin-republike-kosovo-prindon-sadriu-ucestvovao-je-na-ceremoniji-smene-regionalne-komande-kfor-a-istok\/#breadcrumb\",\"itemListElement\":[{\"@type\":\"ListItem\",\"position\":1,\"name\":\"Home\",\"item\":\"https:\/\/president-ksgov.net\/sr\/\"},{\"@type\":\"ListItem\",\"position\":2,\"name\":\"Prvi gospodin Republike Kosovo, Prindon Sadriu, u\u010destvovao je na ceremoniji smene Regionalne komande KFOR-a- Istok\"}]},{\"@type\":\"WebSite\",\"@id\":\"https:\/\/president-ksgov.net\/#website\",\"url\":\"https:\/\/president-ksgov.net\/\",\"name\":\"Presidente e Republik\u00ebs s\u00eb Kosov\u00ebs\",\"description\":\"Presidente e Republik\u00ebs s\u00eb Kosov\u00ebs\",\"alternateName\":\"DR. VJOSA OSMANI - SADRIU\",\"potentialAction\":[{\"@type\":\"SearchAction\",\"target\":{\"@type\":\"EntryPoint\",\"urlTemplate\":\"https:\/\/president-ksgov.net\/?s={search_term_string}\"},\"query-input\":{\"@type\":\"PropertyValueSpecification\",\"valueRequired\":true,\"valueName\":\"search_term_string\"}}],\"inLanguage\":\"sr-RS\"},{\"@type\":\"Person\",\"@id\":\"https:\/\/president-ksgov.net\/#\/schema\/person\/7c46f744a99d3f1616b92658282aa934\",\"name\":\"Florent Rrahmani\",\"image\":{\"@type\":\"ImageObject\",\"inLanguage\":\"sr-RS\",\"@id\":\"https:\/\/president-ksgov.net\/#\/schema\/person\/image\/\",\"url\":\"https:\/\/secure.gravatar.com\/avatar\/2545924aa250de68ac8368367a79b663e59571cd131611f54c89b0613a94e230?s=96&d=mm&r=g\",\"contentUrl\":\"https:\/\/secure.gravatar.com\/avatar\/2545924aa250de68ac8368367a79b663e59571cd131611f54c89b0613a94e230?s=96&d=mm&r=g\",\"caption\":\"Florent Rrahmani\"}}]}<\/script>\n<!-- \/ Yoast SEO plugin. -->","yoast_head_json":{"title":"Prvi gospodin Republike Kosovo, Prindon Sadriu, u\u010destvovao je na ceremoniji smene Regionalne komande KFOR-a- Istok - Predsednik Republike Kosovo - DR. VJOSA OSMANI - SADRIU","description":"Prvi gospodin Republike Kosovo, Prindon Sadriu, u\u010destvovao je na ceremoniji smene Regionalne komande KFOR-a- Istok - Predsednik Republike Kosovo - DR. VJOSA OSMANI - SADRIU -","robots":{"index":"index","follow":"follow","max-snippet":"max-snippet:-1","max-image-preview":"max-image-preview:large","max-video-preview":"max-video-preview:-1"},"canonical":"https:\/\/president-ksgov.net\/sr\/prvi-gospodin-republike-kosovo-prindon-sadriu-ucestvovao-je-na-ceremoniji-smene-regionalne-komande-kfor-a-istok\/","og_locale":"sr_RS","og_type":"article","og_title":"Prvi gospodin Republike Kosovo, Prindon Sadriu, u\u010destvovao je na ceremoniji smene Regionalne komande KFOR-a- Istok - Predsednik Republike Kosovo - DR. VJOSA OSMANI - SADRIU","og_description":"Prvi gospodin Republike Kosovo, Prindon Sadriu, u\u010destvovao je na ceremoniji smene Regionalne komande KFOR-a- Istok - Predsednik Republike Kosovo - DR. VJOSA OSMANI - SADRIU -","og_url":"https:\/\/president-ksgov.net\/sr\/prvi-gospodin-republike-kosovo-prindon-sadriu-ucestvovao-je-na-ceremoniji-smene-regionalne-komande-kfor-a-istok\/","og_site_name":"Predsednik Republike Kosovo - DR. VJOSA OSMANI - SADRIU","article_published_time":"2024-10-22T15:25:52+00:00","article_modified_time":"2024-10-23T07:43:01+00:00","og_image":[{"width":1600,"height":1136,"url":"https:\/\/president-ksgov.net\/wp-content\/uploads\/1-12.jpeg","type":"image\/jpeg"}],"author":"Florent Rrahmani","twitter_card":"summary_large_image","twitter_misc":{"\u041d\u0430\u043f\u0438\u0441\u0430\u043d\u043e \u043e\u0434":"Florent Rrahmani","\u041f\u0440\u043e\u0446\u0435\u045a\u0435\u043d\u043e \u0432\u0440\u0435\u043c\u0435 \u0447\u0438\u0442\u0430\u045a\u0430":"1 \u043c\u0438\u043d\u0443\u0442"},"schema":{"@context":"https:\/\/schema.org","@graph":[{"@type":"WebPage","@id":"https:\/\/president-ksgov.net\/sr\/prvi-gospodin-republike-kosovo-prindon-sadriu-ucestvovao-je-na-ceremoniji-smene-regionalne-komande-kfor-a-istok\/","url":"https:\/\/president-ksgov.net\/sr\/prvi-gospodin-republike-kosovo-prindon-sadriu-ucestvovao-je-na-ceremoniji-smene-regionalne-komande-kfor-a-istok\/","name":"Prvi gospodin Republike Kosovo, Prindon Sadriu, u\u010destvovao je na ceremoniji smene Regionalne komande KFOR-a- Istok - Predsednik Republike Kosovo - DR. VJOSA OSMANI - SADRIU","isPartOf":{"@id":"https:\/\/president-ksgov.net\/#website"},"primaryImageOfPage":{"@id":"https:\/\/president-ksgov.net\/sr\/prvi-gospodin-republike-kosovo-prindon-sadriu-ucestvovao-je-na-ceremoniji-smene-regionalne-komande-kfor-a-istok\/#primaryimage"},"image":{"@id":"https:\/\/president-ksgov.net\/sr\/prvi-gospodin-republike-kosovo-prindon-sadriu-ucestvovao-je-na-ceremoniji-smene-regionalne-komande-kfor-a-istok\/#primaryimage"},"thumbnailUrl":"https:\/\/president-ksgov.net\/wp-content\/uploads\/1-12.jpeg","datePublished":"2024-10-22T15:25:52+00:00","dateModified":"2024-10-23T07:43:01+00:00","author":{"@id":"https:\/\/president-ksgov.net\/#\/schema\/person\/7c46f744a99d3f1616b92658282aa934"},"description":"Prvi gospodin Republike Kosovo, Prindon Sadriu, u\u010destvovao je na ceremoniji smene Regionalne komande KFOR-a- Istok - Predsednik Republike Kosovo - DR. VJOSA OSMANI - SADRIU -","breadcrumb":{"@id":"https:\/\/president-ksgov.net\/sr\/prvi-gospodin-republike-kosovo-prindon-sadriu-ucestvovao-je-na-ceremoniji-smene-regionalne-komande-kfor-a-istok\/#breadcrumb"},"inLanguage":"sr-RS","potentialAction":[{"@type":"ReadAction","target":["https:\/\/president-ksgov.net\/sr\/prvi-gospodin-republike-kosovo-prindon-sadriu-ucestvovao-je-na-ceremoniji-smene-regionalne-komande-kfor-a-istok\/"]}]},{"@type":"ImageObject","inLanguage":"sr-RS","@id":"https:\/\/president-ksgov.net\/sr\/prvi-gospodin-republike-kosovo-prindon-sadriu-ucestvovao-je-na-ceremoniji-smene-regionalne-komande-kfor-a-istok\/#primaryimage","url":"https:\/\/president-ksgov.net\/wp-content\/uploads\/1-12.jpeg","contentUrl":"https:\/\/president-ksgov.net\/wp-content\/uploads\/1-12.jpeg","width":1600,"height":1136},{"@type":"BreadcrumbList","@id":"https:\/\/president-ksgov.net\/sr\/prvi-gospodin-republike-kosovo-prindon-sadriu-ucestvovao-je-na-ceremoniji-smene-regionalne-komande-kfor-a-istok\/#breadcrumb","itemListElement":[{"@type":"ListItem","position":1,"name":"Home","item":"https:\/\/president-ksgov.net\/sr\/"},{"@type":"ListItem","position":2,"name":"Prvi gospodin Republike Kosovo, Prindon Sadriu, u\u010destvovao je na ceremoniji smene Regionalne komande KFOR-a- Istok"}]},{"@type":"WebSite","@id":"https:\/\/president-ksgov.net\/#website","url":"https:\/\/president-ksgov.net\/","name":"Presidente e Republik\u00ebs s\u00eb Kosov\u00ebs","description":"Presidente e Republik\u00ebs s\u00eb Kosov\u00ebs","alternateName":"DR. VJOSA OSMANI - SADRIU","potentialAction":[{"@type":"SearchAction","target":{"@type":"EntryPoint","urlTemplate":"https:\/\/president-ksgov.net\/?s={search_term_string}"},"query-input":{"@type":"PropertyValueSpecification","valueRequired":true,"valueName":"search_term_string"}}],"inLanguage":"sr-RS"},{"@type":"Person","@id":"https:\/\/president-ksgov.net\/#\/schema\/person\/7c46f744a99d3f1616b92658282aa934","name":"Florent Rrahmani","image":{"@type":"ImageObject","inLanguage":"sr-RS","@id":"https:\/\/president-ksgov.net\/#\/schema\/person\/image\/","url":"https:\/\/secure.gravatar.com\/avatar\/2545924aa250de68ac8368367a79b663e59571cd131611f54c89b0613a94e230?s=96&d=mm&r=g","contentUrl":"https:\/\/secure.gravatar.com\/avatar\/2545924aa250de68ac8368367a79b663e59571cd131611f54c89b0613a94e230?s=96&d=mm&r=g","caption":"Florent Rrahmani"}}]}},"_links":{"self":[{"href":"https:\/\/president-ksgov.net\/sr\/wp-json\/wp\/v2\/posts\/145885","targetHints":{"allow":["GET"]}}],"collection":[{"href":"https:\/\/president-ksgov.net\/sr\/wp-json\/wp\/v2\/posts"}],"about":[{"href":"https:\/\/president-ksgov.net\/sr\/wp-json\/wp\/v2\/types\/post"}],"author":[{"embeddable":true,"href":"https:\/\/president-ksgov.net\/sr\/wp-json\/wp\/v2\/users\/9"}],"replies":[{"embeddable":true,"href":"https:\/\/president-ksgov.net\/sr\/wp-json\/wp\/v2\/comments?post=145885"}],"version-history":[{"count":1,"href":"https:\/\/president-ksgov.net\/sr\/wp-json\/wp\/v2\/posts\/145885\/revisions"}],"predecessor-version":[{"id":145886,"href":"https:\/\/president-ksgov.net\/sr\/wp-json\/wp\/v2\/posts\/145885\/revisions\/145886"}],"wp:featuredmedia":[{"embeddable":true,"href":"https:\/\/president-ksgov.net\/sr\/wp-json\/wp\/v2\/media\/145787"}],"wp:attachment":[{"href":"https:\/\/president-ksgov.net\/sr\/wp-json\/wp\/v2\/media?parent=145885"}],"wp:term":[{"taxonomy":"category","embeddable":true,"href":"https:\/\/president-ksgov.net\/sr\/wp-json\/wp\/v2\/categories?post=145885"},{"taxonomy":"post_tag","embeddable":true,"href":"https:\/\/president-ksgov.net\/sr\/wp-json\/wp\/v2\/tags?post=145885"}],"curies":[{"name":"wp","href":"https:\/\/api.w.org\/{rel}","templated":true}]}}