{"id":145421,"date":"2024-10-16T14:32:52","date_gmt":"2024-10-16T12:32:52","guid":{"rendered":"https:\/\/president-ksgov.net\/?p=145421"},"modified":"2024-10-16T15:24:17","modified_gmt":"2024-10-16T13:24:17","slug":"govor-predsednice-osmani-na-konferenciji-povodom-25-godisnjice-kcrzt-a","status":"publish","type":"post","link":"https:\/\/president-ksgov.net\/sr\/govor-predsednice-osmani-na-konferenciji-povodom-25-godisnjice-kcrzt-a\/","title":{"rendered":"Govor predsednice Osmani na Konferenciji povodom 25. godi\u0161njice KCR\u017dT-a"},"content":{"rendered":"<p>Te\u0161ko je govoriti posle Vasfije, koja, uprkos emocijama koje su i dalje jake, pune bola i 25 godina kasnije, u malo re\u010di \u0161alje poruku, ali sa izuzetnom snagom koja je uspela da ru\u0161i barijere, da se bori protiv stereotipa i stigme, ali i da prenese sna\u017ean i hrabar glas pre\u017eivelih nasilja ne samo ovde na Kosovu, ve\u0107 i \u0161irom sveta.<\/p>\n<p>Hvala Vasfije i hvala Shyhrete \u0161to ste ovaj bol Kosova pretvorili u neumoljivu poruku poziva na pravdu.<\/p>\n<p>Uspele ste da svuda u svetu doka\u017eete da oni koji su mislili da mogu da obe\u0161\u010daste Kosovo, u stvari, nikada nisu uspeli i nikada ne\u0107e uspeti da urade tako ne\u0161to, jer vi ste heroine, vi ste ponos i vi ste sama \u010dast Kosova.<\/p>\n<p>Tokom ovih 25 godina, KCR\u017dT, na \u010delu sa Feride Rushiti, uradio je ne\u0161to \u0161to je te\u0161ko opisati re\u010dima u govoru. Zato, od srca vam hvala u ime svih gra\u0111ana Kosova \u0161to ste postali sigurna ku\u0107a, mesto uto\u010di\u0161ta ne samo u fizi\u010dkom, ve\u0107 pre svega, u emotivnom aspektu za nebrojene \u017ertve, koje su u vama na\u0161le veru, podr\u0161ku i iznad svega su se uverile da mogu da govore pred narodom Kosova, da mogu da govore pred svetom i da zajedno sa svakim od nas nastave na\u0161u nezaustavljivu borbu za pravdu.<\/p>\n<p>To je posao koji, kao \u0161to ste ta\u010dno rekli, ne\u0107e biti zavr\u0161en na ovu 25. godi\u0161njicu, ve\u0107 je tek otpo\u010det, jer \u017eelim da vas uverim da na\u0161a podr\u0161ka vama ne\u0107e prestati, ve\u0107 \u0107e se pove\u0107avati, nastavi\u0107e se i nas \u0107e, \u017eena i mu\u0161karaca na Kosovu, ali i \u0161irom sveta, koji \u0107e se boriti za ovu stvar, biti svake godine sve vi\u0161e, a ne manje.<\/p>\n<p>Tokom ovih 25 godina konstantno smo se prise\u0107ali bola pro\u0161losti, ali smo i svedoci da uprkos ovom bolu ima hrabrosti, ima nade i iznad svega nepokolebljive odlu\u010dnosti za pravdom.<\/p>\n<p>Na\u017ealost, kao i u drugim dr\u017eavama pre rata na Kosovu, \u010dak i u Milo\u0161evi\u0107evom genocidnom ratu protiv na\u0161eg naroda, seksualno nasilje je kori\u0161\u0107eno kao oru\u017eje, a rekla bih najokrutnije oru\u017eje poznato \u010dove\u010danstvu, kako bi se naneo bol koji \u0107e se protezati na \u010ditave generacije. Dakle, ne samo na na\u0161u generaciju koja je do\u017eivela rat, ve\u0107 i na generacije dece, i generacije koje \u0107e se roditi posle rata.<\/p>\n<p>Ali, uprkos svemu, istorija je dokazala i na\u0161 narod je dokazao nesalomivu izdr\u017eljivost, izuzetnu izdr\u017eljivost. A to je dokazano hrabro\u0161\u0107u pre\u017eivelih da dignu glas. I pokazali su ve\u010dnu istinu koju je na\u0161 narod vekovima pokazivao, da nema sile, zlo\u010dina, ma koliko surov bio, koji mo\u017ee da slomi duh naroda koji tra\u017ei slobodu. Ne postoji!<\/p>\n<p>Stoga i danas va\u0161im prisustvom dokazujete da se moramo boriti da se istorija ne ponovi. Iako znamo da nije dovoljno samo setiti se pro\u0161losti, nepravde nikada ne smeju da pro\u0111u u ti\u0161ini, a pravda se, svi znamo, ne mo\u017ee posti\u0107i bez pozivanja po\u010dinilaca na odgovornost za po\u010dinjene zlo\u010dine.<\/p>\n<p>Dakle, na\u0161 zajedni\u010dki fokus treba da bude upravo na borbi za pravdu i znamo da ta borba za pravdu nije laka. Ali to nas ni u jednom trenutku ne bi trebalo odvratiti od na\u0161eg zajedni\u010dkog cilja da svakim danom stvaramo sve efikasnije mehanizme koji podr\u017eavaju \u017ertve seksualnog nasilja tokom rata. Ova bitka zahteva upornost, hrabrost, a ponekad i izuzetno strpljenje.<\/p>\n<p>Sre\u0107na sam sam \u0161to je Kosovo godinama izgradilo mehanizme koji su pokazali uspeh, ali kako je rekla i Vasfija, moramo u\u010diniti jo\u0161 vi\u0161e da svaka pre\u017eivela i svaki pre\u017eiveli osete podr\u0161ku dr\u017eave.<\/p>\n<p>Nikada ne smemo ostati pasivni pred nepravdama, \u010dak i kada se de\u0161avaju u drugim zemljama sveta. Stoga sam ponosna na posao koji obavlja Vasfija, kao specijalna izaslanica predsednice za seksualno nasilje tokom rata, a istovremeno i Shyhrete, tako\u0111e kao predsednicina predstavnica za tranzicionu pravdu, koje kroz svoje pri\u010de i pri\u010du o Kosovu podr\u017eavaju pre\u017eivele u zemljama poput Ukrajine, u zemljama poput Iraka, u razli\u010ditim zemljama na afri\u010dkom kontinentu, na Bliskom istoku i svuda u svetu.<\/p>\n<p>Pored toga, na svetskom nivou, Kosovo je postalo mesto susreta kroz Me\u0111unarodni forum za \u017eene, mir i bezbednost, gde je glavni fokus upravo na\u0161 zajedni\u010dki glas za prevenciju seksualnog nasilja tokom rata. I, u celom ovom poslu, nepo\u0161tednu podr\u0161ku su davale, posebno organizacije civilnog dru\u0161tva, po\u010dev od KCR\u017dT, Medica Kosova, Medica Gjakova i svih drugih organizacija civilnog dru\u0161tva koje danas vidite me\u0111u nama i drugima koji nisu ovde i nesumnjivo iz na\u0161ih zemalja prijatelja, koje zajedno sa nama i dalje di\u017eu glas protiv ovog stra\u0161nog zlo\u010dina.<\/p>\n<p>I upravo je ova istinska saradnja sa civilnim dru\u0161tvom uspela da pretvori Kosovo, kao \u0161to sam rekla, u jedinu dr\u017eavu u Evropi koju je Kancelarija sekretara Blinkena izabrala za Centar izvrsnosti za \u017eene, mir i bezbednost, koji \u0107e tako\u0111e ujediniti ne samo na\u0161e zemlje u regionu, ve\u0107 i \u0161ire, kako bismo imali jo\u0161 efikasnije mehanizme za prevenciju i eliminaciju seksualnog nasilja tokom rata.<\/p>\n<p>Uz uspehe, moramo prihvatiti i izazove za na\u0161e dru\u0161tvo.<\/p>\n<p>\u010cak i za na\u0161e dru\u0161tvo, a i globalno, oni su i dalje prisutne, stigmatizacija, koja onda podsti\u010de stalno \u0107utanje me\u0111u \u017ertvama, izostanak privo\u0111enja zlo\u010dinaca pravdi su prepreke koje moramo tretirati i zajedno ih prevazi\u0107i, jer je na\u0161a stvar ispravna i ve\u0107a je od svakog od nas pojedina\u010dno.<\/p>\n<p>I znam da \u0107e nam se na ovom zajedni\u010dkom putu pridru\u017eiti sve vi\u0161e pristalica. Zato danas pozivam sve vas, uklju\u010duju\u0107i i one koji nas prate preko ekrana, da ostanete posve\u0107eni ovom pitanju, hajde da budemo ujedinjeni da napravimo pravu promenu, spre\u010davanje seksualnog nasilja tokom rata bilo gde u svetu i privo\u0111enje pravdi onih koji su po\u010dinili takva krivi\u010dna dela.<\/p>\n<p>Da odlu\u010dno radimo na okon\u010danju \u0107utanja, da podstaknemo \u0161to vi\u0161e pre\u017eivelih da istupe i hrabro tra\u017ee pravdu, kao \u0161to su tra\u017eile Vasfija, Shyhrete i mnoge, mnoge pre\u017eivele kroz podr\u0161ku koju su dobile od civilnog dru\u0161tva i institucija.<\/p>\n<p>Dakle, danas se ne samo prise\u0107amo onoga \u0161to se desilo, ve\u0107 kroz ovaj rad delujemo zajedno i pokazujemo da van ove sale ima mnogo, mnogo pristalica \u010dijim radom gradimo budu\u0107nost u kojoj se seksualno nasilje vi\u0161e nikada ne sme koristiti. kao ratno oru\u017eje, ve\u0107 ostaje kao podsetnik na pro\u0161lost i dokazuje nam svima da je najve\u0107a snaga na ovom svetu upravo hrabrost onih koji odbijaju da budu pora\u017eeni pred ovakvim zlo\u010dinima \u2013 hrabrost koju su pokazali svaki dan pre\u017eivele i pre\u017eiveli seksualnog nasilja tokom rata na Kosovu.<\/p>\n<p>Zato, hajde da nastavimo da udru\u017eujemo snage i na\u0161e glasove i da obezbedimo da pravda trijumfuje!<\/p>\n<p>Hvala vam!<\/p>\n<p><iframe style=\"border: none; overflow: hidden;\" src=\"https:\/\/www.facebook.com\/plugins\/post.php?href=https%3A%2F%2Fwww.facebook.com%2FPresidencaRKS%2Fvideos%2F1471513667050050&amp;width=560&amp;show_text=true&amp;height=445&amp;appId\" width=\"560\" height=\"445\" frameborder=\"0\" scrolling=\"no\" allowfullscreen=\"allowfullscreen\"><\/iframe><\/p>\n","protected":false},"excerpt":{"rendered":"<p>Te\u0161ko je govoriti posle Vasfije, koja, uprkos emocijama koje su i dalje jake, pune bola i 25 godina kasnije, u malo re\u010di \u0161alje poruku, ali sa izuzetnom snagom koja je uspela da ru\u0161i barijere, da se bori protiv stereotipa i stigme, ali i da prenese sna\u017ean i hrabar glas pre\u017eivelih nasilja ne samo ovde na Kosovu, ve\u0107 i \u0161irom sveta. Hvala Vasfije i hvala Shyhrete \u0161to ste ovaj bol Kosova pretvorili u neumoljivu poruku poziva na pravdu. Uspele ste da svuda u svetu doka\u017eete da oni koji su mislili da mogu da obe\u0161\u010daste Kosovo, u stvari, nikada nisu uspeli i nikada ne\u0107e uspeti da urade tako ne\u0161to, jer vi ste heroine, vi ste ponos i vi ste sama \u010dast Kosova. Tokom ovih 25 godina, KCR\u017dT, na \u010delu sa Feride Rushiti, uradio je ne\u0161to \u0161to je te\u0161ko opisati re\u010dima u govoru. Zato, od srca vam hvala u ime svih gra\u0111ana Kosova \u0161to ste postali sigurna ku\u0107a, mesto uto\u010di\u0161ta ne samo u fizi\u010dkom, ve\u0107 pre svega, u emotivnom aspektu za nebrojene \u017ertve, koje su u vama na\u0161le veru, podr\u0161ku i iznad svega su se uverile da mogu da govore pred narodom Kosova, da mogu da govore pred svetom i da zajedno sa svakim od nas nastave na\u0161u nezaustavljivu borbu za pravdu. To je posao koji, kao \u0161to ste ta\u010dno rekli, ne\u0107e biti zavr\u0161en na ovu 25. godi\u0161njicu, ve\u0107 je tek otpo\u010det, jer \u017eelim da vas uverim da na\u0161a podr\u0161ka vama ne\u0107e prestati, ve\u0107 \u0107e se pove\u0107avati, nastavi\u0107e se i nas \u0107e, \u017eena i mu\u0161karaca na Kosovu, ali i \u0161irom sveta, koji \u0107e se boriti za ovu stvar, biti svake godine sve vi\u0161e, a ne manje. Tokom ovih 25 godina konstantno smo se prise\u0107ali bola pro\u0161losti, ali smo i svedoci da uprkos ovom bolu ima hrabrosti, ima nade i iznad svega nepokolebljive odlu\u010dnosti za pravdom. Na\u017ealost, kao i u drugim dr\u017eavama pre rata na Kosovu, \u010dak i u Milo\u0161evi\u0107evom genocidnom ratu protiv na\u0161eg naroda, seksualno nasilje je kori\u0161\u0107eno kao oru\u017eje, a rekla bih najokrutnije oru\u017eje poznato \u010dove\u010danstvu, kako bi se naneo bol koji \u0107e se protezati na \u010ditave generacije. Dakle, ne samo na na\u0161u generaciju koja je do\u017eivela rat, ve\u0107 i na generacije dece, i generacije koje \u0107e se roditi posle rata. Ali, uprkos svemu, istorija je dokazala i na\u0161 narod je dokazao nesalomivu izdr\u017eljivost, izuzetnu izdr\u017eljivost. A to je dokazano hrabro\u0161\u0107u pre\u017eivelih da dignu glas. I pokazali su ve\u010dnu istinu koju je na\u0161 narod vekovima pokazivao, da nema sile, zlo\u010dina, ma koliko surov bio, koji mo\u017ee da slomi duh naroda koji tra\u017ei slobodu. Ne postoji! Stoga i danas va\u0161im prisustvom dokazujete da se moramo boriti da se istorija ne ponovi. Iako znamo da nije dovoljno samo setiti se pro\u0161losti, nepravde nikada ne smeju da pro\u0111u u ti\u0161ini, a pravda se, svi znamo, ne mo\u017ee posti\u0107i bez pozivanja po\u010dinilaca na odgovornost za po\u010dinjene zlo\u010dine. Dakle, na\u0161 zajedni\u010dki fokus treba da bude upravo na borbi za pravdu i znamo da ta borba za pravdu nije laka. Ali to nas ni u jednom trenutku ne bi trebalo odvratiti od na\u0161eg zajedni\u010dkog cilja da svakim danom stvaramo sve efikasnije mehanizme koji podr\u017eavaju \u017ertve seksualnog nasilja tokom rata. Ova bitka zahteva upornost, hrabrost, a ponekad i izuzetno strpljenje. Sre\u0107na sam sam \u0161to je Kosovo godinama izgradilo mehanizme koji su pokazali uspeh, ali kako je rekla i Vasfija, moramo u\u010diniti jo\u0161 vi\u0161e da svaka pre\u017eivela i svaki pre\u017eiveli osete podr\u0161ku dr\u017eave. Nikada ne smemo ostati pasivni pred nepravdama, \u010dak i kada se de\u0161avaju u drugim zemljama sveta. Stoga sam ponosna na posao koji obavlja Vasfija, kao specijalna izaslanica predsednice za seksualno nasilje tokom rata, a istovremeno i Shyhrete, tako\u0111e kao predsednicina predstavnica za tranzicionu pravdu, koje kroz svoje pri\u010de i pri\u010du o Kosovu podr\u017eavaju pre\u017eivele u zemljama poput Ukrajine, u zemljama poput Iraka, u razli\u010ditim zemljama na afri\u010dkom kontinentu, na Bliskom istoku i svuda u svetu. Pored toga, na svetskom nivou, Kosovo je postalo mesto susreta kroz Me\u0111unarodni forum za \u017eene, mir i bezbednost, gde je glavni fokus upravo na\u0161 zajedni\u010dki glas za prevenciju seksualnog nasilja tokom rata. I, u celom ovom poslu, nepo\u0161tednu podr\u0161ku su davale, posebno organizacije civilnog dru\u0161tva, po\u010dev od KCR\u017dT, Medica Kosova, Medica Gjakova i svih drugih organizacija civilnog dru\u0161tva koje danas vidite me\u0111u nama i drugima koji nisu ovde i nesumnjivo iz na\u0161ih zemalja prijatelja, koje zajedno sa nama i dalje di\u017eu glas protiv ovog stra\u0161nog zlo\u010dina. I upravo je ova istinska saradnja sa civilnim dru\u0161tvom uspela da pretvori Kosovo, kao \u0161to sam rekla, u jedinu dr\u017eavu u Evropi koju je Kancelarija sekretara Blinkena izabrala za Centar izvrsnosti za \u017eene, mir i bezbednost, koji \u0107e tako\u0111e ujediniti ne samo na\u0161e zemlje u regionu, ve\u0107 i \u0161ire, kako bismo imali jo\u0161 efikasnije mehanizme za prevenciju i eliminaciju seksualnog nasilja tokom rata. Uz uspehe, moramo prihvatiti i izazove za na\u0161e dru\u0161tvo. \u010cak i za na\u0161e dru\u0161tvo, a i globalno, oni su i dalje prisutne, stigmatizacija, koja onda podsti\u010de stalno \u0107utanje me\u0111u \u017ertvama, izostanak privo\u0111enja zlo\u010dinaca pravdi su prepreke koje moramo tretirati i zajedno ih prevazi\u0107i, jer je na\u0161a stvar ispravna i ve\u0107a je od svakog od nas pojedina\u010dno. I znam da \u0107e nam se na ovom zajedni\u010dkom putu pridru\u017eiti sve vi\u0161e pristalica. Zato danas pozivam sve vas, uklju\u010duju\u0107i i one koji nas prate preko ekrana, da ostanete posve\u0107eni ovom pitanju, hajde da budemo ujedinjeni da napravimo pravu promenu, spre\u010davanje seksualnog nasilja tokom rata bilo gde u svetu i privo\u0111enje pravdi onih koji su po\u010dinili takva krivi\u010dna dela. Da odlu\u010dno radimo na okon\u010danju \u0107utanja, da podstaknemo \u0161to vi\u0161e pre\u017eivelih da istupe i hrabro tra\u017ee pravdu, kao \u0161to su tra\u017eile Vasfija, Shyhrete i mnoge, mnoge pre\u017eivele kroz podr\u0161ku koju su dobile od civilnog dru\u0161tva i institucija. Dakle, danas se ne samo prise\u0107amo onoga \u0161to se desilo, ve\u0107 kroz ovaj rad delujemo zajedno i pokazujemo da van ove sale ima mnogo, mnogo pristalica \u010dijim radom gradimo budu\u0107nost u kojoj se seksualno nasilje vi\u0161e nikada ne sme koristiti. kao ratno oru\u017eje, ve\u0107 ostaje kao podsetnik na pro\u0161lost i dokazuje nam svima da je najve\u0107a snaga na ovom svetu<\/p>\n","protected":false},"author":15,"featured_media":145422,"comment_status":"closed","ping_status":"closed","sticky":false,"template":"","format":"standard","meta":{"_eb_attr":"","footnotes":""},"categories":[106,101],"tags":[],"class_list":["post-145421","post","type-post","status-publish","format-standard","has-post-thumbnail","hentry","category-govori","category-vesti"],"yoast_head":"<!-- This site is optimized with the Yoast SEO plugin v23.5 - https:\/\/yoast.com\/wordpress\/plugins\/seo\/ -->\n<title>Govor predsednice Osmani na Konferenciji povodom 25. godi\u0161njice KCR\u017dT-a - Predsednik Republike Kosovo - DR. VJOSA OSMANI - SADRIU<\/title>\n<meta name=\"description\" content=\"Govor predsednice Osmani na Konferenciji povodom 25. godi\u0161njice KCR\u017dT-a - Predsednik Republike Kosovo - DR. VJOSA OSMANI - SADRIU -\" \/>\n<meta name=\"robots\" content=\"index, follow, max-snippet:-1, max-image-preview:large, max-video-preview:-1\" \/>\n<link rel=\"canonical\" href=\"https:\/\/president-ksgov.net\/sr\/govor-predsednice-osmani-na-konferenciji-povodom-25-godisnjice-kcrzt-a\/\" \/>\n<meta property=\"og:locale\" content=\"sr_RS\" \/>\n<meta property=\"og:type\" content=\"article\" \/>\n<meta property=\"og:title\" content=\"Govor predsednice Osmani na Konferenciji povodom 25. godi\u0161njice KCR\u017dT-a - Predsednik Republike Kosovo - DR. VJOSA OSMANI - SADRIU\" \/>\n<meta property=\"og:description\" content=\"Govor predsednice Osmani na Konferenciji povodom 25. godi\u0161njice KCR\u017dT-a - Predsednik Republike Kosovo - DR. VJOSA OSMANI - SADRIU -\" \/>\n<meta property=\"og:url\" content=\"https:\/\/president-ksgov.net\/sr\/govor-predsednice-osmani-na-konferenciji-povodom-25-godisnjice-kcrzt-a\/\" \/>\n<meta property=\"og:site_name\" content=\"Predsednik Republike Kosovo - DR. VJOSA OSMANI - SADRIU\" \/>\n<meta property=\"article:published_time\" content=\"2024-10-16T12:32:52+00:00\" \/>\n<meta property=\"article:modified_time\" content=\"2024-10-16T13:24:17+00:00\" \/>\n<meta property=\"og:image\" content=\"https:\/\/president-ksgov.net\/wp-content\/uploads\/1-322-1.jpg\" \/>\n\t<meta property=\"og:image:width\" content=\"1460\" \/>\n\t<meta property=\"og:image:height\" content=\"1331\" \/>\n\t<meta property=\"og:image:type\" content=\"image\/jpeg\" \/>\n<meta name=\"author\" content=\"Elza Haxhiu\" \/>\n<meta name=\"twitter:card\" content=\"summary_large_image\" \/>\n<meta name=\"twitter:label1\" content=\"\u041d\u0430\u043f\u0438\u0441\u0430\u043d\u043e \u043e\u0434\" \/>\n\t<meta name=\"twitter:data1\" content=\"Elza Haxhiu\" \/>\n\t<meta name=\"twitter:label2\" content=\"\u041f\u0440\u043e\u0446\u0435\u045a\u0435\u043d\u043e \u0432\u0440\u0435\u043c\u0435 \u0447\u0438\u0442\u0430\u045a\u0430\" \/>\n\t<meta name=\"twitter:data2\" content=\"6 \u043c\u0438\u043d\u0443\u0442\u0430\" \/>\n<script type=\"application\/ld+json\" class=\"yoast-schema-graph\">{\"@context\":\"https:\/\/schema.org\",\"@graph\":[{\"@type\":\"WebPage\",\"@id\":\"https:\/\/president-ksgov.net\/sr\/govor-predsednice-osmani-na-konferenciji-povodom-25-godisnjice-kcrzt-a\/\",\"url\":\"https:\/\/president-ksgov.net\/sr\/govor-predsednice-osmani-na-konferenciji-povodom-25-godisnjice-kcrzt-a\/\",\"name\":\"Govor predsednice Osmani na Konferenciji povodom 25. godi\u0161njice KCR\u017dT-a - Predsednik Republike Kosovo - DR. VJOSA OSMANI - SADRIU\",\"isPartOf\":{\"@id\":\"https:\/\/president-ksgov.net\/#website\"},\"primaryImageOfPage\":{\"@id\":\"https:\/\/president-ksgov.net\/sr\/govor-predsednice-osmani-na-konferenciji-povodom-25-godisnjice-kcrzt-a\/#primaryimage\"},\"image\":{\"@id\":\"https:\/\/president-ksgov.net\/sr\/govor-predsednice-osmani-na-konferenciji-povodom-25-godisnjice-kcrzt-a\/#primaryimage\"},\"thumbnailUrl\":\"https:\/\/president-ksgov.net\/wp-content\/uploads\/1-322-1.jpg\",\"datePublished\":\"2024-10-16T12:32:52+00:00\",\"dateModified\":\"2024-10-16T13:24:17+00:00\",\"author\":{\"@id\":\"https:\/\/president-ksgov.net\/#\/schema\/person\/75ba04a42c4bb79cfdc00931b1a2304c\"},\"description\":\"Govor predsednice Osmani na Konferenciji povodom 25. godi\u0161njice KCR\u017dT-a - Predsednik Republike Kosovo - DR. VJOSA OSMANI - SADRIU -\",\"breadcrumb\":{\"@id\":\"https:\/\/president-ksgov.net\/sr\/govor-predsednice-osmani-na-konferenciji-povodom-25-godisnjice-kcrzt-a\/#breadcrumb\"},\"inLanguage\":\"sr-RS\",\"potentialAction\":[{\"@type\":\"ReadAction\",\"target\":[\"https:\/\/president-ksgov.net\/sr\/govor-predsednice-osmani-na-konferenciji-povodom-25-godisnjice-kcrzt-a\/\"]}]},{\"@type\":\"ImageObject\",\"inLanguage\":\"sr-RS\",\"@id\":\"https:\/\/president-ksgov.net\/sr\/govor-predsednice-osmani-na-konferenciji-povodom-25-godisnjice-kcrzt-a\/#primaryimage\",\"url\":\"https:\/\/president-ksgov.net\/wp-content\/uploads\/1-322-1.jpg\",\"contentUrl\":\"https:\/\/president-ksgov.net\/wp-content\/uploads\/1-322-1.jpg\",\"width\":1460,\"height\":1331},{\"@type\":\"BreadcrumbList\",\"@id\":\"https:\/\/president-ksgov.net\/sr\/govor-predsednice-osmani-na-konferenciji-povodom-25-godisnjice-kcrzt-a\/#breadcrumb\",\"itemListElement\":[{\"@type\":\"ListItem\",\"position\":1,\"name\":\"Home\",\"item\":\"https:\/\/president-ksgov.net\/sr\/\"},{\"@type\":\"ListItem\",\"position\":2,\"name\":\"Govor predsednice Osmani na Konferenciji povodom 25. godi\u0161njice KCR\u017dT-a\"}]},{\"@type\":\"WebSite\",\"@id\":\"https:\/\/president-ksgov.net\/#website\",\"url\":\"https:\/\/president-ksgov.net\/\",\"name\":\"Presidente e Republik\u00ebs s\u00eb Kosov\u00ebs\",\"description\":\"Presidente e Republik\u00ebs s\u00eb Kosov\u00ebs\",\"alternateName\":\"DR. VJOSA OSMANI - SADRIU\",\"potentialAction\":[{\"@type\":\"SearchAction\",\"target\":{\"@type\":\"EntryPoint\",\"urlTemplate\":\"https:\/\/president-ksgov.net\/?s={search_term_string}\"},\"query-input\":{\"@type\":\"PropertyValueSpecification\",\"valueRequired\":true,\"valueName\":\"search_term_string\"}}],\"inLanguage\":\"sr-RS\"},{\"@type\":\"Person\",\"@id\":\"https:\/\/president-ksgov.net\/#\/schema\/person\/75ba04a42c4bb79cfdc00931b1a2304c\",\"name\":\"Elza Haxhiu\",\"image\":{\"@type\":\"ImageObject\",\"inLanguage\":\"sr-RS\",\"@id\":\"https:\/\/president-ksgov.net\/#\/schema\/person\/image\/\",\"url\":\"https:\/\/secure.gravatar.com\/avatar\/3a24df7fd6c47bcca39e7d7e0c3a2451758793491bc7c276ec3a9b2a49af2cf2?s=96&d=mm&r=g\",\"contentUrl\":\"https:\/\/secure.gravatar.com\/avatar\/3a24df7fd6c47bcca39e7d7e0c3a2451758793491bc7c276ec3a9b2a49af2cf2?s=96&d=mm&r=g\",\"caption\":\"Elza Haxhiu\"}}]}<\/script>\n<!-- \/ Yoast SEO plugin. -->","yoast_head_json":{"title":"Govor predsednice Osmani na Konferenciji povodom 25. godi\u0161njice KCR\u017dT-a - Predsednik Republike Kosovo - DR. VJOSA OSMANI - SADRIU","description":"Govor predsednice Osmani na Konferenciji povodom 25. godi\u0161njice KCR\u017dT-a - Predsednik Republike Kosovo - DR. VJOSA OSMANI - SADRIU -","robots":{"index":"index","follow":"follow","max-snippet":"max-snippet:-1","max-image-preview":"max-image-preview:large","max-video-preview":"max-video-preview:-1"},"canonical":"https:\/\/president-ksgov.net\/sr\/govor-predsednice-osmani-na-konferenciji-povodom-25-godisnjice-kcrzt-a\/","og_locale":"sr_RS","og_type":"article","og_title":"Govor predsednice Osmani na Konferenciji povodom 25. godi\u0161njice KCR\u017dT-a - Predsednik Republike Kosovo - DR. VJOSA OSMANI - SADRIU","og_description":"Govor predsednice Osmani na Konferenciji povodom 25. godi\u0161njice KCR\u017dT-a - Predsednik Republike Kosovo - DR. VJOSA OSMANI - SADRIU -","og_url":"https:\/\/president-ksgov.net\/sr\/govor-predsednice-osmani-na-konferenciji-povodom-25-godisnjice-kcrzt-a\/","og_site_name":"Predsednik Republike Kosovo - DR. VJOSA OSMANI - SADRIU","article_published_time":"2024-10-16T12:32:52+00:00","article_modified_time":"2024-10-16T13:24:17+00:00","og_image":[{"width":1460,"height":1331,"url":"https:\/\/president-ksgov.net\/wp-content\/uploads\/1-322-1.jpg","type":"image\/jpeg"}],"author":"Elza Haxhiu","twitter_card":"summary_large_image","twitter_misc":{"\u041d\u0430\u043f\u0438\u0441\u0430\u043d\u043e \u043e\u0434":"Elza Haxhiu","\u041f\u0440\u043e\u0446\u0435\u045a\u0435\u043d\u043e \u0432\u0440\u0435\u043c\u0435 \u0447\u0438\u0442\u0430\u045a\u0430":"6 \u043c\u0438\u043d\u0443\u0442\u0430"},"schema":{"@context":"https:\/\/schema.org","@graph":[{"@type":"WebPage","@id":"https:\/\/president-ksgov.net\/sr\/govor-predsednice-osmani-na-konferenciji-povodom-25-godisnjice-kcrzt-a\/","url":"https:\/\/president-ksgov.net\/sr\/govor-predsednice-osmani-na-konferenciji-povodom-25-godisnjice-kcrzt-a\/","name":"Govor predsednice Osmani na Konferenciji povodom 25. godi\u0161njice KCR\u017dT-a - Predsednik Republike Kosovo - DR. VJOSA OSMANI - SADRIU","isPartOf":{"@id":"https:\/\/president-ksgov.net\/#website"},"primaryImageOfPage":{"@id":"https:\/\/president-ksgov.net\/sr\/govor-predsednice-osmani-na-konferenciji-povodom-25-godisnjice-kcrzt-a\/#primaryimage"},"image":{"@id":"https:\/\/president-ksgov.net\/sr\/govor-predsednice-osmani-na-konferenciji-povodom-25-godisnjice-kcrzt-a\/#primaryimage"},"thumbnailUrl":"https:\/\/president-ksgov.net\/wp-content\/uploads\/1-322-1.jpg","datePublished":"2024-10-16T12:32:52+00:00","dateModified":"2024-10-16T13:24:17+00:00","author":{"@id":"https:\/\/president-ksgov.net\/#\/schema\/person\/75ba04a42c4bb79cfdc00931b1a2304c"},"description":"Govor predsednice Osmani na Konferenciji povodom 25. godi\u0161njice KCR\u017dT-a - Predsednik Republike Kosovo - DR. VJOSA OSMANI - SADRIU -","breadcrumb":{"@id":"https:\/\/president-ksgov.net\/sr\/govor-predsednice-osmani-na-konferenciji-povodom-25-godisnjice-kcrzt-a\/#breadcrumb"},"inLanguage":"sr-RS","potentialAction":[{"@type":"ReadAction","target":["https:\/\/president-ksgov.net\/sr\/govor-predsednice-osmani-na-konferenciji-povodom-25-godisnjice-kcrzt-a\/"]}]},{"@type":"ImageObject","inLanguage":"sr-RS","@id":"https:\/\/president-ksgov.net\/sr\/govor-predsednice-osmani-na-konferenciji-povodom-25-godisnjice-kcrzt-a\/#primaryimage","url":"https:\/\/president-ksgov.net\/wp-content\/uploads\/1-322-1.jpg","contentUrl":"https:\/\/president-ksgov.net\/wp-content\/uploads\/1-322-1.jpg","width":1460,"height":1331},{"@type":"BreadcrumbList","@id":"https:\/\/president-ksgov.net\/sr\/govor-predsednice-osmani-na-konferenciji-povodom-25-godisnjice-kcrzt-a\/#breadcrumb","itemListElement":[{"@type":"ListItem","position":1,"name":"Home","item":"https:\/\/president-ksgov.net\/sr\/"},{"@type":"ListItem","position":2,"name":"Govor predsednice Osmani na Konferenciji povodom 25. godi\u0161njice KCR\u017dT-a"}]},{"@type":"WebSite","@id":"https:\/\/president-ksgov.net\/#website","url":"https:\/\/president-ksgov.net\/","name":"Presidente e Republik\u00ebs s\u00eb Kosov\u00ebs","description":"Presidente e Republik\u00ebs s\u00eb Kosov\u00ebs","alternateName":"DR. VJOSA OSMANI - SADRIU","potentialAction":[{"@type":"SearchAction","target":{"@type":"EntryPoint","urlTemplate":"https:\/\/president-ksgov.net\/?s={search_term_string}"},"query-input":{"@type":"PropertyValueSpecification","valueRequired":true,"valueName":"search_term_string"}}],"inLanguage":"sr-RS"},{"@type":"Person","@id":"https:\/\/president-ksgov.net\/#\/schema\/person\/75ba04a42c4bb79cfdc00931b1a2304c","name":"Elza Haxhiu","image":{"@type":"ImageObject","inLanguage":"sr-RS","@id":"https:\/\/president-ksgov.net\/#\/schema\/person\/image\/","url":"https:\/\/secure.gravatar.com\/avatar\/3a24df7fd6c47bcca39e7d7e0c3a2451758793491bc7c276ec3a9b2a49af2cf2?s=96&d=mm&r=g","contentUrl":"https:\/\/secure.gravatar.com\/avatar\/3a24df7fd6c47bcca39e7d7e0c3a2451758793491bc7c276ec3a9b2a49af2cf2?s=96&d=mm&r=g","caption":"Elza Haxhiu"}}]}},"_links":{"self":[{"href":"https:\/\/president-ksgov.net\/sr\/wp-json\/wp\/v2\/posts\/145421","targetHints":{"allow":["GET"]}}],"collection":[{"href":"https:\/\/president-ksgov.net\/sr\/wp-json\/wp\/v2\/posts"}],"about":[{"href":"https:\/\/president-ksgov.net\/sr\/wp-json\/wp\/v2\/types\/post"}],"author":[{"embeddable":true,"href":"https:\/\/president-ksgov.net\/sr\/wp-json\/wp\/v2\/users\/15"}],"replies":[{"embeddable":true,"href":"https:\/\/president-ksgov.net\/sr\/wp-json\/wp\/v2\/comments?post=145421"}],"version-history":[{"count":1,"href":"https:\/\/president-ksgov.net\/sr\/wp-json\/wp\/v2\/posts\/145421\/revisions"}],"predecessor-version":[{"id":145458,"href":"https:\/\/president-ksgov.net\/sr\/wp-json\/wp\/v2\/posts\/145421\/revisions\/145458"}],"wp:featuredmedia":[{"embeddable":true,"href":"https:\/\/president-ksgov.net\/sr\/wp-json\/wp\/v2\/media\/145422"}],"wp:attachment":[{"href":"https:\/\/president-ksgov.net\/sr\/wp-json\/wp\/v2\/media?parent=145421"}],"wp:term":[{"taxonomy":"category","embeddable":true,"href":"https:\/\/president-ksgov.net\/sr\/wp-json\/wp\/v2\/categories?post=145421"},{"taxonomy":"post_tag","embeddable":true,"href":"https:\/\/president-ksgov.net\/sr\/wp-json\/wp\/v2\/tags?post=145421"}],"curies":[{"name":"wp","href":"https:\/\/api.w.org\/{rel}","templated":true}]}}