{"id":145376,"date":"2024-10-15T19:48:35","date_gmt":"2024-10-15T17:48:35","guid":{"rendered":"https:\/\/president-ksgov.net\/?p=145376"},"modified":"2024-10-16T13:47:55","modified_gmt":"2024-10-16T11:47:55","slug":"predsednica-trecu-godinu-zaredom-predsednistvo-je-zajedno-sa-jeta-vita-doniralo-onkoloske-pakete-zenama-obolelim-od-raka-dojke","status":"publish","type":"post","link":"https:\/\/president-ksgov.net\/sr\/predsednica-trecu-godinu-zaredom-predsednistvo-je-zajedno-sa-jeta-vita-doniralo-onkoloske-pakete-zenama-obolelim-od-raka-dojke\/","title":{"rendered":"Predsednica: Tre\u0107u godinu zaredom Predsedni\u0161tvo je zajedno sa Jeta-Vita doniralo onkolo\u0161ke pakete \u017eenama obolelim od raka dojke"},"content":{"rendered":"<p>Predsednica Republike Kosovo Vjosa Osmani posetila je danas Kliniku za onkologiju.<\/p>\n<p>Predsednica Osmani je rekala da je Predsedni\u0161tvo tre\u0107u godinu zaredom, zajedno sa Jeta-Vita, doniralo onkolo\u0161ke pakete \u017eenama obolelim od raka dojke.<\/p>\n<p>Ceo post predsednice Osmani:<\/p>\n<p>Tre\u0107u godinu zaredom Predsedni\u0161tvo je, zajedno sa Jeta-Vita, tokom #RozeOktobar \ud83c\udf80 doniralo onkolo\u0161ke pakete \u017eenama obolelim od raka dojke.<\/p>\n<p>Ovaj mesec nas podse\u0107a na va\u017enost jedinstva u borbi protiv raka dojke, podizanja svesti i pru\u017eanja podr\u0161ke svim onim \u017eenama kojima je potrebno da budemo uz njih u ovoj borbi.<\/p>\n<p>Podizanjem svesti i pru\u017eanjem podr\u0161ke, zala\u017eemo se za rano otkrivanje i obezbe\u0111ujemo da sve \u017eene dobiju negu koju zaslu\u017euju.<\/p>\n","protected":false},"excerpt":{"rendered":"<p>Predsednica Republike Kosovo Vjosa Osmani posetila je danas Kliniku za onkologiju. Predsednica Osmani je rekala da je Predsedni\u0161tvo tre\u0107u godinu zaredom, zajedno sa Jeta-Vita, doniralo onkolo\u0161ke pakete \u017eenama obolelim od raka dojke. Ceo post predsednice Osmani: Tre\u0107u godinu zaredom Predsedni\u0161tvo je, zajedno sa Jeta-Vita, tokom #RozeOktobar \ud83c\udf80 doniralo onkolo\u0161ke pakete \u017eenama obolelim od raka dojke. Ovaj mesec nas podse\u0107a na va\u017enost jedinstva u borbi protiv raka dojke, podizanja svesti i pru\u017eanja podr\u0161ke svim onim \u017eenama kojima je potrebno da budemo uz njih u ovoj borbi. Podizanjem svesti i pru\u017eanjem podr\u0161ke, zala\u017eemo se za rano otkrivanje i obezbe\u0111ujemo da sve \u017eene dobiju negu koju zaslu\u017euju.<\/p>\n","protected":false},"author":9,"featured_media":145310,"comment_status":"closed","ping_status":"closed","sticky":false,"template":"","format":"standard","meta":{"_eb_attr":"","footnotes":""},"categories":[101],"tags":[],"class_list":["post-145376","post","type-post","status-publish","format-standard","has-post-thumbnail","hentry","category-vesti"],"yoast_head":"<!-- This site is optimized with the Yoast SEO plugin v23.5 - https:\/\/yoast.com\/wordpress\/plugins\/seo\/ -->\n<title>Predsednica: Tre\u0107u godinu zaredom Predsedni\u0161tvo je zajedno sa Jeta-Vita doniralo onkolo\u0161ke pakete \u017eenama obolelim od raka dojke - Predsednik Republike Kosovo - DR. VJOSA OSMANI - SADRIU<\/title>\n<meta name=\"description\" content=\"Predsednica: Tre\u0107u godinu zaredom Predsedni\u0161tvo je zajedno sa Jeta-Vita doniralo onkolo\u0161ke pakete \u017eenama obolelim od raka dojke - Predsednik Republike Kosovo - DR. VJOSA OSMANI - SADRIU -\" \/>\n<meta name=\"robots\" content=\"index, follow, max-snippet:-1, max-image-preview:large, max-video-preview:-1\" \/>\n<link rel=\"canonical\" href=\"https:\/\/president-ksgov.net\/sr\/predsednica-trecu-godinu-zaredom-predsednistvo-je-zajedno-sa-jeta-vita-doniralo-onkoloske-pakete-zenama-obolelim-od-raka-dojke\/\" \/>\n<meta property=\"og:locale\" content=\"sr_RS\" \/>\n<meta property=\"og:type\" content=\"article\" \/>\n<meta property=\"og:title\" content=\"Predsednica: Tre\u0107u godinu zaredom Predsedni\u0161tvo je zajedno sa Jeta-Vita doniralo onkolo\u0161ke pakete \u017eenama obolelim od raka dojke - Predsednik Republike Kosovo - DR. VJOSA OSMANI - SADRIU\" \/>\n<meta property=\"og:description\" content=\"Predsednica: Tre\u0107u godinu zaredom Predsedni\u0161tvo je zajedno sa Jeta-Vita doniralo onkolo\u0161ke pakete \u017eenama obolelim od raka dojke - Predsednik Republike Kosovo - DR. VJOSA OSMANI - SADRIU -\" \/>\n<meta property=\"og:url\" content=\"https:\/\/president-ksgov.net\/sr\/predsednica-trecu-godinu-zaredom-predsednistvo-je-zajedno-sa-jeta-vita-doniralo-onkoloske-pakete-zenama-obolelim-od-raka-dojke\/\" \/>\n<meta property=\"og:site_name\" content=\"Predsednik Republike Kosovo - DR. VJOSA OSMANI - SADRIU\" \/>\n<meta property=\"article:published_time\" content=\"2024-10-15T17:48:35+00:00\" \/>\n<meta property=\"article:modified_time\" content=\"2024-10-16T11:47:55+00:00\" \/>\n<meta property=\"og:image\" content=\"https:\/\/president-ksgov.net\/wp-content\/uploads\/Onkologji-1.jpg\" \/>\n\t<meta property=\"og:image:width\" content=\"2000\" \/>\n\t<meta property=\"og:image:height\" content=\"1332\" \/>\n\t<meta property=\"og:image:type\" content=\"image\/jpeg\" \/>\n<meta name=\"author\" content=\"Florent Rrahmani\" \/>\n<meta name=\"twitter:card\" content=\"summary_large_image\" \/>\n<meta name=\"twitter:label1\" content=\"\u041d\u0430\u043f\u0438\u0441\u0430\u043d\u043e \u043e\u0434\" \/>\n\t<meta name=\"twitter:data1\" content=\"Florent Rrahmani\" \/>\n\t<meta name=\"twitter:label2\" content=\"\u041f\u0440\u043e\u0446\u0435\u045a\u0435\u043d\u043e \u0432\u0440\u0435\u043c\u0435 \u0447\u0438\u0442\u0430\u045a\u0430\" \/>\n\t<meta name=\"twitter:data2\" content=\"1 \u043c\u0438\u043d\u0443\u0442\" \/>\n<script type=\"application\/ld+json\" class=\"yoast-schema-graph\">{\"@context\":\"https:\/\/schema.org\",\"@graph\":[{\"@type\":\"WebPage\",\"@id\":\"https:\/\/president-ksgov.net\/sr\/predsednica-trecu-godinu-zaredom-predsednistvo-je-zajedno-sa-jeta-vita-doniralo-onkoloske-pakete-zenama-obolelim-od-raka-dojke\/\",\"url\":\"https:\/\/president-ksgov.net\/sr\/predsednica-trecu-godinu-zaredom-predsednistvo-je-zajedno-sa-jeta-vita-doniralo-onkoloske-pakete-zenama-obolelim-od-raka-dojke\/\",\"name\":\"Predsednica: Tre\u0107u godinu zaredom Predsedni\u0161tvo je zajedno sa Jeta-Vita doniralo onkolo\u0161ke pakete \u017eenama obolelim od raka dojke - Predsednik Republike Kosovo - DR. VJOSA OSMANI - SADRIU\",\"isPartOf\":{\"@id\":\"https:\/\/president-ksgov.net\/#website\"},\"primaryImageOfPage\":{\"@id\":\"https:\/\/president-ksgov.net\/sr\/predsednica-trecu-godinu-zaredom-predsednistvo-je-zajedno-sa-jeta-vita-doniralo-onkoloske-pakete-zenama-obolelim-od-raka-dojke\/#primaryimage\"},\"image\":{\"@id\":\"https:\/\/president-ksgov.net\/sr\/predsednica-trecu-godinu-zaredom-predsednistvo-je-zajedno-sa-jeta-vita-doniralo-onkoloske-pakete-zenama-obolelim-od-raka-dojke\/#primaryimage\"},\"thumbnailUrl\":\"https:\/\/president-ksgov.net\/wp-content\/uploads\/Onkologji-1.jpg\",\"datePublished\":\"2024-10-15T17:48:35+00:00\",\"dateModified\":\"2024-10-16T11:47:55+00:00\",\"author\":{\"@id\":\"https:\/\/president-ksgov.net\/#\/schema\/person\/7c46f744a99d3f1616b92658282aa934\"},\"description\":\"Predsednica: Tre\u0107u godinu zaredom Predsedni\u0161tvo je zajedno sa Jeta-Vita doniralo onkolo\u0161ke pakete \u017eenama obolelim od raka dojke - Predsednik Republike Kosovo - DR. VJOSA OSMANI - SADRIU -\",\"breadcrumb\":{\"@id\":\"https:\/\/president-ksgov.net\/sr\/predsednica-trecu-godinu-zaredom-predsednistvo-je-zajedno-sa-jeta-vita-doniralo-onkoloske-pakete-zenama-obolelim-od-raka-dojke\/#breadcrumb\"},\"inLanguage\":\"sr-RS\",\"potentialAction\":[{\"@type\":\"ReadAction\",\"target\":[\"https:\/\/president-ksgov.net\/sr\/predsednica-trecu-godinu-zaredom-predsednistvo-je-zajedno-sa-jeta-vita-doniralo-onkoloske-pakete-zenama-obolelim-od-raka-dojke\/\"]}]},{\"@type\":\"ImageObject\",\"inLanguage\":\"sr-RS\",\"@id\":\"https:\/\/president-ksgov.net\/sr\/predsednica-trecu-godinu-zaredom-predsednistvo-je-zajedno-sa-jeta-vita-doniralo-onkoloske-pakete-zenama-obolelim-od-raka-dojke\/#primaryimage\",\"url\":\"https:\/\/president-ksgov.net\/wp-content\/uploads\/Onkologji-1.jpg\",\"contentUrl\":\"https:\/\/president-ksgov.net\/wp-content\/uploads\/Onkologji-1.jpg\",\"width\":2000,\"height\":1332},{\"@type\":\"BreadcrumbList\",\"@id\":\"https:\/\/president-ksgov.net\/sr\/predsednica-trecu-godinu-zaredom-predsednistvo-je-zajedno-sa-jeta-vita-doniralo-onkoloske-pakete-zenama-obolelim-od-raka-dojke\/#breadcrumb\",\"itemListElement\":[{\"@type\":\"ListItem\",\"position\":1,\"name\":\"Home\",\"item\":\"https:\/\/president-ksgov.net\/sr\/\"},{\"@type\":\"ListItem\",\"position\":2,\"name\":\"Predsednica: Tre\u0107u godinu zaredom Predsedni\u0161tvo je zajedno sa Jeta-Vita doniralo onkolo\u0161ke pakete \u017eenama obolelim od raka dojke\"}]},{\"@type\":\"WebSite\",\"@id\":\"https:\/\/president-ksgov.net\/#website\",\"url\":\"https:\/\/president-ksgov.net\/\",\"name\":\"Presidente e Republik\u00ebs s\u00eb Kosov\u00ebs\",\"description\":\"Presidente e Republik\u00ebs s\u00eb Kosov\u00ebs\",\"alternateName\":\"DR. VJOSA OSMANI - SADRIU\",\"potentialAction\":[{\"@type\":\"SearchAction\",\"target\":{\"@type\":\"EntryPoint\",\"urlTemplate\":\"https:\/\/president-ksgov.net\/?s={search_term_string}\"},\"query-input\":{\"@type\":\"PropertyValueSpecification\",\"valueRequired\":true,\"valueName\":\"search_term_string\"}}],\"inLanguage\":\"sr-RS\"},{\"@type\":\"Person\",\"@id\":\"https:\/\/president-ksgov.net\/#\/schema\/person\/7c46f744a99d3f1616b92658282aa934\",\"name\":\"Florent Rrahmani\",\"image\":{\"@type\":\"ImageObject\",\"inLanguage\":\"sr-RS\",\"@id\":\"https:\/\/president-ksgov.net\/#\/schema\/person\/image\/\",\"url\":\"https:\/\/secure.gravatar.com\/avatar\/2545924aa250de68ac8368367a79b663e59571cd131611f54c89b0613a94e230?s=96&d=mm&r=g\",\"contentUrl\":\"https:\/\/secure.gravatar.com\/avatar\/2545924aa250de68ac8368367a79b663e59571cd131611f54c89b0613a94e230?s=96&d=mm&r=g\",\"caption\":\"Florent Rrahmani\"}}]}<\/script>\n<!-- \/ Yoast SEO plugin. -->","yoast_head_json":{"title":"Predsednica: Tre\u0107u godinu zaredom Predsedni\u0161tvo je zajedno sa Jeta-Vita doniralo onkolo\u0161ke pakete \u017eenama obolelim od raka dojke - Predsednik Republike Kosovo - DR. VJOSA OSMANI - SADRIU","description":"Predsednica: Tre\u0107u godinu zaredom Predsedni\u0161tvo je zajedno sa Jeta-Vita doniralo onkolo\u0161ke pakete \u017eenama obolelim od raka dojke - Predsednik Republike Kosovo - DR. VJOSA OSMANI - SADRIU -","robots":{"index":"index","follow":"follow","max-snippet":"max-snippet:-1","max-image-preview":"max-image-preview:large","max-video-preview":"max-video-preview:-1"},"canonical":"https:\/\/president-ksgov.net\/sr\/predsednica-trecu-godinu-zaredom-predsednistvo-je-zajedno-sa-jeta-vita-doniralo-onkoloske-pakete-zenama-obolelim-od-raka-dojke\/","og_locale":"sr_RS","og_type":"article","og_title":"Predsednica: Tre\u0107u godinu zaredom Predsedni\u0161tvo je zajedno sa Jeta-Vita doniralo onkolo\u0161ke pakete \u017eenama obolelim od raka dojke - Predsednik Republike Kosovo - DR. VJOSA OSMANI - SADRIU","og_description":"Predsednica: Tre\u0107u godinu zaredom Predsedni\u0161tvo je zajedno sa Jeta-Vita doniralo onkolo\u0161ke pakete \u017eenama obolelim od raka dojke - Predsednik Republike Kosovo - DR. VJOSA OSMANI - SADRIU -","og_url":"https:\/\/president-ksgov.net\/sr\/predsednica-trecu-godinu-zaredom-predsednistvo-je-zajedno-sa-jeta-vita-doniralo-onkoloske-pakete-zenama-obolelim-od-raka-dojke\/","og_site_name":"Predsednik Republike Kosovo - DR. VJOSA OSMANI - SADRIU","article_published_time":"2024-10-15T17:48:35+00:00","article_modified_time":"2024-10-16T11:47:55+00:00","og_image":[{"width":2000,"height":1332,"url":"https:\/\/president-ksgov.net\/wp-content\/uploads\/Onkologji-1.jpg","type":"image\/jpeg"}],"author":"Florent Rrahmani","twitter_card":"summary_large_image","twitter_misc":{"\u041d\u0430\u043f\u0438\u0441\u0430\u043d\u043e \u043e\u0434":"Florent Rrahmani","\u041f\u0440\u043e\u0446\u0435\u045a\u0435\u043d\u043e \u0432\u0440\u0435\u043c\u0435 \u0447\u0438\u0442\u0430\u045a\u0430":"1 \u043c\u0438\u043d\u0443\u0442"},"schema":{"@context":"https:\/\/schema.org","@graph":[{"@type":"WebPage","@id":"https:\/\/president-ksgov.net\/sr\/predsednica-trecu-godinu-zaredom-predsednistvo-je-zajedno-sa-jeta-vita-doniralo-onkoloske-pakete-zenama-obolelim-od-raka-dojke\/","url":"https:\/\/president-ksgov.net\/sr\/predsednica-trecu-godinu-zaredom-predsednistvo-je-zajedno-sa-jeta-vita-doniralo-onkoloske-pakete-zenama-obolelim-od-raka-dojke\/","name":"Predsednica: Tre\u0107u godinu zaredom Predsedni\u0161tvo je zajedno sa Jeta-Vita doniralo onkolo\u0161ke pakete \u017eenama obolelim od raka dojke - Predsednik Republike Kosovo - DR. VJOSA OSMANI - SADRIU","isPartOf":{"@id":"https:\/\/president-ksgov.net\/#website"},"primaryImageOfPage":{"@id":"https:\/\/president-ksgov.net\/sr\/predsednica-trecu-godinu-zaredom-predsednistvo-je-zajedno-sa-jeta-vita-doniralo-onkoloske-pakete-zenama-obolelim-od-raka-dojke\/#primaryimage"},"image":{"@id":"https:\/\/president-ksgov.net\/sr\/predsednica-trecu-godinu-zaredom-predsednistvo-je-zajedno-sa-jeta-vita-doniralo-onkoloske-pakete-zenama-obolelim-od-raka-dojke\/#primaryimage"},"thumbnailUrl":"https:\/\/president-ksgov.net\/wp-content\/uploads\/Onkologji-1.jpg","datePublished":"2024-10-15T17:48:35+00:00","dateModified":"2024-10-16T11:47:55+00:00","author":{"@id":"https:\/\/president-ksgov.net\/#\/schema\/person\/7c46f744a99d3f1616b92658282aa934"},"description":"Predsednica: Tre\u0107u godinu zaredom Predsedni\u0161tvo je zajedno sa Jeta-Vita doniralo onkolo\u0161ke pakete \u017eenama obolelim od raka dojke - Predsednik Republike Kosovo - DR. VJOSA OSMANI - SADRIU -","breadcrumb":{"@id":"https:\/\/president-ksgov.net\/sr\/predsednica-trecu-godinu-zaredom-predsednistvo-je-zajedno-sa-jeta-vita-doniralo-onkoloske-pakete-zenama-obolelim-od-raka-dojke\/#breadcrumb"},"inLanguage":"sr-RS","potentialAction":[{"@type":"ReadAction","target":["https:\/\/president-ksgov.net\/sr\/predsednica-trecu-godinu-zaredom-predsednistvo-je-zajedno-sa-jeta-vita-doniralo-onkoloske-pakete-zenama-obolelim-od-raka-dojke\/"]}]},{"@type":"ImageObject","inLanguage":"sr-RS","@id":"https:\/\/president-ksgov.net\/sr\/predsednica-trecu-godinu-zaredom-predsednistvo-je-zajedno-sa-jeta-vita-doniralo-onkoloske-pakete-zenama-obolelim-od-raka-dojke\/#primaryimage","url":"https:\/\/president-ksgov.net\/wp-content\/uploads\/Onkologji-1.jpg","contentUrl":"https:\/\/president-ksgov.net\/wp-content\/uploads\/Onkologji-1.jpg","width":2000,"height":1332},{"@type":"BreadcrumbList","@id":"https:\/\/president-ksgov.net\/sr\/predsednica-trecu-godinu-zaredom-predsednistvo-je-zajedno-sa-jeta-vita-doniralo-onkoloske-pakete-zenama-obolelim-od-raka-dojke\/#breadcrumb","itemListElement":[{"@type":"ListItem","position":1,"name":"Home","item":"https:\/\/president-ksgov.net\/sr\/"},{"@type":"ListItem","position":2,"name":"Predsednica: Tre\u0107u godinu zaredom Predsedni\u0161tvo je zajedno sa Jeta-Vita doniralo onkolo\u0161ke pakete \u017eenama obolelim od raka dojke"}]},{"@type":"WebSite","@id":"https:\/\/president-ksgov.net\/#website","url":"https:\/\/president-ksgov.net\/","name":"Presidente e Republik\u00ebs s\u00eb Kosov\u00ebs","description":"Presidente e Republik\u00ebs s\u00eb Kosov\u00ebs","alternateName":"DR. VJOSA OSMANI - SADRIU","potentialAction":[{"@type":"SearchAction","target":{"@type":"EntryPoint","urlTemplate":"https:\/\/president-ksgov.net\/?s={search_term_string}"},"query-input":{"@type":"PropertyValueSpecification","valueRequired":true,"valueName":"search_term_string"}}],"inLanguage":"sr-RS"},{"@type":"Person","@id":"https:\/\/president-ksgov.net\/#\/schema\/person\/7c46f744a99d3f1616b92658282aa934","name":"Florent Rrahmani","image":{"@type":"ImageObject","inLanguage":"sr-RS","@id":"https:\/\/president-ksgov.net\/#\/schema\/person\/image\/","url":"https:\/\/secure.gravatar.com\/avatar\/2545924aa250de68ac8368367a79b663e59571cd131611f54c89b0613a94e230?s=96&d=mm&r=g","contentUrl":"https:\/\/secure.gravatar.com\/avatar\/2545924aa250de68ac8368367a79b663e59571cd131611f54c89b0613a94e230?s=96&d=mm&r=g","caption":"Florent Rrahmani"}}]}},"_links":{"self":[{"href":"https:\/\/president-ksgov.net\/sr\/wp-json\/wp\/v2\/posts\/145376","targetHints":{"allow":["GET"]}}],"collection":[{"href":"https:\/\/president-ksgov.net\/sr\/wp-json\/wp\/v2\/posts"}],"about":[{"href":"https:\/\/president-ksgov.net\/sr\/wp-json\/wp\/v2\/types\/post"}],"author":[{"embeddable":true,"href":"https:\/\/president-ksgov.net\/sr\/wp-json\/wp\/v2\/users\/9"}],"replies":[{"embeddable":true,"href":"https:\/\/president-ksgov.net\/sr\/wp-json\/wp\/v2\/comments?post=145376"}],"version-history":[{"count":1,"href":"https:\/\/president-ksgov.net\/sr\/wp-json\/wp\/v2\/posts\/145376\/revisions"}],"predecessor-version":[{"id":145377,"href":"https:\/\/president-ksgov.net\/sr\/wp-json\/wp\/v2\/posts\/145376\/revisions\/145377"}],"wp:featuredmedia":[{"embeddable":true,"href":"https:\/\/president-ksgov.net\/sr\/wp-json\/wp\/v2\/media\/145310"}],"wp:attachment":[{"href":"https:\/\/president-ksgov.net\/sr\/wp-json\/wp\/v2\/media?parent=145376"}],"wp:term":[{"taxonomy":"category","embeddable":true,"href":"https:\/\/president-ksgov.net\/sr\/wp-json\/wp\/v2\/categories?post=145376"},{"taxonomy":"post_tag","embeddable":true,"href":"https:\/\/president-ksgov.net\/sr\/wp-json\/wp\/v2\/tags?post=145376"}],"curies":[{"name":"wp","href":"https:\/\/api.w.org\/{rel}","templated":true}]}}