{"id":144612,"date":"2024-10-01T09:45:23","date_gmt":"2024-10-01T07:45:23","guid":{"rendered":"https:\/\/president-ksgov.net\/?p=144612"},"modified":"2024-10-04T13:34:39","modified_gmt":"2024-10-04T11:34:39","slug":"prvi-gospodin-g-prindon-sadriu-sa-brojnim-aktivnostima-u-okviru-nedelje-na-visokom-nivou-ujedinjenih-nacija-u-njujorku","status":"publish","type":"post","link":"https:\/\/president-ksgov.net\/sr\/prvi-gospodin-g-prindon-sadriu-sa-brojnim-aktivnostima-u-okviru-nedelje-na-visokom-nivou-ujedinjenih-nacija-u-njujorku\/","title":{"rendered":"Prvi gospodin, g. Prindon Sadriu, sa brojnim aktivnostima u okviru nedelje na visokom nivou Ujedinjenih nacija u Njujorku"},"content":{"rendered":"<p>Prvi gospodin, g. Prindon Sadriu, koji je bio deo zvani\u010dne delegacije Republike Kosovo, u\u010destvovao je na brojnim doga\u0111ajima organizovanim tokom nedelje visokog nivoa Ujedinjenih nacija u Njujorku, u SAD.<\/p>\n<p>Prvog dana boravka u SAD-u, prvi gospodin g. Sadriu je bio u pratnji predsednice Osmani u poseti jednoj od najpresti\u017enijih vojnih akademija na svetu, West Point-u. Osim \u0161to ih je do\u010dekala ameri\u010dka vojska, imali su priliku da se izbliza sastanu sa general-potpukovnikom Gillardom i da posete akademiju u kojoj se mnogi vojnici pripremaju za vojni\u010dki \u017eivot, a u okviru koje se obrazuju i brojni momci i devojke sa Kosova.<\/p>\n<p>U nastavku posete, prvi gospodin Sadriu, na poziv prve dame SAD-a, g\u0111e Jill Biden, u\u010destvovao je na ru\u010dku koji je isklju\u010divo prire\u0111en za prvu gospodu \u0161efova dr\u017eava koji su bili prisutni tokom nedelje na visokom nivou Ujedinjenih nacija. Tokom razgovora sa prvom damom Biden, prvi gospodin Sadriu je ponovio svoju zahvalnost za doprinos porodice Biden Kosovu. U pratnji predsednice Osmani, ista poruka je preneta predsedniku Bidenu tokom ceremonije prijema koji je on organizovao. Prvi gospodin Sadriu se na ovoj ceremoniji sastao sa nekoliko prvih gospodina zemalja koje su priznale i koje nisu priznale nezavisnost Kosova, sa kojima su razgovarali o mnogim temama od zajedni\u010dkog interesa.<\/p>\n<p>Tako\u0111e, prvi gospodin je u\u010destvovao i na prijemu koji su organizovali predsednik Clinton i sekretarka Clinton, sa kojima je vodio srda\u010dan razgovor o zna\u010daju saveza sa SAD-om, ali i o dubokoj zahvalnosti gra\u0111ana Kosova na njihovom nezamenljivom doprinosu slobodi na\u0161e zemlje. U jeku prijema koje su organizovali brojni pojedinci i organizacije, prvi gospodin je u\u010destvovao na godi\u0161njem prijemu lidera Atlantskog saveta, gde je tako\u0111e imao priliku da razgovara i sa brojnim li\u010dnostima partnerima i saveznicima Kosova.<\/p>\n<p>Pored toga, prvi gospodin Sadriu se na specijalnoj ceremoniji pridru\u017eio globalnom obe\u0107anju za nulti otpad \u0161irom sveta. Ova inicijativa datira iz 2017. godine, koju vodi prva dama Erdogan, a uklju\u010duje u\u010de\u0161\u0107e vi\u0161e od 30 prvih gospodina i lidera me\u0111unarodnih organizacija. Glavna svrha ovog obe\u0107anja je ja\u010danje napora za promovisanje efikasnog kori\u0161\u0107enja prirodnih resursa, smanjenje i eliminisanje stvaranja otpada kroz podsticanje praksi recikla\u017ee i cirkularne ekonomije uop\u0161te. Ova inicijativa \u0107e doprineti promociji sada\u0161njih i budu\u0107ih dostignu\u0107a Kosova u agendi odr\u017eivog razvoja u razli\u010ditim delovima sveta.<\/p>\n<p>Tokom svog boravka na nedelji visokog nivoa Ujedinjenih nacija, Prvi gospodin je bio deo aktivnosti koje su organizovale prve dame savezni\u010dkih i prijateljskih dr\u017eava Kosova. Jedan takav bio je doga\u0111aj u organizaciji prve dame Erdogan, na kome su predstavljeni kulturni elementi preno\u0161eni generacijama na ven\u010danicama i pripremama vezanim za ovu fazu \u017eivota, koja odra\u017eava jedinstvo i solidarnost izme\u0111u \u010dlanova porodice i dru\u0161tvenog kruga. Pored toga, prvi gospodin je u\u010destvovao i na drugom doga\u0111aju koji je organizovala prva dama Erdogan, na kome su prisutni bili isklju\u010divo izlo\u017eeni afri\u010dkoj kuhinji, \u010dime je jo\u0161 jednom dokazano da je bez obzira na kulture va\u017eno promovisati razli\u010ditost i inkluzivnost. Prvi gospodin Sadriu razgovarao sa svojim kolegama o raznim pitanjima od zajedni\u010dkog interesa.<\/p>\n<p>S obzirom na veliku hitnost tretiranja pitanja dece koja \u017eive u ratnim i konfliktnim zonama, prvi gospodin je u\u010destvovao na doga\u0111aju u organizaciji UNICEF-a, gde se diskutovalo o hitnosti izrade efikasne globalne strategije za izgradnju efikasnih sistema za za\u0161titu dece i pru\u017eanje usluga koje obezbe\u0111uju njihovo blagostanje, posebno za one koji odrastaju bez roditeljskog staranja.<\/p>\n<p>Prvi gospodin je imao priliku da se sastane sa mnogim pripadnicima na\u0161e dijaspore u SAD-u, sa kojima je diskutovao o izazovima i mogu\u0107nostima saradnje.<\/p>\n","protected":false},"excerpt":{"rendered":"<p>Prvi gospodin, g. Prindon Sadriu, koji je bio deo zvani\u010dne delegacije Republike Kosovo, u\u010destvovao je na brojnim doga\u0111ajima organizovanim tokom nedelje visokog nivoa Ujedinjenih nacija u Njujorku, u SAD. Prvog dana boravka u SAD-u, prvi gospodin g. Sadriu je bio u pratnji predsednice Osmani u poseti jednoj od najpresti\u017enijih vojnih akademija na svetu, West Point-u. Osim \u0161to ih je do\u010dekala ameri\u010dka vojska, imali su priliku da se izbliza sastanu sa general-potpukovnikom Gillardom i da posete akademiju u kojoj se mnogi vojnici pripremaju za vojni\u010dki \u017eivot, a u okviru koje se obrazuju i brojni momci i devojke sa Kosova. U nastavku posete, prvi gospodin Sadriu, na poziv prve dame SAD-a, g\u0111e Jill Biden, u\u010destvovao je na ru\u010dku koji je isklju\u010divo prire\u0111en za prvu gospodu \u0161efova dr\u017eava koji su bili prisutni tokom nedelje na visokom nivou Ujedinjenih nacija. Tokom razgovora sa prvom damom Biden, prvi gospodin Sadriu je ponovio svoju zahvalnost za doprinos porodice Biden Kosovu. U pratnji predsednice Osmani, ista poruka je preneta predsedniku Bidenu tokom ceremonije prijema koji je on organizovao. Prvi gospodin Sadriu se na ovoj ceremoniji sastao sa nekoliko prvih gospodina zemalja koje su priznale i koje nisu priznale nezavisnost Kosova, sa kojima su razgovarali o mnogim temama od zajedni\u010dkog interesa. Tako\u0111e, prvi gospodin je u\u010destvovao i na prijemu koji su organizovali predsednik Clinton i sekretarka Clinton, sa kojima je vodio srda\u010dan razgovor o zna\u010daju saveza sa SAD-om, ali i o dubokoj zahvalnosti gra\u0111ana Kosova na njihovom nezamenljivom doprinosu slobodi na\u0161e zemlje. U jeku prijema koje su organizovali brojni pojedinci i organizacije, prvi gospodin je u\u010destvovao na godi\u0161njem prijemu lidera Atlantskog saveta, gde je tako\u0111e imao priliku da razgovara i sa brojnim li\u010dnostima partnerima i saveznicima Kosova. Pored toga, prvi gospodin Sadriu se na specijalnoj ceremoniji pridru\u017eio globalnom obe\u0107anju za nulti otpad \u0161irom sveta. Ova inicijativa datira iz 2017. godine, koju vodi prva dama Erdogan, a uklju\u010duje u\u010de\u0161\u0107e vi\u0161e od 30 prvih gospodina i lidera me\u0111unarodnih organizacija. Glavna svrha ovog obe\u0107anja je ja\u010danje napora za promovisanje efikasnog kori\u0161\u0107enja prirodnih resursa, smanjenje i eliminisanje stvaranja otpada kroz podsticanje praksi recikla\u017ee i cirkularne ekonomije uop\u0161te. Ova inicijativa \u0107e doprineti promociji sada\u0161njih i budu\u0107ih dostignu\u0107a Kosova u agendi odr\u017eivog razvoja u razli\u010ditim delovima sveta. Tokom svog boravka na nedelji visokog nivoa Ujedinjenih nacija, Prvi gospodin je bio deo aktivnosti koje su organizovale prve dame savezni\u010dkih i prijateljskih dr\u017eava Kosova. Jedan takav bio je doga\u0111aj u organizaciji prve dame Erdogan, na kome su predstavljeni kulturni elementi preno\u0161eni generacijama na ven\u010danicama i pripremama vezanim za ovu fazu \u017eivota, koja odra\u017eava jedinstvo i solidarnost izme\u0111u \u010dlanova porodice i dru\u0161tvenog kruga. Pored toga, prvi gospodin je u\u010destvovao i na drugom doga\u0111aju koji je organizovala prva dama Erdogan, na kome su prisutni bili isklju\u010divo izlo\u017eeni afri\u010dkoj kuhinji, \u010dime je jo\u0161 jednom dokazano da je bez obzira na kulture va\u017eno promovisati razli\u010ditost i inkluzivnost. Prvi gospodin Sadriu razgovarao sa svojim kolegama o raznim pitanjima od zajedni\u010dkog interesa. S obzirom na veliku hitnost tretiranja pitanja dece koja \u017eive u ratnim i konfliktnim zonama, prvi gospodin je u\u010destvovao na doga\u0111aju u organizaciji UNICEF-a, gde se diskutovalo o hitnosti izrade efikasne globalne strategije za izgradnju efikasnih sistema za za\u0161titu dece i pru\u017eanje usluga koje obezbe\u0111uju njihovo blagostanje, posebno za one koji odrastaju bez roditeljskog staranja. Prvi gospodin je imao priliku da se sastane sa mnogim pripadnicima na\u0161e dijaspore u SAD-u, sa kojima je diskutovao o izazovima i mogu\u0107nostima saradnje.<\/p>\n","protected":false},"author":9,"featured_media":144386,"comment_status":"closed","ping_status":"closed","sticky":false,"template":"","format":"standard","meta":{"_eb_attr":"","footnotes":""},"categories":[114,101],"tags":[],"class_list":["post-144612","post","type-post","status-publish","format-standard","has-post-thumbnail","hentry","category-medunarodne-posete","category-vesti"],"yoast_head":"<!-- This site is optimized with the Yoast SEO plugin v23.5 - https:\/\/yoast.com\/wordpress\/plugins\/seo\/ -->\n<title>Prvi gospodin, g. Prindon Sadriu, sa brojnim aktivnostima u okviru nedelje na visokom nivou Ujedinjenih nacija u Njujorku - Predsednik Republike Kosovo - DR. VJOSA OSMANI - SADRIU<\/title>\n<meta name=\"description\" content=\"Prvi gospodin, g. Prindon Sadriu, sa brojnim aktivnostima u okviru nedelje na visokom nivou Ujedinjenih nacija u Njujorku - Predsednik Republike Kosovo - DR. VJOSA OSMANI - SADRIU -\" \/>\n<meta name=\"robots\" content=\"index, follow, max-snippet:-1, max-image-preview:large, max-video-preview:-1\" \/>\n<link rel=\"canonical\" href=\"https:\/\/president-ksgov.net\/sr\/prvi-gospodin-g-prindon-sadriu-sa-brojnim-aktivnostima-u-okviru-nedelje-na-visokom-nivou-ujedinjenih-nacija-u-njujorku\/\" \/>\n<meta property=\"og:locale\" content=\"sr_RS\" \/>\n<meta property=\"og:type\" content=\"article\" \/>\n<meta property=\"og:title\" content=\"Prvi gospodin, g. Prindon Sadriu, sa brojnim aktivnostima u okviru nedelje na visokom nivou Ujedinjenih nacija u Njujorku - Predsednik Republike Kosovo - DR. VJOSA OSMANI - SADRIU\" \/>\n<meta property=\"og:description\" content=\"Prvi gospodin, g. Prindon Sadriu, sa brojnim aktivnostima u okviru nedelje na visokom nivou Ujedinjenih nacija u Njujorku - Predsednik Republike Kosovo - DR. VJOSA OSMANI - SADRIU -\" \/>\n<meta property=\"og:url\" content=\"https:\/\/president-ksgov.net\/sr\/prvi-gospodin-g-prindon-sadriu-sa-brojnim-aktivnostima-u-okviru-nedelje-na-visokom-nivou-ujedinjenih-nacija-u-njujorku\/\" \/>\n<meta property=\"og:site_name\" content=\"Predsednik Republike Kosovo - DR. VJOSA OSMANI - SADRIU\" \/>\n<meta property=\"article:published_time\" content=\"2024-10-01T07:45:23+00:00\" \/>\n<meta property=\"article:modified_time\" content=\"2024-10-04T11:34:39+00:00\" \/>\n<meta property=\"og:image\" content=\"https:\/\/president-ksgov.net\/wp-content\/uploads\/FB_IMG_1727979730270.jpg\" \/>\n\t<meta property=\"og:image:width\" content=\"1080\" \/>\n\t<meta property=\"og:image:height\" content=\"720\" \/>\n\t<meta property=\"og:image:type\" content=\"image\/jpeg\" \/>\n<meta name=\"author\" content=\"Florent Rrahmani\" \/>\n<meta name=\"twitter:card\" content=\"summary_large_image\" \/>\n<meta name=\"twitter:label1\" content=\"\u041d\u0430\u043f\u0438\u0441\u0430\u043d\u043e \u043e\u0434\" \/>\n\t<meta name=\"twitter:data1\" content=\"Florent Rrahmani\" \/>\n\t<meta name=\"twitter:label2\" content=\"\u041f\u0440\u043e\u0446\u0435\u045a\u0435\u043d\u043e \u0432\u0440\u0435\u043c\u0435 \u0447\u0438\u0442\u0430\u045a\u0430\" \/>\n\t<meta name=\"twitter:data2\" content=\"4 \u043c\u0438\u043d\u0443\u0442\u0430\" \/>\n<script type=\"application\/ld+json\" class=\"yoast-schema-graph\">{\"@context\":\"https:\/\/schema.org\",\"@graph\":[{\"@type\":\"WebPage\",\"@id\":\"https:\/\/president-ksgov.net\/sr\/prvi-gospodin-g-prindon-sadriu-sa-brojnim-aktivnostima-u-okviru-nedelje-na-visokom-nivou-ujedinjenih-nacija-u-njujorku\/\",\"url\":\"https:\/\/president-ksgov.net\/sr\/prvi-gospodin-g-prindon-sadriu-sa-brojnim-aktivnostima-u-okviru-nedelje-na-visokom-nivou-ujedinjenih-nacija-u-njujorku\/\",\"name\":\"Prvi gospodin, g. Prindon Sadriu, sa brojnim aktivnostima u okviru nedelje na visokom nivou Ujedinjenih nacija u Njujorku - Predsednik Republike Kosovo - DR. VJOSA OSMANI - SADRIU\",\"isPartOf\":{\"@id\":\"https:\/\/president-ksgov.net\/#website\"},\"primaryImageOfPage\":{\"@id\":\"https:\/\/president-ksgov.net\/sr\/prvi-gospodin-g-prindon-sadriu-sa-brojnim-aktivnostima-u-okviru-nedelje-na-visokom-nivou-ujedinjenih-nacija-u-njujorku\/#primaryimage\"},\"image\":{\"@id\":\"https:\/\/president-ksgov.net\/sr\/prvi-gospodin-g-prindon-sadriu-sa-brojnim-aktivnostima-u-okviru-nedelje-na-visokom-nivou-ujedinjenih-nacija-u-njujorku\/#primaryimage\"},\"thumbnailUrl\":\"https:\/\/president-ksgov.net\/wp-content\/uploads\/FB_IMG_1727979730270.jpg\",\"datePublished\":\"2024-10-01T07:45:23+00:00\",\"dateModified\":\"2024-10-04T11:34:39+00:00\",\"author\":{\"@id\":\"https:\/\/president-ksgov.net\/#\/schema\/person\/7c46f744a99d3f1616b92658282aa934\"},\"description\":\"Prvi gospodin, g. Prindon Sadriu, sa brojnim aktivnostima u okviru nedelje na visokom nivou Ujedinjenih nacija u Njujorku - Predsednik Republike Kosovo - DR. VJOSA OSMANI - SADRIU -\",\"breadcrumb\":{\"@id\":\"https:\/\/president-ksgov.net\/sr\/prvi-gospodin-g-prindon-sadriu-sa-brojnim-aktivnostima-u-okviru-nedelje-na-visokom-nivou-ujedinjenih-nacija-u-njujorku\/#breadcrumb\"},\"inLanguage\":\"sr-RS\",\"potentialAction\":[{\"@type\":\"ReadAction\",\"target\":[\"https:\/\/president-ksgov.net\/sr\/prvi-gospodin-g-prindon-sadriu-sa-brojnim-aktivnostima-u-okviru-nedelje-na-visokom-nivou-ujedinjenih-nacija-u-njujorku\/\"]}]},{\"@type\":\"ImageObject\",\"inLanguage\":\"sr-RS\",\"@id\":\"https:\/\/president-ksgov.net\/sr\/prvi-gospodin-g-prindon-sadriu-sa-brojnim-aktivnostima-u-okviru-nedelje-na-visokom-nivou-ujedinjenih-nacija-u-njujorku\/#primaryimage\",\"url\":\"https:\/\/president-ksgov.net\/wp-content\/uploads\/FB_IMG_1727979730270.jpg\",\"contentUrl\":\"https:\/\/president-ksgov.net\/wp-content\/uploads\/FB_IMG_1727979730270.jpg\",\"width\":1080,\"height\":720,\"caption\":\"President Joe Biden and First Lady Jill Biden participate in a photo line at a reception for United Nations General Assembly leaders, Wednesday, September 25, 2024, at the Metropolitan Museum of Art in New York City (Official White House Photo by Adam Schultz)\"},{\"@type\":\"BreadcrumbList\",\"@id\":\"https:\/\/president-ksgov.net\/sr\/prvi-gospodin-g-prindon-sadriu-sa-brojnim-aktivnostima-u-okviru-nedelje-na-visokom-nivou-ujedinjenih-nacija-u-njujorku\/#breadcrumb\",\"itemListElement\":[{\"@type\":\"ListItem\",\"position\":1,\"name\":\"Home\",\"item\":\"https:\/\/president-ksgov.net\/sr\/\"},{\"@type\":\"ListItem\",\"position\":2,\"name\":\"Prvi gospodin, g. Prindon Sadriu, sa brojnim aktivnostima u okviru nedelje na visokom nivou Ujedinjenih nacija u Njujorku\"}]},{\"@type\":\"WebSite\",\"@id\":\"https:\/\/president-ksgov.net\/#website\",\"url\":\"https:\/\/president-ksgov.net\/\",\"name\":\"Presidente e Republik\u00ebs s\u00eb Kosov\u00ebs\",\"description\":\"Presidente e Republik\u00ebs s\u00eb Kosov\u00ebs\",\"alternateName\":\"DR. VJOSA OSMANI - SADRIU\",\"potentialAction\":[{\"@type\":\"SearchAction\",\"target\":{\"@type\":\"EntryPoint\",\"urlTemplate\":\"https:\/\/president-ksgov.net\/?s={search_term_string}\"},\"query-input\":{\"@type\":\"PropertyValueSpecification\",\"valueRequired\":true,\"valueName\":\"search_term_string\"}}],\"inLanguage\":\"sr-RS\"},{\"@type\":\"Person\",\"@id\":\"https:\/\/president-ksgov.net\/#\/schema\/person\/7c46f744a99d3f1616b92658282aa934\",\"name\":\"Florent Rrahmani\",\"image\":{\"@type\":\"ImageObject\",\"inLanguage\":\"sr-RS\",\"@id\":\"https:\/\/president-ksgov.net\/#\/schema\/person\/image\/\",\"url\":\"https:\/\/secure.gravatar.com\/avatar\/2545924aa250de68ac8368367a79b663e59571cd131611f54c89b0613a94e230?s=96&d=mm&r=g\",\"contentUrl\":\"https:\/\/secure.gravatar.com\/avatar\/2545924aa250de68ac8368367a79b663e59571cd131611f54c89b0613a94e230?s=96&d=mm&r=g\",\"caption\":\"Florent Rrahmani\"}}]}<\/script>\n<!-- \/ Yoast SEO plugin. -->","yoast_head_json":{"title":"Prvi gospodin, g. Prindon Sadriu, sa brojnim aktivnostima u okviru nedelje na visokom nivou Ujedinjenih nacija u Njujorku - Predsednik Republike Kosovo - DR. VJOSA OSMANI - SADRIU","description":"Prvi gospodin, g. Prindon Sadriu, sa brojnim aktivnostima u okviru nedelje na visokom nivou Ujedinjenih nacija u Njujorku - Predsednik Republike Kosovo - DR. VJOSA OSMANI - SADRIU -","robots":{"index":"index","follow":"follow","max-snippet":"max-snippet:-1","max-image-preview":"max-image-preview:large","max-video-preview":"max-video-preview:-1"},"canonical":"https:\/\/president-ksgov.net\/sr\/prvi-gospodin-g-prindon-sadriu-sa-brojnim-aktivnostima-u-okviru-nedelje-na-visokom-nivou-ujedinjenih-nacija-u-njujorku\/","og_locale":"sr_RS","og_type":"article","og_title":"Prvi gospodin, g. Prindon Sadriu, sa brojnim aktivnostima u okviru nedelje na visokom nivou Ujedinjenih nacija u Njujorku - Predsednik Republike Kosovo - DR. VJOSA OSMANI - SADRIU","og_description":"Prvi gospodin, g. Prindon Sadriu, sa brojnim aktivnostima u okviru nedelje na visokom nivou Ujedinjenih nacija u Njujorku - Predsednik Republike Kosovo - DR. VJOSA OSMANI - SADRIU -","og_url":"https:\/\/president-ksgov.net\/sr\/prvi-gospodin-g-prindon-sadriu-sa-brojnim-aktivnostima-u-okviru-nedelje-na-visokom-nivou-ujedinjenih-nacija-u-njujorku\/","og_site_name":"Predsednik Republike Kosovo - DR. VJOSA OSMANI - SADRIU","article_published_time":"2024-10-01T07:45:23+00:00","article_modified_time":"2024-10-04T11:34:39+00:00","og_image":[{"width":1080,"height":720,"url":"https:\/\/president-ksgov.net\/wp-content\/uploads\/FB_IMG_1727979730270.jpg","type":"image\/jpeg"}],"author":"Florent Rrahmani","twitter_card":"summary_large_image","twitter_misc":{"\u041d\u0430\u043f\u0438\u0441\u0430\u043d\u043e \u043e\u0434":"Florent Rrahmani","\u041f\u0440\u043e\u0446\u0435\u045a\u0435\u043d\u043e \u0432\u0440\u0435\u043c\u0435 \u0447\u0438\u0442\u0430\u045a\u0430":"4 \u043c\u0438\u043d\u0443\u0442\u0430"},"schema":{"@context":"https:\/\/schema.org","@graph":[{"@type":"WebPage","@id":"https:\/\/president-ksgov.net\/sr\/prvi-gospodin-g-prindon-sadriu-sa-brojnim-aktivnostima-u-okviru-nedelje-na-visokom-nivou-ujedinjenih-nacija-u-njujorku\/","url":"https:\/\/president-ksgov.net\/sr\/prvi-gospodin-g-prindon-sadriu-sa-brojnim-aktivnostima-u-okviru-nedelje-na-visokom-nivou-ujedinjenih-nacija-u-njujorku\/","name":"Prvi gospodin, g. Prindon Sadriu, sa brojnim aktivnostima u okviru nedelje na visokom nivou Ujedinjenih nacija u Njujorku - Predsednik Republike Kosovo - DR. VJOSA OSMANI - SADRIU","isPartOf":{"@id":"https:\/\/president-ksgov.net\/#website"},"primaryImageOfPage":{"@id":"https:\/\/president-ksgov.net\/sr\/prvi-gospodin-g-prindon-sadriu-sa-brojnim-aktivnostima-u-okviru-nedelje-na-visokom-nivou-ujedinjenih-nacija-u-njujorku\/#primaryimage"},"image":{"@id":"https:\/\/president-ksgov.net\/sr\/prvi-gospodin-g-prindon-sadriu-sa-brojnim-aktivnostima-u-okviru-nedelje-na-visokom-nivou-ujedinjenih-nacija-u-njujorku\/#primaryimage"},"thumbnailUrl":"https:\/\/president-ksgov.net\/wp-content\/uploads\/FB_IMG_1727979730270.jpg","datePublished":"2024-10-01T07:45:23+00:00","dateModified":"2024-10-04T11:34:39+00:00","author":{"@id":"https:\/\/president-ksgov.net\/#\/schema\/person\/7c46f744a99d3f1616b92658282aa934"},"description":"Prvi gospodin, g. Prindon Sadriu, sa brojnim aktivnostima u okviru nedelje na visokom nivou Ujedinjenih nacija u Njujorku - Predsednik Republike Kosovo - DR. VJOSA OSMANI - SADRIU -","breadcrumb":{"@id":"https:\/\/president-ksgov.net\/sr\/prvi-gospodin-g-prindon-sadriu-sa-brojnim-aktivnostima-u-okviru-nedelje-na-visokom-nivou-ujedinjenih-nacija-u-njujorku\/#breadcrumb"},"inLanguage":"sr-RS","potentialAction":[{"@type":"ReadAction","target":["https:\/\/president-ksgov.net\/sr\/prvi-gospodin-g-prindon-sadriu-sa-brojnim-aktivnostima-u-okviru-nedelje-na-visokom-nivou-ujedinjenih-nacija-u-njujorku\/"]}]},{"@type":"ImageObject","inLanguage":"sr-RS","@id":"https:\/\/president-ksgov.net\/sr\/prvi-gospodin-g-prindon-sadriu-sa-brojnim-aktivnostima-u-okviru-nedelje-na-visokom-nivou-ujedinjenih-nacija-u-njujorku\/#primaryimage","url":"https:\/\/president-ksgov.net\/wp-content\/uploads\/FB_IMG_1727979730270.jpg","contentUrl":"https:\/\/president-ksgov.net\/wp-content\/uploads\/FB_IMG_1727979730270.jpg","width":1080,"height":720,"caption":"President Joe Biden and First Lady Jill Biden participate in a photo line at a reception for United Nations General Assembly leaders, Wednesday, September 25, 2024, at the Metropolitan Museum of Art in New York City (Official White House Photo by Adam Schultz)"},{"@type":"BreadcrumbList","@id":"https:\/\/president-ksgov.net\/sr\/prvi-gospodin-g-prindon-sadriu-sa-brojnim-aktivnostima-u-okviru-nedelje-na-visokom-nivou-ujedinjenih-nacija-u-njujorku\/#breadcrumb","itemListElement":[{"@type":"ListItem","position":1,"name":"Home","item":"https:\/\/president-ksgov.net\/sr\/"},{"@type":"ListItem","position":2,"name":"Prvi gospodin, g. Prindon Sadriu, sa brojnim aktivnostima u okviru nedelje na visokom nivou Ujedinjenih nacija u Njujorku"}]},{"@type":"WebSite","@id":"https:\/\/president-ksgov.net\/#website","url":"https:\/\/president-ksgov.net\/","name":"Presidente e Republik\u00ebs s\u00eb Kosov\u00ebs","description":"Presidente e Republik\u00ebs s\u00eb Kosov\u00ebs","alternateName":"DR. VJOSA OSMANI - SADRIU","potentialAction":[{"@type":"SearchAction","target":{"@type":"EntryPoint","urlTemplate":"https:\/\/president-ksgov.net\/?s={search_term_string}"},"query-input":{"@type":"PropertyValueSpecification","valueRequired":true,"valueName":"search_term_string"}}],"inLanguage":"sr-RS"},{"@type":"Person","@id":"https:\/\/president-ksgov.net\/#\/schema\/person\/7c46f744a99d3f1616b92658282aa934","name":"Florent Rrahmani","image":{"@type":"ImageObject","inLanguage":"sr-RS","@id":"https:\/\/president-ksgov.net\/#\/schema\/person\/image\/","url":"https:\/\/secure.gravatar.com\/avatar\/2545924aa250de68ac8368367a79b663e59571cd131611f54c89b0613a94e230?s=96&d=mm&r=g","contentUrl":"https:\/\/secure.gravatar.com\/avatar\/2545924aa250de68ac8368367a79b663e59571cd131611f54c89b0613a94e230?s=96&d=mm&r=g","caption":"Florent Rrahmani"}}]}},"_links":{"self":[{"href":"https:\/\/president-ksgov.net\/sr\/wp-json\/wp\/v2\/posts\/144612","targetHints":{"allow":["GET"]}}],"collection":[{"href":"https:\/\/president-ksgov.net\/sr\/wp-json\/wp\/v2\/posts"}],"about":[{"href":"https:\/\/president-ksgov.net\/sr\/wp-json\/wp\/v2\/types\/post"}],"author":[{"embeddable":true,"href":"https:\/\/president-ksgov.net\/sr\/wp-json\/wp\/v2\/users\/9"}],"replies":[{"embeddable":true,"href":"https:\/\/president-ksgov.net\/sr\/wp-json\/wp\/v2\/comments?post=144612"}],"version-history":[{"count":1,"href":"https:\/\/president-ksgov.net\/sr\/wp-json\/wp\/v2\/posts\/144612\/revisions"}],"predecessor-version":[{"id":144613,"href":"https:\/\/president-ksgov.net\/sr\/wp-json\/wp\/v2\/posts\/144612\/revisions\/144613"}],"wp:featuredmedia":[{"embeddable":true,"href":"https:\/\/president-ksgov.net\/sr\/wp-json\/wp\/v2\/media\/144386"}],"wp:attachment":[{"href":"https:\/\/president-ksgov.net\/sr\/wp-json\/wp\/v2\/media?parent=144612"}],"wp:term":[{"taxonomy":"category","embeddable":true,"href":"https:\/\/president-ksgov.net\/sr\/wp-json\/wp\/v2\/categories?post=144612"},{"taxonomy":"post_tag","embeddable":true,"href":"https:\/\/president-ksgov.net\/sr\/wp-json\/wp\/v2\/tags?post=144612"}],"curies":[{"name":"wp","href":"https:\/\/api.w.org\/{rel}","templated":true}]}}