{"id":144148,"date":"2024-09-30T11:47:47","date_gmt":"2024-09-30T09:47:47","guid":{"rendered":"https:\/\/president-ksgov.net\/?p=144148"},"modified":"2024-09-30T13:46:26","modified_gmt":"2024-09-30T11:46:26","slug":"album-posete-predsednice-osmani-njujorku-tokom-nedelje-na-visokom-nivou-79-generalne-skupstine-un","status":"publish","type":"post","link":"https:\/\/president-ksgov.net\/sr\/album-posete-predsednice-osmani-njujorku-tokom-nedelje-na-visokom-nivou-79-generalne-skupstine-un\/","title":{"rendered":"Album posete predsednice Osmani Njujorku tokom nedelje na visokom nivou 79. Generalne skup\u0161tine UN"},"content":{"rendered":"<p>Nedelja puna aktivnosti u interesu Republike Kosovo u Njujorku, koje su izme\u0111u ostalog uklju\u010divale:<\/p>\n<p>&nbsp;<\/p>\n<p>Razgovor sa predsednikom Bidenom u okviru u\u010de\u0161\u0107a na godi\u0161njem prijemu lidera koji je organizovala Bela ku\u0107a, u \u010dast nedelje visokog nivoa Ujedinjenih nacija;<\/p>\n<p>U\u010de\u0161\u0107e na Samitu za Ukrajinu, na poziv Bele ku\u0107e, gde je Kosovo svrstano me\u0111u svetske sile u odbrani demokratskih vrednosti;<\/p>\n<p>U\u010de\u0161\u0107e na globalnom samitu za borbi protiv sinteti\u010dkih droga, na poziv Bele ku\u0107e;<\/p>\n<p>Poseta, sastanci i diskusije na Vojnoj akademiji West Point<\/p>\n<p>U\u010de\u0161\u0107e na radnom ru\u010dku u organizaciji Visokog predstavnika Evropske unije u Njujorku, za lidere Zapadnog Balkana<\/p>\n<p>Diskusija u Savetu za spoljne poslove (Council on Foreign Relations) o viziji Kosova o njegovoj evroatlantskoj budu\u0107nosti<\/p>\n<p>Diskusija u Globalnoj inicijativi Clinton (Clinton Global Initiative), o na\u0161im naporima na Kosovu i \u0161ire, da unapredimo agendu za \u017eene, mir i bezbednost<\/p>\n<p>Sastanak sa biv\u0161im predsednikom SAD &#8211; Billom Clintonom<\/p>\n<p>Sastanak sa predsednikom Bruneja \u2013 sultanom Hassanalom Bolkiahom<\/p>\n<p>Sastanak sa predsednikom Mauritanije &#8211; Mohamedom Ouldom Ghazouanijem<\/p>\n<p>Sastanak sa predsednikom Gvineje Bisao &#8211; Umarom Sissocom Embal\u00f3m<\/p>\n<p>Sastanak sa predsednikom Malavija &#8211; Lazarusom Chakwerom<\/p>\n<p>Sastanak sa predsednikom Gambije &#8211; Adamom Barrowom<\/p>\n<p>Sastanak sa dr\u017eavnim sekretarom Svete stolice \u2013 Pietrom Parolinom<\/p>\n<p>Sastanak sa vi\u0161im direktorom za Evropu u Beloj ku\u0107i, Michaelom Carpenterom<\/p>\n<p>Sastanak sa pomo\u0107nikom dr\u017eavnog sekretara \u2013 Jimom O&#8217;Brienom<\/p>\n<p>Sastanak sa pomo\u0107nicom dr\u017eavnog sekretara \u2013 Dafnom Rand<\/p>\n<p>Sastanak sa glavnom izvr\u0161nom direktorkom MCC-a \u2013 Alice Albright<\/p>\n<p>Razgovor sa dr\u017eavnim sekretarom SAD-a &#8211; Antonyem Blinkenom<\/p>\n<p>Razgovor sa biv\u0161om dr\u017eavnom sekretarkom &#8211; Hillary Clinton<\/p>\n<p>Razgovor sa savetnikom predsednika Bidena za me\u0111unarodne organizacije Joshuom Blackom<\/p>\n<p>Razgovor sa predsednikom Bugarske &#8211; Rumenom Radevim<\/p>\n<p>Razgovor sa premijerom Albanije &#8211; Edijem Ramom<\/p>\n<p>Razgovor sa predsednikom Poljske \u2013 Andrzejem Dudom<\/p>\n<p>Razgovor sa predsedavaju\u0107im Predsedni\u0161tva Bosne i Hercegovine &#8211; Denisom Be\u0107irovi\u0107em<\/p>\n<p>Razgovor sa predsednikom Estonije \u2013 Alarom Karisom<\/p>\n<p>Razgovor sa predsednikom Letonije &#8211; Edgarsom Rink\u0113vi\u010dsom<\/p>\n<p>Razgovor sa predsednikom Paname &#8211; Jos\u00e9om Ra\u00falom Mulinom<\/p>\n<p>Razgovor sa predsednikom Dominikanske Republike &#8211; Luisom Abinaderom<\/p>\n<p>Razgovor sa predsednikom Fid\u017eija \u2013 Wiliamom Karonivereom<\/p>\n<p>Razgovor sa predsednikom Gabona \u2013 Briceom Oligui Nguemom<\/p>\n<p>Razgovor sa predsednikom Surinama \u2013 Chanom Santokhijem<\/p>\n<p>Razgovor sa predsednikom Namibije &#8211; Hageom Geingobom<\/p>\n<p>Razgovor sa predsednikom Mauricijusa \u2013 Prithvirajsingom Roopunom<\/p>\n<p>Razgovor sa predsednikom Saveta EU \u2013 CharlesomMichelom<\/p>\n<p>Razgovor sa premijerkom Italije \u2013 Giorgia Meloni<\/p>\n<p>Razgovor sa premijerom Holandije \u2013 Dickom Schoofom<\/p>\n<p>Razgovor sa premijerom Jermenije \u2013 Nikolom Pashinyanom<\/p>\n<p>Razgovor sa premijerom Slovenije &#8211; Robertom Golobom<\/p>\n<p>Razgovor sa premijerom Irske &#8211; Simonom Harrisom<\/p>\n<p>Razgovor sa premijerom Malte &#8211; Robertom Abelom<\/p>\n<p>Razgovor sa premijerom Portugala &#8211; Lu\u00edsom Montenegrom<\/p>\n<p>Razgovor sa premijerom Islanda &#8211; Bjarnijem Benediktssonom<\/p>\n<p>Razgovor sa premijerom Lihten\u0161tajna \u2013 Danielom Rischom<\/p>\n<p>Razgovor sa premijerom Sent Kitsa i Navisa \u2013 Terrancom Drewom<\/p>\n<p>Razgovor sa premijerom Gr\u010dke \u2013 Kyriakosom Mitsotakisom<\/p>\n<p>Sastanak sa ministrom inostranih poslova Tanzanije Mahmudom Thabitom Kombom<\/p>\n<p>Razgovor sa ministrom spoljnih poslova Turske Hakanom Fidanom,<\/p>\n<p>Razgovor sa ministarkom spoljnih poslova Nema\u010dke \u2013 Annalenom Baerbock<\/p>\n<p>Razgovor sa ministarkom inostranih poslova Kanade &#8211; M\u00e9laniom Joly<\/p>\n<p>Razgovor sa ministrom inostranih poslova Holandije \u2013 Casparom Veldkampom<\/p>\n<p>Razgovor sa zamenikom premijera i ministrom spoljnih poslova Luksemburga \u2013 Xavierom Bettelom<\/p>\n<p>Razgovor sa ministrom inostranih poslova Benina Shegunom Adjadijem Bakarijem<\/p>\n<p>Razgovor sa ministrom spoljnih poslova Azerbejd\u017eana Jeyhunom Bayramovim<\/p>\n<p>Generalni sekretar Saveta Evrope \u2013 Alain Berset<\/p>\n<p>Sekretar Organizacije ameri\u010dkih dr\u017eava \u2013 Luis Almagro<\/p>\n<p>Sastanak sa specijalnim izaslanikom EU Miroslavom Laj\u010dakom<\/p>\n<p>Razgovor sa guvernerom Pensilvanije \u2013 Joshom Shapirom<\/p>\n<p>Organizovanje brojnih doga\u0111aja sa na\u0161om izvanrednom dijasporom, uklju\u010duju\u0107i:<\/p>\n<p>&#8211; Skup koji su na Stejten Ajlendu organizovali udru\u017eenje Ulcinj (Ulqini) i druga albanska udru\u017eenja<\/p>\n<p>&#8211; Skup organizovan sa zajednicom u albanskoj crkvi u Njujorku<\/p>\n<p>&#8211; Poseta albansko-ameri\u010dkom udru\u017eenju Oganj (Vatra)<\/p>\n<p>&#8211; Ve\u010dera sa albanskim preduzetnicima i aktivistima<\/p>\n<p>&#8211; Susret sa studentima najpresti\u017enijih univerziteta \u201eIvy League\u201c<\/p>\n<p>&#8211; Sastanak sa u\u010denicima i nastavnicima albanskih \u0161kola u Njujorku, u organizaciji Marka Gjonaja<\/p>\n<p>Sastanak sa \u0161eficom Me\u0111unarodne krizne grupe (International Crisis Group) dr Comfort Ero<\/p>\n<p>U\u010de\u0161\u0107e u drugim aktivnostima u okviru nedelje visokog nivoa Ujedinjenih Nacija, uklju\u010duju\u0107i prijem lidera koji je organizovala Globalna inicijativa Clinton; ve\u010deru u organizaciji Atlantskog saveta; ve\u010deru koju je organizovao zamenik premijera Luksemburga; govor na doga\u0111aju koji su organizovale Nema\u010dka, Australija, Kanada i Holandija posve\u0107enom osnovnim pravima \u017eena; u\u010de\u0161\u0107e Predsedni\u0161tva u aktivnostima koje organizuje Ujedinjeno Kraljevstvo u vezi sa \u017ertvama seksualnog nasilja; u\u010de\u0161\u0107e Predsedni\u0161tva na diskusiji koju je organizovao predsednik Kenije; u\u010de\u0161\u0107e Predsedni\u0161tva u organizaciji Stejt departmenta za agendu za \u017eene, mir i bezbednost; u\u010de\u0161\u0107e Predsedni\u0161tva na doga\u0111aju koji je organizovala Danska koji je posve\u0107en odr\u017eivom razvoju, kao i drugim aktivnostima, sastancima i diskusijama.<\/p>\n","protected":false},"excerpt":{"rendered":"<p>Nedelja puna aktivnosti u interesu Republike Kosovo u Njujorku, koje su izme\u0111u ostalog uklju\u010divale: &nbsp; Razgovor sa predsednikom Bidenom u okviru u\u010de\u0161\u0107a na godi\u0161njem prijemu lidera koji je organizovala Bela ku\u0107a, u \u010dast nedelje visokog nivoa Ujedinjenih nacija; U\u010de\u0161\u0107e na Samitu za Ukrajinu, na poziv Bele ku\u0107e, gde je Kosovo svrstano me\u0111u svetske sile u odbrani demokratskih vrednosti; U\u010de\u0161\u0107e na globalnom samitu za borbi protiv sinteti\u010dkih droga, na poziv Bele ku\u0107e; Poseta, sastanci i diskusije na Vojnoj akademiji West Point U\u010de\u0161\u0107e na radnom ru\u010dku u organizaciji Visokog predstavnika Evropske unije u Njujorku, za lidere Zapadnog Balkana Diskusija u Savetu za spoljne poslove (Council on Foreign Relations) o viziji Kosova o njegovoj evroatlantskoj budu\u0107nosti Diskusija u Globalnoj inicijativi Clinton (Clinton Global Initiative), o na\u0161im naporima na Kosovu i \u0161ire, da unapredimo agendu za \u017eene, mir i bezbednost Sastanak sa biv\u0161im predsednikom SAD &#8211; Billom Clintonom Sastanak sa predsednikom Bruneja \u2013 sultanom Hassanalom Bolkiahom Sastanak sa predsednikom Mauritanije &#8211; Mohamedom Ouldom Ghazouanijem Sastanak sa predsednikom Gvineje Bisao &#8211; Umarom Sissocom Embal\u00f3m Sastanak sa predsednikom Malavija &#8211; Lazarusom Chakwerom Sastanak sa predsednikom Gambije &#8211; Adamom Barrowom Sastanak sa dr\u017eavnim sekretarom Svete stolice \u2013 Pietrom Parolinom Sastanak sa vi\u0161im direktorom za Evropu u Beloj ku\u0107i, Michaelom Carpenterom Sastanak sa pomo\u0107nikom dr\u017eavnog sekretara \u2013 Jimom O&#8217;Brienom Sastanak sa pomo\u0107nicom dr\u017eavnog sekretara \u2013 Dafnom Rand Sastanak sa glavnom izvr\u0161nom direktorkom MCC-a \u2013 Alice Albright Razgovor sa dr\u017eavnim sekretarom SAD-a &#8211; Antonyem Blinkenom Razgovor sa biv\u0161om dr\u017eavnom sekretarkom &#8211; Hillary Clinton Razgovor sa savetnikom predsednika Bidena za me\u0111unarodne organizacije Joshuom Blackom Razgovor sa predsednikom Bugarske &#8211; Rumenom Radevim Razgovor sa premijerom Albanije &#8211; Edijem Ramom Razgovor sa predsednikom Poljske \u2013 Andrzejem Dudom Razgovor sa predsedavaju\u0107im Predsedni\u0161tva Bosne i Hercegovine &#8211; Denisom Be\u0107irovi\u0107em Razgovor sa predsednikom Estonije \u2013 Alarom Karisom Razgovor sa predsednikom Letonije &#8211; Edgarsom Rink\u0113vi\u010dsom Razgovor sa predsednikom Paname &#8211; Jos\u00e9om Ra\u00falom Mulinom Razgovor sa predsednikom Dominikanske Republike &#8211; Luisom Abinaderom Razgovor sa predsednikom Fid\u017eija \u2013 Wiliamom Karonivereom Razgovor sa predsednikom Gabona \u2013 Briceom Oligui Nguemom Razgovor sa predsednikom Surinama \u2013 Chanom Santokhijem Razgovor sa predsednikom Namibije &#8211; Hageom Geingobom Razgovor sa predsednikom Mauricijusa \u2013 Prithvirajsingom Roopunom Razgovor sa predsednikom Saveta EU \u2013 CharlesomMichelom Razgovor sa premijerkom Italije \u2013 Giorgia Meloni Razgovor sa premijerom Holandije \u2013 Dickom Schoofom Razgovor sa premijerom Jermenije \u2013 Nikolom Pashinyanom Razgovor sa premijerom Slovenije &#8211; Robertom Golobom Razgovor sa premijerom Irske &#8211; Simonom Harrisom Razgovor sa premijerom Malte &#8211; Robertom Abelom Razgovor sa premijerom Portugala &#8211; Lu\u00edsom Montenegrom Razgovor sa premijerom Islanda &#8211; Bjarnijem Benediktssonom Razgovor sa premijerom Lihten\u0161tajna \u2013 Danielom Rischom Razgovor sa premijerom Sent Kitsa i Navisa \u2013 Terrancom Drewom Razgovor sa premijerom Gr\u010dke \u2013 Kyriakosom Mitsotakisom Sastanak sa ministrom inostranih poslova Tanzanije Mahmudom Thabitom Kombom Razgovor sa ministrom spoljnih poslova Turske Hakanom Fidanom, Razgovor sa ministarkom spoljnih poslova Nema\u010dke \u2013 Annalenom Baerbock Razgovor sa ministarkom inostranih poslova Kanade &#8211; M\u00e9laniom Joly Razgovor sa ministrom inostranih poslova Holandije \u2013 Casparom Veldkampom Razgovor sa zamenikom premijera i ministrom spoljnih poslova Luksemburga \u2013 Xavierom Bettelom Razgovor sa ministrom inostranih poslova Benina Shegunom Adjadijem Bakarijem Razgovor sa ministrom spoljnih poslova Azerbejd\u017eana Jeyhunom Bayramovim Generalni sekretar Saveta Evrope \u2013 Alain Berset Sekretar Organizacije ameri\u010dkih dr\u017eava \u2013 Luis Almagro Sastanak sa specijalnim izaslanikom EU Miroslavom Laj\u010dakom Razgovor sa guvernerom Pensilvanije \u2013 Joshom Shapirom Organizovanje brojnih doga\u0111aja sa na\u0161om izvanrednom dijasporom, uklju\u010duju\u0107i: &#8211; Skup koji su na Stejten Ajlendu organizovali udru\u017eenje Ulcinj (Ulqini) i druga albanska udru\u017eenja &#8211; Skup organizovan sa zajednicom u albanskoj crkvi u Njujorku &#8211; Poseta albansko-ameri\u010dkom udru\u017eenju Oganj (Vatra) &#8211; Ve\u010dera sa albanskim preduzetnicima i aktivistima &#8211; Susret sa studentima najpresti\u017enijih univerziteta \u201eIvy League\u201c &#8211; Sastanak sa u\u010denicima i nastavnicima albanskih \u0161kola u Njujorku, u organizaciji Marka Gjonaja Sastanak sa \u0161eficom Me\u0111unarodne krizne grupe (International Crisis Group) dr Comfort Ero U\u010de\u0161\u0107e u drugim aktivnostima u okviru nedelje visokog nivoa Ujedinjenih Nacija, uklju\u010duju\u0107i prijem lidera koji je organizovala Globalna inicijativa Clinton; ve\u010deru u organizaciji Atlantskog saveta; ve\u010deru koju je organizovao zamenik premijera Luksemburga; govor na doga\u0111aju koji su organizovale Nema\u010dka, Australija, Kanada i Holandija posve\u0107enom osnovnim pravima \u017eena; u\u010de\u0161\u0107e Predsedni\u0161tva u aktivnostima koje organizuje Ujedinjeno Kraljevstvo u vezi sa \u017ertvama seksualnog nasilja; u\u010de\u0161\u0107e Predsedni\u0161tva na diskusiji koju je organizovao predsednik Kenije; u\u010de\u0161\u0107e Predsedni\u0161tva u organizaciji Stejt departmenta za agendu za \u017eene, mir i bezbednost; u\u010de\u0161\u0107e Predsedni\u0161tva na doga\u0111aju koji je organizovala Danska koji je posve\u0107en odr\u017eivom razvoju, kao i drugim aktivnostima, sastancima i diskusijama.<\/p>\n","protected":false},"author":9,"featured_media":143864,"comment_status":"closed","ping_status":"closed","sticky":false,"template":"","format":"standard","meta":{"_eb_attr":"","footnotes":""},"categories":[114,101],"tags":[],"class_list":["post-144148","post","type-post","status-publish","format-standard","has-post-thumbnail","hentry","category-medunarodne-posete","category-vesti"],"yoast_head":"<!-- This site is optimized with the Yoast SEO plugin v23.5 - https:\/\/yoast.com\/wordpress\/plugins\/seo\/ -->\n<title>Album posete predsednice Osmani Njujorku tokom nedelje na visokom nivou 79. Generalne skup\u0161tine UN - Predsednik Republike Kosovo - DR. VJOSA OSMANI - SADRIU<\/title>\n<meta name=\"description\" content=\"Album posete predsednice Osmani Njujorku tokom nedelje na visokom nivou 79. Generalne skup\u0161tine UN - Predsednik Republike Kosovo - DR. VJOSA OSMANI - SADRIU -\" \/>\n<meta name=\"robots\" content=\"index, follow, max-snippet:-1, max-image-preview:large, max-video-preview:-1\" \/>\n<link rel=\"canonical\" href=\"https:\/\/president-ksgov.net\/sr\/album-posete-predsednice-osmani-njujorku-tokom-nedelje-na-visokom-nivou-79-generalne-skupstine-un\/\" \/>\n<meta property=\"og:locale\" content=\"sr_RS\" \/>\n<meta property=\"og:type\" content=\"article\" \/>\n<meta property=\"og:title\" content=\"Album posete predsednice Osmani Njujorku tokom nedelje na visokom nivou 79. Generalne skup\u0161tine UN - Predsednik Republike Kosovo - DR. VJOSA OSMANI - SADRIU\" \/>\n<meta property=\"og:description\" content=\"Album posete predsednice Osmani Njujorku tokom nedelje na visokom nivou 79. Generalne skup\u0161tine UN - Predsednik Republike Kosovo - DR. VJOSA OSMANI - SADRIU -\" \/>\n<meta property=\"og:url\" content=\"https:\/\/president-ksgov.net\/sr\/album-posete-predsednice-osmani-njujorku-tokom-nedelje-na-visokom-nivou-79-generalne-skupstine-un\/\" \/>\n<meta property=\"og:site_name\" content=\"Predsednik Republike Kosovo - DR. VJOSA OSMANI - SADRIU\" \/>\n<meta property=\"article:published_time\" content=\"2024-09-30T09:47:47+00:00\" \/>\n<meta property=\"article:modified_time\" content=\"2024-09-30T11:46:26+00:00\" \/>\n<meta property=\"og:image\" content=\"https:\/\/president-ksgov.net\/wp-content\/uploads\/albumi-1.jpg\" \/>\n\t<meta property=\"og:image:width\" content=\"2048\" \/>\n\t<meta property=\"og:image:height\" content=\"1365\" \/>\n\t<meta property=\"og:image:type\" content=\"image\/jpeg\" \/>\n<meta name=\"author\" content=\"Florent Rrahmani\" \/>\n<meta name=\"twitter:card\" content=\"summary_large_image\" \/>\n<meta name=\"twitter:label1\" content=\"\u041d\u0430\u043f\u0438\u0441\u0430\u043d\u043e \u043e\u0434\" \/>\n\t<meta name=\"twitter:data1\" content=\"Florent Rrahmani\" \/>\n\t<meta name=\"twitter:label2\" content=\"\u041f\u0440\u043e\u0446\u0435\u045a\u0435\u043d\u043e \u0432\u0440\u0435\u043c\u0435 \u0447\u0438\u0442\u0430\u045a\u0430\" \/>\n\t<meta name=\"twitter:data2\" content=\"4 \u043c\u0438\u043d\u0443\u0442\u0430\" \/>\n<script type=\"application\/ld+json\" class=\"yoast-schema-graph\">{\"@context\":\"https:\/\/schema.org\",\"@graph\":[{\"@type\":\"WebPage\",\"@id\":\"https:\/\/president-ksgov.net\/sr\/album-posete-predsednice-osmani-njujorku-tokom-nedelje-na-visokom-nivou-79-generalne-skupstine-un\/\",\"url\":\"https:\/\/president-ksgov.net\/sr\/album-posete-predsednice-osmani-njujorku-tokom-nedelje-na-visokom-nivou-79-generalne-skupstine-un\/\",\"name\":\"Album posete predsednice Osmani Njujorku tokom nedelje na visokom nivou 79. Generalne skup\u0161tine UN - Predsednik Republike Kosovo - DR. VJOSA OSMANI - SADRIU\",\"isPartOf\":{\"@id\":\"https:\/\/president-ksgov.net\/#website\"},\"primaryImageOfPage\":{\"@id\":\"https:\/\/president-ksgov.net\/sr\/album-posete-predsednice-osmani-njujorku-tokom-nedelje-na-visokom-nivou-79-generalne-skupstine-un\/#primaryimage\"},\"image\":{\"@id\":\"https:\/\/president-ksgov.net\/sr\/album-posete-predsednice-osmani-njujorku-tokom-nedelje-na-visokom-nivou-79-generalne-skupstine-un\/#primaryimage\"},\"thumbnailUrl\":\"https:\/\/president-ksgov.net\/wp-content\/uploads\/albumi-1.jpg\",\"datePublished\":\"2024-09-30T09:47:47+00:00\",\"dateModified\":\"2024-09-30T11:46:26+00:00\",\"author\":{\"@id\":\"https:\/\/president-ksgov.net\/#\/schema\/person\/7c46f744a99d3f1616b92658282aa934\"},\"description\":\"Album posete predsednice Osmani Njujorku tokom nedelje na visokom nivou 79. Generalne skup\u0161tine UN - Predsednik Republike Kosovo - DR. VJOSA OSMANI - SADRIU -\",\"breadcrumb\":{\"@id\":\"https:\/\/president-ksgov.net\/sr\/album-posete-predsednice-osmani-njujorku-tokom-nedelje-na-visokom-nivou-79-generalne-skupstine-un\/#breadcrumb\"},\"inLanguage\":\"sr-RS\",\"potentialAction\":[{\"@type\":\"ReadAction\",\"target\":[\"https:\/\/president-ksgov.net\/sr\/album-posete-predsednice-osmani-njujorku-tokom-nedelje-na-visokom-nivou-79-generalne-skupstine-un\/\"]}]},{\"@type\":\"ImageObject\",\"inLanguage\":\"sr-RS\",\"@id\":\"https:\/\/president-ksgov.net\/sr\/album-posete-predsednice-osmani-njujorku-tokom-nedelje-na-visokom-nivou-79-generalne-skupstine-un\/#primaryimage\",\"url\":\"https:\/\/president-ksgov.net\/wp-content\/uploads\/albumi-1.jpg\",\"contentUrl\":\"https:\/\/president-ksgov.net\/wp-content\/uploads\/albumi-1.jpg\",\"width\":2048,\"height\":1365,\"caption\":\"President Joe Biden and First Lady Jill Biden participate in a photo line at a reception for United Nations General Assembly leaders, Wednesday, September 25, 2024, at the Metropolitan Museum of Art in New York City (Official White House Photo by Adam Schultz)\"},{\"@type\":\"BreadcrumbList\",\"@id\":\"https:\/\/president-ksgov.net\/sr\/album-posete-predsednice-osmani-njujorku-tokom-nedelje-na-visokom-nivou-79-generalne-skupstine-un\/#breadcrumb\",\"itemListElement\":[{\"@type\":\"ListItem\",\"position\":1,\"name\":\"Home\",\"item\":\"https:\/\/president-ksgov.net\/sr\/\"},{\"@type\":\"ListItem\",\"position\":2,\"name\":\"Album posete predsednice Osmani Njujorku tokom nedelje na visokom nivou 79. Generalne skup\u0161tine UN\"}]},{\"@type\":\"WebSite\",\"@id\":\"https:\/\/president-ksgov.net\/#website\",\"url\":\"https:\/\/president-ksgov.net\/\",\"name\":\"Presidente e Republik\u00ebs s\u00eb Kosov\u00ebs\",\"description\":\"Presidente e Republik\u00ebs s\u00eb Kosov\u00ebs\",\"alternateName\":\"DR. VJOSA OSMANI - SADRIU\",\"potentialAction\":[{\"@type\":\"SearchAction\",\"target\":{\"@type\":\"EntryPoint\",\"urlTemplate\":\"https:\/\/president-ksgov.net\/?s={search_term_string}\"},\"query-input\":{\"@type\":\"PropertyValueSpecification\",\"valueRequired\":true,\"valueName\":\"search_term_string\"}}],\"inLanguage\":\"sr-RS\"},{\"@type\":\"Person\",\"@id\":\"https:\/\/president-ksgov.net\/#\/schema\/person\/7c46f744a99d3f1616b92658282aa934\",\"name\":\"Florent Rrahmani\",\"image\":{\"@type\":\"ImageObject\",\"inLanguage\":\"sr-RS\",\"@id\":\"https:\/\/president-ksgov.net\/#\/schema\/person\/image\/\",\"url\":\"https:\/\/secure.gravatar.com\/avatar\/2545924aa250de68ac8368367a79b663e59571cd131611f54c89b0613a94e230?s=96&d=mm&r=g\",\"contentUrl\":\"https:\/\/secure.gravatar.com\/avatar\/2545924aa250de68ac8368367a79b663e59571cd131611f54c89b0613a94e230?s=96&d=mm&r=g\",\"caption\":\"Florent Rrahmani\"}}]}<\/script>\n<!-- \/ Yoast SEO plugin. -->","yoast_head_json":{"title":"Album posete predsednice Osmani Njujorku tokom nedelje na visokom nivou 79. Generalne skup\u0161tine UN - Predsednik Republike Kosovo - DR. VJOSA OSMANI - SADRIU","description":"Album posete predsednice Osmani Njujorku tokom nedelje na visokom nivou 79. Generalne skup\u0161tine UN - Predsednik Republike Kosovo - DR. VJOSA OSMANI - SADRIU -","robots":{"index":"index","follow":"follow","max-snippet":"max-snippet:-1","max-image-preview":"max-image-preview:large","max-video-preview":"max-video-preview:-1"},"canonical":"https:\/\/president-ksgov.net\/sr\/album-posete-predsednice-osmani-njujorku-tokom-nedelje-na-visokom-nivou-79-generalne-skupstine-un\/","og_locale":"sr_RS","og_type":"article","og_title":"Album posete predsednice Osmani Njujorku tokom nedelje na visokom nivou 79. Generalne skup\u0161tine UN - Predsednik Republike Kosovo - DR. VJOSA OSMANI - SADRIU","og_description":"Album posete predsednice Osmani Njujorku tokom nedelje na visokom nivou 79. Generalne skup\u0161tine UN - Predsednik Republike Kosovo - DR. VJOSA OSMANI - SADRIU -","og_url":"https:\/\/president-ksgov.net\/sr\/album-posete-predsednice-osmani-njujorku-tokom-nedelje-na-visokom-nivou-79-generalne-skupstine-un\/","og_site_name":"Predsednik Republike Kosovo - DR. VJOSA OSMANI - SADRIU","article_published_time":"2024-09-30T09:47:47+00:00","article_modified_time":"2024-09-30T11:46:26+00:00","og_image":[{"width":2048,"height":1365,"url":"https:\/\/president-ksgov.net\/wp-content\/uploads\/albumi-1.jpg","type":"image\/jpeg"}],"author":"Florent Rrahmani","twitter_card":"summary_large_image","twitter_misc":{"\u041d\u0430\u043f\u0438\u0441\u0430\u043d\u043e \u043e\u0434":"Florent Rrahmani","\u041f\u0440\u043e\u0446\u0435\u045a\u0435\u043d\u043e \u0432\u0440\u0435\u043c\u0435 \u0447\u0438\u0442\u0430\u045a\u0430":"4 \u043c\u0438\u043d\u0443\u0442\u0430"},"schema":{"@context":"https:\/\/schema.org","@graph":[{"@type":"WebPage","@id":"https:\/\/president-ksgov.net\/sr\/album-posete-predsednice-osmani-njujorku-tokom-nedelje-na-visokom-nivou-79-generalne-skupstine-un\/","url":"https:\/\/president-ksgov.net\/sr\/album-posete-predsednice-osmani-njujorku-tokom-nedelje-na-visokom-nivou-79-generalne-skupstine-un\/","name":"Album posete predsednice Osmani Njujorku tokom nedelje na visokom nivou 79. Generalne skup\u0161tine UN - Predsednik Republike Kosovo - DR. VJOSA OSMANI - SADRIU","isPartOf":{"@id":"https:\/\/president-ksgov.net\/#website"},"primaryImageOfPage":{"@id":"https:\/\/president-ksgov.net\/sr\/album-posete-predsednice-osmani-njujorku-tokom-nedelje-na-visokom-nivou-79-generalne-skupstine-un\/#primaryimage"},"image":{"@id":"https:\/\/president-ksgov.net\/sr\/album-posete-predsednice-osmani-njujorku-tokom-nedelje-na-visokom-nivou-79-generalne-skupstine-un\/#primaryimage"},"thumbnailUrl":"https:\/\/president-ksgov.net\/wp-content\/uploads\/albumi-1.jpg","datePublished":"2024-09-30T09:47:47+00:00","dateModified":"2024-09-30T11:46:26+00:00","author":{"@id":"https:\/\/president-ksgov.net\/#\/schema\/person\/7c46f744a99d3f1616b92658282aa934"},"description":"Album posete predsednice Osmani Njujorku tokom nedelje na visokom nivou 79. Generalne skup\u0161tine UN - Predsednik Republike Kosovo - DR. VJOSA OSMANI - SADRIU -","breadcrumb":{"@id":"https:\/\/president-ksgov.net\/sr\/album-posete-predsednice-osmani-njujorku-tokom-nedelje-na-visokom-nivou-79-generalne-skupstine-un\/#breadcrumb"},"inLanguage":"sr-RS","potentialAction":[{"@type":"ReadAction","target":["https:\/\/president-ksgov.net\/sr\/album-posete-predsednice-osmani-njujorku-tokom-nedelje-na-visokom-nivou-79-generalne-skupstine-un\/"]}]},{"@type":"ImageObject","inLanguage":"sr-RS","@id":"https:\/\/president-ksgov.net\/sr\/album-posete-predsednice-osmani-njujorku-tokom-nedelje-na-visokom-nivou-79-generalne-skupstine-un\/#primaryimage","url":"https:\/\/president-ksgov.net\/wp-content\/uploads\/albumi-1.jpg","contentUrl":"https:\/\/president-ksgov.net\/wp-content\/uploads\/albumi-1.jpg","width":2048,"height":1365,"caption":"President Joe Biden and First Lady Jill Biden participate in a photo line at a reception for United Nations General Assembly leaders, Wednesday, September 25, 2024, at the Metropolitan Museum of Art in New York City (Official White House Photo by Adam Schultz)"},{"@type":"BreadcrumbList","@id":"https:\/\/president-ksgov.net\/sr\/album-posete-predsednice-osmani-njujorku-tokom-nedelje-na-visokom-nivou-79-generalne-skupstine-un\/#breadcrumb","itemListElement":[{"@type":"ListItem","position":1,"name":"Home","item":"https:\/\/president-ksgov.net\/sr\/"},{"@type":"ListItem","position":2,"name":"Album posete predsednice Osmani Njujorku tokom nedelje na visokom nivou 79. Generalne skup\u0161tine UN"}]},{"@type":"WebSite","@id":"https:\/\/president-ksgov.net\/#website","url":"https:\/\/president-ksgov.net\/","name":"Presidente e Republik\u00ebs s\u00eb Kosov\u00ebs","description":"Presidente e Republik\u00ebs s\u00eb Kosov\u00ebs","alternateName":"DR. VJOSA OSMANI - SADRIU","potentialAction":[{"@type":"SearchAction","target":{"@type":"EntryPoint","urlTemplate":"https:\/\/president-ksgov.net\/?s={search_term_string}"},"query-input":{"@type":"PropertyValueSpecification","valueRequired":true,"valueName":"search_term_string"}}],"inLanguage":"sr-RS"},{"@type":"Person","@id":"https:\/\/president-ksgov.net\/#\/schema\/person\/7c46f744a99d3f1616b92658282aa934","name":"Florent Rrahmani","image":{"@type":"ImageObject","inLanguage":"sr-RS","@id":"https:\/\/president-ksgov.net\/#\/schema\/person\/image\/","url":"https:\/\/secure.gravatar.com\/avatar\/2545924aa250de68ac8368367a79b663e59571cd131611f54c89b0613a94e230?s=96&d=mm&r=g","contentUrl":"https:\/\/secure.gravatar.com\/avatar\/2545924aa250de68ac8368367a79b663e59571cd131611f54c89b0613a94e230?s=96&d=mm&r=g","caption":"Florent Rrahmani"}}]}},"_links":{"self":[{"href":"https:\/\/president-ksgov.net\/sr\/wp-json\/wp\/v2\/posts\/144148","targetHints":{"allow":["GET"]}}],"collection":[{"href":"https:\/\/president-ksgov.net\/sr\/wp-json\/wp\/v2\/posts"}],"about":[{"href":"https:\/\/president-ksgov.net\/sr\/wp-json\/wp\/v2\/types\/post"}],"author":[{"embeddable":true,"href":"https:\/\/president-ksgov.net\/sr\/wp-json\/wp\/v2\/users\/9"}],"replies":[{"embeddable":true,"href":"https:\/\/president-ksgov.net\/sr\/wp-json\/wp\/v2\/comments?post=144148"}],"version-history":[{"count":1,"href":"https:\/\/president-ksgov.net\/sr\/wp-json\/wp\/v2\/posts\/144148\/revisions"}],"predecessor-version":[{"id":144149,"href":"https:\/\/president-ksgov.net\/sr\/wp-json\/wp\/v2\/posts\/144148\/revisions\/144149"}],"wp:featuredmedia":[{"embeddable":true,"href":"https:\/\/president-ksgov.net\/sr\/wp-json\/wp\/v2\/media\/143864"}],"wp:attachment":[{"href":"https:\/\/president-ksgov.net\/sr\/wp-json\/wp\/v2\/media?parent=144148"}],"wp:term":[{"taxonomy":"category","embeddable":true,"href":"https:\/\/president-ksgov.net\/sr\/wp-json\/wp\/v2\/categories?post=144148"},{"taxonomy":"post_tag","embeddable":true,"href":"https:\/\/president-ksgov.net\/sr\/wp-json\/wp\/v2\/tags?post=144148"}],"curies":[{"name":"wp","href":"https:\/\/api.w.org\/{rel}","templated":true}]}}