{"id":141890,"date":"2024-09-12T13:22:01","date_gmt":"2024-09-12T11:22:01","guid":{"rendered":"https:\/\/president-ksgov.net\/?p=141890"},"modified":"2024-09-16T08:50:56","modified_gmt":"2024-09-16T06:50:56","slug":"predsednica-osmani-otputovala-je-u-nemacku-kako-bi-primila-nagradu-foruma-m100-sanssouci-colloquium","status":"publish","type":"post","link":"https:\/\/president-ksgov.net\/sr\/predsednica-osmani-otputovala-je-u-nemacku-kako-bi-primila-nagradu-foruma-m100-sanssouci-colloquium\/","title":{"rendered":"Predsednica Osmani otputovala je u Nema\u010dku kako bi primila nagradu foruma M100 Sanssouci Colloquium"},"content":{"rendered":"<p>Predsednica Republike Kosova, Vjosa Osmani otputovala je u Nema\u010dku da bi primila nagradu me\u0111unarodnog foruma M100 Sanssouci Colloquium, koji se odr\u017eava jednom godi\u0161nje jo\u0161 od 2005. godine u gradu Potsdam.<\/p>\n<p>Nominacija Predsednice Osmani obavljena je od \u017eiri Foruma uz potpunu jednoglasnost od svih \u010dlanova \u017eirija i ona je prva liderka sa Balkana koja je po\u010da\u0161\u0107ena ovom nagradom.<\/p>\n<p>U obave\u0161tenju obavljenog od \u017dirija, navodi se da je Predsednici Osmani dodeljena nagrada M100, za njenu posve\u0107enost prema evro-atlantskim vrednostima i za njen neumoran rad u reformama, ja\u010danju demokratije, proevropskom kursu, borbi protiv korupcije, kao i za ravnopravnost i prava \u017eena.<\/p>\n<p>Laudation o Predsednici Osmani odr\u017ea\u0107e Rudolph Scharping, biv\u0161i ministar odbrane Nema\u010dke tokom rata na Kosovu.<\/p>\n<p>Ova nagrada se dodeljuje li\u010dnostima koje su posve\u0107ene ja\u010danju demokratije, vladavine zakona, ljudskih prava i evropskih vrednosti.<\/p>\n<p>Osim Predsednice Osmani, laureat ove nagrade je i premijer Poljske Donald Tusk, dok su na takmi\u010denje za ovu titulu bile i razne evropske li\u010dnosti, uklju\u010duju\u0107i predsednike i premijere.<\/p>\n<p>Ovaj me\u0111unarodni forum se rukovodi od predsednika op\u0161tine grada Potsdam-a Mike Schubert.<\/p>\n<p>Ina\u010de, do sada su se ovom nagradom po\u010dastile i razne evropske li\u010dnosti, kao: Hans-Dietrich Genscher, Bernard Kouchner, Mario Draghi, Vitali Klitschko, Alexei Na\u00ebalny, ukrajinski narod i Pokret za slobodu \u017eivota iranskih \u017eena.<\/p>\n","protected":false},"excerpt":{"rendered":"<p>Predsednica Republike Kosova, Vjosa Osmani otputovala je u Nema\u010dku da bi primila nagradu me\u0111unarodnog foruma M100 Sanssouci Colloquium, koji se odr\u017eava jednom godi\u0161nje jo\u0161 od 2005. godine u gradu Potsdam. Nominacija Predsednice Osmani obavljena je od \u017eiri Foruma uz potpunu jednoglasnost od svih \u010dlanova \u017eirija i ona je prva liderka sa Balkana koja je po\u010da\u0161\u0107ena ovom nagradom. U obave\u0161tenju obavljenog od \u017dirija, navodi se da je Predsednici Osmani dodeljena nagrada M100, za njenu posve\u0107enost prema evro-atlantskim vrednostima i za njen neumoran rad u reformama, ja\u010danju demokratije, proevropskom kursu, borbi protiv korupcije, kao i za ravnopravnost i prava \u017eena. Laudation o Predsednici Osmani odr\u017ea\u0107e Rudolph Scharping, biv\u0161i ministar odbrane Nema\u010dke tokom rata na Kosovu. Ova nagrada se dodeljuje li\u010dnostima koje su posve\u0107ene ja\u010danju demokratije, vladavine zakona, ljudskih prava i evropskih vrednosti. Osim Predsednice Osmani, laureat ove nagrade je i premijer Poljske Donald Tusk, dok su na takmi\u010denje za ovu titulu bile i razne evropske li\u010dnosti, uklju\u010duju\u0107i predsednike i premijere. Ovaj me\u0111unarodni forum se rukovodi od predsednika op\u0161tine grada Potsdam-a Mike Schubert. Ina\u010de, do sada su se ovom nagradom po\u010dastile i razne evropske li\u010dnosti, kao: Hans-Dietrich Genscher, Bernard Kouchner, Mario Draghi, Vitali Klitschko, Alexei Na\u00ebalny, ukrajinski narod i Pokret za slobodu \u017eivota iranskih \u017eena.<\/p>\n","protected":false},"author":9,"featured_media":141809,"comment_status":"closed","ping_status":"closed","sticky":false,"template":"","format":"standard","meta":{"_eb_attr":"","footnotes":""},"categories":[114,101],"tags":[],"class_list":["post-141890","post","type-post","status-publish","format-standard","has-post-thumbnail","hentry","category-medunarodne-posete","category-vesti"],"yoast_head":"<!-- This site is optimized with the Yoast SEO plugin v23.5 - https:\/\/yoast.com\/wordpress\/plugins\/seo\/ -->\n<title>Predsednica Osmani otputovala je u Nema\u010dku kako bi primila nagradu foruma M100 Sanssouci Colloquium - Predsednik Republike Kosovo - DR. VJOSA OSMANI - SADRIU<\/title>\n<meta name=\"description\" content=\"Predsednica Osmani otputovala je u Nema\u010dku kako bi primila nagradu foruma M100 Sanssouci Colloquium - Predsednik Republike Kosovo - DR. VJOSA OSMANI - SADRIU -\" \/>\n<meta name=\"robots\" content=\"index, follow, max-snippet:-1, max-image-preview:large, max-video-preview:-1\" \/>\n<link rel=\"canonical\" href=\"https:\/\/president-ksgov.net\/sr\/predsednica-osmani-otputovala-je-u-nemacku-kako-bi-primila-nagradu-foruma-m100-sanssouci-colloquium\/\" \/>\n<meta property=\"og:locale\" content=\"sr_RS\" \/>\n<meta property=\"og:type\" content=\"article\" \/>\n<meta property=\"og:title\" content=\"Predsednica Osmani otputovala je u Nema\u010dku kako bi primila nagradu foruma M100 Sanssouci Colloquium - Predsednik Republike Kosovo - DR. VJOSA OSMANI - SADRIU\" \/>\n<meta property=\"og:description\" content=\"Predsednica Osmani otputovala je u Nema\u010dku kako bi primila nagradu foruma M100 Sanssouci Colloquium - Predsednik Republike Kosovo - DR. VJOSA OSMANI - SADRIU -\" \/>\n<meta property=\"og:url\" content=\"https:\/\/president-ksgov.net\/sr\/predsednica-osmani-otputovala-je-u-nemacku-kako-bi-primila-nagradu-foruma-m100-sanssouci-colloquium\/\" \/>\n<meta property=\"og:site_name\" content=\"Predsednik Republike Kosovo - DR. VJOSA OSMANI - SADRIU\" \/>\n<meta property=\"article:published_time\" content=\"2024-09-12T11:22:01+00:00\" \/>\n<meta property=\"article:modified_time\" content=\"2024-09-16T06:50:56+00:00\" \/>\n<meta property=\"og:image\" content=\"https:\/\/president-ksgov.net\/wp-content\/uploads\/M100-Komunikata.png\" \/>\n\t<meta property=\"og:image:width\" content=\"2000\" \/>\n\t<meta property=\"og:image:height\" content=\"1154\" \/>\n\t<meta property=\"og:image:type\" content=\"image\/png\" \/>\n<meta name=\"author\" content=\"Florent Rrahmani\" \/>\n<meta name=\"twitter:card\" content=\"summary_large_image\" \/>\n<meta name=\"twitter:label1\" content=\"\u041d\u0430\u043f\u0438\u0441\u0430\u043d\u043e \u043e\u0434\" \/>\n\t<meta name=\"twitter:data1\" content=\"Florent Rrahmani\" \/>\n\t<meta name=\"twitter:label2\" content=\"\u041f\u0440\u043e\u0446\u0435\u045a\u0435\u043d\u043e \u0432\u0440\u0435\u043c\u0435 \u0447\u0438\u0442\u0430\u045a\u0430\" \/>\n\t<meta name=\"twitter:data2\" content=\"2 \u043c\u0438\u043d\u0443\u0442\u0430\" \/>\n<script type=\"application\/ld+json\" class=\"yoast-schema-graph\">{\"@context\":\"https:\/\/schema.org\",\"@graph\":[{\"@type\":\"WebPage\",\"@id\":\"https:\/\/president-ksgov.net\/sr\/predsednica-osmani-otputovala-je-u-nemacku-kako-bi-primila-nagradu-foruma-m100-sanssouci-colloquium\/\",\"url\":\"https:\/\/president-ksgov.net\/sr\/predsednica-osmani-otputovala-je-u-nemacku-kako-bi-primila-nagradu-foruma-m100-sanssouci-colloquium\/\",\"name\":\"Predsednica Osmani otputovala je u Nema\u010dku kako bi primila nagradu foruma M100 Sanssouci Colloquium - Predsednik Republike Kosovo - DR. VJOSA OSMANI - SADRIU\",\"isPartOf\":{\"@id\":\"https:\/\/president-ksgov.net\/#website\"},\"primaryImageOfPage\":{\"@id\":\"https:\/\/president-ksgov.net\/sr\/predsednica-osmani-otputovala-je-u-nemacku-kako-bi-primila-nagradu-foruma-m100-sanssouci-colloquium\/#primaryimage\"},\"image\":{\"@id\":\"https:\/\/president-ksgov.net\/sr\/predsednica-osmani-otputovala-je-u-nemacku-kako-bi-primila-nagradu-foruma-m100-sanssouci-colloquium\/#primaryimage\"},\"thumbnailUrl\":\"https:\/\/president-ksgov.net\/wp-content\/uploads\/M100-Komunikata.png\",\"datePublished\":\"2024-09-12T11:22:01+00:00\",\"dateModified\":\"2024-09-16T06:50:56+00:00\",\"author\":{\"@id\":\"https:\/\/president-ksgov.net\/#\/schema\/person\/7c46f744a99d3f1616b92658282aa934\"},\"description\":\"Predsednica Osmani otputovala je u Nema\u010dku kako bi primila nagradu foruma M100 Sanssouci Colloquium - Predsednik Republike Kosovo - DR. VJOSA OSMANI - SADRIU -\",\"breadcrumb\":{\"@id\":\"https:\/\/president-ksgov.net\/sr\/predsednica-osmani-otputovala-je-u-nemacku-kako-bi-primila-nagradu-foruma-m100-sanssouci-colloquium\/#breadcrumb\"},\"inLanguage\":\"sr-RS\",\"potentialAction\":[{\"@type\":\"ReadAction\",\"target\":[\"https:\/\/president-ksgov.net\/sr\/predsednica-osmani-otputovala-je-u-nemacku-kako-bi-primila-nagradu-foruma-m100-sanssouci-colloquium\/\"]}]},{\"@type\":\"ImageObject\",\"inLanguage\":\"sr-RS\",\"@id\":\"https:\/\/president-ksgov.net\/sr\/predsednica-osmani-otputovala-je-u-nemacku-kako-bi-primila-nagradu-foruma-m100-sanssouci-colloquium\/#primaryimage\",\"url\":\"https:\/\/president-ksgov.net\/wp-content\/uploads\/M100-Komunikata.png\",\"contentUrl\":\"https:\/\/president-ksgov.net\/wp-content\/uploads\/M100-Komunikata.png\",\"width\":2000,\"height\":1154},{\"@type\":\"BreadcrumbList\",\"@id\":\"https:\/\/president-ksgov.net\/sr\/predsednica-osmani-otputovala-je-u-nemacku-kako-bi-primila-nagradu-foruma-m100-sanssouci-colloquium\/#breadcrumb\",\"itemListElement\":[{\"@type\":\"ListItem\",\"position\":1,\"name\":\"Home\",\"item\":\"https:\/\/president-ksgov.net\/sr\/\"},{\"@type\":\"ListItem\",\"position\":2,\"name\":\"Predsednica Osmani otputovala je u Nema\u010dku kako bi primila nagradu foruma M100 Sanssouci Colloquium\"}]},{\"@type\":\"WebSite\",\"@id\":\"https:\/\/president-ksgov.net\/#website\",\"url\":\"https:\/\/president-ksgov.net\/\",\"name\":\"Presidente e Republik\u00ebs s\u00eb Kosov\u00ebs\",\"description\":\"Presidente e Republik\u00ebs s\u00eb Kosov\u00ebs\",\"alternateName\":\"DR. VJOSA OSMANI - SADRIU\",\"potentialAction\":[{\"@type\":\"SearchAction\",\"target\":{\"@type\":\"EntryPoint\",\"urlTemplate\":\"https:\/\/president-ksgov.net\/?s={search_term_string}\"},\"query-input\":{\"@type\":\"PropertyValueSpecification\",\"valueRequired\":true,\"valueName\":\"search_term_string\"}}],\"inLanguage\":\"sr-RS\"},{\"@type\":\"Person\",\"@id\":\"https:\/\/president-ksgov.net\/#\/schema\/person\/7c46f744a99d3f1616b92658282aa934\",\"name\":\"Florent Rrahmani\",\"image\":{\"@type\":\"ImageObject\",\"inLanguage\":\"sr-RS\",\"@id\":\"https:\/\/president-ksgov.net\/#\/schema\/person\/image\/\",\"url\":\"https:\/\/secure.gravatar.com\/avatar\/2545924aa250de68ac8368367a79b663e59571cd131611f54c89b0613a94e230?s=96&d=mm&r=g\",\"contentUrl\":\"https:\/\/secure.gravatar.com\/avatar\/2545924aa250de68ac8368367a79b663e59571cd131611f54c89b0613a94e230?s=96&d=mm&r=g\",\"caption\":\"Florent Rrahmani\"}}]}<\/script>\n<!-- \/ Yoast SEO plugin. -->","yoast_head_json":{"title":"Predsednica Osmani otputovala je u Nema\u010dku kako bi primila nagradu foruma M100 Sanssouci Colloquium - Predsednik Republike Kosovo - DR. VJOSA OSMANI - SADRIU","description":"Predsednica Osmani otputovala je u Nema\u010dku kako bi primila nagradu foruma M100 Sanssouci Colloquium - Predsednik Republike Kosovo - DR. VJOSA OSMANI - SADRIU -","robots":{"index":"index","follow":"follow","max-snippet":"max-snippet:-1","max-image-preview":"max-image-preview:large","max-video-preview":"max-video-preview:-1"},"canonical":"https:\/\/president-ksgov.net\/sr\/predsednica-osmani-otputovala-je-u-nemacku-kako-bi-primila-nagradu-foruma-m100-sanssouci-colloquium\/","og_locale":"sr_RS","og_type":"article","og_title":"Predsednica Osmani otputovala je u Nema\u010dku kako bi primila nagradu foruma M100 Sanssouci Colloquium - Predsednik Republike Kosovo - DR. VJOSA OSMANI - SADRIU","og_description":"Predsednica Osmani otputovala je u Nema\u010dku kako bi primila nagradu foruma M100 Sanssouci Colloquium - Predsednik Republike Kosovo - DR. VJOSA OSMANI - SADRIU -","og_url":"https:\/\/president-ksgov.net\/sr\/predsednica-osmani-otputovala-je-u-nemacku-kako-bi-primila-nagradu-foruma-m100-sanssouci-colloquium\/","og_site_name":"Predsednik Republike Kosovo - DR. VJOSA OSMANI - SADRIU","article_published_time":"2024-09-12T11:22:01+00:00","article_modified_time":"2024-09-16T06:50:56+00:00","og_image":[{"width":2000,"height":1154,"url":"https:\/\/president-ksgov.net\/wp-content\/uploads\/M100-Komunikata.png","type":"image\/png"}],"author":"Florent Rrahmani","twitter_card":"summary_large_image","twitter_misc":{"\u041d\u0430\u043f\u0438\u0441\u0430\u043d\u043e \u043e\u0434":"Florent Rrahmani","\u041f\u0440\u043e\u0446\u0435\u045a\u0435\u043d\u043e \u0432\u0440\u0435\u043c\u0435 \u0447\u0438\u0442\u0430\u045a\u0430":"2 \u043c\u0438\u043d\u0443\u0442\u0430"},"schema":{"@context":"https:\/\/schema.org","@graph":[{"@type":"WebPage","@id":"https:\/\/president-ksgov.net\/sr\/predsednica-osmani-otputovala-je-u-nemacku-kako-bi-primila-nagradu-foruma-m100-sanssouci-colloquium\/","url":"https:\/\/president-ksgov.net\/sr\/predsednica-osmani-otputovala-je-u-nemacku-kako-bi-primila-nagradu-foruma-m100-sanssouci-colloquium\/","name":"Predsednica Osmani otputovala je u Nema\u010dku kako bi primila nagradu foruma M100 Sanssouci Colloquium - Predsednik Republike Kosovo - DR. VJOSA OSMANI - SADRIU","isPartOf":{"@id":"https:\/\/president-ksgov.net\/#website"},"primaryImageOfPage":{"@id":"https:\/\/president-ksgov.net\/sr\/predsednica-osmani-otputovala-je-u-nemacku-kako-bi-primila-nagradu-foruma-m100-sanssouci-colloquium\/#primaryimage"},"image":{"@id":"https:\/\/president-ksgov.net\/sr\/predsednica-osmani-otputovala-je-u-nemacku-kako-bi-primila-nagradu-foruma-m100-sanssouci-colloquium\/#primaryimage"},"thumbnailUrl":"https:\/\/president-ksgov.net\/wp-content\/uploads\/M100-Komunikata.png","datePublished":"2024-09-12T11:22:01+00:00","dateModified":"2024-09-16T06:50:56+00:00","author":{"@id":"https:\/\/president-ksgov.net\/#\/schema\/person\/7c46f744a99d3f1616b92658282aa934"},"description":"Predsednica Osmani otputovala je u Nema\u010dku kako bi primila nagradu foruma M100 Sanssouci Colloquium - Predsednik Republike Kosovo - DR. VJOSA OSMANI - SADRIU -","breadcrumb":{"@id":"https:\/\/president-ksgov.net\/sr\/predsednica-osmani-otputovala-je-u-nemacku-kako-bi-primila-nagradu-foruma-m100-sanssouci-colloquium\/#breadcrumb"},"inLanguage":"sr-RS","potentialAction":[{"@type":"ReadAction","target":["https:\/\/president-ksgov.net\/sr\/predsednica-osmani-otputovala-je-u-nemacku-kako-bi-primila-nagradu-foruma-m100-sanssouci-colloquium\/"]}]},{"@type":"ImageObject","inLanguage":"sr-RS","@id":"https:\/\/president-ksgov.net\/sr\/predsednica-osmani-otputovala-je-u-nemacku-kako-bi-primila-nagradu-foruma-m100-sanssouci-colloquium\/#primaryimage","url":"https:\/\/president-ksgov.net\/wp-content\/uploads\/M100-Komunikata.png","contentUrl":"https:\/\/president-ksgov.net\/wp-content\/uploads\/M100-Komunikata.png","width":2000,"height":1154},{"@type":"BreadcrumbList","@id":"https:\/\/president-ksgov.net\/sr\/predsednica-osmani-otputovala-je-u-nemacku-kako-bi-primila-nagradu-foruma-m100-sanssouci-colloquium\/#breadcrumb","itemListElement":[{"@type":"ListItem","position":1,"name":"Home","item":"https:\/\/president-ksgov.net\/sr\/"},{"@type":"ListItem","position":2,"name":"Predsednica Osmani otputovala je u Nema\u010dku kako bi primila nagradu foruma M100 Sanssouci Colloquium"}]},{"@type":"WebSite","@id":"https:\/\/president-ksgov.net\/#website","url":"https:\/\/president-ksgov.net\/","name":"Presidente e Republik\u00ebs s\u00eb Kosov\u00ebs","description":"Presidente e Republik\u00ebs s\u00eb Kosov\u00ebs","alternateName":"DR. VJOSA OSMANI - SADRIU","potentialAction":[{"@type":"SearchAction","target":{"@type":"EntryPoint","urlTemplate":"https:\/\/president-ksgov.net\/?s={search_term_string}"},"query-input":{"@type":"PropertyValueSpecification","valueRequired":true,"valueName":"search_term_string"}}],"inLanguage":"sr-RS"},{"@type":"Person","@id":"https:\/\/president-ksgov.net\/#\/schema\/person\/7c46f744a99d3f1616b92658282aa934","name":"Florent Rrahmani","image":{"@type":"ImageObject","inLanguage":"sr-RS","@id":"https:\/\/president-ksgov.net\/#\/schema\/person\/image\/","url":"https:\/\/secure.gravatar.com\/avatar\/2545924aa250de68ac8368367a79b663e59571cd131611f54c89b0613a94e230?s=96&d=mm&r=g","contentUrl":"https:\/\/secure.gravatar.com\/avatar\/2545924aa250de68ac8368367a79b663e59571cd131611f54c89b0613a94e230?s=96&d=mm&r=g","caption":"Florent Rrahmani"}}]}},"_links":{"self":[{"href":"https:\/\/president-ksgov.net\/sr\/wp-json\/wp\/v2\/posts\/141890","targetHints":{"allow":["GET"]}}],"collection":[{"href":"https:\/\/president-ksgov.net\/sr\/wp-json\/wp\/v2\/posts"}],"about":[{"href":"https:\/\/president-ksgov.net\/sr\/wp-json\/wp\/v2\/types\/post"}],"author":[{"embeddable":true,"href":"https:\/\/president-ksgov.net\/sr\/wp-json\/wp\/v2\/users\/9"}],"replies":[{"embeddable":true,"href":"https:\/\/president-ksgov.net\/sr\/wp-json\/wp\/v2\/comments?post=141890"}],"version-history":[{"count":1,"href":"https:\/\/president-ksgov.net\/sr\/wp-json\/wp\/v2\/posts\/141890\/revisions"}],"predecessor-version":[{"id":141891,"href":"https:\/\/president-ksgov.net\/sr\/wp-json\/wp\/v2\/posts\/141890\/revisions\/141891"}],"wp:featuredmedia":[{"embeddable":true,"href":"https:\/\/president-ksgov.net\/sr\/wp-json\/wp\/v2\/media\/141809"}],"wp:attachment":[{"href":"https:\/\/president-ksgov.net\/sr\/wp-json\/wp\/v2\/media?parent=141890"}],"wp:term":[{"taxonomy":"category","embeddable":true,"href":"https:\/\/president-ksgov.net\/sr\/wp-json\/wp\/v2\/categories?post=141890"},{"taxonomy":"post_tag","embeddable":true,"href":"https:\/\/president-ksgov.net\/sr\/wp-json\/wp\/v2\/tags?post=141890"}],"curies":[{"name":"wp","href":"https:\/\/api.w.org\/{rel}","templated":true}]}}