{"id":141799,"date":"2024-09-10T20:53:45","date_gmt":"2024-09-10T18:53:45","guid":{"rendered":"https:\/\/president-ksgov.net\/?p=141799"},"modified":"2024-09-12T12:48:06","modified_gmt":"2024-09-12T10:48:06","slug":"predsednica-u-podrsci-peticije-gradana-za-nacrt-zakona-o-sprecavanju-samoubistava","status":"publish","type":"post","link":"https:\/\/president-ksgov.net\/sr\/predsednica-u-podrsci-peticije-gradana-za-nacrt-zakona-o-sprecavanju-samoubistava\/","title":{"rendered":"Predsednica: U podr\u0161ci peticije gra\u0111ana za Nacrt zakona o spre\u010davanju samoubistava"},"content":{"rendered":"<p>Predsednica Republike Kosova, VjosaOsmani rekla je da je dana\u0161nje dostavljanje peticije od civilnog dru\u0161tva za Nacrt zakona o spre\u010davanju samoubistava, a uz podr\u0161ku preko 13000 gra\u0111ana, odgovaraju\u0107i je korak u tom pravcu, dok je pozvala poslanike da ovu inicijativu tretiraju sa prioritetom od po\u010detka jesenje sesije.<\/p>\n<p>Celi post Predsednice Osmani:<\/p>\n<p>U podr\u0161ci peticije gra\u0111ana za Nacrt zakona o spre\u010davanju samoubistava<\/p>\n<p>Na Svetski dan spre\u010davanja samoubistava, moramo se svi zajedno podsetiti sna\u017ene istine: uvek ima nade! Samo kroz zajedni\u010dkih napora mo\u017eemo slomiti ti\u0161inu, iskoreniti stigmu i pokazati da se niko ne sme ose\u0107ati sam u bilo kom izazovu ili borbi.<\/p>\n<p>Dana\u0161nje dostavljanje peticije od civilnog dru\u0161tva za Nacrt zakona o spre\u010davanju samoubistava, a uz podr\u0161ku preko 13000 gra\u0111ana, odgovaraju\u0107ije korak u tom pravcu.<\/p>\n<p>Pozivam sve poslanike Republike da ovu inicijativu tretiraju sa prioritetom od po\u010detka jesenje sesije. Nakon usvajanja ovog zakona, Republika Kosovo \u0107e imati zakonski okvir koji tretira ovu ranu na\u0161eg dru\u0161tva i dr\u017eave i pru\u017ei\u0107e potrebnu podr\u0161ku svima onimakoji se suo\u010davaju sa ovom bitkom.<\/p>\n<p>&nbsp;<\/p>\n","protected":false},"excerpt":{"rendered":"<p>Predsednica Republike Kosova, VjosaOsmani rekla je da je dana\u0161nje dostavljanje peticije od civilnog dru\u0161tva za Nacrt zakona o spre\u010davanju samoubistava, a uz podr\u0161ku preko 13000 gra\u0111ana, odgovaraju\u0107i je korak u tom pravcu, dok je pozvala poslanike da ovu inicijativu tretiraju sa prioritetom od po\u010detka jesenje sesije. Celi post Predsednice Osmani: U podr\u0161ci peticije gra\u0111ana za Nacrt zakona o spre\u010davanju samoubistava Na Svetski dan spre\u010davanja samoubistava, moramo se svi zajedno podsetiti sna\u017ene istine: uvek ima nade! Samo kroz zajedni\u010dkih napora mo\u017eemo slomiti ti\u0161inu, iskoreniti stigmu i pokazati da se niko ne sme ose\u0107ati sam u bilo kom izazovu ili borbi. Dana\u0161nje dostavljanje peticije od civilnog dru\u0161tva za Nacrt zakona o spre\u010davanju samoubistava, a uz podr\u0161ku preko 13000 gra\u0111ana, odgovaraju\u0107ije korak u tom pravcu. Pozivam sve poslanike Republike da ovu inicijativu tretiraju sa prioritetom od po\u010detka jesenje sesije. Nakon usvajanja ovog zakona, Republika Kosovo \u0107e imati zakonski okvir koji tretira ovu ranu na\u0161eg dru\u0161tva i dr\u017eave i pru\u017ei\u0107e potrebnu podr\u0161ku svima onimakoji se suo\u010davaju sa ovom bitkom. &nbsp;<\/p>\n","protected":false},"author":9,"featured_media":139137,"comment_status":"closed","ping_status":"closed","sticky":false,"template":"","format":"standard","meta":{"_eb_attr":"","footnotes":""},"categories":[101],"tags":[],"class_list":["post-141799","post","type-post","status-publish","format-standard","has-post-thumbnail","hentry","category-vesti"],"yoast_head":"<!-- This site is optimized with the Yoast SEO plugin v23.5 - https:\/\/yoast.com\/wordpress\/plugins\/seo\/ -->\n<title>Predsednica: U podr\u0161ci peticije gra\u0111ana za Nacrt zakona o spre\u010davanju samoubistava - Predsednik Republike Kosovo - DR. VJOSA OSMANI - SADRIU<\/title>\n<meta name=\"description\" content=\"Predsednica: U podr\u0161ci peticije gra\u0111ana za Nacrt zakona o spre\u010davanju samoubistava - Predsednik Republike Kosovo - DR. VJOSA OSMANI - SADRIU -\" \/>\n<meta name=\"robots\" content=\"index, follow, max-snippet:-1, max-image-preview:large, max-video-preview:-1\" \/>\n<link rel=\"canonical\" href=\"https:\/\/president-ksgov.net\/sr\/predsednica-u-podrsci-peticije-gradana-za-nacrt-zakona-o-sprecavanju-samoubistava\/\" \/>\n<meta property=\"og:locale\" content=\"sr_RS\" \/>\n<meta property=\"og:type\" content=\"article\" \/>\n<meta property=\"og:title\" content=\"Predsednica: U podr\u0161ci peticije gra\u0111ana za Nacrt zakona o spre\u010davanju samoubistava - Predsednik Republike Kosovo - DR. VJOSA OSMANI - SADRIU\" \/>\n<meta property=\"og:description\" content=\"Predsednica: U podr\u0161ci peticije gra\u0111ana za Nacrt zakona o spre\u010davanju samoubistava - Predsednik Republike Kosovo - DR. VJOSA OSMANI - SADRIU -\" \/>\n<meta property=\"og:url\" content=\"https:\/\/president-ksgov.net\/sr\/predsednica-u-podrsci-peticije-gradana-za-nacrt-zakona-o-sprecavanju-samoubistava\/\" \/>\n<meta property=\"og:site_name\" content=\"Predsednik Republike Kosovo - DR. VJOSA OSMANI - SADRIU\" \/>\n<meta property=\"article:published_time\" content=\"2024-09-10T18:53:45+00:00\" \/>\n<meta property=\"article:modified_time\" content=\"2024-09-12T10:48:06+00:00\" \/>\n<meta property=\"og:image\" content=\"https:\/\/president-ksgov.net\/wp-content\/uploads\/ZPRK-13.jpg\" \/>\n\t<meta property=\"og:image:width\" content=\"2000\" \/>\n\t<meta property=\"og:image:height\" content=\"1000\" \/>\n\t<meta property=\"og:image:type\" content=\"image\/jpeg\" \/>\n<meta name=\"author\" content=\"Florent Rrahmani\" \/>\n<meta name=\"twitter:card\" content=\"summary_large_image\" \/>\n<meta name=\"twitter:label1\" content=\"\u041d\u0430\u043f\u0438\u0441\u0430\u043d\u043e \u043e\u0434\" \/>\n\t<meta name=\"twitter:data1\" content=\"Florent Rrahmani\" \/>\n\t<meta name=\"twitter:label2\" content=\"\u041f\u0440\u043e\u0446\u0435\u045a\u0435\u043d\u043e \u0432\u0440\u0435\u043c\u0435 \u0447\u0438\u0442\u0430\u045a\u0430\" \/>\n\t<meta name=\"twitter:data2\" content=\"2 \u043c\u0438\u043d\u0443\u0442\u0430\" \/>\n<script type=\"application\/ld+json\" class=\"yoast-schema-graph\">{\"@context\":\"https:\/\/schema.org\",\"@graph\":[{\"@type\":\"WebPage\",\"@id\":\"https:\/\/president-ksgov.net\/sr\/predsednica-u-podrsci-peticije-gradana-za-nacrt-zakona-o-sprecavanju-samoubistava\/\",\"url\":\"https:\/\/president-ksgov.net\/sr\/predsednica-u-podrsci-peticije-gradana-za-nacrt-zakona-o-sprecavanju-samoubistava\/\",\"name\":\"Predsednica: U podr\u0161ci peticije gra\u0111ana za Nacrt zakona o spre\u010davanju samoubistava - Predsednik Republike Kosovo - DR. VJOSA OSMANI - SADRIU\",\"isPartOf\":{\"@id\":\"https:\/\/president-ksgov.net\/#website\"},\"primaryImageOfPage\":{\"@id\":\"https:\/\/president-ksgov.net\/sr\/predsednica-u-podrsci-peticije-gradana-za-nacrt-zakona-o-sprecavanju-samoubistava\/#primaryimage\"},\"image\":{\"@id\":\"https:\/\/president-ksgov.net\/sr\/predsednica-u-podrsci-peticije-gradana-za-nacrt-zakona-o-sprecavanju-samoubistava\/#primaryimage\"},\"thumbnailUrl\":\"https:\/\/president-ksgov.net\/wp-content\/uploads\/ZPRK-13.jpg\",\"datePublished\":\"2024-09-10T18:53:45+00:00\",\"dateModified\":\"2024-09-12T10:48:06+00:00\",\"author\":{\"@id\":\"https:\/\/president-ksgov.net\/#\/schema\/person\/7c46f744a99d3f1616b92658282aa934\"},\"description\":\"Predsednica: U podr\u0161ci peticije gra\u0111ana za Nacrt zakona o spre\u010davanju samoubistava - Predsednik Republike Kosovo - DR. VJOSA OSMANI - SADRIU -\",\"breadcrumb\":{\"@id\":\"https:\/\/president-ksgov.net\/sr\/predsednica-u-podrsci-peticije-gradana-za-nacrt-zakona-o-sprecavanju-samoubistava\/#breadcrumb\"},\"inLanguage\":\"sr-RS\",\"potentialAction\":[{\"@type\":\"ReadAction\",\"target\":[\"https:\/\/president-ksgov.net\/sr\/predsednica-u-podrsci-peticije-gradana-za-nacrt-zakona-o-sprecavanju-samoubistava\/\"]}]},{\"@type\":\"ImageObject\",\"inLanguage\":\"sr-RS\",\"@id\":\"https:\/\/president-ksgov.net\/sr\/predsednica-u-podrsci-peticije-gradana-za-nacrt-zakona-o-sprecavanju-samoubistava\/#primaryimage\",\"url\":\"https:\/\/president-ksgov.net\/wp-content\/uploads\/ZPRK-13.jpg\",\"contentUrl\":\"https:\/\/president-ksgov.net\/wp-content\/uploads\/ZPRK-13.jpg\",\"width\":2000,\"height\":1000},{\"@type\":\"BreadcrumbList\",\"@id\":\"https:\/\/president-ksgov.net\/sr\/predsednica-u-podrsci-peticije-gradana-za-nacrt-zakona-o-sprecavanju-samoubistava\/#breadcrumb\",\"itemListElement\":[{\"@type\":\"ListItem\",\"position\":1,\"name\":\"Home\",\"item\":\"https:\/\/president-ksgov.net\/sr\/\"},{\"@type\":\"ListItem\",\"position\":2,\"name\":\"Predsednica: U podr\u0161ci peticije gra\u0111ana za Nacrt zakona o spre\u010davanju samoubistava\"}]},{\"@type\":\"WebSite\",\"@id\":\"https:\/\/president-ksgov.net\/#website\",\"url\":\"https:\/\/president-ksgov.net\/\",\"name\":\"Presidente e Republik\u00ebs s\u00eb Kosov\u00ebs\",\"description\":\"Presidente e Republik\u00ebs s\u00eb Kosov\u00ebs\",\"alternateName\":\"DR. VJOSA OSMANI - SADRIU\",\"potentialAction\":[{\"@type\":\"SearchAction\",\"target\":{\"@type\":\"EntryPoint\",\"urlTemplate\":\"https:\/\/president-ksgov.net\/?s={search_term_string}\"},\"query-input\":{\"@type\":\"PropertyValueSpecification\",\"valueRequired\":true,\"valueName\":\"search_term_string\"}}],\"inLanguage\":\"sr-RS\"},{\"@type\":\"Person\",\"@id\":\"https:\/\/president-ksgov.net\/#\/schema\/person\/7c46f744a99d3f1616b92658282aa934\",\"name\":\"Florent Rrahmani\",\"image\":{\"@type\":\"ImageObject\",\"inLanguage\":\"sr-RS\",\"@id\":\"https:\/\/president-ksgov.net\/#\/schema\/person\/image\/\",\"url\":\"https:\/\/secure.gravatar.com\/avatar\/2545924aa250de68ac8368367a79b663e59571cd131611f54c89b0613a94e230?s=96&d=mm&r=g\",\"contentUrl\":\"https:\/\/secure.gravatar.com\/avatar\/2545924aa250de68ac8368367a79b663e59571cd131611f54c89b0613a94e230?s=96&d=mm&r=g\",\"caption\":\"Florent Rrahmani\"}}]}<\/script>\n<!-- \/ Yoast SEO plugin. -->","yoast_head_json":{"title":"Predsednica: U podr\u0161ci peticije gra\u0111ana za Nacrt zakona o spre\u010davanju samoubistava - Predsednik Republike Kosovo - DR. VJOSA OSMANI - SADRIU","description":"Predsednica: U podr\u0161ci peticije gra\u0111ana za Nacrt zakona o spre\u010davanju samoubistava - Predsednik Republike Kosovo - DR. VJOSA OSMANI - SADRIU -","robots":{"index":"index","follow":"follow","max-snippet":"max-snippet:-1","max-image-preview":"max-image-preview:large","max-video-preview":"max-video-preview:-1"},"canonical":"https:\/\/president-ksgov.net\/sr\/predsednica-u-podrsci-peticije-gradana-za-nacrt-zakona-o-sprecavanju-samoubistava\/","og_locale":"sr_RS","og_type":"article","og_title":"Predsednica: U podr\u0161ci peticije gra\u0111ana za Nacrt zakona o spre\u010davanju samoubistava - Predsednik Republike Kosovo - DR. VJOSA OSMANI - SADRIU","og_description":"Predsednica: U podr\u0161ci peticije gra\u0111ana za Nacrt zakona o spre\u010davanju samoubistava - Predsednik Republike Kosovo - DR. VJOSA OSMANI - SADRIU -","og_url":"https:\/\/president-ksgov.net\/sr\/predsednica-u-podrsci-peticije-gradana-za-nacrt-zakona-o-sprecavanju-samoubistava\/","og_site_name":"Predsednik Republike Kosovo - DR. VJOSA OSMANI - SADRIU","article_published_time":"2024-09-10T18:53:45+00:00","article_modified_time":"2024-09-12T10:48:06+00:00","og_image":[{"width":2000,"height":1000,"url":"https:\/\/president-ksgov.net\/wp-content\/uploads\/ZPRK-13.jpg","type":"image\/jpeg"}],"author":"Florent Rrahmani","twitter_card":"summary_large_image","twitter_misc":{"\u041d\u0430\u043f\u0438\u0441\u0430\u043d\u043e \u043e\u0434":"Florent Rrahmani","\u041f\u0440\u043e\u0446\u0435\u045a\u0435\u043d\u043e \u0432\u0440\u0435\u043c\u0435 \u0447\u0438\u0442\u0430\u045a\u0430":"2 \u043c\u0438\u043d\u0443\u0442\u0430"},"schema":{"@context":"https:\/\/schema.org","@graph":[{"@type":"WebPage","@id":"https:\/\/president-ksgov.net\/sr\/predsednica-u-podrsci-peticije-gradana-za-nacrt-zakona-o-sprecavanju-samoubistava\/","url":"https:\/\/president-ksgov.net\/sr\/predsednica-u-podrsci-peticije-gradana-za-nacrt-zakona-o-sprecavanju-samoubistava\/","name":"Predsednica: U podr\u0161ci peticije gra\u0111ana za Nacrt zakona o spre\u010davanju samoubistava - Predsednik Republike Kosovo - DR. VJOSA OSMANI - SADRIU","isPartOf":{"@id":"https:\/\/president-ksgov.net\/#website"},"primaryImageOfPage":{"@id":"https:\/\/president-ksgov.net\/sr\/predsednica-u-podrsci-peticije-gradana-za-nacrt-zakona-o-sprecavanju-samoubistava\/#primaryimage"},"image":{"@id":"https:\/\/president-ksgov.net\/sr\/predsednica-u-podrsci-peticije-gradana-za-nacrt-zakona-o-sprecavanju-samoubistava\/#primaryimage"},"thumbnailUrl":"https:\/\/president-ksgov.net\/wp-content\/uploads\/ZPRK-13.jpg","datePublished":"2024-09-10T18:53:45+00:00","dateModified":"2024-09-12T10:48:06+00:00","author":{"@id":"https:\/\/president-ksgov.net\/#\/schema\/person\/7c46f744a99d3f1616b92658282aa934"},"description":"Predsednica: U podr\u0161ci peticije gra\u0111ana za Nacrt zakona o spre\u010davanju samoubistava - Predsednik Republike Kosovo - DR. VJOSA OSMANI - SADRIU -","breadcrumb":{"@id":"https:\/\/president-ksgov.net\/sr\/predsednica-u-podrsci-peticije-gradana-za-nacrt-zakona-o-sprecavanju-samoubistava\/#breadcrumb"},"inLanguage":"sr-RS","potentialAction":[{"@type":"ReadAction","target":["https:\/\/president-ksgov.net\/sr\/predsednica-u-podrsci-peticije-gradana-za-nacrt-zakona-o-sprecavanju-samoubistava\/"]}]},{"@type":"ImageObject","inLanguage":"sr-RS","@id":"https:\/\/president-ksgov.net\/sr\/predsednica-u-podrsci-peticije-gradana-za-nacrt-zakona-o-sprecavanju-samoubistava\/#primaryimage","url":"https:\/\/president-ksgov.net\/wp-content\/uploads\/ZPRK-13.jpg","contentUrl":"https:\/\/president-ksgov.net\/wp-content\/uploads\/ZPRK-13.jpg","width":2000,"height":1000},{"@type":"BreadcrumbList","@id":"https:\/\/president-ksgov.net\/sr\/predsednica-u-podrsci-peticije-gradana-za-nacrt-zakona-o-sprecavanju-samoubistava\/#breadcrumb","itemListElement":[{"@type":"ListItem","position":1,"name":"Home","item":"https:\/\/president-ksgov.net\/sr\/"},{"@type":"ListItem","position":2,"name":"Predsednica: U podr\u0161ci peticije gra\u0111ana za Nacrt zakona o spre\u010davanju samoubistava"}]},{"@type":"WebSite","@id":"https:\/\/president-ksgov.net\/#website","url":"https:\/\/president-ksgov.net\/","name":"Presidente e Republik\u00ebs s\u00eb Kosov\u00ebs","description":"Presidente e Republik\u00ebs s\u00eb Kosov\u00ebs","alternateName":"DR. VJOSA OSMANI - SADRIU","potentialAction":[{"@type":"SearchAction","target":{"@type":"EntryPoint","urlTemplate":"https:\/\/president-ksgov.net\/?s={search_term_string}"},"query-input":{"@type":"PropertyValueSpecification","valueRequired":true,"valueName":"search_term_string"}}],"inLanguage":"sr-RS"},{"@type":"Person","@id":"https:\/\/president-ksgov.net\/#\/schema\/person\/7c46f744a99d3f1616b92658282aa934","name":"Florent Rrahmani","image":{"@type":"ImageObject","inLanguage":"sr-RS","@id":"https:\/\/president-ksgov.net\/#\/schema\/person\/image\/","url":"https:\/\/secure.gravatar.com\/avatar\/2545924aa250de68ac8368367a79b663e59571cd131611f54c89b0613a94e230?s=96&d=mm&r=g","contentUrl":"https:\/\/secure.gravatar.com\/avatar\/2545924aa250de68ac8368367a79b663e59571cd131611f54c89b0613a94e230?s=96&d=mm&r=g","caption":"Florent Rrahmani"}}]}},"_links":{"self":[{"href":"https:\/\/president-ksgov.net\/sr\/wp-json\/wp\/v2\/posts\/141799","targetHints":{"allow":["GET"]}}],"collection":[{"href":"https:\/\/president-ksgov.net\/sr\/wp-json\/wp\/v2\/posts"}],"about":[{"href":"https:\/\/president-ksgov.net\/sr\/wp-json\/wp\/v2\/types\/post"}],"author":[{"embeddable":true,"href":"https:\/\/president-ksgov.net\/sr\/wp-json\/wp\/v2\/users\/9"}],"replies":[{"embeddable":true,"href":"https:\/\/president-ksgov.net\/sr\/wp-json\/wp\/v2\/comments?post=141799"}],"version-history":[{"count":1,"href":"https:\/\/president-ksgov.net\/sr\/wp-json\/wp\/v2\/posts\/141799\/revisions"}],"predecessor-version":[{"id":141800,"href":"https:\/\/president-ksgov.net\/sr\/wp-json\/wp\/v2\/posts\/141799\/revisions\/141800"}],"wp:featuredmedia":[{"embeddable":true,"href":"https:\/\/president-ksgov.net\/sr\/wp-json\/wp\/v2\/media\/139137"}],"wp:attachment":[{"href":"https:\/\/president-ksgov.net\/sr\/wp-json\/wp\/v2\/media?parent=141799"}],"wp:term":[{"taxonomy":"category","embeddable":true,"href":"https:\/\/president-ksgov.net\/sr\/wp-json\/wp\/v2\/categories?post=141799"},{"taxonomy":"post_tag","embeddable":true,"href":"https:\/\/president-ksgov.net\/sr\/wp-json\/wp\/v2\/tags?post=141799"}],"curies":[{"name":"wp","href":"https:\/\/api.w.org\/{rel}","templated":true}]}}