{"id":141743,"date":"2024-09-10T11:43:19","date_gmt":"2024-09-10T09:43:19","guid":{"rendered":"https:\/\/president-ksgov.net\/?p=141743"},"modified":"2024-09-10T14:51:35","modified_gmt":"2024-09-10T12:51:35","slug":"predsednica-osmani-pozvana-je-na-globalni-samit-vital-voices-summit-u-poljskoj","status":"publish","type":"post","link":"https:\/\/president-ksgov.net\/sr\/predsednica-osmani-pozvana-je-na-globalni-samit-vital-voices-summit-u-poljskoj\/","title":{"rendered":"Predsednica Osmani pozvana je na globalni samit \u201cVital Voices Summit&#8220; u Poljskoj"},"content":{"rendered":"<p>Predsednica Republike Kosova, Vjosa Osmani, otputovala je u Poljsku da u\u010destvuje na globalnom samitu \u201cVital Voices Summit\u201c.<\/p>\n<p>Na ovom Samitu, Predsednica Osmani \u0107e biti glavna govornica u razgovoru na temu &#8222;\u017dene za prava i demokratiju&#8220;, pod moderacijom ambasadorke Melanne Verveer, izvr\u0161ne direktorice Georgetown instituta za \u017eene, mir i bezbednost, ujedno prva ambasadorka SAD-a za Globalna pitanja za \u017eene i suosniva\u010dica Vital Voices.<\/p>\n<p>&#8222;Vital Voices&#8220;, od svog osnivanja u 1997. godini, je direktno podr\u017eao vi\u0161e od 20,000 \u017eena liderki promena u 185 zemalja \u0161irom sveta i izgradio najmo\u0107niju globalnu mre\u017eu \u017eena liderki koje se anga\u017euju za ravnopravniji svet za sve.<\/p>\n","protected":false},"excerpt":{"rendered":"<p>Predsednica Republike Kosova, Vjosa Osmani, otputovala je u Poljsku da u\u010destvuje na globalnom samitu \u201cVital Voices Summit\u201c. Na ovom Samitu, Predsednica Osmani \u0107e biti glavna govornica u razgovoru na temu &#8222;\u017dene za prava i demokratiju&#8220;, pod moderacijom ambasadorke Melanne Verveer, izvr\u0161ne direktorice Georgetown instituta za \u017eene, mir i bezbednost, ujedno prva ambasadorka SAD-a za Globalna pitanja za \u017eene i suosniva\u010dica Vital Voices. &#8222;Vital Voices&#8220;, od svog osnivanja u 1997. godini, je direktno podr\u017eao vi\u0161e od 20,000 \u017eena liderki promena u 185 zemalja \u0161irom sveta i izgradio najmo\u0107niju globalnu mre\u017eu \u017eena liderki koje se anga\u017euju za ravnopravniji svet za sve.<\/p>\n","protected":false},"author":9,"featured_media":141727,"comment_status":"closed","ping_status":"closed","sticky":false,"template":"","format":"standard","meta":{"_eb_attr":"","footnotes":""},"categories":[101],"tags":[],"class_list":["post-141743","post","type-post","status-publish","format-standard","has-post-thumbnail","hentry","category-vesti"],"yoast_head":"<!-- This site is optimized with the Yoast SEO plugin v23.5 - https:\/\/yoast.com\/wordpress\/plugins\/seo\/ -->\n<title>Predsednica Osmani pozvana je na globalni samit \u201cVital Voices Summit&quot; u Poljskoj - Predsednik Republike Kosovo - DR. VJOSA OSMANI - SADRIU<\/title>\n<meta name=\"description\" content=\"Predsednica Osmani pozvana je na globalni samit \u201cVital Voices Summit&quot; u Poljskoj - Predsednik Republike Kosovo - DR. VJOSA OSMANI - SADRIU -\" \/>\n<meta name=\"robots\" content=\"index, follow, max-snippet:-1, max-image-preview:large, max-video-preview:-1\" \/>\n<link rel=\"canonical\" href=\"https:\/\/president-ksgov.net\/sr\/predsednica-osmani-pozvana-je-na-globalni-samit-vital-voices-summit-u-poljskoj\/\" \/>\n<meta property=\"og:locale\" content=\"sr_RS\" \/>\n<meta property=\"og:type\" content=\"article\" \/>\n<meta property=\"og:title\" content=\"Predsednica Osmani pozvana je na globalni samit \u201cVital Voices Summit&quot; u Poljskoj - Predsednik Republike Kosovo - DR. VJOSA OSMANI - SADRIU\" \/>\n<meta property=\"og:description\" content=\"Predsednica Osmani pozvana je na globalni samit \u201cVital Voices Summit&quot; u Poljskoj - Predsednik Republike Kosovo - DR. VJOSA OSMANI - SADRIU -\" \/>\n<meta property=\"og:url\" content=\"https:\/\/president-ksgov.net\/sr\/predsednica-osmani-pozvana-je-na-globalni-samit-vital-voices-summit-u-poljskoj\/\" \/>\n<meta property=\"og:site_name\" content=\"Predsednik Republike Kosovo - DR. VJOSA OSMANI - SADRIU\" \/>\n<meta property=\"article:published_time\" content=\"2024-09-10T09:43:19+00:00\" \/>\n<meta property=\"article:modified_time\" content=\"2024-09-10T12:51:35+00:00\" \/>\n<meta property=\"og:image\" content=\"https:\/\/president-ksgov.net\/wp-content\/uploads\/DSC_1917-copy-scaled.jpg\" \/>\n\t<meta property=\"og:image:width\" content=\"2008\" \/>\n\t<meta property=\"og:image:height\" content=\"2560\" \/>\n\t<meta property=\"og:image:type\" content=\"image\/jpeg\" \/>\n<meta name=\"author\" content=\"Florent Rrahmani\" \/>\n<meta name=\"twitter:card\" content=\"summary_large_image\" \/>\n<meta name=\"twitter:label1\" content=\"\u041d\u0430\u043f\u0438\u0441\u0430\u043d\u043e \u043e\u0434\" \/>\n\t<meta name=\"twitter:data1\" content=\"Florent Rrahmani\" \/>\n\t<meta name=\"twitter:label2\" content=\"\u041f\u0440\u043e\u0446\u0435\u045a\u0435\u043d\u043e \u0432\u0440\u0435\u043c\u0435 \u0447\u0438\u0442\u0430\u045a\u0430\" \/>\n\t<meta name=\"twitter:data2\" content=\"1 \u043c\u0438\u043d\u0443\u0442\" \/>\n<script type=\"application\/ld+json\" class=\"yoast-schema-graph\">{\"@context\":\"https:\/\/schema.org\",\"@graph\":[{\"@type\":\"WebPage\",\"@id\":\"https:\/\/president-ksgov.net\/sr\/predsednica-osmani-pozvana-je-na-globalni-samit-vital-voices-summit-u-poljskoj\/\",\"url\":\"https:\/\/president-ksgov.net\/sr\/predsednica-osmani-pozvana-je-na-globalni-samit-vital-voices-summit-u-poljskoj\/\",\"name\":\"Predsednica Osmani pozvana je na globalni samit \u201cVital Voices Summit\\\" u Poljskoj - Predsednik Republike Kosovo - DR. VJOSA OSMANI - SADRIU\",\"isPartOf\":{\"@id\":\"https:\/\/president-ksgov.net\/#website\"},\"primaryImageOfPage\":{\"@id\":\"https:\/\/president-ksgov.net\/sr\/predsednica-osmani-pozvana-je-na-globalni-samit-vital-voices-summit-u-poljskoj\/#primaryimage\"},\"image\":{\"@id\":\"https:\/\/president-ksgov.net\/sr\/predsednica-osmani-pozvana-je-na-globalni-samit-vital-voices-summit-u-poljskoj\/#primaryimage\"},\"thumbnailUrl\":\"https:\/\/president-ksgov.net\/wp-content\/uploads\/DSC_1917-copy-scaled.jpg\",\"datePublished\":\"2024-09-10T09:43:19+00:00\",\"dateModified\":\"2024-09-10T12:51:35+00:00\",\"author\":{\"@id\":\"https:\/\/president-ksgov.net\/#\/schema\/person\/7c46f744a99d3f1616b92658282aa934\"},\"description\":\"Predsednica Osmani pozvana je na globalni samit \u201cVital Voices Summit\\\" u Poljskoj - Predsednik Republike Kosovo - DR. VJOSA OSMANI - SADRIU -\",\"breadcrumb\":{\"@id\":\"https:\/\/president-ksgov.net\/sr\/predsednica-osmani-pozvana-je-na-globalni-samit-vital-voices-summit-u-poljskoj\/#breadcrumb\"},\"inLanguage\":\"sr-RS\",\"potentialAction\":[{\"@type\":\"ReadAction\",\"target\":[\"https:\/\/president-ksgov.net\/sr\/predsednica-osmani-pozvana-je-na-globalni-samit-vital-voices-summit-u-poljskoj\/\"]}]},{\"@type\":\"ImageObject\",\"inLanguage\":\"sr-RS\",\"@id\":\"https:\/\/president-ksgov.net\/sr\/predsednica-osmani-pozvana-je-na-globalni-samit-vital-voices-summit-u-poljskoj\/#primaryimage\",\"url\":\"https:\/\/president-ksgov.net\/wp-content\/uploads\/DSC_1917-copy-scaled.jpg\",\"contentUrl\":\"https:\/\/president-ksgov.net\/wp-content\/uploads\/DSC_1917-copy-scaled.jpg\",\"width\":2008,\"height\":2560},{\"@type\":\"BreadcrumbList\",\"@id\":\"https:\/\/president-ksgov.net\/sr\/predsednica-osmani-pozvana-je-na-globalni-samit-vital-voices-summit-u-poljskoj\/#breadcrumb\",\"itemListElement\":[{\"@type\":\"ListItem\",\"position\":1,\"name\":\"Home\",\"item\":\"https:\/\/president-ksgov.net\/sr\/\"},{\"@type\":\"ListItem\",\"position\":2,\"name\":\"Predsednica Osmani pozvana je na globalni samit \u201cVital Voices Summit&#8221; u Poljskoj\"}]},{\"@type\":\"WebSite\",\"@id\":\"https:\/\/president-ksgov.net\/#website\",\"url\":\"https:\/\/president-ksgov.net\/\",\"name\":\"Presidente e Republik\u00ebs s\u00eb Kosov\u00ebs\",\"description\":\"Presidente e Republik\u00ebs s\u00eb Kosov\u00ebs\",\"alternateName\":\"DR. VJOSA OSMANI - SADRIU\",\"potentialAction\":[{\"@type\":\"SearchAction\",\"target\":{\"@type\":\"EntryPoint\",\"urlTemplate\":\"https:\/\/president-ksgov.net\/?s={search_term_string}\"},\"query-input\":{\"@type\":\"PropertyValueSpecification\",\"valueRequired\":true,\"valueName\":\"search_term_string\"}}],\"inLanguage\":\"sr-RS\"},{\"@type\":\"Person\",\"@id\":\"https:\/\/president-ksgov.net\/#\/schema\/person\/7c46f744a99d3f1616b92658282aa934\",\"name\":\"Florent Rrahmani\",\"image\":{\"@type\":\"ImageObject\",\"inLanguage\":\"sr-RS\",\"@id\":\"https:\/\/president-ksgov.net\/#\/schema\/person\/image\/\",\"url\":\"https:\/\/secure.gravatar.com\/avatar\/2545924aa250de68ac8368367a79b663e59571cd131611f54c89b0613a94e230?s=96&d=mm&r=g\",\"contentUrl\":\"https:\/\/secure.gravatar.com\/avatar\/2545924aa250de68ac8368367a79b663e59571cd131611f54c89b0613a94e230?s=96&d=mm&r=g\",\"caption\":\"Florent Rrahmani\"}}]}<\/script>\n<!-- \/ Yoast SEO plugin. -->","yoast_head_json":{"title":"Predsednica Osmani pozvana je na globalni samit \u201cVital Voices Summit\" u Poljskoj - Predsednik Republike Kosovo - DR. VJOSA OSMANI - SADRIU","description":"Predsednica Osmani pozvana je na globalni samit \u201cVital Voices Summit\" u Poljskoj - Predsednik Republike Kosovo - DR. VJOSA OSMANI - SADRIU -","robots":{"index":"index","follow":"follow","max-snippet":"max-snippet:-1","max-image-preview":"max-image-preview:large","max-video-preview":"max-video-preview:-1"},"canonical":"https:\/\/president-ksgov.net\/sr\/predsednica-osmani-pozvana-je-na-globalni-samit-vital-voices-summit-u-poljskoj\/","og_locale":"sr_RS","og_type":"article","og_title":"Predsednica Osmani pozvana je na globalni samit \u201cVital Voices Summit\" u Poljskoj - Predsednik Republike Kosovo - DR. VJOSA OSMANI - SADRIU","og_description":"Predsednica Osmani pozvana je na globalni samit \u201cVital Voices Summit\" u Poljskoj - Predsednik Republike Kosovo - DR. VJOSA OSMANI - SADRIU -","og_url":"https:\/\/president-ksgov.net\/sr\/predsednica-osmani-pozvana-je-na-globalni-samit-vital-voices-summit-u-poljskoj\/","og_site_name":"Predsednik Republike Kosovo - DR. VJOSA OSMANI - SADRIU","article_published_time":"2024-09-10T09:43:19+00:00","article_modified_time":"2024-09-10T12:51:35+00:00","og_image":[{"width":2008,"height":2560,"url":"https:\/\/president-ksgov.net\/wp-content\/uploads\/DSC_1917-copy-scaled.jpg","type":"image\/jpeg"}],"author":"Florent Rrahmani","twitter_card":"summary_large_image","twitter_misc":{"\u041d\u0430\u043f\u0438\u0441\u0430\u043d\u043e \u043e\u0434":"Florent Rrahmani","\u041f\u0440\u043e\u0446\u0435\u045a\u0435\u043d\u043e \u0432\u0440\u0435\u043c\u0435 \u0447\u0438\u0442\u0430\u045a\u0430":"1 \u043c\u0438\u043d\u0443\u0442"},"schema":{"@context":"https:\/\/schema.org","@graph":[{"@type":"WebPage","@id":"https:\/\/president-ksgov.net\/sr\/predsednica-osmani-pozvana-je-na-globalni-samit-vital-voices-summit-u-poljskoj\/","url":"https:\/\/president-ksgov.net\/sr\/predsednica-osmani-pozvana-je-na-globalni-samit-vital-voices-summit-u-poljskoj\/","name":"Predsednica Osmani pozvana je na globalni samit \u201cVital Voices Summit\" u Poljskoj - Predsednik Republike Kosovo - DR. VJOSA OSMANI - SADRIU","isPartOf":{"@id":"https:\/\/president-ksgov.net\/#website"},"primaryImageOfPage":{"@id":"https:\/\/president-ksgov.net\/sr\/predsednica-osmani-pozvana-je-na-globalni-samit-vital-voices-summit-u-poljskoj\/#primaryimage"},"image":{"@id":"https:\/\/president-ksgov.net\/sr\/predsednica-osmani-pozvana-je-na-globalni-samit-vital-voices-summit-u-poljskoj\/#primaryimage"},"thumbnailUrl":"https:\/\/president-ksgov.net\/wp-content\/uploads\/DSC_1917-copy-scaled.jpg","datePublished":"2024-09-10T09:43:19+00:00","dateModified":"2024-09-10T12:51:35+00:00","author":{"@id":"https:\/\/president-ksgov.net\/#\/schema\/person\/7c46f744a99d3f1616b92658282aa934"},"description":"Predsednica Osmani pozvana je na globalni samit \u201cVital Voices Summit\" u Poljskoj - Predsednik Republike Kosovo - DR. VJOSA OSMANI - SADRIU -","breadcrumb":{"@id":"https:\/\/president-ksgov.net\/sr\/predsednica-osmani-pozvana-je-na-globalni-samit-vital-voices-summit-u-poljskoj\/#breadcrumb"},"inLanguage":"sr-RS","potentialAction":[{"@type":"ReadAction","target":["https:\/\/president-ksgov.net\/sr\/predsednica-osmani-pozvana-je-na-globalni-samit-vital-voices-summit-u-poljskoj\/"]}]},{"@type":"ImageObject","inLanguage":"sr-RS","@id":"https:\/\/president-ksgov.net\/sr\/predsednica-osmani-pozvana-je-na-globalni-samit-vital-voices-summit-u-poljskoj\/#primaryimage","url":"https:\/\/president-ksgov.net\/wp-content\/uploads\/DSC_1917-copy-scaled.jpg","contentUrl":"https:\/\/president-ksgov.net\/wp-content\/uploads\/DSC_1917-copy-scaled.jpg","width":2008,"height":2560},{"@type":"BreadcrumbList","@id":"https:\/\/president-ksgov.net\/sr\/predsednica-osmani-pozvana-je-na-globalni-samit-vital-voices-summit-u-poljskoj\/#breadcrumb","itemListElement":[{"@type":"ListItem","position":1,"name":"Home","item":"https:\/\/president-ksgov.net\/sr\/"},{"@type":"ListItem","position":2,"name":"Predsednica Osmani pozvana je na globalni samit \u201cVital Voices Summit&#8221; u Poljskoj"}]},{"@type":"WebSite","@id":"https:\/\/president-ksgov.net\/#website","url":"https:\/\/president-ksgov.net\/","name":"Presidente e Republik\u00ebs s\u00eb Kosov\u00ebs","description":"Presidente e Republik\u00ebs s\u00eb Kosov\u00ebs","alternateName":"DR. VJOSA OSMANI - SADRIU","potentialAction":[{"@type":"SearchAction","target":{"@type":"EntryPoint","urlTemplate":"https:\/\/president-ksgov.net\/?s={search_term_string}"},"query-input":{"@type":"PropertyValueSpecification","valueRequired":true,"valueName":"search_term_string"}}],"inLanguage":"sr-RS"},{"@type":"Person","@id":"https:\/\/president-ksgov.net\/#\/schema\/person\/7c46f744a99d3f1616b92658282aa934","name":"Florent Rrahmani","image":{"@type":"ImageObject","inLanguage":"sr-RS","@id":"https:\/\/president-ksgov.net\/#\/schema\/person\/image\/","url":"https:\/\/secure.gravatar.com\/avatar\/2545924aa250de68ac8368367a79b663e59571cd131611f54c89b0613a94e230?s=96&d=mm&r=g","contentUrl":"https:\/\/secure.gravatar.com\/avatar\/2545924aa250de68ac8368367a79b663e59571cd131611f54c89b0613a94e230?s=96&d=mm&r=g","caption":"Florent Rrahmani"}}]}},"_links":{"self":[{"href":"https:\/\/president-ksgov.net\/sr\/wp-json\/wp\/v2\/posts\/141743","targetHints":{"allow":["GET"]}}],"collection":[{"href":"https:\/\/president-ksgov.net\/sr\/wp-json\/wp\/v2\/posts"}],"about":[{"href":"https:\/\/president-ksgov.net\/sr\/wp-json\/wp\/v2\/types\/post"}],"author":[{"embeddable":true,"href":"https:\/\/president-ksgov.net\/sr\/wp-json\/wp\/v2\/users\/9"}],"replies":[{"embeddable":true,"href":"https:\/\/president-ksgov.net\/sr\/wp-json\/wp\/v2\/comments?post=141743"}],"version-history":[{"count":1,"href":"https:\/\/president-ksgov.net\/sr\/wp-json\/wp\/v2\/posts\/141743\/revisions"}],"predecessor-version":[{"id":141744,"href":"https:\/\/president-ksgov.net\/sr\/wp-json\/wp\/v2\/posts\/141743\/revisions\/141744"}],"wp:featuredmedia":[{"embeddable":true,"href":"https:\/\/president-ksgov.net\/sr\/wp-json\/wp\/v2\/media\/141727"}],"wp:attachment":[{"href":"https:\/\/president-ksgov.net\/sr\/wp-json\/wp\/v2\/media?parent=141743"}],"wp:term":[{"taxonomy":"category","embeddable":true,"href":"https:\/\/president-ksgov.net\/sr\/wp-json\/wp\/v2\/categories?post=141743"},{"taxonomy":"post_tag","embeddable":true,"href":"https:\/\/president-ksgov.net\/sr\/wp-json\/wp\/v2\/tags?post=141743"}],"curies":[{"name":"wp","href":"https:\/\/api.w.org\/{rel}","templated":true}]}}