{"id":140950,"date":"2024-08-19T13:09:43","date_gmt":"2024-08-19T11:09:43","guid":{"rendered":"https:\/\/president-ksgov.net\/?p=140950"},"modified":"2024-08-19T13:45:39","modified_gmt":"2024-08-19T11:45:39","slug":"predsednica-osmani-docekala-na-sastanku-komandanta-kfor-a-general-majora-ozkana-ulutasa","status":"publish","type":"post","link":"https:\/\/president-ksgov.net\/sr\/predsednica-osmani-docekala-na-sastanku-komandanta-kfor-a-general-majora-ozkana-ulutasa\/","title":{"rendered":"Predsednica Osmani do\u010dekala na sastanku komandanta KFOR-a, general-majora \u00d6zkana Uluta\u015fa"},"content":{"rendered":"<p>Predsednica Republike Kosovo Vjosa Osmani do\u010dekala je danas na sastanku komandanta KFOR-a general-majora \u00d6zkana Uluta\u015fa.<\/p>\n<p>Na sastanku je razgovarano o poslednjim de\u0161avanjima u oblasti bezbednosti, uklju\u010duju\u0107i otvaranje mosta na Ibru.<\/p>\n<p>Predsednica Osmani je ponovila stav da pitanje otvaranja mosta ne bi trebalo da bude tema dijaloga sa Srbijom. Predsednica je ponovila da je otvaranje mosta, kao \u010din normalizacije i integracije, u interesu svih gra\u0111ana, bez obzira na nacionalnu pripadnost. S tim u vezi, predsednica Osmani je pomenula zna\u010daj konsultacija i koordinacije izme\u0111u na\u0161ih institucija i na\u0161ih bezbednosnih partnera, posebno sa NATO-om, kako bi se izgradio zajedni\u010dki plan sprovo\u0111enja za otvaranje mosta za sav saobra\u0107aj, koji ima u vidu bezbednosne procene i interese na\u0161ih gra\u0111ana.<\/p>\n<p>Predsednica Osmani se zahvalila komandantu KFOR-a na li\u010dnom zalaganju, kao i svim vojnicima KFOR-a, za o\u010duvanje mira i bezbednosti u zemlji.<\/p>\n","protected":false},"excerpt":{"rendered":"<p>Predsednica Republike Kosovo Vjosa Osmani do\u010dekala je danas na sastanku komandanta KFOR-a general-majora \u00d6zkana Uluta\u015fa. Na sastanku je razgovarano o poslednjim de\u0161avanjima u oblasti bezbednosti, uklju\u010duju\u0107i otvaranje mosta na Ibru. Predsednica Osmani je ponovila stav da pitanje otvaranja mosta ne bi trebalo da bude tema dijaloga sa Srbijom. Predsednica je ponovila da je otvaranje mosta, kao \u010din normalizacije i integracije, u interesu svih gra\u0111ana, bez obzira na nacionalnu pripadnost. S tim u vezi, predsednica Osmani je pomenula zna\u010daj konsultacija i koordinacije izme\u0111u na\u0161ih institucija i na\u0161ih bezbednosnih partnera, posebno sa NATO-om, kako bi se izgradio zajedni\u010dki plan sprovo\u0111enja za otvaranje mosta za sav saobra\u0107aj, koji ima u vidu bezbednosne procene i interese na\u0161ih gra\u0111ana. Predsednica Osmani se zahvalila komandantu KFOR-a na li\u010dnom zalaganju, kao i svim vojnicima KFOR-a, za o\u010duvanje mira i bezbednosti u zemlji.<\/p>\n","protected":false},"author":11,"featured_media":140943,"comment_status":"closed","ping_status":"closed","sticky":false,"template":"","format":"standard","meta":{"_eb_attr":"","footnotes":""},"categories":[101],"tags":[],"class_list":["post-140950","post","type-post","status-publish","format-standard","has-post-thumbnail","hentry","category-vesti"],"yoast_head":"<!-- This site is optimized with the Yoast SEO plugin v23.5 - https:\/\/yoast.com\/wordpress\/plugins\/seo\/ -->\n<title>Predsednica Osmani do\u010dekala na sastanku komandanta KFOR-a, general-majora \u00d6zkana Uluta\u015fa - Predsednik Republike Kosovo - DR. VJOSA OSMANI - SADRIU<\/title>\n<meta name=\"description\" content=\"Predsednica Osmani do\u010dekala na sastanku komandanta KFOR-a, general-majora \u00d6zkana Uluta\u015fa - Predsednik Republike Kosovo - DR. VJOSA OSMANI - SADRIU -\" \/>\n<meta name=\"robots\" content=\"index, follow, max-snippet:-1, max-image-preview:large, max-video-preview:-1\" \/>\n<link rel=\"canonical\" href=\"https:\/\/president-ksgov.net\/sr\/predsednica-osmani-docekala-na-sastanku-komandanta-kfor-a-general-majora-ozkana-ulutasa\/\" \/>\n<meta property=\"og:locale\" content=\"sr_RS\" \/>\n<meta property=\"og:type\" content=\"article\" \/>\n<meta property=\"og:title\" content=\"Predsednica Osmani do\u010dekala na sastanku komandanta KFOR-a, general-majora \u00d6zkana Uluta\u015fa - Predsednik Republike Kosovo - DR. VJOSA OSMANI - SADRIU\" \/>\n<meta property=\"og:description\" content=\"Predsednica Osmani do\u010dekala na sastanku komandanta KFOR-a, general-majora \u00d6zkana Uluta\u015fa - Predsednik Republike Kosovo - DR. VJOSA OSMANI - SADRIU -\" \/>\n<meta property=\"og:url\" content=\"https:\/\/president-ksgov.net\/sr\/predsednica-osmani-docekala-na-sastanku-komandanta-kfor-a-general-majora-ozkana-ulutasa\/\" \/>\n<meta property=\"og:site_name\" content=\"Predsednik Republike Kosovo - DR. VJOSA OSMANI - SADRIU\" \/>\n<meta property=\"article:published_time\" content=\"2024-08-19T11:09:43+00:00\" \/>\n<meta property=\"article:modified_time\" content=\"2024-08-19T11:45:39+00:00\" \/>\n<meta property=\"og:image\" content=\"https:\/\/president-ksgov.net\/wp-content\/uploads\/ZPRK-475-scaled.jpg\" \/>\n\t<meta property=\"og:image:width\" content=\"2560\" \/>\n\t<meta property=\"og:image:height\" content=\"1679\" \/>\n\t<meta property=\"og:image:type\" content=\"image\/jpeg\" \/>\n<meta name=\"author\" content=\"presidentlogin\" \/>\n<meta name=\"twitter:card\" content=\"summary_large_image\" \/>\n<meta name=\"twitter:label1\" content=\"\u041d\u0430\u043f\u0438\u0441\u0430\u043d\u043e \u043e\u0434\" \/>\n\t<meta name=\"twitter:data1\" content=\"presidentlogin\" \/>\n\t<meta name=\"twitter:label2\" content=\"\u041f\u0440\u043e\u0446\u0435\u045a\u0435\u043d\u043e \u0432\u0440\u0435\u043c\u0435 \u0447\u0438\u0442\u0430\u045a\u0430\" \/>\n\t<meta name=\"twitter:data2\" content=\"1 \u043c\u0438\u043d\u0443\u0442\" \/>\n<script type=\"application\/ld+json\" class=\"yoast-schema-graph\">{\"@context\":\"https:\/\/schema.org\",\"@graph\":[{\"@type\":\"WebPage\",\"@id\":\"https:\/\/president-ksgov.net\/sr\/predsednica-osmani-docekala-na-sastanku-komandanta-kfor-a-general-majora-ozkana-ulutasa\/\",\"url\":\"https:\/\/president-ksgov.net\/sr\/predsednica-osmani-docekala-na-sastanku-komandanta-kfor-a-general-majora-ozkana-ulutasa\/\",\"name\":\"Predsednica Osmani do\u010dekala na sastanku komandanta KFOR-a, general-majora \u00d6zkana Uluta\u015fa - Predsednik Republike Kosovo - DR. VJOSA OSMANI - SADRIU\",\"isPartOf\":{\"@id\":\"https:\/\/president-ksgov.net\/#website\"},\"primaryImageOfPage\":{\"@id\":\"https:\/\/president-ksgov.net\/sr\/predsednica-osmani-docekala-na-sastanku-komandanta-kfor-a-general-majora-ozkana-ulutasa\/#primaryimage\"},\"image\":{\"@id\":\"https:\/\/president-ksgov.net\/sr\/predsednica-osmani-docekala-na-sastanku-komandanta-kfor-a-general-majora-ozkana-ulutasa\/#primaryimage\"},\"thumbnailUrl\":\"https:\/\/president-ksgov.net\/wp-content\/uploads\/ZPRK-475-scaled.jpg\",\"datePublished\":\"2024-08-19T11:09:43+00:00\",\"dateModified\":\"2024-08-19T11:45:39+00:00\",\"author\":{\"@id\":\"https:\/\/president-ksgov.net\/#\/schema\/person\/1a2c014cffc81ec60d5a452a36d08d92\"},\"description\":\"Predsednica Osmani do\u010dekala na sastanku komandanta KFOR-a, general-majora \u00d6zkana Uluta\u015fa - Predsednik Republike Kosovo - DR. VJOSA OSMANI - SADRIU -\",\"breadcrumb\":{\"@id\":\"https:\/\/president-ksgov.net\/sr\/predsednica-osmani-docekala-na-sastanku-komandanta-kfor-a-general-majora-ozkana-ulutasa\/#breadcrumb\"},\"inLanguage\":\"sr-RS\",\"potentialAction\":[{\"@type\":\"ReadAction\",\"target\":[\"https:\/\/president-ksgov.net\/sr\/predsednica-osmani-docekala-na-sastanku-komandanta-kfor-a-general-majora-ozkana-ulutasa\/\"]}]},{\"@type\":\"ImageObject\",\"inLanguage\":\"sr-RS\",\"@id\":\"https:\/\/president-ksgov.net\/sr\/predsednica-osmani-docekala-na-sastanku-komandanta-kfor-a-general-majora-ozkana-ulutasa\/#primaryimage\",\"url\":\"https:\/\/president-ksgov.net\/wp-content\/uploads\/ZPRK-475-scaled.jpg\",\"contentUrl\":\"https:\/\/president-ksgov.net\/wp-content\/uploads\/ZPRK-475-scaled.jpg\",\"width\":2560,\"height\":1679},{\"@type\":\"BreadcrumbList\",\"@id\":\"https:\/\/president-ksgov.net\/sr\/predsednica-osmani-docekala-na-sastanku-komandanta-kfor-a-general-majora-ozkana-ulutasa\/#breadcrumb\",\"itemListElement\":[{\"@type\":\"ListItem\",\"position\":1,\"name\":\"Home\",\"item\":\"https:\/\/president-ksgov.net\/sr\/\"},{\"@type\":\"ListItem\",\"position\":2,\"name\":\"Predsednica Osmani do\u010dekala na sastanku komandanta KFOR-a, general-majora \u00d6zkana Uluta\u015fa\"}]},{\"@type\":\"WebSite\",\"@id\":\"https:\/\/president-ksgov.net\/#website\",\"url\":\"https:\/\/president-ksgov.net\/\",\"name\":\"Presidente e Republik\u00ebs s\u00eb Kosov\u00ebs\",\"description\":\"Presidente e Republik\u00ebs s\u00eb Kosov\u00ebs\",\"alternateName\":\"DR. VJOSA OSMANI - SADRIU\",\"potentialAction\":[{\"@type\":\"SearchAction\",\"target\":{\"@type\":\"EntryPoint\",\"urlTemplate\":\"https:\/\/president-ksgov.net\/?s={search_term_string}\"},\"query-input\":{\"@type\":\"PropertyValueSpecification\",\"valueRequired\":true,\"valueName\":\"search_term_string\"}}],\"inLanguage\":\"sr-RS\"},{\"@type\":\"Person\",\"@id\":\"https:\/\/president-ksgov.net\/#\/schema\/person\/1a2c014cffc81ec60d5a452a36d08d92\",\"name\":\"presidentlogin\",\"image\":{\"@type\":\"ImageObject\",\"inLanguage\":\"sr-RS\",\"@id\":\"https:\/\/president-ksgov.net\/#\/schema\/person\/image\/\",\"url\":\"https:\/\/secure.gravatar.com\/avatar\/339f00ab0a8a0d5ce1ecff10aa2b4a1f51f58bbd5a57793f8cd6ad624080d807?s=96&d=mm&r=g\",\"contentUrl\":\"https:\/\/secure.gravatar.com\/avatar\/339f00ab0a8a0d5ce1ecff10aa2b4a1f51f58bbd5a57793f8cd6ad624080d807?s=96&d=mm&r=g\",\"caption\":\"presidentlogin\"}}]}<\/script>\n<!-- \/ Yoast SEO plugin. -->","yoast_head_json":{"title":"Predsednica Osmani do\u010dekala na sastanku komandanta KFOR-a, general-majora \u00d6zkana Uluta\u015fa - Predsednik Republike Kosovo - DR. VJOSA OSMANI - SADRIU","description":"Predsednica Osmani do\u010dekala na sastanku komandanta KFOR-a, general-majora \u00d6zkana Uluta\u015fa - Predsednik Republike Kosovo - DR. VJOSA OSMANI - SADRIU -","robots":{"index":"index","follow":"follow","max-snippet":"max-snippet:-1","max-image-preview":"max-image-preview:large","max-video-preview":"max-video-preview:-1"},"canonical":"https:\/\/president-ksgov.net\/sr\/predsednica-osmani-docekala-na-sastanku-komandanta-kfor-a-general-majora-ozkana-ulutasa\/","og_locale":"sr_RS","og_type":"article","og_title":"Predsednica Osmani do\u010dekala na sastanku komandanta KFOR-a, general-majora \u00d6zkana Uluta\u015fa - Predsednik Republike Kosovo - DR. VJOSA OSMANI - SADRIU","og_description":"Predsednica Osmani do\u010dekala na sastanku komandanta KFOR-a, general-majora \u00d6zkana Uluta\u015fa - Predsednik Republike Kosovo - DR. VJOSA OSMANI - SADRIU -","og_url":"https:\/\/president-ksgov.net\/sr\/predsednica-osmani-docekala-na-sastanku-komandanta-kfor-a-general-majora-ozkana-ulutasa\/","og_site_name":"Predsednik Republike Kosovo - DR. VJOSA OSMANI - SADRIU","article_published_time":"2024-08-19T11:09:43+00:00","article_modified_time":"2024-08-19T11:45:39+00:00","og_image":[{"width":2560,"height":1679,"url":"https:\/\/president-ksgov.net\/wp-content\/uploads\/ZPRK-475-scaled.jpg","type":"image\/jpeg"}],"author":"presidentlogin","twitter_card":"summary_large_image","twitter_misc":{"\u041d\u0430\u043f\u0438\u0441\u0430\u043d\u043e \u043e\u0434":"presidentlogin","\u041f\u0440\u043e\u0446\u0435\u045a\u0435\u043d\u043e \u0432\u0440\u0435\u043c\u0435 \u0447\u0438\u0442\u0430\u045a\u0430":"1 \u043c\u0438\u043d\u0443\u0442"},"schema":{"@context":"https:\/\/schema.org","@graph":[{"@type":"WebPage","@id":"https:\/\/president-ksgov.net\/sr\/predsednica-osmani-docekala-na-sastanku-komandanta-kfor-a-general-majora-ozkana-ulutasa\/","url":"https:\/\/president-ksgov.net\/sr\/predsednica-osmani-docekala-na-sastanku-komandanta-kfor-a-general-majora-ozkana-ulutasa\/","name":"Predsednica Osmani do\u010dekala na sastanku komandanta KFOR-a, general-majora \u00d6zkana Uluta\u015fa - Predsednik Republike Kosovo - DR. VJOSA OSMANI - SADRIU","isPartOf":{"@id":"https:\/\/president-ksgov.net\/#website"},"primaryImageOfPage":{"@id":"https:\/\/president-ksgov.net\/sr\/predsednica-osmani-docekala-na-sastanku-komandanta-kfor-a-general-majora-ozkana-ulutasa\/#primaryimage"},"image":{"@id":"https:\/\/president-ksgov.net\/sr\/predsednica-osmani-docekala-na-sastanku-komandanta-kfor-a-general-majora-ozkana-ulutasa\/#primaryimage"},"thumbnailUrl":"https:\/\/president-ksgov.net\/wp-content\/uploads\/ZPRK-475-scaled.jpg","datePublished":"2024-08-19T11:09:43+00:00","dateModified":"2024-08-19T11:45:39+00:00","author":{"@id":"https:\/\/president-ksgov.net\/#\/schema\/person\/1a2c014cffc81ec60d5a452a36d08d92"},"description":"Predsednica Osmani do\u010dekala na sastanku komandanta KFOR-a, general-majora \u00d6zkana Uluta\u015fa - Predsednik Republike Kosovo - DR. VJOSA OSMANI - SADRIU -","breadcrumb":{"@id":"https:\/\/president-ksgov.net\/sr\/predsednica-osmani-docekala-na-sastanku-komandanta-kfor-a-general-majora-ozkana-ulutasa\/#breadcrumb"},"inLanguage":"sr-RS","potentialAction":[{"@type":"ReadAction","target":["https:\/\/president-ksgov.net\/sr\/predsednica-osmani-docekala-na-sastanku-komandanta-kfor-a-general-majora-ozkana-ulutasa\/"]}]},{"@type":"ImageObject","inLanguage":"sr-RS","@id":"https:\/\/president-ksgov.net\/sr\/predsednica-osmani-docekala-na-sastanku-komandanta-kfor-a-general-majora-ozkana-ulutasa\/#primaryimage","url":"https:\/\/president-ksgov.net\/wp-content\/uploads\/ZPRK-475-scaled.jpg","contentUrl":"https:\/\/president-ksgov.net\/wp-content\/uploads\/ZPRK-475-scaled.jpg","width":2560,"height":1679},{"@type":"BreadcrumbList","@id":"https:\/\/president-ksgov.net\/sr\/predsednica-osmani-docekala-na-sastanku-komandanta-kfor-a-general-majora-ozkana-ulutasa\/#breadcrumb","itemListElement":[{"@type":"ListItem","position":1,"name":"Home","item":"https:\/\/president-ksgov.net\/sr\/"},{"@type":"ListItem","position":2,"name":"Predsednica Osmani do\u010dekala na sastanku komandanta KFOR-a, general-majora \u00d6zkana Uluta\u015fa"}]},{"@type":"WebSite","@id":"https:\/\/president-ksgov.net\/#website","url":"https:\/\/president-ksgov.net\/","name":"Presidente e Republik\u00ebs s\u00eb Kosov\u00ebs","description":"Presidente e Republik\u00ebs s\u00eb Kosov\u00ebs","alternateName":"DR. VJOSA OSMANI - SADRIU","potentialAction":[{"@type":"SearchAction","target":{"@type":"EntryPoint","urlTemplate":"https:\/\/president-ksgov.net\/?s={search_term_string}"},"query-input":{"@type":"PropertyValueSpecification","valueRequired":true,"valueName":"search_term_string"}}],"inLanguage":"sr-RS"},{"@type":"Person","@id":"https:\/\/president-ksgov.net\/#\/schema\/person\/1a2c014cffc81ec60d5a452a36d08d92","name":"presidentlogin","image":{"@type":"ImageObject","inLanguage":"sr-RS","@id":"https:\/\/president-ksgov.net\/#\/schema\/person\/image\/","url":"https:\/\/secure.gravatar.com\/avatar\/339f00ab0a8a0d5ce1ecff10aa2b4a1f51f58bbd5a57793f8cd6ad624080d807?s=96&d=mm&r=g","contentUrl":"https:\/\/secure.gravatar.com\/avatar\/339f00ab0a8a0d5ce1ecff10aa2b4a1f51f58bbd5a57793f8cd6ad624080d807?s=96&d=mm&r=g","caption":"presidentlogin"}}]}},"_links":{"self":[{"href":"https:\/\/president-ksgov.net\/sr\/wp-json\/wp\/v2\/posts\/140950","targetHints":{"allow":["GET"]}}],"collection":[{"href":"https:\/\/president-ksgov.net\/sr\/wp-json\/wp\/v2\/posts"}],"about":[{"href":"https:\/\/president-ksgov.net\/sr\/wp-json\/wp\/v2\/types\/post"}],"author":[{"embeddable":true,"href":"https:\/\/president-ksgov.net\/sr\/wp-json\/wp\/v2\/users\/11"}],"replies":[{"embeddable":true,"href":"https:\/\/president-ksgov.net\/sr\/wp-json\/wp\/v2\/comments?post=140950"}],"version-history":[{"count":1,"href":"https:\/\/president-ksgov.net\/sr\/wp-json\/wp\/v2\/posts\/140950\/revisions"}],"predecessor-version":[{"id":140951,"href":"https:\/\/president-ksgov.net\/sr\/wp-json\/wp\/v2\/posts\/140950\/revisions\/140951"}],"wp:featuredmedia":[{"embeddable":true,"href":"https:\/\/president-ksgov.net\/sr\/wp-json\/wp\/v2\/media\/140943"}],"wp:attachment":[{"href":"https:\/\/president-ksgov.net\/sr\/wp-json\/wp\/v2\/media?parent=140950"}],"wp:term":[{"taxonomy":"category","embeddable":true,"href":"https:\/\/president-ksgov.net\/sr\/wp-json\/wp\/v2\/categories?post=140950"},{"taxonomy":"post_tag","embeddable":true,"href":"https:\/\/president-ksgov.net\/sr\/wp-json\/wp\/v2\/tags?post=140950"}],"curies":[{"name":"wp","href":"https:\/\/api.w.org\/{rel}","templated":true}]}}