{"id":140926,"date":"2024-08-15T20:27:09","date_gmt":"2024-08-15T18:27:09","guid":{"rendered":"https:\/\/president-ksgov.net\/?p=140926"},"modified":"2024-08-16T11:46:19","modified_gmt":"2024-08-16T09:46:19","slug":"predsednica-osmani-ucestvovala-na-proslavi-praznika-velike-gospojine-u-letnici-kod-vitine","status":"publish","type":"post","link":"https:\/\/president-ksgov.net\/sr\/predsednica-osmani-ucestvovala-na-proslavi-praznika-velike-gospojine-u-letnici-kod-vitine\/","title":{"rendered":"Predsednica Osmani u\u010destvovala na proslavi praznika Velike Gospojine u Letnici kod Vitine"},"content":{"rendered":"<p><span lang=\"SR-LATN-RS\">Predsednica Republike Kosovo Vjosa Osmani u\u010destvovala je na proslavi praznika Velike Gospojine u Letnici kod Vitine.\u00a0<\/span><\/p>\n<p><span lang=\"SR-LATN-RS\">U nastavku je ceo post predsednice Osmani:<\/span><\/p>\n<p><span lang=\"SR-LATN-RS\">Otvorena srca i nasmejana lica danas su Letnicu pretvorili u centar gostoprimstva i ljubaznosti. Mesto gde je na\u0161a Majka Tereza zapo\u010dela svoj put u ve\u010dnoj slu\u017ebi, jedan ovakav dan najbolje dokazuje puni smisao velikodu\u0161nosti i otvorenosti.<\/span><\/p>\n<p><span lang=\"SR-LATN-RS\">U prisustvu brojnih gra\u0111ana proslavili smo praznik Velike Gospojine, koji je spojio ljubav, saose\u0107anje i mir, vrednosti za koje je Sveta Tereza radila, \u017eivela i ovekove\u010dila sebe.<\/span><\/p>\n<p><span lang=\"SR-LATN-RS\">Hvala vam od srca!<\/span><\/p>\n","protected":false},"excerpt":{"rendered":"<p>Predsednica Republike Kosovo Vjosa Osmani u\u010destvovala je na proslavi praznika Velike Gospojine u Letnici kod Vitine.\u00a0 U nastavku je ceo post predsednice Osmani: Otvorena srca i nasmejana lica danas su Letnicu pretvorili u centar gostoprimstva i ljubaznosti. Mesto gde je na\u0161a Majka Tereza zapo\u010dela svoj put u ve\u010dnoj slu\u017ebi, jedan ovakav dan najbolje dokazuje puni smisao velikodu\u0161nosti i otvorenosti. U prisustvu brojnih gra\u0111ana proslavili smo praznik Velike Gospojine, koji je spojio ljubav, saose\u0107anje i mir, vrednosti za koje je Sveta Tereza radila, \u017eivela i ovekove\u010dila sebe. Hvala vam od srca!<\/p>\n","protected":false},"author":11,"featured_media":140724,"comment_status":"closed","ping_status":"closed","sticky":false,"template":"","format":"standard","meta":{"_eb_attr":"","footnotes":""},"categories":[101],"tags":[],"class_list":["post-140926","post","type-post","status-publish","format-standard","has-post-thumbnail","hentry","category-vesti"],"yoast_head":"<!-- This site is optimized with the Yoast SEO plugin v23.5 - https:\/\/yoast.com\/wordpress\/plugins\/seo\/ -->\n<title>Predsednica Osmani u\u010destvovala na proslavi praznika Velike Gospojine u Letnici kod Vitine - Predsednik Republike Kosovo - DR. VJOSA OSMANI - SADRIU<\/title>\n<meta name=\"description\" content=\"Predsednica Osmani u\u010destvovala na proslavi praznika Velike Gospojine u Letnici kod Vitine - Predsednik Republike Kosovo - DR. VJOSA OSMANI - SADRIU -\" \/>\n<meta name=\"robots\" content=\"index, follow, max-snippet:-1, max-image-preview:large, max-video-preview:-1\" \/>\n<link rel=\"canonical\" href=\"https:\/\/president-ksgov.net\/sr\/predsednica-osmani-ucestvovala-na-proslavi-praznika-velike-gospojine-u-letnici-kod-vitine\/\" \/>\n<meta property=\"og:locale\" content=\"sr_RS\" \/>\n<meta property=\"og:type\" content=\"article\" \/>\n<meta property=\"og:title\" content=\"Predsednica Osmani u\u010destvovala na proslavi praznika Velike Gospojine u Letnici kod Vitine - Predsednik Republike Kosovo - DR. VJOSA OSMANI - SADRIU\" \/>\n<meta property=\"og:description\" content=\"Predsednica Osmani u\u010destvovala na proslavi praznika Velike Gospojine u Letnici kod Vitine - Predsednik Republike Kosovo - DR. VJOSA OSMANI - SADRIU -\" \/>\n<meta property=\"og:url\" content=\"https:\/\/president-ksgov.net\/sr\/predsednica-osmani-ucestvovala-na-proslavi-praznika-velike-gospojine-u-letnici-kod-vitine\/\" \/>\n<meta property=\"og:site_name\" content=\"Predsednik Republike Kosovo - DR. VJOSA OSMANI - SADRIU\" \/>\n<meta property=\"article:published_time\" content=\"2024-08-15T18:27:09+00:00\" \/>\n<meta property=\"article:modified_time\" content=\"2024-08-16T09:46:19+00:00\" \/>\n<meta property=\"og:image\" content=\"https:\/\/president-ksgov.net\/wp-content\/uploads\/1-300.jpg\" \/>\n\t<meta property=\"og:image:width\" content=\"2000\" \/>\n\t<meta property=\"og:image:height\" content=\"1332\" \/>\n\t<meta property=\"og:image:type\" content=\"image\/jpeg\" \/>\n<meta name=\"author\" content=\"presidentlogin\" \/>\n<meta name=\"twitter:card\" content=\"summary_large_image\" \/>\n<meta name=\"twitter:label1\" content=\"\u041d\u0430\u043f\u0438\u0441\u0430\u043d\u043e \u043e\u0434\" \/>\n\t<meta name=\"twitter:data1\" content=\"presidentlogin\" \/>\n\t<meta name=\"twitter:label2\" content=\"\u041f\u0440\u043e\u0446\u0435\u045a\u0435\u043d\u043e \u0432\u0440\u0435\u043c\u0435 \u0447\u0438\u0442\u0430\u045a\u0430\" \/>\n\t<meta name=\"twitter:data2\" content=\"1 \u043c\u0438\u043d\u0443\u0442\" \/>\n<script type=\"application\/ld+json\" class=\"yoast-schema-graph\">{\"@context\":\"https:\/\/schema.org\",\"@graph\":[{\"@type\":\"WebPage\",\"@id\":\"https:\/\/president-ksgov.net\/sr\/predsednica-osmani-ucestvovala-na-proslavi-praznika-velike-gospojine-u-letnici-kod-vitine\/\",\"url\":\"https:\/\/president-ksgov.net\/sr\/predsednica-osmani-ucestvovala-na-proslavi-praznika-velike-gospojine-u-letnici-kod-vitine\/\",\"name\":\"Predsednica Osmani u\u010destvovala na proslavi praznika Velike Gospojine u Letnici kod Vitine - Predsednik Republike Kosovo - DR. VJOSA OSMANI - SADRIU\",\"isPartOf\":{\"@id\":\"https:\/\/president-ksgov.net\/#website\"},\"primaryImageOfPage\":{\"@id\":\"https:\/\/president-ksgov.net\/sr\/predsednica-osmani-ucestvovala-na-proslavi-praznika-velike-gospojine-u-letnici-kod-vitine\/#primaryimage\"},\"image\":{\"@id\":\"https:\/\/president-ksgov.net\/sr\/predsednica-osmani-ucestvovala-na-proslavi-praznika-velike-gospojine-u-letnici-kod-vitine\/#primaryimage\"},\"thumbnailUrl\":\"https:\/\/president-ksgov.net\/wp-content\/uploads\/1-300.jpg\",\"datePublished\":\"2024-08-15T18:27:09+00:00\",\"dateModified\":\"2024-08-16T09:46:19+00:00\",\"author\":{\"@id\":\"https:\/\/president-ksgov.net\/#\/schema\/person\/1a2c014cffc81ec60d5a452a36d08d92\"},\"description\":\"Predsednica Osmani u\u010destvovala na proslavi praznika Velike Gospojine u Letnici kod Vitine - Predsednik Republike Kosovo - DR. VJOSA OSMANI - SADRIU -\",\"breadcrumb\":{\"@id\":\"https:\/\/president-ksgov.net\/sr\/predsednica-osmani-ucestvovala-na-proslavi-praznika-velike-gospojine-u-letnici-kod-vitine\/#breadcrumb\"},\"inLanguage\":\"sr-RS\",\"potentialAction\":[{\"@type\":\"ReadAction\",\"target\":[\"https:\/\/president-ksgov.net\/sr\/predsednica-osmani-ucestvovala-na-proslavi-praznika-velike-gospojine-u-letnici-kod-vitine\/\"]}]},{\"@type\":\"ImageObject\",\"inLanguage\":\"sr-RS\",\"@id\":\"https:\/\/president-ksgov.net\/sr\/predsednica-osmani-ucestvovala-na-proslavi-praznika-velike-gospojine-u-letnici-kod-vitine\/#primaryimage\",\"url\":\"https:\/\/president-ksgov.net\/wp-content\/uploads\/1-300.jpg\",\"contentUrl\":\"https:\/\/president-ksgov.net\/wp-content\/uploads\/1-300.jpg\",\"width\":2000,\"height\":1332},{\"@type\":\"BreadcrumbList\",\"@id\":\"https:\/\/president-ksgov.net\/sr\/predsednica-osmani-ucestvovala-na-proslavi-praznika-velike-gospojine-u-letnici-kod-vitine\/#breadcrumb\",\"itemListElement\":[{\"@type\":\"ListItem\",\"position\":1,\"name\":\"Home\",\"item\":\"https:\/\/president-ksgov.net\/sr\/\"},{\"@type\":\"ListItem\",\"position\":2,\"name\":\"Predsednica Osmani u\u010destvovala na proslavi praznika Velike Gospojine u Letnici kod Vitine\"}]},{\"@type\":\"WebSite\",\"@id\":\"https:\/\/president-ksgov.net\/#website\",\"url\":\"https:\/\/president-ksgov.net\/\",\"name\":\"Presidente e Republik\u00ebs s\u00eb Kosov\u00ebs\",\"description\":\"Presidente e Republik\u00ebs s\u00eb Kosov\u00ebs\",\"alternateName\":\"DR. VJOSA OSMANI - SADRIU\",\"potentialAction\":[{\"@type\":\"SearchAction\",\"target\":{\"@type\":\"EntryPoint\",\"urlTemplate\":\"https:\/\/president-ksgov.net\/?s={search_term_string}\"},\"query-input\":{\"@type\":\"PropertyValueSpecification\",\"valueRequired\":true,\"valueName\":\"search_term_string\"}}],\"inLanguage\":\"sr-RS\"},{\"@type\":\"Person\",\"@id\":\"https:\/\/president-ksgov.net\/#\/schema\/person\/1a2c014cffc81ec60d5a452a36d08d92\",\"name\":\"presidentlogin\",\"image\":{\"@type\":\"ImageObject\",\"inLanguage\":\"sr-RS\",\"@id\":\"https:\/\/president-ksgov.net\/#\/schema\/person\/image\/\",\"url\":\"https:\/\/secure.gravatar.com\/avatar\/339f00ab0a8a0d5ce1ecff10aa2b4a1f51f58bbd5a57793f8cd6ad624080d807?s=96&d=mm&r=g\",\"contentUrl\":\"https:\/\/secure.gravatar.com\/avatar\/339f00ab0a8a0d5ce1ecff10aa2b4a1f51f58bbd5a57793f8cd6ad624080d807?s=96&d=mm&r=g\",\"caption\":\"presidentlogin\"}}]}<\/script>\n<!-- \/ Yoast SEO plugin. -->","yoast_head_json":{"title":"Predsednica Osmani u\u010destvovala na proslavi praznika Velike Gospojine u Letnici kod Vitine - Predsednik Republike Kosovo - DR. VJOSA OSMANI - SADRIU","description":"Predsednica Osmani u\u010destvovala na proslavi praznika Velike Gospojine u Letnici kod Vitine - Predsednik Republike Kosovo - DR. VJOSA OSMANI - SADRIU -","robots":{"index":"index","follow":"follow","max-snippet":"max-snippet:-1","max-image-preview":"max-image-preview:large","max-video-preview":"max-video-preview:-1"},"canonical":"https:\/\/president-ksgov.net\/sr\/predsednica-osmani-ucestvovala-na-proslavi-praznika-velike-gospojine-u-letnici-kod-vitine\/","og_locale":"sr_RS","og_type":"article","og_title":"Predsednica Osmani u\u010destvovala na proslavi praznika Velike Gospojine u Letnici kod Vitine - Predsednik Republike Kosovo - DR. VJOSA OSMANI - SADRIU","og_description":"Predsednica Osmani u\u010destvovala na proslavi praznika Velike Gospojine u Letnici kod Vitine - Predsednik Republike Kosovo - DR. VJOSA OSMANI - SADRIU -","og_url":"https:\/\/president-ksgov.net\/sr\/predsednica-osmani-ucestvovala-na-proslavi-praznika-velike-gospojine-u-letnici-kod-vitine\/","og_site_name":"Predsednik Republike Kosovo - DR. VJOSA OSMANI - SADRIU","article_published_time":"2024-08-15T18:27:09+00:00","article_modified_time":"2024-08-16T09:46:19+00:00","og_image":[{"width":2000,"height":1332,"url":"https:\/\/president-ksgov.net\/wp-content\/uploads\/1-300.jpg","type":"image\/jpeg"}],"author":"presidentlogin","twitter_card":"summary_large_image","twitter_misc":{"\u041d\u0430\u043f\u0438\u0441\u0430\u043d\u043e \u043e\u0434":"presidentlogin","\u041f\u0440\u043e\u0446\u0435\u045a\u0435\u043d\u043e \u0432\u0440\u0435\u043c\u0435 \u0447\u0438\u0442\u0430\u045a\u0430":"1 \u043c\u0438\u043d\u0443\u0442"},"schema":{"@context":"https:\/\/schema.org","@graph":[{"@type":"WebPage","@id":"https:\/\/president-ksgov.net\/sr\/predsednica-osmani-ucestvovala-na-proslavi-praznika-velike-gospojine-u-letnici-kod-vitine\/","url":"https:\/\/president-ksgov.net\/sr\/predsednica-osmani-ucestvovala-na-proslavi-praznika-velike-gospojine-u-letnici-kod-vitine\/","name":"Predsednica Osmani u\u010destvovala na proslavi praznika Velike Gospojine u Letnici kod Vitine - Predsednik Republike Kosovo - DR. VJOSA OSMANI - SADRIU","isPartOf":{"@id":"https:\/\/president-ksgov.net\/#website"},"primaryImageOfPage":{"@id":"https:\/\/president-ksgov.net\/sr\/predsednica-osmani-ucestvovala-na-proslavi-praznika-velike-gospojine-u-letnici-kod-vitine\/#primaryimage"},"image":{"@id":"https:\/\/president-ksgov.net\/sr\/predsednica-osmani-ucestvovala-na-proslavi-praznika-velike-gospojine-u-letnici-kod-vitine\/#primaryimage"},"thumbnailUrl":"https:\/\/president-ksgov.net\/wp-content\/uploads\/1-300.jpg","datePublished":"2024-08-15T18:27:09+00:00","dateModified":"2024-08-16T09:46:19+00:00","author":{"@id":"https:\/\/president-ksgov.net\/#\/schema\/person\/1a2c014cffc81ec60d5a452a36d08d92"},"description":"Predsednica Osmani u\u010destvovala na proslavi praznika Velike Gospojine u Letnici kod Vitine - Predsednik Republike Kosovo - DR. VJOSA OSMANI - SADRIU -","breadcrumb":{"@id":"https:\/\/president-ksgov.net\/sr\/predsednica-osmani-ucestvovala-na-proslavi-praznika-velike-gospojine-u-letnici-kod-vitine\/#breadcrumb"},"inLanguage":"sr-RS","potentialAction":[{"@type":"ReadAction","target":["https:\/\/president-ksgov.net\/sr\/predsednica-osmani-ucestvovala-na-proslavi-praznika-velike-gospojine-u-letnici-kod-vitine\/"]}]},{"@type":"ImageObject","inLanguage":"sr-RS","@id":"https:\/\/president-ksgov.net\/sr\/predsednica-osmani-ucestvovala-na-proslavi-praznika-velike-gospojine-u-letnici-kod-vitine\/#primaryimage","url":"https:\/\/president-ksgov.net\/wp-content\/uploads\/1-300.jpg","contentUrl":"https:\/\/president-ksgov.net\/wp-content\/uploads\/1-300.jpg","width":2000,"height":1332},{"@type":"BreadcrumbList","@id":"https:\/\/president-ksgov.net\/sr\/predsednica-osmani-ucestvovala-na-proslavi-praznika-velike-gospojine-u-letnici-kod-vitine\/#breadcrumb","itemListElement":[{"@type":"ListItem","position":1,"name":"Home","item":"https:\/\/president-ksgov.net\/sr\/"},{"@type":"ListItem","position":2,"name":"Predsednica Osmani u\u010destvovala na proslavi praznika Velike Gospojine u Letnici kod Vitine"}]},{"@type":"WebSite","@id":"https:\/\/president-ksgov.net\/#website","url":"https:\/\/president-ksgov.net\/","name":"Presidente e Republik\u00ebs s\u00eb Kosov\u00ebs","description":"Presidente e Republik\u00ebs s\u00eb Kosov\u00ebs","alternateName":"DR. VJOSA OSMANI - SADRIU","potentialAction":[{"@type":"SearchAction","target":{"@type":"EntryPoint","urlTemplate":"https:\/\/president-ksgov.net\/?s={search_term_string}"},"query-input":{"@type":"PropertyValueSpecification","valueRequired":true,"valueName":"search_term_string"}}],"inLanguage":"sr-RS"},{"@type":"Person","@id":"https:\/\/president-ksgov.net\/#\/schema\/person\/1a2c014cffc81ec60d5a452a36d08d92","name":"presidentlogin","image":{"@type":"ImageObject","inLanguage":"sr-RS","@id":"https:\/\/president-ksgov.net\/#\/schema\/person\/image\/","url":"https:\/\/secure.gravatar.com\/avatar\/339f00ab0a8a0d5ce1ecff10aa2b4a1f51f58bbd5a57793f8cd6ad624080d807?s=96&d=mm&r=g","contentUrl":"https:\/\/secure.gravatar.com\/avatar\/339f00ab0a8a0d5ce1ecff10aa2b4a1f51f58bbd5a57793f8cd6ad624080d807?s=96&d=mm&r=g","caption":"presidentlogin"}}]}},"_links":{"self":[{"href":"https:\/\/president-ksgov.net\/sr\/wp-json\/wp\/v2\/posts\/140926","targetHints":{"allow":["GET"]}}],"collection":[{"href":"https:\/\/president-ksgov.net\/sr\/wp-json\/wp\/v2\/posts"}],"about":[{"href":"https:\/\/president-ksgov.net\/sr\/wp-json\/wp\/v2\/types\/post"}],"author":[{"embeddable":true,"href":"https:\/\/president-ksgov.net\/sr\/wp-json\/wp\/v2\/users\/11"}],"replies":[{"embeddable":true,"href":"https:\/\/president-ksgov.net\/sr\/wp-json\/wp\/v2\/comments?post=140926"}],"version-history":[{"count":1,"href":"https:\/\/president-ksgov.net\/sr\/wp-json\/wp\/v2\/posts\/140926\/revisions"}],"predecessor-version":[{"id":140927,"href":"https:\/\/president-ksgov.net\/sr\/wp-json\/wp\/v2\/posts\/140926\/revisions\/140927"}],"wp:featuredmedia":[{"embeddable":true,"href":"https:\/\/president-ksgov.net\/sr\/wp-json\/wp\/v2\/media\/140724"}],"wp:attachment":[{"href":"https:\/\/president-ksgov.net\/sr\/wp-json\/wp\/v2\/media?parent=140926"}],"wp:term":[{"taxonomy":"category","embeddable":true,"href":"https:\/\/president-ksgov.net\/sr\/wp-json\/wp\/v2\/categories?post=140926"},{"taxonomy":"post_tag","embeddable":true,"href":"https:\/\/president-ksgov.net\/sr\/wp-json\/wp\/v2\/tags?post=140926"}],"curies":[{"name":"wp","href":"https:\/\/api.w.org\/{rel}","templated":true}]}}