{"id":140692,"date":"2024-08-13T16:27:11","date_gmt":"2024-08-13T14:27:11","guid":{"rendered":"https:\/\/president-ksgov.net\/?p=140692"},"modified":"2024-08-13T20:56:49","modified_gmt":"2024-08-13T18:56:49","slug":"predsednica-osmani-docekala-na-sastanku-predsednika-cik-a-kreshnika-radoniqija-2","status":"publish","type":"post","link":"https:\/\/president-ksgov.net\/sr\/predsednica-osmani-docekala-na-sastanku-predsednika-cik-a-kreshnika-radoniqija-2\/","title":{"rendered":"Predsednica Osmani do\u010dekala na sastanku predsednika CIK-a Kreshnika Radoniqija"},"content":{"rendered":"<p>Predsednica Republike Kosovo Vjosa Osmani do\u010dekala je danas na sastanku predsednika Centralne izborne komisije Kreshnika Radoniqija.<\/p>\n<p>Na sastanku je razgovarano o pripremama i konsultacijama koje se sprovode za odre\u0111ivanje datuma redovnih parlamentarnih izbora.<\/p>\n<p>Predsednik CIK-a je informisao predsednicu Osmani o pitanjima koja je, prema mi\u0161ljenju CIK-a, va\u017eno uzeti u obzir prilikom ocene u vezi sa odre\u0111ivanjem datuma izbora.<\/p>\n<p>Tako\u0111e, na ovom sastanku se razgovaralo o glasanju iz dijaspore i koracima koje treba preduzeti da bi se ovo pravo, definisano novim zakonom, ostvarilo.<\/p>\n<p>Predsednica je tako\u0111e istakla va\u017enost da se na dan izbora naprave neophodni uslovi za lak pristup osobama sa posebnim potrebama.<\/p>\n<p>Predsednica Osmani je u me\u0111uvremenu izrazila uverenje da c\u0301e CIK, kao institucija odgovorna za sprovo\u0111enje izbora, pravovremeno preduzeti sve odgovarajuc\u0301e radnje kako bi se izborni proces sproveo uz po\u0161tovanje prava gra\u0111ana kao i najvi\u0161ih demokratskih standarda.<\/p>\n","protected":false},"excerpt":{"rendered":"<p>Predsednica Republike Kosovo Vjosa Osmani do\u010dekala je danas na sastanku predsednika Centralne izborne komisije Kreshnika Radoniqija. Na sastanku je razgovarano o pripremama i konsultacijama koje se sprovode za odre\u0111ivanje datuma redovnih parlamentarnih izbora. Predsednik CIK-a je informisao predsednicu Osmani o pitanjima koja je, prema mi\u0161ljenju CIK-a, va\u017eno uzeti u obzir prilikom ocene u vezi sa odre\u0111ivanjem datuma izbora. Tako\u0111e, na ovom sastanku se razgovaralo o glasanju iz dijaspore i koracima koje treba preduzeti da bi se ovo pravo, definisano novim zakonom, ostvarilo. Predsednica je tako\u0111e istakla va\u017enost da se na dan izbora naprave neophodni uslovi za lak pristup osobama sa posebnim potrebama. Predsednica Osmani je u me\u0111uvremenu izrazila uverenje da c\u0301e CIK, kao institucija odgovorna za sprovo\u0111enje izbora, pravovremeno preduzeti sve odgovarajuc\u0301e radnje kako bi se izborni proces sproveo uz po\u0161tovanje prava gra\u0111ana kao i najvi\u0161ih demokratskih standarda.<\/p>\n","protected":false},"author":9,"featured_media":140690,"comment_status":"closed","ping_status":"closed","sticky":false,"template":"","format":"standard","meta":{"_eb_attr":"","footnotes":""},"categories":[101],"tags":[],"class_list":["post-140692","post","type-post","status-publish","format-standard","has-post-thumbnail","hentry","category-vesti"],"yoast_head":"<!-- This site is optimized with the Yoast SEO plugin v23.5 - https:\/\/yoast.com\/wordpress\/plugins\/seo\/ -->\n<title>Predsednica Osmani do\u010dekala na sastanku predsednika CIK-a Kreshnika Radoniqija - Predsednik Republike Kosovo - DR. VJOSA OSMANI - SADRIU<\/title>\n<meta name=\"description\" content=\"Predsednica Osmani do\u010dekala na sastanku predsednika CIK-a Kreshnika Radoniqija - Predsednik Republike Kosovo - DR. VJOSA OSMANI - SADRIU -\" \/>\n<meta name=\"robots\" content=\"index, follow, max-snippet:-1, max-image-preview:large, max-video-preview:-1\" \/>\n<link rel=\"canonical\" href=\"https:\/\/president-ksgov.net\/sr\/predsednica-osmani-docekala-na-sastanku-predsednika-cik-a-kreshnika-radoniqija-2\/\" \/>\n<meta property=\"og:locale\" content=\"sr_RS\" \/>\n<meta property=\"og:type\" content=\"article\" \/>\n<meta property=\"og:title\" content=\"Predsednica Osmani do\u010dekala na sastanku predsednika CIK-a Kreshnika Radoniqija - Predsednik Republike Kosovo - DR. VJOSA OSMANI - SADRIU\" \/>\n<meta property=\"og:description\" content=\"Predsednica Osmani do\u010dekala na sastanku predsednika CIK-a Kreshnika Radoniqija - Predsednik Republike Kosovo - DR. VJOSA OSMANI - SADRIU -\" \/>\n<meta property=\"og:url\" content=\"https:\/\/president-ksgov.net\/sr\/predsednica-osmani-docekala-na-sastanku-predsednika-cik-a-kreshnika-radoniqija-2\/\" \/>\n<meta property=\"og:site_name\" content=\"Predsednik Republike Kosovo - DR. VJOSA OSMANI - SADRIU\" \/>\n<meta property=\"article:published_time\" content=\"2024-08-13T14:27:11+00:00\" \/>\n<meta property=\"article:modified_time\" content=\"2024-08-13T18:56:49+00:00\" \/>\n<meta property=\"og:image\" content=\"https:\/\/president-ksgov.net\/wp-content\/uploads\/Presidentja-Osmani-priti-ne-takim-kryesuesin-e-KQZ-se-Kreshnik-Radoniqi_1.jpg.jpeg\" \/>\n\t<meta property=\"og:image:width\" content=\"1280\" \/>\n\t<meta property=\"og:image:height\" content=\"931\" \/>\n\t<meta property=\"og:image:type\" content=\"image\/jpeg\" \/>\n<meta name=\"author\" content=\"Florent Rrahmani\" \/>\n<meta name=\"twitter:card\" content=\"summary_large_image\" \/>\n<meta name=\"twitter:label1\" content=\"\u041d\u0430\u043f\u0438\u0441\u0430\u043d\u043e \u043e\u0434\" \/>\n\t<meta name=\"twitter:data1\" content=\"Florent Rrahmani\" \/>\n\t<meta name=\"twitter:label2\" content=\"\u041f\u0440\u043e\u0446\u0435\u045a\u0435\u043d\u043e \u0432\u0440\u0435\u043c\u0435 \u0447\u0438\u0442\u0430\u045a\u0430\" \/>\n\t<meta name=\"twitter:data2\" content=\"1 \u043c\u0438\u043d\u0443\u0442\" \/>\n<script type=\"application\/ld+json\" class=\"yoast-schema-graph\">{\"@context\":\"https:\/\/schema.org\",\"@graph\":[{\"@type\":\"WebPage\",\"@id\":\"https:\/\/president-ksgov.net\/sr\/predsednica-osmani-docekala-na-sastanku-predsednika-cik-a-kreshnika-radoniqija-2\/\",\"url\":\"https:\/\/president-ksgov.net\/sr\/predsednica-osmani-docekala-na-sastanku-predsednika-cik-a-kreshnika-radoniqija-2\/\",\"name\":\"Predsednica Osmani do\u010dekala na sastanku predsednika CIK-a Kreshnika Radoniqija - Predsednik Republike Kosovo - DR. VJOSA OSMANI - SADRIU\",\"isPartOf\":{\"@id\":\"https:\/\/president-ksgov.net\/#website\"},\"primaryImageOfPage\":{\"@id\":\"https:\/\/president-ksgov.net\/sr\/predsednica-osmani-docekala-na-sastanku-predsednika-cik-a-kreshnika-radoniqija-2\/#primaryimage\"},\"image\":{\"@id\":\"https:\/\/president-ksgov.net\/sr\/predsednica-osmani-docekala-na-sastanku-predsednika-cik-a-kreshnika-radoniqija-2\/#primaryimage\"},\"thumbnailUrl\":\"https:\/\/president-ksgov.net\/wp-content\/uploads\/Presidentja-Osmani-priti-ne-takim-kryesuesin-e-KQZ-se-Kreshnik-Radoniqi_1.jpg.jpeg\",\"datePublished\":\"2024-08-13T14:27:11+00:00\",\"dateModified\":\"2024-08-13T18:56:49+00:00\",\"author\":{\"@id\":\"https:\/\/president-ksgov.net\/#\/schema\/person\/7c46f744a99d3f1616b92658282aa934\"},\"description\":\"Predsednica Osmani do\u010dekala na sastanku predsednika CIK-a Kreshnika Radoniqija - Predsednik Republike Kosovo - DR. VJOSA OSMANI - SADRIU -\",\"breadcrumb\":{\"@id\":\"https:\/\/president-ksgov.net\/sr\/predsednica-osmani-docekala-na-sastanku-predsednika-cik-a-kreshnika-radoniqija-2\/#breadcrumb\"},\"inLanguage\":\"sr-RS\",\"potentialAction\":[{\"@type\":\"ReadAction\",\"target\":[\"https:\/\/president-ksgov.net\/sr\/predsednica-osmani-docekala-na-sastanku-predsednika-cik-a-kreshnika-radoniqija-2\/\"]}]},{\"@type\":\"ImageObject\",\"inLanguage\":\"sr-RS\",\"@id\":\"https:\/\/president-ksgov.net\/sr\/predsednica-osmani-docekala-na-sastanku-predsednika-cik-a-kreshnika-radoniqija-2\/#primaryimage\",\"url\":\"https:\/\/president-ksgov.net\/wp-content\/uploads\/Presidentja-Osmani-priti-ne-takim-kryesuesin-e-KQZ-se-Kreshnik-Radoniqi_1.jpg.jpeg\",\"contentUrl\":\"https:\/\/president-ksgov.net\/wp-content\/uploads\/Presidentja-Osmani-priti-ne-takim-kryesuesin-e-KQZ-se-Kreshnik-Radoniqi_1.jpg.jpeg\",\"width\":1280,\"height\":931},{\"@type\":\"BreadcrumbList\",\"@id\":\"https:\/\/president-ksgov.net\/sr\/predsednica-osmani-docekala-na-sastanku-predsednika-cik-a-kreshnika-radoniqija-2\/#breadcrumb\",\"itemListElement\":[{\"@type\":\"ListItem\",\"position\":1,\"name\":\"Home\",\"item\":\"https:\/\/president-ksgov.net\/sr\/\"},{\"@type\":\"ListItem\",\"position\":2,\"name\":\"Predsednica Osmani do\u010dekala na sastanku predsednika CIK-a Kreshnika Radoniqija\"}]},{\"@type\":\"WebSite\",\"@id\":\"https:\/\/president-ksgov.net\/#website\",\"url\":\"https:\/\/president-ksgov.net\/\",\"name\":\"Presidente e Republik\u00ebs s\u00eb Kosov\u00ebs\",\"description\":\"Presidente e Republik\u00ebs s\u00eb Kosov\u00ebs\",\"alternateName\":\"DR. VJOSA OSMANI - SADRIU\",\"potentialAction\":[{\"@type\":\"SearchAction\",\"target\":{\"@type\":\"EntryPoint\",\"urlTemplate\":\"https:\/\/president-ksgov.net\/?s={search_term_string}\"},\"query-input\":{\"@type\":\"PropertyValueSpecification\",\"valueRequired\":true,\"valueName\":\"search_term_string\"}}],\"inLanguage\":\"sr-RS\"},{\"@type\":\"Person\",\"@id\":\"https:\/\/president-ksgov.net\/#\/schema\/person\/7c46f744a99d3f1616b92658282aa934\",\"name\":\"Florent Rrahmani\",\"image\":{\"@type\":\"ImageObject\",\"inLanguage\":\"sr-RS\",\"@id\":\"https:\/\/president-ksgov.net\/#\/schema\/person\/image\/\",\"url\":\"https:\/\/secure.gravatar.com\/avatar\/2545924aa250de68ac8368367a79b663e59571cd131611f54c89b0613a94e230?s=96&d=mm&r=g\",\"contentUrl\":\"https:\/\/secure.gravatar.com\/avatar\/2545924aa250de68ac8368367a79b663e59571cd131611f54c89b0613a94e230?s=96&d=mm&r=g\",\"caption\":\"Florent Rrahmani\"}}]}<\/script>\n<!-- \/ Yoast SEO plugin. -->","yoast_head_json":{"title":"Predsednica Osmani do\u010dekala na sastanku predsednika CIK-a Kreshnika Radoniqija - Predsednik Republike Kosovo - DR. VJOSA OSMANI - SADRIU","description":"Predsednica Osmani do\u010dekala na sastanku predsednika CIK-a Kreshnika Radoniqija - Predsednik Republike Kosovo - DR. VJOSA OSMANI - SADRIU -","robots":{"index":"index","follow":"follow","max-snippet":"max-snippet:-1","max-image-preview":"max-image-preview:large","max-video-preview":"max-video-preview:-1"},"canonical":"https:\/\/president-ksgov.net\/sr\/predsednica-osmani-docekala-na-sastanku-predsednika-cik-a-kreshnika-radoniqija-2\/","og_locale":"sr_RS","og_type":"article","og_title":"Predsednica Osmani do\u010dekala na sastanku predsednika CIK-a Kreshnika Radoniqija - Predsednik Republike Kosovo - DR. VJOSA OSMANI - SADRIU","og_description":"Predsednica Osmani do\u010dekala na sastanku predsednika CIK-a Kreshnika Radoniqija - Predsednik Republike Kosovo - DR. VJOSA OSMANI - SADRIU -","og_url":"https:\/\/president-ksgov.net\/sr\/predsednica-osmani-docekala-na-sastanku-predsednika-cik-a-kreshnika-radoniqija-2\/","og_site_name":"Predsednik Republike Kosovo - DR. VJOSA OSMANI - SADRIU","article_published_time":"2024-08-13T14:27:11+00:00","article_modified_time":"2024-08-13T18:56:49+00:00","og_image":[{"width":1280,"height":931,"url":"https:\/\/president-ksgov.net\/wp-content\/uploads\/Presidentja-Osmani-priti-ne-takim-kryesuesin-e-KQZ-se-Kreshnik-Radoniqi_1.jpg.jpeg","type":"image\/jpeg"}],"author":"Florent Rrahmani","twitter_card":"summary_large_image","twitter_misc":{"\u041d\u0430\u043f\u0438\u0441\u0430\u043d\u043e \u043e\u0434":"Florent Rrahmani","\u041f\u0440\u043e\u0446\u0435\u045a\u0435\u043d\u043e \u0432\u0440\u0435\u043c\u0435 \u0447\u0438\u0442\u0430\u045a\u0430":"1 \u043c\u0438\u043d\u0443\u0442"},"schema":{"@context":"https:\/\/schema.org","@graph":[{"@type":"WebPage","@id":"https:\/\/president-ksgov.net\/sr\/predsednica-osmani-docekala-na-sastanku-predsednika-cik-a-kreshnika-radoniqija-2\/","url":"https:\/\/president-ksgov.net\/sr\/predsednica-osmani-docekala-na-sastanku-predsednika-cik-a-kreshnika-radoniqija-2\/","name":"Predsednica Osmani do\u010dekala na sastanku predsednika CIK-a Kreshnika Radoniqija - Predsednik Republike Kosovo - DR. VJOSA OSMANI - SADRIU","isPartOf":{"@id":"https:\/\/president-ksgov.net\/#website"},"primaryImageOfPage":{"@id":"https:\/\/president-ksgov.net\/sr\/predsednica-osmani-docekala-na-sastanku-predsednika-cik-a-kreshnika-radoniqija-2\/#primaryimage"},"image":{"@id":"https:\/\/president-ksgov.net\/sr\/predsednica-osmani-docekala-na-sastanku-predsednika-cik-a-kreshnika-radoniqija-2\/#primaryimage"},"thumbnailUrl":"https:\/\/president-ksgov.net\/wp-content\/uploads\/Presidentja-Osmani-priti-ne-takim-kryesuesin-e-KQZ-se-Kreshnik-Radoniqi_1.jpg.jpeg","datePublished":"2024-08-13T14:27:11+00:00","dateModified":"2024-08-13T18:56:49+00:00","author":{"@id":"https:\/\/president-ksgov.net\/#\/schema\/person\/7c46f744a99d3f1616b92658282aa934"},"description":"Predsednica Osmani do\u010dekala na sastanku predsednika CIK-a Kreshnika Radoniqija - Predsednik Republike Kosovo - DR. VJOSA OSMANI - SADRIU -","breadcrumb":{"@id":"https:\/\/president-ksgov.net\/sr\/predsednica-osmani-docekala-na-sastanku-predsednika-cik-a-kreshnika-radoniqija-2\/#breadcrumb"},"inLanguage":"sr-RS","potentialAction":[{"@type":"ReadAction","target":["https:\/\/president-ksgov.net\/sr\/predsednica-osmani-docekala-na-sastanku-predsednika-cik-a-kreshnika-radoniqija-2\/"]}]},{"@type":"ImageObject","inLanguage":"sr-RS","@id":"https:\/\/president-ksgov.net\/sr\/predsednica-osmani-docekala-na-sastanku-predsednika-cik-a-kreshnika-radoniqija-2\/#primaryimage","url":"https:\/\/president-ksgov.net\/wp-content\/uploads\/Presidentja-Osmani-priti-ne-takim-kryesuesin-e-KQZ-se-Kreshnik-Radoniqi_1.jpg.jpeg","contentUrl":"https:\/\/president-ksgov.net\/wp-content\/uploads\/Presidentja-Osmani-priti-ne-takim-kryesuesin-e-KQZ-se-Kreshnik-Radoniqi_1.jpg.jpeg","width":1280,"height":931},{"@type":"BreadcrumbList","@id":"https:\/\/president-ksgov.net\/sr\/predsednica-osmani-docekala-na-sastanku-predsednika-cik-a-kreshnika-radoniqija-2\/#breadcrumb","itemListElement":[{"@type":"ListItem","position":1,"name":"Home","item":"https:\/\/president-ksgov.net\/sr\/"},{"@type":"ListItem","position":2,"name":"Predsednica Osmani do\u010dekala na sastanku predsednika CIK-a Kreshnika Radoniqija"}]},{"@type":"WebSite","@id":"https:\/\/president-ksgov.net\/#website","url":"https:\/\/president-ksgov.net\/","name":"Presidente e Republik\u00ebs s\u00eb Kosov\u00ebs","description":"Presidente e Republik\u00ebs s\u00eb Kosov\u00ebs","alternateName":"DR. VJOSA OSMANI - SADRIU","potentialAction":[{"@type":"SearchAction","target":{"@type":"EntryPoint","urlTemplate":"https:\/\/president-ksgov.net\/?s={search_term_string}"},"query-input":{"@type":"PropertyValueSpecification","valueRequired":true,"valueName":"search_term_string"}}],"inLanguage":"sr-RS"},{"@type":"Person","@id":"https:\/\/president-ksgov.net\/#\/schema\/person\/7c46f744a99d3f1616b92658282aa934","name":"Florent Rrahmani","image":{"@type":"ImageObject","inLanguage":"sr-RS","@id":"https:\/\/president-ksgov.net\/#\/schema\/person\/image\/","url":"https:\/\/secure.gravatar.com\/avatar\/2545924aa250de68ac8368367a79b663e59571cd131611f54c89b0613a94e230?s=96&d=mm&r=g","contentUrl":"https:\/\/secure.gravatar.com\/avatar\/2545924aa250de68ac8368367a79b663e59571cd131611f54c89b0613a94e230?s=96&d=mm&r=g","caption":"Florent Rrahmani"}}]}},"_links":{"self":[{"href":"https:\/\/president-ksgov.net\/sr\/wp-json\/wp\/v2\/posts\/140692","targetHints":{"allow":["GET"]}}],"collection":[{"href":"https:\/\/president-ksgov.net\/sr\/wp-json\/wp\/v2\/posts"}],"about":[{"href":"https:\/\/president-ksgov.net\/sr\/wp-json\/wp\/v2\/types\/post"}],"author":[{"embeddable":true,"href":"https:\/\/president-ksgov.net\/sr\/wp-json\/wp\/v2\/users\/9"}],"replies":[{"embeddable":true,"href":"https:\/\/president-ksgov.net\/sr\/wp-json\/wp\/v2\/comments?post=140692"}],"version-history":[{"count":1,"href":"https:\/\/president-ksgov.net\/sr\/wp-json\/wp\/v2\/posts\/140692\/revisions"}],"predecessor-version":[{"id":140693,"href":"https:\/\/president-ksgov.net\/sr\/wp-json\/wp\/v2\/posts\/140692\/revisions\/140693"}],"wp:featuredmedia":[{"embeddable":true,"href":"https:\/\/president-ksgov.net\/sr\/wp-json\/wp\/v2\/media\/140690"}],"wp:attachment":[{"href":"https:\/\/president-ksgov.net\/sr\/wp-json\/wp\/v2\/media?parent=140692"}],"wp:term":[{"taxonomy":"category","embeddable":true,"href":"https:\/\/president-ksgov.net\/sr\/wp-json\/wp\/v2\/categories?post=140692"},{"taxonomy":"post_tag","embeddable":true,"href":"https:\/\/president-ksgov.net\/sr\/wp-json\/wp\/v2\/tags?post=140692"}],"curies":[{"name":"wp","href":"https:\/\/api.w.org\/{rel}","templated":true}]}}