{"id":140274,"date":"2024-08-02T19:42:40","date_gmt":"2024-08-02T17:42:40","guid":{"rendered":"https:\/\/president-ksgov.net\/?p=140274"},"modified":"2024-08-02T22:37:57","modified_gmt":"2024-08-02T20:37:57","slug":"reakcija-predsednistva-republike-kosovo","status":"publish","type":"post","link":"https:\/\/president-ksgov.net\/sr\/reakcija-predsednistva-republike-kosovo\/","title":{"rendered":"Reakcija Predsedni\u0161tva Republike Kosovo"},"content":{"rendered":"<p>Predsedni\u0161tvo Republike Kosovo izra\u017eava ogor\u010denje zbog neprihvatljivih izjava Ministarstva unutra\u0161njih poslova Severne Makedonije, kao i zbog propagande koja se u pojedinim medijima Severne Makedonije vodi protiv Republike Kosovo povodom incidenta bez presedana protiv predsednice Osmani ju\u010de na me\u0111unarodnom aerodromu u Skoplju.<\/p>\n<p>Umesto izvinjenja, Ministarstvo unutra\u0161njih poslova Severne Makedonije ju\u010de i danas je u potpunosti opravdalo zahtev aerodromskog obezbe\u0111enja da uzme i skenira li\u010dni telefon predsednice Republike Kosovo, koji koristi i \u010delnica dr\u017eave za slu\u017ebene komunikacije po pitanjima nacionalne bezbednosti. Predsednica je tako ne\u0161to s pravom odbila, na osnovu saveta koje godinama dobija od bezbednosnih institucija. Naime, danas je Aerodrom Skoplje, kao i samo Ministarstvo unutra\u0161njih poslova Makedonije, priznalo da je nalog za takvu kontrolu dalo Ministarstvo unutra\u0161njih poslova Severne Makedonije, \u0161to je u potpunoj suprotnosti sa pravilima tretiranja \u010delnika dr\u017eava prema diplomatskim praksama.<\/p>\n<p>Jo\u0161 jednom razja\u0161njavamo situaciju u celini:<\/p>\n<p>1. Prema me\u0111unarodnoj praksi i Be\u010dkoj konvenciji o diplomatskim odnosima, kada putuju \u010delnici dr\u017eava, oni su za\u0161tic\u0301eni diplomatskim privilegijama i imunitetima. Ovo je op\u0161te poznato i do sada je po\u0161tovano u svakoj zemlji u koju je predsednica putovala, uklju\u010dujuc\u0301i i zemlje koje nisu priznale Kosovo. Makedonska strana je zvani\u010dno obave\u0161tena unapred o putovanju predsednice u skladu sa diplomatskim praksama.<\/p>\n<p>2. Nije istina da je predsednica odbila da skenira njenu ru\u010dnu ta\u0161nu. Prvo, predsednica nije imao prtljag kao \u0161to se propagira u brojnim reakcijama u medijima u Severnoj Makedoniji. Dakle, la\u017e je da je odbila da joj se pregleda prtljag. Imala je li\u010dnu ru\u010dnu torbu koju je odmah stavila u skener, iako obezbe\u0111enje, prema me\u0111unarodnim praksama i konvencijama, nije imalo pravo da tra\u017ei tako ne\u0161to. Jedino \u0161to je predsednica odbila da preda je bio njen telefon.<\/p>\n<p>3. Skandalozno je da bilo ko tvrdi da je predsednica navodno imala ne\u0161to sumnjivo u svojoj torbi. Ne samo da je to velika neistina, vec\u0301 je to istovremeno i najte\u017ea optu\u017eba i najozbiljnija propaganda koju su mediji u Severnoj Makedoniji ikada izneli prema Republici Kosovo. Jo\u0161 skandaloznija je dana\u0161nja izjava Ministarstva unutra\u0161njih poslova da je navodno ministar unutra\u0161njih poslova Severne Makedonije imao neke informacije, kojensu dovele do tiga da se provere predsednicina li\u010dna torba i telefon. Ovo je tendencija bez presedana da se ocrni ne samo predsednica, vec\u0301 i dr\u017eava Kosovo. Severna Makedonija treba da uzme u obzir da se takva propaganda vodi protiv predsednice, koja je tokom \u010ditavog svog mandata doprinosila produbljivanju pozitivnih odnosa izme\u0111u Kosova i Severne Makedonije.<\/p>\n<p>4. Nije ta\u010dno da su privatna kompanija ili koncesionari aerodroma iznad dr\u017eave i iznad me\u0111unarodnih konvencija koje defini\u0161u jasna pravila tretiranja \u010delnika dr\u017eave. Pri\u0161tinski aerodrom je tako\u0111e pod koncesijom i njime upravlja privatna kompanija, ali nikada ne dozvoljavamo da se predsednik druge dr\u017eave tretira na tako nedostojanstven i bahat na\u010din i da se od njega tra\u017ei da mu se uzme li\u010dni telefon radi skeniranja.<\/p>\n<p>5. Tako ne\u0161to je van svake prakse i protivre\u010di se bezbednosnim protokolima i me\u0111unarodnim praksama, s obzirom na to da je jasno poznato da se telefon \u010delnika dr\u017eave koristi za slu\u017ebenu komunikaciju, uklju\u010dujuc\u0301i i bezbednosna pitanja. Kontrola predsednicine ta\u0161ne bila je u suprotnosti sa ovim standardima, ali je uprkos tome, ona je odmah stavila torbu u skener.<\/p>\n<p>6. Iako je Kosovska policija unapred saop\u0161tila slu\u017ebenicima aerodroma u Skoplju pravila koja se primenjuju u ovakvim situacijama, poku\u0161ali su da fizi\u010dki opstrui\u0161u predsednicu, i tim povodom je, u punom skladu sa bezbednosnim protokolima, Policija Kosova reagovala profesionalno.<\/p>\n<p>7. Ju\u010dera\u0161nja situacija na skopskom aerodromu ne mo\u017ee se druga\u010dije objasniti niti oceniti, osim kao \u010dista provokacija i tendencija da se izazove incident.<\/p>\n<p>8. Umesto pravdanja i dozvoljavanja propagande protiv Republike Kosovo, tra\u017eimo od zvani\u010dnih vlasti u Skoplju da hitno tretiraju ovaj slu\u010daj sa velikom ozbiljno\u0161c\u0301u i da preduzmu odgovarajuc\u0301e mere protiv slu\u017ebenika koji su izvr\u0161ili ovaj napad na Republiku Kosovo.<\/p>\n<p>9. Od SAD-a do drugih zemalja u regionu, na svakom putovanju predsednice, u potpunosti se po\u0161tuju pravila tretiranja \u010delnika dr\u017eave i NIKADA se ne tra\u017ei da se dodirne, a kamoli preda na skener, bilo predsednicin telefon ili njena ru\u010dna ta\u0161na, a ni njen kofer (ru\u010dni prtljag).<\/p>\n<p>10. To su pravila koja svaka dr\u017eava po\u0161tuje i po\u0161tovale su ih i dr\u017eave koje nisu priznale Kosovo, jer \u010delnik dr\u017eave predstavlja samu dr\u017eavu. Dakle, Kosovo u ovom slu\u010daju ne tra\u017ei ni\u0161ta drugo osim normi koje se po\u0161tuju svuda u svetu. Svako kr\u0161enje ovih normi smatra se kr\u0161enjem i nepo\u0161tovanjem same dr\u017eave.<\/p>\n","protected":false},"excerpt":{"rendered":"<p>Predsedni\u0161tvo Republike Kosovo izra\u017eava ogor\u010denje zbog neprihvatljivih izjava Ministarstva unutra\u0161njih poslova Severne Makedonije, kao i zbog propagande koja se u pojedinim medijima Severne Makedonije vodi protiv Republike Kosovo povodom incidenta bez presedana protiv predsednice Osmani ju\u010de na me\u0111unarodnom aerodromu u Skoplju. Umesto izvinjenja, Ministarstvo unutra\u0161njih poslova Severne Makedonije ju\u010de i danas je u potpunosti opravdalo zahtev aerodromskog obezbe\u0111enja da uzme i skenira li\u010dni telefon predsednice Republike Kosovo, koji koristi i \u010delnica dr\u017eave za slu\u017ebene komunikacije po pitanjima nacionalne bezbednosti. Predsednica je tako ne\u0161to s pravom odbila, na osnovu saveta koje godinama dobija od bezbednosnih institucija. Naime, danas je Aerodrom Skoplje, kao i samo Ministarstvo unutra\u0161njih poslova Makedonije, priznalo da je nalog za takvu kontrolu dalo Ministarstvo unutra\u0161njih poslova Severne Makedonije, \u0161to je u potpunoj suprotnosti sa pravilima tretiranja \u010delnika dr\u017eava prema diplomatskim praksama. Jo\u0161 jednom razja\u0161njavamo situaciju u celini: 1. Prema me\u0111unarodnoj praksi i Be\u010dkoj konvenciji o diplomatskim odnosima, kada putuju \u010delnici dr\u017eava, oni su za\u0161tic\u0301eni diplomatskim privilegijama i imunitetima. Ovo je op\u0161te poznato i do sada je po\u0161tovano u svakoj zemlji u koju je predsednica putovala, uklju\u010dujuc\u0301i i zemlje koje nisu priznale Kosovo. Makedonska strana je zvani\u010dno obave\u0161tena unapred o putovanju predsednice u skladu sa diplomatskim praksama. 2. Nije istina da je predsednica odbila da skenira njenu ru\u010dnu ta\u0161nu. Prvo, predsednica nije imao prtljag kao \u0161to se propagira u brojnim reakcijama u medijima u Severnoj Makedoniji. Dakle, la\u017e je da je odbila da joj se pregleda prtljag. Imala je li\u010dnu ru\u010dnu torbu koju je odmah stavila u skener, iako obezbe\u0111enje, prema me\u0111unarodnim praksama i konvencijama, nije imalo pravo da tra\u017ei tako ne\u0161to. Jedino \u0161to je predsednica odbila da preda je bio njen telefon. 3. Skandalozno je da bilo ko tvrdi da je predsednica navodno imala ne\u0161to sumnjivo u svojoj torbi. Ne samo da je to velika neistina, vec\u0301 je to istovremeno i najte\u017ea optu\u017eba i najozbiljnija propaganda koju su mediji u Severnoj Makedoniji ikada izneli prema Republici Kosovo. Jo\u0161 skandaloznija je dana\u0161nja izjava Ministarstva unutra\u0161njih poslova da je navodno ministar unutra\u0161njih poslova Severne Makedonije imao neke informacije, kojensu dovele do tiga da se provere predsednicina li\u010dna torba i telefon. Ovo je tendencija bez presedana da se ocrni ne samo predsednica, vec\u0301 i dr\u017eava Kosovo. Severna Makedonija treba da uzme u obzir da se takva propaganda vodi protiv predsednice, koja je tokom \u010ditavog svog mandata doprinosila produbljivanju pozitivnih odnosa izme\u0111u Kosova i Severne Makedonije. 4. Nije ta\u010dno da su privatna kompanija ili koncesionari aerodroma iznad dr\u017eave i iznad me\u0111unarodnih konvencija koje defini\u0161u jasna pravila tretiranja \u010delnika dr\u017eave. Pri\u0161tinski aerodrom je tako\u0111e pod koncesijom i njime upravlja privatna kompanija, ali nikada ne dozvoljavamo da se predsednik druge dr\u017eave tretira na tako nedostojanstven i bahat na\u010din i da se od njega tra\u017ei da mu se uzme li\u010dni telefon radi skeniranja. 5. Tako ne\u0161to je van svake prakse i protivre\u010di se bezbednosnim protokolima i me\u0111unarodnim praksama, s obzirom na to da je jasno poznato da se telefon \u010delnika dr\u017eave koristi za slu\u017ebenu komunikaciju, uklju\u010dujuc\u0301i i bezbednosna pitanja. Kontrola predsednicine ta\u0161ne bila je u suprotnosti sa ovim standardima, ali je uprkos tome, ona je odmah stavila torbu u skener. 6. Iako je Kosovska policija unapred saop\u0161tila slu\u017ebenicima aerodroma u Skoplju pravila koja se primenjuju u ovakvim situacijama, poku\u0161ali su da fizi\u010dki opstrui\u0161u predsednicu, i tim povodom je, u punom skladu sa bezbednosnim protokolima, Policija Kosova reagovala profesionalno. 7. Ju\u010dera\u0161nja situacija na skopskom aerodromu ne mo\u017ee se druga\u010dije objasniti niti oceniti, osim kao \u010dista provokacija i tendencija da se izazove incident. 8. Umesto pravdanja i dozvoljavanja propagande protiv Republike Kosovo, tra\u017eimo od zvani\u010dnih vlasti u Skoplju da hitno tretiraju ovaj slu\u010daj sa velikom ozbiljno\u0161c\u0301u i da preduzmu odgovarajuc\u0301e mere protiv slu\u017ebenika koji su izvr\u0161ili ovaj napad na Republiku Kosovo. 9. Od SAD-a do drugih zemalja u regionu, na svakom putovanju predsednice, u potpunosti se po\u0161tuju pravila tretiranja \u010delnika dr\u017eave i NIKADA se ne tra\u017ei da se dodirne, a kamoli preda na skener, bilo predsednicin telefon ili njena ru\u010dna ta\u0161na, a ni njen kofer (ru\u010dni prtljag). 10. To su pravila koja svaka dr\u017eava po\u0161tuje i po\u0161tovale su ih i dr\u017eave koje nisu priznale Kosovo, jer \u010delnik dr\u017eave predstavlja samu dr\u017eavu. Dakle, Kosovo u ovom slu\u010daju ne tra\u017ei ni\u0161ta drugo osim normi koje se po\u0161tuju svuda u svetu. Svako kr\u0161enje ovih normi smatra se kr\u0161enjem i nepo\u0161tovanjem same dr\u017eave.<\/p>\n","protected":false},"author":9,"featured_media":139137,"comment_status":"closed","ping_status":"closed","sticky":false,"template":"","format":"standard","meta":{"_eb_attr":"","footnotes":""},"categories":[101],"tags":[],"class_list":["post-140274","post","type-post","status-publish","format-standard","has-post-thumbnail","hentry","category-vesti"],"yoast_head":"<!-- This site is optimized with the Yoast SEO plugin v23.5 - https:\/\/yoast.com\/wordpress\/plugins\/seo\/ -->\n<title>Reakcija Predsedni\u0161tva Republike Kosovo - Predsednik Republike Kosovo - DR. VJOSA OSMANI - SADRIU<\/title>\n<meta name=\"description\" content=\"Reakcija Predsedni\u0161tva Republike Kosovo - Predsednik Republike Kosovo - DR. VJOSA OSMANI - SADRIU -\" \/>\n<meta name=\"robots\" content=\"index, follow, max-snippet:-1, max-image-preview:large, max-video-preview:-1\" \/>\n<link rel=\"canonical\" href=\"https:\/\/president-ksgov.net\/sr\/reakcija-predsednistva-republike-kosovo\/\" \/>\n<meta property=\"og:locale\" content=\"sr_RS\" \/>\n<meta property=\"og:type\" content=\"article\" \/>\n<meta property=\"og:title\" content=\"Reakcija Predsedni\u0161tva Republike Kosovo - Predsednik Republike Kosovo - DR. VJOSA OSMANI - SADRIU\" \/>\n<meta property=\"og:description\" content=\"Reakcija Predsedni\u0161tva Republike Kosovo - Predsednik Republike Kosovo - DR. VJOSA OSMANI - SADRIU -\" \/>\n<meta property=\"og:url\" content=\"https:\/\/president-ksgov.net\/sr\/reakcija-predsednistva-republike-kosovo\/\" \/>\n<meta property=\"og:site_name\" content=\"Predsednik Republike Kosovo - DR. VJOSA OSMANI - SADRIU\" \/>\n<meta property=\"article:published_time\" content=\"2024-08-02T17:42:40+00:00\" \/>\n<meta property=\"article:modified_time\" content=\"2024-08-02T20:37:57+00:00\" \/>\n<meta property=\"og:image\" content=\"https:\/\/president-ksgov.net\/wp-content\/uploads\/ZPRK-13.jpg\" \/>\n\t<meta property=\"og:image:width\" content=\"2000\" \/>\n\t<meta property=\"og:image:height\" content=\"1000\" \/>\n\t<meta property=\"og:image:type\" content=\"image\/jpeg\" \/>\n<meta name=\"author\" content=\"Florent Rrahmani\" \/>\n<meta name=\"twitter:card\" content=\"summary_large_image\" \/>\n<meta name=\"twitter:label1\" content=\"\u041d\u0430\u043f\u0438\u0441\u0430\u043d\u043e \u043e\u0434\" \/>\n\t<meta name=\"twitter:data1\" content=\"Florent Rrahmani\" \/>\n\t<meta name=\"twitter:label2\" content=\"\u041f\u0440\u043e\u0446\u0435\u045a\u0435\u043d\u043e \u0432\u0440\u0435\u043c\u0435 \u0447\u0438\u0442\u0430\u045a\u0430\" \/>\n\t<meta name=\"twitter:data2\" content=\"5 \u043c\u0438\u043d\u0443\u0442\u0430\" \/>\n<script type=\"application\/ld+json\" class=\"yoast-schema-graph\">{\"@context\":\"https:\/\/schema.org\",\"@graph\":[{\"@type\":\"WebPage\",\"@id\":\"https:\/\/president-ksgov.net\/sr\/reakcija-predsednistva-republike-kosovo\/\",\"url\":\"https:\/\/president-ksgov.net\/sr\/reakcija-predsednistva-republike-kosovo\/\",\"name\":\"Reakcija Predsedni\u0161tva Republike Kosovo - Predsednik Republike Kosovo - DR. VJOSA OSMANI - SADRIU\",\"isPartOf\":{\"@id\":\"https:\/\/president-ksgov.net\/#website\"},\"primaryImageOfPage\":{\"@id\":\"https:\/\/president-ksgov.net\/sr\/reakcija-predsednistva-republike-kosovo\/#primaryimage\"},\"image\":{\"@id\":\"https:\/\/president-ksgov.net\/sr\/reakcija-predsednistva-republike-kosovo\/#primaryimage\"},\"thumbnailUrl\":\"https:\/\/president-ksgov.net\/wp-content\/uploads\/ZPRK-13.jpg\",\"datePublished\":\"2024-08-02T17:42:40+00:00\",\"dateModified\":\"2024-08-02T20:37:57+00:00\",\"author\":{\"@id\":\"https:\/\/president-ksgov.net\/#\/schema\/person\/7c46f744a99d3f1616b92658282aa934\"},\"description\":\"Reakcija Predsedni\u0161tva Republike Kosovo - Predsednik Republike Kosovo - DR. VJOSA OSMANI - SADRIU -\",\"breadcrumb\":{\"@id\":\"https:\/\/president-ksgov.net\/sr\/reakcija-predsednistva-republike-kosovo\/#breadcrumb\"},\"inLanguage\":\"sr-RS\",\"potentialAction\":[{\"@type\":\"ReadAction\",\"target\":[\"https:\/\/president-ksgov.net\/sr\/reakcija-predsednistva-republike-kosovo\/\"]}]},{\"@type\":\"ImageObject\",\"inLanguage\":\"sr-RS\",\"@id\":\"https:\/\/president-ksgov.net\/sr\/reakcija-predsednistva-republike-kosovo\/#primaryimage\",\"url\":\"https:\/\/president-ksgov.net\/wp-content\/uploads\/ZPRK-13.jpg\",\"contentUrl\":\"https:\/\/president-ksgov.net\/wp-content\/uploads\/ZPRK-13.jpg\",\"width\":2000,\"height\":1000},{\"@type\":\"BreadcrumbList\",\"@id\":\"https:\/\/president-ksgov.net\/sr\/reakcija-predsednistva-republike-kosovo\/#breadcrumb\",\"itemListElement\":[{\"@type\":\"ListItem\",\"position\":1,\"name\":\"Home\",\"item\":\"https:\/\/president-ksgov.net\/sr\/\"},{\"@type\":\"ListItem\",\"position\":2,\"name\":\"Reakcija Predsedni\u0161tva Republike Kosovo\"}]},{\"@type\":\"WebSite\",\"@id\":\"https:\/\/president-ksgov.net\/#website\",\"url\":\"https:\/\/president-ksgov.net\/\",\"name\":\"Presidente e Republik\u00ebs s\u00eb Kosov\u00ebs\",\"description\":\"Presidente e Republik\u00ebs s\u00eb Kosov\u00ebs\",\"alternateName\":\"DR. VJOSA OSMANI - SADRIU\",\"potentialAction\":[{\"@type\":\"SearchAction\",\"target\":{\"@type\":\"EntryPoint\",\"urlTemplate\":\"https:\/\/president-ksgov.net\/?s={search_term_string}\"},\"query-input\":{\"@type\":\"PropertyValueSpecification\",\"valueRequired\":true,\"valueName\":\"search_term_string\"}}],\"inLanguage\":\"sr-RS\"},{\"@type\":\"Person\",\"@id\":\"https:\/\/president-ksgov.net\/#\/schema\/person\/7c46f744a99d3f1616b92658282aa934\",\"name\":\"Florent Rrahmani\",\"image\":{\"@type\":\"ImageObject\",\"inLanguage\":\"sr-RS\",\"@id\":\"https:\/\/president-ksgov.net\/#\/schema\/person\/image\/\",\"url\":\"https:\/\/secure.gravatar.com\/avatar\/2545924aa250de68ac8368367a79b663e59571cd131611f54c89b0613a94e230?s=96&d=mm&r=g\",\"contentUrl\":\"https:\/\/secure.gravatar.com\/avatar\/2545924aa250de68ac8368367a79b663e59571cd131611f54c89b0613a94e230?s=96&d=mm&r=g\",\"caption\":\"Florent Rrahmani\"}}]}<\/script>\n<!-- \/ Yoast SEO plugin. -->","yoast_head_json":{"title":"Reakcija Predsedni\u0161tva Republike Kosovo - Predsednik Republike Kosovo - DR. VJOSA OSMANI - SADRIU","description":"Reakcija Predsedni\u0161tva Republike Kosovo - Predsednik Republike Kosovo - DR. VJOSA OSMANI - SADRIU -","robots":{"index":"index","follow":"follow","max-snippet":"max-snippet:-1","max-image-preview":"max-image-preview:large","max-video-preview":"max-video-preview:-1"},"canonical":"https:\/\/president-ksgov.net\/sr\/reakcija-predsednistva-republike-kosovo\/","og_locale":"sr_RS","og_type":"article","og_title":"Reakcija Predsedni\u0161tva Republike Kosovo - Predsednik Republike Kosovo - DR. VJOSA OSMANI - SADRIU","og_description":"Reakcija Predsedni\u0161tva Republike Kosovo - Predsednik Republike Kosovo - DR. VJOSA OSMANI - SADRIU -","og_url":"https:\/\/president-ksgov.net\/sr\/reakcija-predsednistva-republike-kosovo\/","og_site_name":"Predsednik Republike Kosovo - DR. VJOSA OSMANI - SADRIU","article_published_time":"2024-08-02T17:42:40+00:00","article_modified_time":"2024-08-02T20:37:57+00:00","og_image":[{"width":2000,"height":1000,"url":"https:\/\/president-ksgov.net\/wp-content\/uploads\/ZPRK-13.jpg","type":"image\/jpeg"}],"author":"Florent Rrahmani","twitter_card":"summary_large_image","twitter_misc":{"\u041d\u0430\u043f\u0438\u0441\u0430\u043d\u043e \u043e\u0434":"Florent Rrahmani","\u041f\u0440\u043e\u0446\u0435\u045a\u0435\u043d\u043e \u0432\u0440\u0435\u043c\u0435 \u0447\u0438\u0442\u0430\u045a\u0430":"5 \u043c\u0438\u043d\u0443\u0442\u0430"},"schema":{"@context":"https:\/\/schema.org","@graph":[{"@type":"WebPage","@id":"https:\/\/president-ksgov.net\/sr\/reakcija-predsednistva-republike-kosovo\/","url":"https:\/\/president-ksgov.net\/sr\/reakcija-predsednistva-republike-kosovo\/","name":"Reakcija Predsedni\u0161tva Republike Kosovo - Predsednik Republike Kosovo - DR. VJOSA OSMANI - SADRIU","isPartOf":{"@id":"https:\/\/president-ksgov.net\/#website"},"primaryImageOfPage":{"@id":"https:\/\/president-ksgov.net\/sr\/reakcija-predsednistva-republike-kosovo\/#primaryimage"},"image":{"@id":"https:\/\/president-ksgov.net\/sr\/reakcija-predsednistva-republike-kosovo\/#primaryimage"},"thumbnailUrl":"https:\/\/president-ksgov.net\/wp-content\/uploads\/ZPRK-13.jpg","datePublished":"2024-08-02T17:42:40+00:00","dateModified":"2024-08-02T20:37:57+00:00","author":{"@id":"https:\/\/president-ksgov.net\/#\/schema\/person\/7c46f744a99d3f1616b92658282aa934"},"description":"Reakcija Predsedni\u0161tva Republike Kosovo - Predsednik Republike Kosovo - DR. VJOSA OSMANI - SADRIU -","breadcrumb":{"@id":"https:\/\/president-ksgov.net\/sr\/reakcija-predsednistva-republike-kosovo\/#breadcrumb"},"inLanguage":"sr-RS","potentialAction":[{"@type":"ReadAction","target":["https:\/\/president-ksgov.net\/sr\/reakcija-predsednistva-republike-kosovo\/"]}]},{"@type":"ImageObject","inLanguage":"sr-RS","@id":"https:\/\/president-ksgov.net\/sr\/reakcija-predsednistva-republike-kosovo\/#primaryimage","url":"https:\/\/president-ksgov.net\/wp-content\/uploads\/ZPRK-13.jpg","contentUrl":"https:\/\/president-ksgov.net\/wp-content\/uploads\/ZPRK-13.jpg","width":2000,"height":1000},{"@type":"BreadcrumbList","@id":"https:\/\/president-ksgov.net\/sr\/reakcija-predsednistva-republike-kosovo\/#breadcrumb","itemListElement":[{"@type":"ListItem","position":1,"name":"Home","item":"https:\/\/president-ksgov.net\/sr\/"},{"@type":"ListItem","position":2,"name":"Reakcija Predsedni\u0161tva Republike Kosovo"}]},{"@type":"WebSite","@id":"https:\/\/president-ksgov.net\/#website","url":"https:\/\/president-ksgov.net\/","name":"Presidente e Republik\u00ebs s\u00eb Kosov\u00ebs","description":"Presidente e Republik\u00ebs s\u00eb Kosov\u00ebs","alternateName":"DR. VJOSA OSMANI - SADRIU","potentialAction":[{"@type":"SearchAction","target":{"@type":"EntryPoint","urlTemplate":"https:\/\/president-ksgov.net\/?s={search_term_string}"},"query-input":{"@type":"PropertyValueSpecification","valueRequired":true,"valueName":"search_term_string"}}],"inLanguage":"sr-RS"},{"@type":"Person","@id":"https:\/\/president-ksgov.net\/#\/schema\/person\/7c46f744a99d3f1616b92658282aa934","name":"Florent Rrahmani","image":{"@type":"ImageObject","inLanguage":"sr-RS","@id":"https:\/\/president-ksgov.net\/#\/schema\/person\/image\/","url":"https:\/\/secure.gravatar.com\/avatar\/2545924aa250de68ac8368367a79b663e59571cd131611f54c89b0613a94e230?s=96&d=mm&r=g","contentUrl":"https:\/\/secure.gravatar.com\/avatar\/2545924aa250de68ac8368367a79b663e59571cd131611f54c89b0613a94e230?s=96&d=mm&r=g","caption":"Florent Rrahmani"}}]}},"_links":{"self":[{"href":"https:\/\/president-ksgov.net\/sr\/wp-json\/wp\/v2\/posts\/140274","targetHints":{"allow":["GET"]}}],"collection":[{"href":"https:\/\/president-ksgov.net\/sr\/wp-json\/wp\/v2\/posts"}],"about":[{"href":"https:\/\/president-ksgov.net\/sr\/wp-json\/wp\/v2\/types\/post"}],"author":[{"embeddable":true,"href":"https:\/\/president-ksgov.net\/sr\/wp-json\/wp\/v2\/users\/9"}],"replies":[{"embeddable":true,"href":"https:\/\/president-ksgov.net\/sr\/wp-json\/wp\/v2\/comments?post=140274"}],"version-history":[{"count":1,"href":"https:\/\/president-ksgov.net\/sr\/wp-json\/wp\/v2\/posts\/140274\/revisions"}],"predecessor-version":[{"id":140275,"href":"https:\/\/president-ksgov.net\/sr\/wp-json\/wp\/v2\/posts\/140274\/revisions\/140275"}],"wp:featuredmedia":[{"embeddable":true,"href":"https:\/\/president-ksgov.net\/sr\/wp-json\/wp\/v2\/media\/139137"}],"wp:attachment":[{"href":"https:\/\/president-ksgov.net\/sr\/wp-json\/wp\/v2\/media?parent=140274"}],"wp:term":[{"taxonomy":"category","embeddable":true,"href":"https:\/\/president-ksgov.net\/sr\/wp-json\/wp\/v2\/categories?post=140274"},{"taxonomy":"post_tag","embeddable":true,"href":"https:\/\/president-ksgov.net\/sr\/wp-json\/wp\/v2\/tags?post=140274"}],"curies":[{"name":"wp","href":"https:\/\/api.w.org\/{rel}","templated":true}]}}