{"id":140266,"date":"2024-08-01T20:05:14","date_gmt":"2024-08-01T18:05:14","guid":{"rendered":"https:\/\/president-ksgov.net\/?p=140266"},"modified":"2024-08-02T09:48:20","modified_gmt":"2024-08-02T07:48:20","slug":"predsednica-pitanje-mosta-nikako-ne-treba-da-bude-tema-dijaloga-sa-srbijom","status":"publish","type":"post","link":"https:\/\/president-ksgov.net\/sr\/predsednica-pitanje-mosta-nikako-ne-treba-da-bude-tema-dijaloga-sa-srbijom\/","title":{"rendered":"Predsednica: Pitanje mosta nikako ne treba da bude tema dijaloga sa Srbijom"},"content":{"rendered":"<p>Predsednica Republike Kosovo Vjosa Osmani reagovala je na dana\u0161nju izjavu EU da pitanje otvaranja mosta na Ibru treba da bude tema dijaloga sa Srbijom.<\/p>\n<p>Cela reakcija predsednice Osmani:<\/p>\n<p>Reakcija na dana\u0161nju izjavu EU da pitanje otvaranja mosta na Ibru treba da bude tema dijaloga sa Srbijom<\/p>\n<p>Pitanje mosta nikako ne treba da bude tema dijaloga sa Srbijom. Tako ne\u0161to bi predstavljalo ozbiljno kr\u0161enje suvereniteta, teritorijalnog integriteta i ustavnosti u na\u0161oj zemlji. Vu\u010dic\u0301 nema za\u0161to da bude pitan kada c\u0301e mostovi biti otvoreni za saobrac\u0301aj u Republici Kosovo. Jedini dijalog koji treba da se vodi je onaj unutar Kosova, izme\u0111u na\u0161ih institucija i na\u0161ih bezbednosnih partnera (posebno sa NATO-om) kako bi se izgradio zajedni\u010dki plan sprovo\u0111enja za otvaranje mosta za sav saobrac\u0301aj, koji ima u vidu bezbednosne procene i interese na\u0161ih gra\u0111ana.<\/p>\n","protected":false},"excerpt":{"rendered":"<p>Predsednica Republike Kosovo Vjosa Osmani reagovala je na dana\u0161nju izjavu EU da pitanje otvaranja mosta na Ibru treba da bude tema dijaloga sa Srbijom. Cela reakcija predsednice Osmani: Reakcija na dana\u0161nju izjavu EU da pitanje otvaranja mosta na Ibru treba da bude tema dijaloga sa Srbijom Pitanje mosta nikako ne treba da bude tema dijaloga sa Srbijom. Tako ne\u0161to bi predstavljalo ozbiljno kr\u0161enje suvereniteta, teritorijalnog integriteta i ustavnosti u na\u0161oj zemlji. Vu\u010dic\u0301 nema za\u0161to da bude pitan kada c\u0301e mostovi biti otvoreni za saobrac\u0301aj u Republici Kosovo. Jedini dijalog koji treba da se vodi je onaj unutar Kosova, izme\u0111u na\u0161ih institucija i na\u0161ih bezbednosnih partnera (posebno sa NATO-om) kako bi se izgradio zajedni\u010dki plan sprovo\u0111enja za otvaranje mosta za sav saobrac\u0301aj, koji ima u vidu bezbednosne procene i interese na\u0161ih gra\u0111ana.<\/p>\n","protected":false},"author":13,"featured_media":140239,"comment_status":"closed","ping_status":"closed","sticky":false,"template":"","format":"standard","meta":{"_eb_attr":"","footnotes":""},"categories":[101],"tags":[],"class_list":["post-140266","post","type-post","status-publish","format-standard","has-post-thumbnail","hentry","category-vesti"],"yoast_head":"<!-- This site is optimized with the Yoast SEO plugin v23.5 - https:\/\/yoast.com\/wordpress\/plugins\/seo\/ -->\n<title>Predsednica: Pitanje mosta nikako ne treba da bude tema dijaloga sa Srbijom - Predsednik Republike Kosovo - DR. VJOSA OSMANI - SADRIU<\/title>\n<meta name=\"description\" content=\"Predsednica: Pitanje mosta nikako ne treba da bude tema dijaloga sa Srbijom - Predsednik Republike Kosovo - DR. VJOSA OSMANI - SADRIU -\" \/>\n<meta name=\"robots\" content=\"index, follow, max-snippet:-1, max-image-preview:large, max-video-preview:-1\" \/>\n<link rel=\"canonical\" href=\"https:\/\/president-ksgov.net\/sr\/predsednica-pitanje-mosta-nikako-ne-treba-da-bude-tema-dijaloga-sa-srbijom\/\" \/>\n<meta property=\"og:locale\" content=\"sr_RS\" \/>\n<meta property=\"og:type\" content=\"article\" \/>\n<meta property=\"og:title\" content=\"Predsednica: Pitanje mosta nikako ne treba da bude tema dijaloga sa Srbijom - Predsednik Republike Kosovo - DR. VJOSA OSMANI - SADRIU\" \/>\n<meta property=\"og:description\" content=\"Predsednica: Pitanje mosta nikako ne treba da bude tema dijaloga sa Srbijom - Predsednik Republike Kosovo - DR. VJOSA OSMANI - SADRIU -\" \/>\n<meta property=\"og:url\" content=\"https:\/\/president-ksgov.net\/sr\/predsednica-pitanje-mosta-nikako-ne-treba-da-bude-tema-dijaloga-sa-srbijom\/\" \/>\n<meta property=\"og:site_name\" content=\"Predsednik Republike Kosovo - DR. VJOSA OSMANI - SADRIU\" \/>\n<meta property=\"article:published_time\" content=\"2024-08-01T18:05:14+00:00\" \/>\n<meta property=\"article:modified_time\" content=\"2024-08-02T07:48:20+00:00\" \/>\n<meta property=\"og:image\" content=\"https:\/\/president-ksgov.net\/wp-content\/uploads\/IMG-20240801-WA0005.jpg\" \/>\n\t<meta property=\"og:image:width\" content=\"1600\" \/>\n\t<meta property=\"og:image:height\" content=\"1066\" \/>\n\t<meta property=\"og:image:type\" content=\"image\/jpeg\" \/>\n<meta name=\"author\" content=\"Edona Krasniqi\" \/>\n<meta name=\"twitter:card\" content=\"summary_large_image\" \/>\n<meta name=\"twitter:label1\" content=\"\u041d\u0430\u043f\u0438\u0441\u0430\u043d\u043e \u043e\u0434\" \/>\n\t<meta name=\"twitter:data1\" content=\"Edona Krasniqi\" \/>\n\t<meta name=\"twitter:label2\" content=\"\u041f\u0440\u043e\u0446\u0435\u045a\u0435\u043d\u043e \u0432\u0440\u0435\u043c\u0435 \u0447\u0438\u0442\u0430\u045a\u0430\" \/>\n\t<meta name=\"twitter:data2\" content=\"1 \u043c\u0438\u043d\u0443\u0442\" \/>\n<script type=\"application\/ld+json\" class=\"yoast-schema-graph\">{\"@context\":\"https:\/\/schema.org\",\"@graph\":[{\"@type\":\"WebPage\",\"@id\":\"https:\/\/president-ksgov.net\/sr\/predsednica-pitanje-mosta-nikako-ne-treba-da-bude-tema-dijaloga-sa-srbijom\/\",\"url\":\"https:\/\/president-ksgov.net\/sr\/predsednica-pitanje-mosta-nikako-ne-treba-da-bude-tema-dijaloga-sa-srbijom\/\",\"name\":\"Predsednica: Pitanje mosta nikako ne treba da bude tema dijaloga sa Srbijom - Predsednik Republike Kosovo - DR. VJOSA OSMANI - SADRIU\",\"isPartOf\":{\"@id\":\"https:\/\/president-ksgov.net\/#website\"},\"primaryImageOfPage\":{\"@id\":\"https:\/\/president-ksgov.net\/sr\/predsednica-pitanje-mosta-nikako-ne-treba-da-bude-tema-dijaloga-sa-srbijom\/#primaryimage\"},\"image\":{\"@id\":\"https:\/\/president-ksgov.net\/sr\/predsednica-pitanje-mosta-nikako-ne-treba-da-bude-tema-dijaloga-sa-srbijom\/#primaryimage\"},\"thumbnailUrl\":\"https:\/\/president-ksgov.net\/wp-content\/uploads\/IMG-20240801-WA0005.jpg\",\"datePublished\":\"2024-08-01T18:05:14+00:00\",\"dateModified\":\"2024-08-02T07:48:20+00:00\",\"author\":{\"@id\":\"https:\/\/president-ksgov.net\/#\/schema\/person\/b9740e15fff71a6f8f26a0e201572567\"},\"description\":\"Predsednica: Pitanje mosta nikako ne treba da bude tema dijaloga sa Srbijom - Predsednik Republike Kosovo - DR. VJOSA OSMANI - SADRIU -\",\"breadcrumb\":{\"@id\":\"https:\/\/president-ksgov.net\/sr\/predsednica-pitanje-mosta-nikako-ne-treba-da-bude-tema-dijaloga-sa-srbijom\/#breadcrumb\"},\"inLanguage\":\"sr-RS\",\"potentialAction\":[{\"@type\":\"ReadAction\",\"target\":[\"https:\/\/president-ksgov.net\/sr\/predsednica-pitanje-mosta-nikako-ne-treba-da-bude-tema-dijaloga-sa-srbijom\/\"]}]},{\"@type\":\"ImageObject\",\"inLanguage\":\"sr-RS\",\"@id\":\"https:\/\/president-ksgov.net\/sr\/predsednica-pitanje-mosta-nikako-ne-treba-da-bude-tema-dijaloga-sa-srbijom\/#primaryimage\",\"url\":\"https:\/\/president-ksgov.net\/wp-content\/uploads\/IMG-20240801-WA0005.jpg\",\"contentUrl\":\"https:\/\/president-ksgov.net\/wp-content\/uploads\/IMG-20240801-WA0005.jpg\",\"width\":1600,\"height\":1066},{\"@type\":\"BreadcrumbList\",\"@id\":\"https:\/\/president-ksgov.net\/sr\/predsednica-pitanje-mosta-nikako-ne-treba-da-bude-tema-dijaloga-sa-srbijom\/#breadcrumb\",\"itemListElement\":[{\"@type\":\"ListItem\",\"position\":1,\"name\":\"Home\",\"item\":\"https:\/\/president-ksgov.net\/sr\/\"},{\"@type\":\"ListItem\",\"position\":2,\"name\":\"Predsednica: Pitanje mosta nikako ne treba da bude tema dijaloga sa Srbijom\"}]},{\"@type\":\"WebSite\",\"@id\":\"https:\/\/president-ksgov.net\/#website\",\"url\":\"https:\/\/president-ksgov.net\/\",\"name\":\"Presidente e Republik\u00ebs s\u00eb Kosov\u00ebs\",\"description\":\"Presidente e Republik\u00ebs s\u00eb Kosov\u00ebs\",\"alternateName\":\"DR. VJOSA OSMANI - SADRIU\",\"potentialAction\":[{\"@type\":\"SearchAction\",\"target\":{\"@type\":\"EntryPoint\",\"urlTemplate\":\"https:\/\/president-ksgov.net\/?s={search_term_string}\"},\"query-input\":{\"@type\":\"PropertyValueSpecification\",\"valueRequired\":true,\"valueName\":\"search_term_string\"}}],\"inLanguage\":\"sr-RS\"},{\"@type\":\"Person\",\"@id\":\"https:\/\/president-ksgov.net\/#\/schema\/person\/b9740e15fff71a6f8f26a0e201572567\",\"name\":\"Edona Krasniqi\",\"image\":{\"@type\":\"ImageObject\",\"inLanguage\":\"sr-RS\",\"@id\":\"https:\/\/president-ksgov.net\/#\/schema\/person\/image\/\",\"url\":\"https:\/\/secure.gravatar.com\/avatar\/1f0f749e4b80632decf95bd32db3f33277967a04dc5e29d46781d9c89b703cce?s=96&d=mm&r=g\",\"contentUrl\":\"https:\/\/secure.gravatar.com\/avatar\/1f0f749e4b80632decf95bd32db3f33277967a04dc5e29d46781d9c89b703cce?s=96&d=mm&r=g\",\"caption\":\"Edona Krasniqi\"},\"sameAs\":[\"https:\/\/president-ksgov.net\/\"]}]}<\/script>\n<!-- \/ Yoast SEO plugin. -->","yoast_head_json":{"title":"Predsednica: Pitanje mosta nikako ne treba da bude tema dijaloga sa Srbijom - Predsednik Republike Kosovo - DR. VJOSA OSMANI - SADRIU","description":"Predsednica: Pitanje mosta nikako ne treba da bude tema dijaloga sa Srbijom - Predsednik Republike Kosovo - DR. VJOSA OSMANI - SADRIU -","robots":{"index":"index","follow":"follow","max-snippet":"max-snippet:-1","max-image-preview":"max-image-preview:large","max-video-preview":"max-video-preview:-1"},"canonical":"https:\/\/president-ksgov.net\/sr\/predsednica-pitanje-mosta-nikako-ne-treba-da-bude-tema-dijaloga-sa-srbijom\/","og_locale":"sr_RS","og_type":"article","og_title":"Predsednica: Pitanje mosta nikako ne treba da bude tema dijaloga sa Srbijom - Predsednik Republike Kosovo - DR. VJOSA OSMANI - SADRIU","og_description":"Predsednica: Pitanje mosta nikako ne treba da bude tema dijaloga sa Srbijom - Predsednik Republike Kosovo - DR. VJOSA OSMANI - SADRIU -","og_url":"https:\/\/president-ksgov.net\/sr\/predsednica-pitanje-mosta-nikako-ne-treba-da-bude-tema-dijaloga-sa-srbijom\/","og_site_name":"Predsednik Republike Kosovo - DR. VJOSA OSMANI - SADRIU","article_published_time":"2024-08-01T18:05:14+00:00","article_modified_time":"2024-08-02T07:48:20+00:00","og_image":[{"width":1600,"height":1066,"url":"https:\/\/president-ksgov.net\/wp-content\/uploads\/IMG-20240801-WA0005.jpg","type":"image\/jpeg"}],"author":"Edona Krasniqi","twitter_card":"summary_large_image","twitter_misc":{"\u041d\u0430\u043f\u0438\u0441\u0430\u043d\u043e \u043e\u0434":"Edona Krasniqi","\u041f\u0440\u043e\u0446\u0435\u045a\u0435\u043d\u043e \u0432\u0440\u0435\u043c\u0435 \u0447\u0438\u0442\u0430\u045a\u0430":"1 \u043c\u0438\u043d\u0443\u0442"},"schema":{"@context":"https:\/\/schema.org","@graph":[{"@type":"WebPage","@id":"https:\/\/president-ksgov.net\/sr\/predsednica-pitanje-mosta-nikako-ne-treba-da-bude-tema-dijaloga-sa-srbijom\/","url":"https:\/\/president-ksgov.net\/sr\/predsednica-pitanje-mosta-nikako-ne-treba-da-bude-tema-dijaloga-sa-srbijom\/","name":"Predsednica: Pitanje mosta nikako ne treba da bude tema dijaloga sa Srbijom - Predsednik Republike Kosovo - DR. VJOSA OSMANI - SADRIU","isPartOf":{"@id":"https:\/\/president-ksgov.net\/#website"},"primaryImageOfPage":{"@id":"https:\/\/president-ksgov.net\/sr\/predsednica-pitanje-mosta-nikako-ne-treba-da-bude-tema-dijaloga-sa-srbijom\/#primaryimage"},"image":{"@id":"https:\/\/president-ksgov.net\/sr\/predsednica-pitanje-mosta-nikako-ne-treba-da-bude-tema-dijaloga-sa-srbijom\/#primaryimage"},"thumbnailUrl":"https:\/\/president-ksgov.net\/wp-content\/uploads\/IMG-20240801-WA0005.jpg","datePublished":"2024-08-01T18:05:14+00:00","dateModified":"2024-08-02T07:48:20+00:00","author":{"@id":"https:\/\/president-ksgov.net\/#\/schema\/person\/b9740e15fff71a6f8f26a0e201572567"},"description":"Predsednica: Pitanje mosta nikako ne treba da bude tema dijaloga sa Srbijom - Predsednik Republike Kosovo - DR. VJOSA OSMANI - SADRIU -","breadcrumb":{"@id":"https:\/\/president-ksgov.net\/sr\/predsednica-pitanje-mosta-nikako-ne-treba-da-bude-tema-dijaloga-sa-srbijom\/#breadcrumb"},"inLanguage":"sr-RS","potentialAction":[{"@type":"ReadAction","target":["https:\/\/president-ksgov.net\/sr\/predsednica-pitanje-mosta-nikako-ne-treba-da-bude-tema-dijaloga-sa-srbijom\/"]}]},{"@type":"ImageObject","inLanguage":"sr-RS","@id":"https:\/\/president-ksgov.net\/sr\/predsednica-pitanje-mosta-nikako-ne-treba-da-bude-tema-dijaloga-sa-srbijom\/#primaryimage","url":"https:\/\/president-ksgov.net\/wp-content\/uploads\/IMG-20240801-WA0005.jpg","contentUrl":"https:\/\/president-ksgov.net\/wp-content\/uploads\/IMG-20240801-WA0005.jpg","width":1600,"height":1066},{"@type":"BreadcrumbList","@id":"https:\/\/president-ksgov.net\/sr\/predsednica-pitanje-mosta-nikako-ne-treba-da-bude-tema-dijaloga-sa-srbijom\/#breadcrumb","itemListElement":[{"@type":"ListItem","position":1,"name":"Home","item":"https:\/\/president-ksgov.net\/sr\/"},{"@type":"ListItem","position":2,"name":"Predsednica: Pitanje mosta nikako ne treba da bude tema dijaloga sa Srbijom"}]},{"@type":"WebSite","@id":"https:\/\/president-ksgov.net\/#website","url":"https:\/\/president-ksgov.net\/","name":"Presidente e Republik\u00ebs s\u00eb Kosov\u00ebs","description":"Presidente e Republik\u00ebs s\u00eb Kosov\u00ebs","alternateName":"DR. VJOSA OSMANI - SADRIU","potentialAction":[{"@type":"SearchAction","target":{"@type":"EntryPoint","urlTemplate":"https:\/\/president-ksgov.net\/?s={search_term_string}"},"query-input":{"@type":"PropertyValueSpecification","valueRequired":true,"valueName":"search_term_string"}}],"inLanguage":"sr-RS"},{"@type":"Person","@id":"https:\/\/president-ksgov.net\/#\/schema\/person\/b9740e15fff71a6f8f26a0e201572567","name":"Edona Krasniqi","image":{"@type":"ImageObject","inLanguage":"sr-RS","@id":"https:\/\/president-ksgov.net\/#\/schema\/person\/image\/","url":"https:\/\/secure.gravatar.com\/avatar\/1f0f749e4b80632decf95bd32db3f33277967a04dc5e29d46781d9c89b703cce?s=96&d=mm&r=g","contentUrl":"https:\/\/secure.gravatar.com\/avatar\/1f0f749e4b80632decf95bd32db3f33277967a04dc5e29d46781d9c89b703cce?s=96&d=mm&r=g","caption":"Edona Krasniqi"},"sameAs":["https:\/\/president-ksgov.net\/"]}]}},"_links":{"self":[{"href":"https:\/\/president-ksgov.net\/sr\/wp-json\/wp\/v2\/posts\/140266","targetHints":{"allow":["GET"]}}],"collection":[{"href":"https:\/\/president-ksgov.net\/sr\/wp-json\/wp\/v2\/posts"}],"about":[{"href":"https:\/\/president-ksgov.net\/sr\/wp-json\/wp\/v2\/types\/post"}],"author":[{"embeddable":true,"href":"https:\/\/president-ksgov.net\/sr\/wp-json\/wp\/v2\/users\/13"}],"replies":[{"embeddable":true,"href":"https:\/\/president-ksgov.net\/sr\/wp-json\/wp\/v2\/comments?post=140266"}],"version-history":[{"count":1,"href":"https:\/\/president-ksgov.net\/sr\/wp-json\/wp\/v2\/posts\/140266\/revisions"}],"predecessor-version":[{"id":140267,"href":"https:\/\/president-ksgov.net\/sr\/wp-json\/wp\/v2\/posts\/140266\/revisions\/140267"}],"wp:featuredmedia":[{"embeddable":true,"href":"https:\/\/president-ksgov.net\/sr\/wp-json\/wp\/v2\/media\/140239"}],"wp:attachment":[{"href":"https:\/\/president-ksgov.net\/sr\/wp-json\/wp\/v2\/media?parent=140266"}],"wp:term":[{"taxonomy":"category","embeddable":true,"href":"https:\/\/president-ksgov.net\/sr\/wp-json\/wp\/v2\/categories?post=140266"},{"taxonomy":"post_tag","embeddable":true,"href":"https:\/\/president-ksgov.net\/sr\/wp-json\/wp\/v2\/tags?post=140266"}],"curies":[{"name":"wp","href":"https:\/\/api.w.org\/{rel}","templated":true}]}}