{"id":140116,"date":"2024-07-15T16:15:23","date_gmt":"2024-07-15T14:15:23","guid":{"rendered":"https:\/\/president-ksgov.net\/?p=140116"},"modified":"2024-07-29T11:05:42","modified_gmt":"2024-07-29T09:05:42","slug":"predsednica-vjosa-osmani-docekala-na-sastanku-ambasadora-ujedinjenog-kraljevstva-jonathana-hargreavesa","status":"publish","type":"post","link":"https:\/\/president-ksgov.net\/sr\/predsednica-vjosa-osmani-docekala-na-sastanku-ambasadora-ujedinjenog-kraljevstva-jonathana-hargreavesa\/","title":{"rendered":"Predsednica Vjosa Osmani do\u010dekala na sastanku ambasadora Ujedinjenog Kraljevstva Jonathana Hargreavesa"},"content":{"rendered":"<p>Predsednica Republike Kosovo Vjosa Osmani do\u010dekala je danas na sastanku ambasadora Ujedinjenog Kraljevstva na Kosovu <strong>Jonathana Hargreavesa<\/strong> sa kojim je razgovarala o pripremama za Samit Evropske politi\u010dke zajednice, kao i o bilateralnoj saradnji Kosova i Velike Britanije.<\/p>\n<p>Predsednica Osmani \u0107e, kao i na pre\u0111a\u0161njim samitima, predstavljati Republiku Kosovo na Samitu Evropske politi\u010dke zajednice.<\/p>\n<p>Predsednica i ambasador su razgovarali o temama koje \u0107e biti obra\u0111ene na ovom samitu, uklju\u010duju\u0107i potrebu za kolektivnim naporima za za\u0161titu demokratije, kao i doprinos Kosova ovim temama.<\/p>\n<p>Samit lidera Evropske politi\u010dke zajednice bi\u0107e odr\u017ean u palati Blenheim u Ujedinjenom Kraljevstvu, uz u\u010de\u0161\u0107e oko 50 evropskih lidera i predstavnika.<\/p>\n","protected":false},"excerpt":{"rendered":"<p>Predsednica Republike Kosovo Vjosa Osmani do\u010dekala je danas na sastanku ambasadora Ujedinjenog Kraljevstva na Kosovu Jonathana Hargreavesa sa kojim je razgovarala o pripremama za Samit Evropske politi\u010dke zajednice, kao i o bilateralnoj saradnji Kosova i Velike Britanije. Predsednica Osmani \u0107e, kao i na pre\u0111a\u0161njim samitima, predstavljati Republiku Kosovo na Samitu Evropske politi\u010dke zajednice. Predsednica i ambasador su razgovarali o temama koje \u0107e biti obra\u0111ene na ovom samitu, uklju\u010duju\u0107i potrebu za kolektivnim naporima za za\u0161titu demokratije, kao i doprinos Kosova ovim temama. Samit lidera Evropske politi\u010dke zajednice bi\u0107e odr\u017ean u palati Blenheim u Ujedinjenom Kraljevstvu, uz u\u010de\u0161\u0107e oko 50 evropskih lidera i predstavnika.<\/p>\n","protected":false},"author":13,"featured_media":138790,"comment_status":"closed","ping_status":"closed","sticky":false,"template":"","format":"standard","meta":{"_eb_attr":"","footnotes":""},"categories":[101],"tags":[],"class_list":["post-140116","post","type-post","status-publish","format-standard","has-post-thumbnail","hentry","category-vesti"],"yoast_head":"<!-- This site is optimized with the Yoast SEO plugin v23.5 - https:\/\/yoast.com\/wordpress\/plugins\/seo\/ -->\n<title>Predsednica Vjosa Osmani do\u010dekala na sastanku ambasadora Ujedinjenog Kraljevstva Jonathana Hargreavesa - Predsednik Republike Kosovo - DR. VJOSA OSMANI - SADRIU<\/title>\n<meta name=\"description\" content=\"Predsednica Vjosa Osmani do\u010dekala na sastanku ambasadora Ujedinjenog Kraljevstva Jonathana Hargreavesa - Predsednik Republike Kosovo - DR. VJOSA OSMANI - SADRIU -\" \/>\n<meta name=\"robots\" content=\"index, follow, max-snippet:-1, max-image-preview:large, max-video-preview:-1\" \/>\n<link rel=\"canonical\" href=\"https:\/\/president-ksgov.net\/sr\/predsednica-vjosa-osmani-docekala-na-sastanku-ambasadora-ujedinjenog-kraljevstva-jonathana-hargreavesa\/\" \/>\n<meta property=\"og:locale\" content=\"sr_RS\" \/>\n<meta property=\"og:type\" content=\"article\" \/>\n<meta property=\"og:title\" content=\"Predsednica Vjosa Osmani do\u010dekala na sastanku ambasadora Ujedinjenog Kraljevstva Jonathana Hargreavesa - Predsednik Republike Kosovo - DR. VJOSA OSMANI - SADRIU\" \/>\n<meta property=\"og:description\" content=\"Predsednica Vjosa Osmani do\u010dekala na sastanku ambasadora Ujedinjenog Kraljevstva Jonathana Hargreavesa - Predsednik Republike Kosovo - DR. VJOSA OSMANI - SADRIU -\" \/>\n<meta property=\"og:url\" content=\"https:\/\/president-ksgov.net\/sr\/predsednica-vjosa-osmani-docekala-na-sastanku-ambasadora-ujedinjenog-kraljevstva-jonathana-hargreavesa\/\" \/>\n<meta property=\"og:site_name\" content=\"Predsednik Republike Kosovo - DR. VJOSA OSMANI - SADRIU\" \/>\n<meta property=\"article:published_time\" content=\"2024-07-15T14:15:23+00:00\" \/>\n<meta property=\"article:modified_time\" content=\"2024-07-29T09:05:42+00:00\" \/>\n<meta property=\"og:image\" content=\"https:\/\/president-ksgov.net\/wp-content\/uploads\/IMG_1852.jpg\" \/>\n\t<meta property=\"og:image:width\" content=\"1400\" \/>\n\t<meta property=\"og:image:height\" content=\"1051\" \/>\n\t<meta property=\"og:image:type\" content=\"image\/jpeg\" \/>\n<meta name=\"author\" content=\"Edona Krasniqi\" \/>\n<meta name=\"twitter:card\" content=\"summary_large_image\" \/>\n<meta name=\"twitter:label1\" content=\"\u041d\u0430\u043f\u0438\u0441\u0430\u043d\u043e \u043e\u0434\" \/>\n\t<meta name=\"twitter:data1\" content=\"Edona Krasniqi\" \/>\n\t<meta name=\"twitter:label2\" content=\"\u041f\u0440\u043e\u0446\u0435\u045a\u0435\u043d\u043e \u0432\u0440\u0435\u043c\u0435 \u0447\u0438\u0442\u0430\u045a\u0430\" \/>\n\t<meta name=\"twitter:data2\" content=\"1 \u043c\u0438\u043d\u0443\u0442\" \/>\n<script type=\"application\/ld+json\" class=\"yoast-schema-graph\">{\"@context\":\"https:\/\/schema.org\",\"@graph\":[{\"@type\":\"WebPage\",\"@id\":\"https:\/\/president-ksgov.net\/sr\/predsednica-vjosa-osmani-docekala-na-sastanku-ambasadora-ujedinjenog-kraljevstva-jonathana-hargreavesa\/\",\"url\":\"https:\/\/president-ksgov.net\/sr\/predsednica-vjosa-osmani-docekala-na-sastanku-ambasadora-ujedinjenog-kraljevstva-jonathana-hargreavesa\/\",\"name\":\"Predsednica Vjosa Osmani do\u010dekala na sastanku ambasadora Ujedinjenog Kraljevstva Jonathana Hargreavesa - Predsednik Republike Kosovo - DR. VJOSA OSMANI - SADRIU\",\"isPartOf\":{\"@id\":\"https:\/\/president-ksgov.net\/#website\"},\"primaryImageOfPage\":{\"@id\":\"https:\/\/president-ksgov.net\/sr\/predsednica-vjosa-osmani-docekala-na-sastanku-ambasadora-ujedinjenog-kraljevstva-jonathana-hargreavesa\/#primaryimage\"},\"image\":{\"@id\":\"https:\/\/president-ksgov.net\/sr\/predsednica-vjosa-osmani-docekala-na-sastanku-ambasadora-ujedinjenog-kraljevstva-jonathana-hargreavesa\/#primaryimage\"},\"thumbnailUrl\":\"https:\/\/president-ksgov.net\/wp-content\/uploads\/IMG_1852.jpg\",\"datePublished\":\"2024-07-15T14:15:23+00:00\",\"dateModified\":\"2024-07-29T09:05:42+00:00\",\"author\":{\"@id\":\"https:\/\/president-ksgov.net\/#\/schema\/person\/b9740e15fff71a6f8f26a0e201572567\"},\"description\":\"Predsednica Vjosa Osmani do\u010dekala na sastanku ambasadora Ujedinjenog Kraljevstva Jonathana Hargreavesa - Predsednik Republike Kosovo - DR. VJOSA OSMANI - SADRIU -\",\"breadcrumb\":{\"@id\":\"https:\/\/president-ksgov.net\/sr\/predsednica-vjosa-osmani-docekala-na-sastanku-ambasadora-ujedinjenog-kraljevstva-jonathana-hargreavesa\/#breadcrumb\"},\"inLanguage\":\"sr-RS\",\"potentialAction\":[{\"@type\":\"ReadAction\",\"target\":[\"https:\/\/president-ksgov.net\/sr\/predsednica-vjosa-osmani-docekala-na-sastanku-ambasadora-ujedinjenog-kraljevstva-jonathana-hargreavesa\/\"]}]},{\"@type\":\"ImageObject\",\"inLanguage\":\"sr-RS\",\"@id\":\"https:\/\/president-ksgov.net\/sr\/predsednica-vjosa-osmani-docekala-na-sastanku-ambasadora-ujedinjenog-kraljevstva-jonathana-hargreavesa\/#primaryimage\",\"url\":\"https:\/\/president-ksgov.net\/wp-content\/uploads\/IMG_1852.jpg\",\"contentUrl\":\"https:\/\/president-ksgov.net\/wp-content\/uploads\/IMG_1852.jpg\",\"width\":1400,\"height\":1051},{\"@type\":\"BreadcrumbList\",\"@id\":\"https:\/\/president-ksgov.net\/sr\/predsednica-vjosa-osmani-docekala-na-sastanku-ambasadora-ujedinjenog-kraljevstva-jonathana-hargreavesa\/#breadcrumb\",\"itemListElement\":[{\"@type\":\"ListItem\",\"position\":1,\"name\":\"Home\",\"item\":\"https:\/\/president-ksgov.net\/sr\/\"},{\"@type\":\"ListItem\",\"position\":2,\"name\":\"Predsednica Vjosa Osmani do\u010dekala na sastanku ambasadora Ujedinjenog Kraljevstva Jonathana Hargreavesa\"}]},{\"@type\":\"WebSite\",\"@id\":\"https:\/\/president-ksgov.net\/#website\",\"url\":\"https:\/\/president-ksgov.net\/\",\"name\":\"Presidente e Republik\u00ebs s\u00eb Kosov\u00ebs\",\"description\":\"Presidente e Republik\u00ebs s\u00eb Kosov\u00ebs\",\"alternateName\":\"DR. VJOSA OSMANI - SADRIU\",\"potentialAction\":[{\"@type\":\"SearchAction\",\"target\":{\"@type\":\"EntryPoint\",\"urlTemplate\":\"https:\/\/president-ksgov.net\/?s={search_term_string}\"},\"query-input\":{\"@type\":\"PropertyValueSpecification\",\"valueRequired\":true,\"valueName\":\"search_term_string\"}}],\"inLanguage\":\"sr-RS\"},{\"@type\":\"Person\",\"@id\":\"https:\/\/president-ksgov.net\/#\/schema\/person\/b9740e15fff71a6f8f26a0e201572567\",\"name\":\"Edona Krasniqi\",\"image\":{\"@type\":\"ImageObject\",\"inLanguage\":\"sr-RS\",\"@id\":\"https:\/\/president-ksgov.net\/#\/schema\/person\/image\/\",\"url\":\"https:\/\/secure.gravatar.com\/avatar\/1f0f749e4b80632decf95bd32db3f33277967a04dc5e29d46781d9c89b703cce?s=96&d=mm&r=g\",\"contentUrl\":\"https:\/\/secure.gravatar.com\/avatar\/1f0f749e4b80632decf95bd32db3f33277967a04dc5e29d46781d9c89b703cce?s=96&d=mm&r=g\",\"caption\":\"Edona Krasniqi\"},\"sameAs\":[\"https:\/\/president-ksgov.net\/\"]}]}<\/script>\n<!-- \/ Yoast SEO plugin. -->","yoast_head_json":{"title":"Predsednica Vjosa Osmani do\u010dekala na sastanku ambasadora Ujedinjenog Kraljevstva Jonathana Hargreavesa - Predsednik Republike Kosovo - DR. VJOSA OSMANI - SADRIU","description":"Predsednica Vjosa Osmani do\u010dekala na sastanku ambasadora Ujedinjenog Kraljevstva Jonathana Hargreavesa - Predsednik Republike Kosovo - DR. VJOSA OSMANI - SADRIU -","robots":{"index":"index","follow":"follow","max-snippet":"max-snippet:-1","max-image-preview":"max-image-preview:large","max-video-preview":"max-video-preview:-1"},"canonical":"https:\/\/president-ksgov.net\/sr\/predsednica-vjosa-osmani-docekala-na-sastanku-ambasadora-ujedinjenog-kraljevstva-jonathana-hargreavesa\/","og_locale":"sr_RS","og_type":"article","og_title":"Predsednica Vjosa Osmani do\u010dekala na sastanku ambasadora Ujedinjenog Kraljevstva Jonathana Hargreavesa - Predsednik Republike Kosovo - DR. VJOSA OSMANI - SADRIU","og_description":"Predsednica Vjosa Osmani do\u010dekala na sastanku ambasadora Ujedinjenog Kraljevstva Jonathana Hargreavesa - Predsednik Republike Kosovo - DR. VJOSA OSMANI - SADRIU -","og_url":"https:\/\/president-ksgov.net\/sr\/predsednica-vjosa-osmani-docekala-na-sastanku-ambasadora-ujedinjenog-kraljevstva-jonathana-hargreavesa\/","og_site_name":"Predsednik Republike Kosovo - DR. VJOSA OSMANI - SADRIU","article_published_time":"2024-07-15T14:15:23+00:00","article_modified_time":"2024-07-29T09:05:42+00:00","og_image":[{"width":1400,"height":1051,"url":"https:\/\/president-ksgov.net\/wp-content\/uploads\/IMG_1852.jpg","type":"image\/jpeg"}],"author":"Edona Krasniqi","twitter_card":"summary_large_image","twitter_misc":{"\u041d\u0430\u043f\u0438\u0441\u0430\u043d\u043e \u043e\u0434":"Edona Krasniqi","\u041f\u0440\u043e\u0446\u0435\u045a\u0435\u043d\u043e \u0432\u0440\u0435\u043c\u0435 \u0447\u0438\u0442\u0430\u045a\u0430":"1 \u043c\u0438\u043d\u0443\u0442"},"schema":{"@context":"https:\/\/schema.org","@graph":[{"@type":"WebPage","@id":"https:\/\/president-ksgov.net\/sr\/predsednica-vjosa-osmani-docekala-na-sastanku-ambasadora-ujedinjenog-kraljevstva-jonathana-hargreavesa\/","url":"https:\/\/president-ksgov.net\/sr\/predsednica-vjosa-osmani-docekala-na-sastanku-ambasadora-ujedinjenog-kraljevstva-jonathana-hargreavesa\/","name":"Predsednica Vjosa Osmani do\u010dekala na sastanku ambasadora Ujedinjenog Kraljevstva Jonathana Hargreavesa - Predsednik Republike Kosovo - DR. VJOSA OSMANI - SADRIU","isPartOf":{"@id":"https:\/\/president-ksgov.net\/#website"},"primaryImageOfPage":{"@id":"https:\/\/president-ksgov.net\/sr\/predsednica-vjosa-osmani-docekala-na-sastanku-ambasadora-ujedinjenog-kraljevstva-jonathana-hargreavesa\/#primaryimage"},"image":{"@id":"https:\/\/president-ksgov.net\/sr\/predsednica-vjosa-osmani-docekala-na-sastanku-ambasadora-ujedinjenog-kraljevstva-jonathana-hargreavesa\/#primaryimage"},"thumbnailUrl":"https:\/\/president-ksgov.net\/wp-content\/uploads\/IMG_1852.jpg","datePublished":"2024-07-15T14:15:23+00:00","dateModified":"2024-07-29T09:05:42+00:00","author":{"@id":"https:\/\/president-ksgov.net\/#\/schema\/person\/b9740e15fff71a6f8f26a0e201572567"},"description":"Predsednica Vjosa Osmani do\u010dekala na sastanku ambasadora Ujedinjenog Kraljevstva Jonathana Hargreavesa - Predsednik Republike Kosovo - DR. VJOSA OSMANI - SADRIU -","breadcrumb":{"@id":"https:\/\/president-ksgov.net\/sr\/predsednica-vjosa-osmani-docekala-na-sastanku-ambasadora-ujedinjenog-kraljevstva-jonathana-hargreavesa\/#breadcrumb"},"inLanguage":"sr-RS","potentialAction":[{"@type":"ReadAction","target":["https:\/\/president-ksgov.net\/sr\/predsednica-vjosa-osmani-docekala-na-sastanku-ambasadora-ujedinjenog-kraljevstva-jonathana-hargreavesa\/"]}]},{"@type":"ImageObject","inLanguage":"sr-RS","@id":"https:\/\/president-ksgov.net\/sr\/predsednica-vjosa-osmani-docekala-na-sastanku-ambasadora-ujedinjenog-kraljevstva-jonathana-hargreavesa\/#primaryimage","url":"https:\/\/president-ksgov.net\/wp-content\/uploads\/IMG_1852.jpg","contentUrl":"https:\/\/president-ksgov.net\/wp-content\/uploads\/IMG_1852.jpg","width":1400,"height":1051},{"@type":"BreadcrumbList","@id":"https:\/\/president-ksgov.net\/sr\/predsednica-vjosa-osmani-docekala-na-sastanku-ambasadora-ujedinjenog-kraljevstva-jonathana-hargreavesa\/#breadcrumb","itemListElement":[{"@type":"ListItem","position":1,"name":"Home","item":"https:\/\/president-ksgov.net\/sr\/"},{"@type":"ListItem","position":2,"name":"Predsednica Vjosa Osmani do\u010dekala na sastanku ambasadora Ujedinjenog Kraljevstva Jonathana Hargreavesa"}]},{"@type":"WebSite","@id":"https:\/\/president-ksgov.net\/#website","url":"https:\/\/president-ksgov.net\/","name":"Presidente e Republik\u00ebs s\u00eb Kosov\u00ebs","description":"Presidente e Republik\u00ebs s\u00eb Kosov\u00ebs","alternateName":"DR. VJOSA OSMANI - SADRIU","potentialAction":[{"@type":"SearchAction","target":{"@type":"EntryPoint","urlTemplate":"https:\/\/president-ksgov.net\/?s={search_term_string}"},"query-input":{"@type":"PropertyValueSpecification","valueRequired":true,"valueName":"search_term_string"}}],"inLanguage":"sr-RS"},{"@type":"Person","@id":"https:\/\/president-ksgov.net\/#\/schema\/person\/b9740e15fff71a6f8f26a0e201572567","name":"Edona Krasniqi","image":{"@type":"ImageObject","inLanguage":"sr-RS","@id":"https:\/\/president-ksgov.net\/#\/schema\/person\/image\/","url":"https:\/\/secure.gravatar.com\/avatar\/1f0f749e4b80632decf95bd32db3f33277967a04dc5e29d46781d9c89b703cce?s=96&d=mm&r=g","contentUrl":"https:\/\/secure.gravatar.com\/avatar\/1f0f749e4b80632decf95bd32db3f33277967a04dc5e29d46781d9c89b703cce?s=96&d=mm&r=g","caption":"Edona Krasniqi"},"sameAs":["https:\/\/president-ksgov.net\/"]}]}},"_links":{"self":[{"href":"https:\/\/president-ksgov.net\/sr\/wp-json\/wp\/v2\/posts\/140116","targetHints":{"allow":["GET"]}}],"collection":[{"href":"https:\/\/president-ksgov.net\/sr\/wp-json\/wp\/v2\/posts"}],"about":[{"href":"https:\/\/president-ksgov.net\/sr\/wp-json\/wp\/v2\/types\/post"}],"author":[{"embeddable":true,"href":"https:\/\/president-ksgov.net\/sr\/wp-json\/wp\/v2\/users\/13"}],"replies":[{"embeddable":true,"href":"https:\/\/president-ksgov.net\/sr\/wp-json\/wp\/v2\/comments?post=140116"}],"version-history":[{"count":1,"href":"https:\/\/president-ksgov.net\/sr\/wp-json\/wp\/v2\/posts\/140116\/revisions"}],"predecessor-version":[{"id":140117,"href":"https:\/\/president-ksgov.net\/sr\/wp-json\/wp\/v2\/posts\/140116\/revisions\/140117"}],"wp:featuredmedia":[{"embeddable":true,"href":"https:\/\/president-ksgov.net\/sr\/wp-json\/wp\/v2\/media\/138790"}],"wp:attachment":[{"href":"https:\/\/president-ksgov.net\/sr\/wp-json\/wp\/v2\/media?parent=140116"}],"wp:term":[{"taxonomy":"category","embeddable":true,"href":"https:\/\/president-ksgov.net\/sr\/wp-json\/wp\/v2\/categories?post=140116"},{"taxonomy":"post_tag","embeddable":true,"href":"https:\/\/president-ksgov.net\/sr\/wp-json\/wp\/v2\/tags?post=140116"}],"curies":[{"name":"wp","href":"https:\/\/api.w.org\/{rel}","templated":true}]}}