{"id":139181,"date":"2024-07-24T10:24:54","date_gmt":"2024-07-24T08:24:54","guid":{"rendered":"https:\/\/president-ksgov.net\/?p=139181"},"modified":"2024-07-24T11:57:33","modified_gmt":"2024-07-24T09:57:33","slug":"predsednik-osmani-je-juee-docekala-americkog-ambasadora-jeffreya-hoveniera-na-redovnom-sastanku","status":"publish","type":"post","link":"https:\/\/president-ksgov.net\/sr\/predsednik-osmani-je-juee-docekala-americkog-ambasadora-jeffreya-hoveniera-na-redovnom-sastanku\/","title":{"rendered":"Predsednik Osmani je ju\u00ebe do\u010dekala ameri\u010dkog ambasadora Jeffreya Hoveniera na redovnom sastanku"},"content":{"rendered":"<p>Predsednica Vjosa Osmani do\u010dekala je ju\u010de na redovnom sastanku ambasadora Sjedinjenih Ameri\u010dkih Dr\u017eava Jeffreya Hoveniera.<\/p>\n<p>Na sastanku je razgovarano o u\u010de\u0161\u0107u predsednice u aktivnostima u okviru NATO-ovog samita, na poziv predsednika Joe Bidena i dr\u017eavnog sekretara Antonya Blinkena. Cene\u0107i poziv SAD-a i prisustvo Kosova u ovim klju\u010dnim aktivnostima Samita kao strate\u0161kog razvoja u korist unapre\u0111enja i o\u010duvanja mira i bezbednosti u regionu i \u0161ire, predsednica Osmani je istakla pozitivan uticaj koji bi \u010dlanstvo Kosova u NATO imalo na odr\u017eivi i dugoro\u010dan mir i bezbednost.<\/p>\n<p>Predsednica Osmani i ambasador Hovenier su tako\u0111e razgovarali o nedavnim sastancima predsednice sa visokim ameri\u010dkim zvani\u010dnicima, kao i o konkretnim koracima koje treba preduzeti u budu\u0107e u vezi sa koordinacijom postupaka u korist interesa Kosova i partnerstva sa SAD-om.<\/p>\n<p>Govore\u0107i o poslednjim de\u0161avanjima u zemlji, predsednica je izrazila zabrinutost zbog ju\u010dera\u0161nje odluke Saveta Evropske unije da ukine vizni re\u017eim gra\u0111anima Kosova koji poseduju nelegalne srpske paso\u0161e, isti\u010du\u0107i da ta odluka negativno uti\u010de na uspostavljanje vladavine prava \u0161irom Kosova i negativno uti\u010de na napore da se integri\u0161e srpska zajednica na Kosovu.<\/p>\n<p>Predsednica Osmani i ambasador Hovenier su tako\u0111e razgovarali o nizu zakonskih inicijativa koje institucije tretiraju u poslednje vreme, i tim povodom su potvrdili va\u017enost garantovanja po\u0161tovanja demokratskih principa i najvi\u0161ih standarda ljudskih prava.<\/p>\n","protected":false},"excerpt":{"rendered":"<p>Predsednica Vjosa Osmani do\u010dekala je ju\u010de na redovnom sastanku ambasadora Sjedinjenih Ameri\u010dkih Dr\u017eava Jeffreya Hoveniera. Na sastanku je razgovarano o u\u010de\u0161\u0107u predsednice u aktivnostima u okviru NATO-ovog samita, na poziv predsednika Joe Bidena i dr\u017eavnog sekretara Antonya Blinkena. Cene\u0107i poziv SAD-a i prisustvo Kosova u ovim klju\u010dnim aktivnostima Samita kao strate\u0161kog razvoja u korist unapre\u0111enja i o\u010duvanja mira i bezbednosti u regionu i \u0161ire, predsednica Osmani je istakla pozitivan uticaj koji bi \u010dlanstvo Kosova u NATO imalo na odr\u017eivi i dugoro\u010dan mir i bezbednost. Predsednica Osmani i ambasador Hovenier su tako\u0111e razgovarali o nedavnim sastancima predsednice sa visokim ameri\u010dkim zvani\u010dnicima, kao i o konkretnim koracima koje treba preduzeti u budu\u0107e u vezi sa koordinacijom postupaka u korist interesa Kosova i partnerstva sa SAD-om. Govore\u0107i o poslednjim de\u0161avanjima u zemlji, predsednica je izrazila zabrinutost zbog ju\u010dera\u0161nje odluke Saveta Evropske unije da ukine vizni re\u017eim gra\u0111anima Kosova koji poseduju nelegalne srpske paso\u0161e, isti\u010du\u0107i da ta odluka negativno uti\u010de na uspostavljanje vladavine prava \u0161irom Kosova i negativno uti\u010de na napore da se integri\u0161e srpska zajednica na Kosovu. Predsednica Osmani i ambasador Hovenier su tako\u0111e razgovarali o nizu zakonskih inicijativa koje institucije tretiraju u poslednje vreme, i tim povodom su potvrdili va\u017enost garantovanja po\u0161tovanja demokratskih principa i najvi\u0161ih standarda ljudskih prava.<\/p>\n","protected":false},"author":11,"featured_media":139176,"comment_status":"closed","ping_status":"closed","sticky":false,"template":"","format":"standard","meta":{"_eb_attr":"","footnotes":""},"categories":[101],"tags":[],"class_list":["post-139181","post","type-post","status-publish","format-standard","has-post-thumbnail","hentry","category-vesti"],"yoast_head":"<!-- This site is optimized with the Yoast SEO plugin v23.5 - https:\/\/yoast.com\/wordpress\/plugins\/seo\/ -->\n<title>Predsednik Osmani je ju\u00ebe do\u010dekala ameri\u010dkog ambasadora Jeffreya Hoveniera na redovnom sastanku - Predsednik Republike Kosovo - DR. VJOSA OSMANI - SADRIU<\/title>\n<meta name=\"description\" content=\"Predsednik Osmani je ju\u00ebe do\u010dekala ameri\u010dkog ambasadora Jeffreya Hoveniera na redovnom sastanku - Predsednik Republike Kosovo - DR. VJOSA OSMANI - SADRIU -\" \/>\n<meta name=\"robots\" content=\"index, follow, max-snippet:-1, max-image-preview:large, max-video-preview:-1\" \/>\n<link rel=\"canonical\" href=\"https:\/\/president-ksgov.net\/sr\/predsednik-osmani-je-juee-docekala-americkog-ambasadora-jeffreya-hoveniera-na-redovnom-sastanku\/\" \/>\n<meta property=\"og:locale\" content=\"sr_RS\" \/>\n<meta property=\"og:type\" content=\"article\" \/>\n<meta property=\"og:title\" content=\"Predsednik Osmani je ju\u00ebe do\u010dekala ameri\u010dkog ambasadora Jeffreya Hoveniera na redovnom sastanku - Predsednik Republike Kosovo - DR. VJOSA OSMANI - SADRIU\" \/>\n<meta property=\"og:description\" content=\"Predsednik Osmani je ju\u00ebe do\u010dekala ameri\u010dkog ambasadora Jeffreya Hoveniera na redovnom sastanku - Predsednik Republike Kosovo - DR. VJOSA OSMANI - SADRIU -\" \/>\n<meta property=\"og:url\" content=\"https:\/\/president-ksgov.net\/sr\/predsednik-osmani-je-juee-docekala-americkog-ambasadora-jeffreya-hoveniera-na-redovnom-sastanku\/\" \/>\n<meta property=\"og:site_name\" content=\"Predsednik Republike Kosovo - DR. VJOSA OSMANI - SADRIU\" \/>\n<meta property=\"article:published_time\" content=\"2024-07-24T08:24:54+00:00\" \/>\n<meta property=\"article:modified_time\" content=\"2024-07-24T09:57:33+00:00\" \/>\n<meta property=\"og:image\" content=\"https:\/\/president-ksgov.net\/wp-content\/uploads\/FB_IMG_1721808964496.jpg\" \/>\n\t<meta property=\"og:image:width\" content=\"1080\" \/>\n\t<meta property=\"og:image:height\" content=\"720\" \/>\n\t<meta property=\"og:image:type\" content=\"image\/jpeg\" \/>\n<meta name=\"author\" content=\"presidentlogin\" \/>\n<meta name=\"twitter:card\" content=\"summary_large_image\" \/>\n<meta name=\"twitter:label1\" content=\"\u041d\u0430\u043f\u0438\u0441\u0430\u043d\u043e \u043e\u0434\" \/>\n\t<meta name=\"twitter:data1\" content=\"presidentlogin\" \/>\n\t<meta name=\"twitter:label2\" content=\"\u041f\u0440\u043e\u0446\u0435\u045a\u0435\u043d\u043e \u0432\u0440\u0435\u043c\u0435 \u0447\u0438\u0442\u0430\u045a\u0430\" \/>\n\t<meta name=\"twitter:data2\" content=\"2 \u043c\u0438\u043d\u0443\u0442\u0430\" \/>\n<script type=\"application\/ld+json\" class=\"yoast-schema-graph\">{\"@context\":\"https:\/\/schema.org\",\"@graph\":[{\"@type\":\"WebPage\",\"@id\":\"https:\/\/president-ksgov.net\/sr\/predsednik-osmani-je-juee-docekala-americkog-ambasadora-jeffreya-hoveniera-na-redovnom-sastanku\/\",\"url\":\"https:\/\/president-ksgov.net\/sr\/predsednik-osmani-je-juee-docekala-americkog-ambasadora-jeffreya-hoveniera-na-redovnom-sastanku\/\",\"name\":\"Predsednik Osmani je ju\u00ebe do\u010dekala ameri\u010dkog ambasadora Jeffreya Hoveniera na redovnom sastanku - Predsednik Republike Kosovo - DR. VJOSA OSMANI - SADRIU\",\"isPartOf\":{\"@id\":\"https:\/\/president-ksgov.net\/#website\"},\"primaryImageOfPage\":{\"@id\":\"https:\/\/president-ksgov.net\/sr\/predsednik-osmani-je-juee-docekala-americkog-ambasadora-jeffreya-hoveniera-na-redovnom-sastanku\/#primaryimage\"},\"image\":{\"@id\":\"https:\/\/president-ksgov.net\/sr\/predsednik-osmani-je-juee-docekala-americkog-ambasadora-jeffreya-hoveniera-na-redovnom-sastanku\/#primaryimage\"},\"thumbnailUrl\":\"https:\/\/president-ksgov.net\/wp-content\/uploads\/FB_IMG_1721808964496.jpg\",\"datePublished\":\"2024-07-24T08:24:54+00:00\",\"dateModified\":\"2024-07-24T09:57:33+00:00\",\"author\":{\"@id\":\"https:\/\/president-ksgov.net\/#\/schema\/person\/1a2c014cffc81ec60d5a452a36d08d92\"},\"description\":\"Predsednik Osmani je ju\u00ebe do\u010dekala ameri\u010dkog ambasadora Jeffreya Hoveniera na redovnom sastanku - Predsednik Republike Kosovo - DR. VJOSA OSMANI - SADRIU -\",\"breadcrumb\":{\"@id\":\"https:\/\/president-ksgov.net\/sr\/predsednik-osmani-je-juee-docekala-americkog-ambasadora-jeffreya-hoveniera-na-redovnom-sastanku\/#breadcrumb\"},\"inLanguage\":\"sr-RS\",\"potentialAction\":[{\"@type\":\"ReadAction\",\"target\":[\"https:\/\/president-ksgov.net\/sr\/predsednik-osmani-je-juee-docekala-americkog-ambasadora-jeffreya-hoveniera-na-redovnom-sastanku\/\"]}]},{\"@type\":\"ImageObject\",\"inLanguage\":\"sr-RS\",\"@id\":\"https:\/\/president-ksgov.net\/sr\/predsednik-osmani-je-juee-docekala-americkog-ambasadora-jeffreya-hoveniera-na-redovnom-sastanku\/#primaryimage\",\"url\":\"https:\/\/president-ksgov.net\/wp-content\/uploads\/FB_IMG_1721808964496.jpg\",\"contentUrl\":\"https:\/\/president-ksgov.net\/wp-content\/uploads\/FB_IMG_1721808964496.jpg\",\"width\":1080,\"height\":720},{\"@type\":\"BreadcrumbList\",\"@id\":\"https:\/\/president-ksgov.net\/sr\/predsednik-osmani-je-juee-docekala-americkog-ambasadora-jeffreya-hoveniera-na-redovnom-sastanku\/#breadcrumb\",\"itemListElement\":[{\"@type\":\"ListItem\",\"position\":1,\"name\":\"Home\",\"item\":\"https:\/\/president-ksgov.net\/sr\/\"},{\"@type\":\"ListItem\",\"position\":2,\"name\":\"Predsednik Osmani je ju\u00ebe do\u010dekala ameri\u010dkog ambasadora Jeffreya Hoveniera na redovnom sastanku\"}]},{\"@type\":\"WebSite\",\"@id\":\"https:\/\/president-ksgov.net\/#website\",\"url\":\"https:\/\/president-ksgov.net\/\",\"name\":\"Presidente e Republik\u00ebs s\u00eb Kosov\u00ebs\",\"description\":\"Presidente e Republik\u00ebs s\u00eb Kosov\u00ebs\",\"alternateName\":\"DR. VJOSA OSMANI - SADRIU\",\"potentialAction\":[{\"@type\":\"SearchAction\",\"target\":{\"@type\":\"EntryPoint\",\"urlTemplate\":\"https:\/\/president-ksgov.net\/?s={search_term_string}\"},\"query-input\":{\"@type\":\"PropertyValueSpecification\",\"valueRequired\":true,\"valueName\":\"search_term_string\"}}],\"inLanguage\":\"sr-RS\"},{\"@type\":\"Person\",\"@id\":\"https:\/\/president-ksgov.net\/#\/schema\/person\/1a2c014cffc81ec60d5a452a36d08d92\",\"name\":\"presidentlogin\",\"image\":{\"@type\":\"ImageObject\",\"inLanguage\":\"sr-RS\",\"@id\":\"https:\/\/president-ksgov.net\/#\/schema\/person\/image\/\",\"url\":\"https:\/\/secure.gravatar.com\/avatar\/339f00ab0a8a0d5ce1ecff10aa2b4a1f51f58bbd5a57793f8cd6ad624080d807?s=96&d=mm&r=g\",\"contentUrl\":\"https:\/\/secure.gravatar.com\/avatar\/339f00ab0a8a0d5ce1ecff10aa2b4a1f51f58bbd5a57793f8cd6ad624080d807?s=96&d=mm&r=g\",\"caption\":\"presidentlogin\"}}]}<\/script>\n<!-- \/ Yoast SEO plugin. -->","yoast_head_json":{"title":"Predsednik Osmani je ju\u00ebe do\u010dekala ameri\u010dkog ambasadora Jeffreya Hoveniera na redovnom sastanku - Predsednik Republike Kosovo - DR. VJOSA OSMANI - SADRIU","description":"Predsednik Osmani je ju\u00ebe do\u010dekala ameri\u010dkog ambasadora Jeffreya Hoveniera na redovnom sastanku - Predsednik Republike Kosovo - DR. VJOSA OSMANI - SADRIU -","robots":{"index":"index","follow":"follow","max-snippet":"max-snippet:-1","max-image-preview":"max-image-preview:large","max-video-preview":"max-video-preview:-1"},"canonical":"https:\/\/president-ksgov.net\/sr\/predsednik-osmani-je-juee-docekala-americkog-ambasadora-jeffreya-hoveniera-na-redovnom-sastanku\/","og_locale":"sr_RS","og_type":"article","og_title":"Predsednik Osmani je ju\u00ebe do\u010dekala ameri\u010dkog ambasadora Jeffreya Hoveniera na redovnom sastanku - Predsednik Republike Kosovo - DR. VJOSA OSMANI - SADRIU","og_description":"Predsednik Osmani je ju\u00ebe do\u010dekala ameri\u010dkog ambasadora Jeffreya Hoveniera na redovnom sastanku - Predsednik Republike Kosovo - DR. VJOSA OSMANI - SADRIU -","og_url":"https:\/\/president-ksgov.net\/sr\/predsednik-osmani-je-juee-docekala-americkog-ambasadora-jeffreya-hoveniera-na-redovnom-sastanku\/","og_site_name":"Predsednik Republike Kosovo - DR. VJOSA OSMANI - SADRIU","article_published_time":"2024-07-24T08:24:54+00:00","article_modified_time":"2024-07-24T09:57:33+00:00","og_image":[{"width":1080,"height":720,"url":"https:\/\/president-ksgov.net\/wp-content\/uploads\/FB_IMG_1721808964496.jpg","type":"image\/jpeg"}],"author":"presidentlogin","twitter_card":"summary_large_image","twitter_misc":{"\u041d\u0430\u043f\u0438\u0441\u0430\u043d\u043e \u043e\u0434":"presidentlogin","\u041f\u0440\u043e\u0446\u0435\u045a\u0435\u043d\u043e \u0432\u0440\u0435\u043c\u0435 \u0447\u0438\u0442\u0430\u045a\u0430":"2 \u043c\u0438\u043d\u0443\u0442\u0430"},"schema":{"@context":"https:\/\/schema.org","@graph":[{"@type":"WebPage","@id":"https:\/\/president-ksgov.net\/sr\/predsednik-osmani-je-juee-docekala-americkog-ambasadora-jeffreya-hoveniera-na-redovnom-sastanku\/","url":"https:\/\/president-ksgov.net\/sr\/predsednik-osmani-je-juee-docekala-americkog-ambasadora-jeffreya-hoveniera-na-redovnom-sastanku\/","name":"Predsednik Osmani je ju\u00ebe do\u010dekala ameri\u010dkog ambasadora Jeffreya Hoveniera na redovnom sastanku - Predsednik Republike Kosovo - DR. VJOSA OSMANI - SADRIU","isPartOf":{"@id":"https:\/\/president-ksgov.net\/#website"},"primaryImageOfPage":{"@id":"https:\/\/president-ksgov.net\/sr\/predsednik-osmani-je-juee-docekala-americkog-ambasadora-jeffreya-hoveniera-na-redovnom-sastanku\/#primaryimage"},"image":{"@id":"https:\/\/president-ksgov.net\/sr\/predsednik-osmani-je-juee-docekala-americkog-ambasadora-jeffreya-hoveniera-na-redovnom-sastanku\/#primaryimage"},"thumbnailUrl":"https:\/\/president-ksgov.net\/wp-content\/uploads\/FB_IMG_1721808964496.jpg","datePublished":"2024-07-24T08:24:54+00:00","dateModified":"2024-07-24T09:57:33+00:00","author":{"@id":"https:\/\/president-ksgov.net\/#\/schema\/person\/1a2c014cffc81ec60d5a452a36d08d92"},"description":"Predsednik Osmani je ju\u00ebe do\u010dekala ameri\u010dkog ambasadora Jeffreya Hoveniera na redovnom sastanku - Predsednik Republike Kosovo - DR. VJOSA OSMANI - SADRIU -","breadcrumb":{"@id":"https:\/\/president-ksgov.net\/sr\/predsednik-osmani-je-juee-docekala-americkog-ambasadora-jeffreya-hoveniera-na-redovnom-sastanku\/#breadcrumb"},"inLanguage":"sr-RS","potentialAction":[{"@type":"ReadAction","target":["https:\/\/president-ksgov.net\/sr\/predsednik-osmani-je-juee-docekala-americkog-ambasadora-jeffreya-hoveniera-na-redovnom-sastanku\/"]}]},{"@type":"ImageObject","inLanguage":"sr-RS","@id":"https:\/\/president-ksgov.net\/sr\/predsednik-osmani-je-juee-docekala-americkog-ambasadora-jeffreya-hoveniera-na-redovnom-sastanku\/#primaryimage","url":"https:\/\/president-ksgov.net\/wp-content\/uploads\/FB_IMG_1721808964496.jpg","contentUrl":"https:\/\/president-ksgov.net\/wp-content\/uploads\/FB_IMG_1721808964496.jpg","width":1080,"height":720},{"@type":"BreadcrumbList","@id":"https:\/\/president-ksgov.net\/sr\/predsednik-osmani-je-juee-docekala-americkog-ambasadora-jeffreya-hoveniera-na-redovnom-sastanku\/#breadcrumb","itemListElement":[{"@type":"ListItem","position":1,"name":"Home","item":"https:\/\/president-ksgov.net\/sr\/"},{"@type":"ListItem","position":2,"name":"Predsednik Osmani je ju\u00ebe do\u010dekala ameri\u010dkog ambasadora Jeffreya Hoveniera na redovnom sastanku"}]},{"@type":"WebSite","@id":"https:\/\/president-ksgov.net\/#website","url":"https:\/\/president-ksgov.net\/","name":"Presidente e Republik\u00ebs s\u00eb Kosov\u00ebs","description":"Presidente e Republik\u00ebs s\u00eb Kosov\u00ebs","alternateName":"DR. VJOSA OSMANI - SADRIU","potentialAction":[{"@type":"SearchAction","target":{"@type":"EntryPoint","urlTemplate":"https:\/\/president-ksgov.net\/?s={search_term_string}"},"query-input":{"@type":"PropertyValueSpecification","valueRequired":true,"valueName":"search_term_string"}}],"inLanguage":"sr-RS"},{"@type":"Person","@id":"https:\/\/president-ksgov.net\/#\/schema\/person\/1a2c014cffc81ec60d5a452a36d08d92","name":"presidentlogin","image":{"@type":"ImageObject","inLanguage":"sr-RS","@id":"https:\/\/president-ksgov.net\/#\/schema\/person\/image\/","url":"https:\/\/secure.gravatar.com\/avatar\/339f00ab0a8a0d5ce1ecff10aa2b4a1f51f58bbd5a57793f8cd6ad624080d807?s=96&d=mm&r=g","contentUrl":"https:\/\/secure.gravatar.com\/avatar\/339f00ab0a8a0d5ce1ecff10aa2b4a1f51f58bbd5a57793f8cd6ad624080d807?s=96&d=mm&r=g","caption":"presidentlogin"}}]}},"_links":{"self":[{"href":"https:\/\/president-ksgov.net\/sr\/wp-json\/wp\/v2\/posts\/139181","targetHints":{"allow":["GET"]}}],"collection":[{"href":"https:\/\/president-ksgov.net\/sr\/wp-json\/wp\/v2\/posts"}],"about":[{"href":"https:\/\/president-ksgov.net\/sr\/wp-json\/wp\/v2\/types\/post"}],"author":[{"embeddable":true,"href":"https:\/\/president-ksgov.net\/sr\/wp-json\/wp\/v2\/users\/11"}],"replies":[{"embeddable":true,"href":"https:\/\/president-ksgov.net\/sr\/wp-json\/wp\/v2\/comments?post=139181"}],"version-history":[{"count":1,"href":"https:\/\/president-ksgov.net\/sr\/wp-json\/wp\/v2\/posts\/139181\/revisions"}],"predecessor-version":[{"id":139182,"href":"https:\/\/president-ksgov.net\/sr\/wp-json\/wp\/v2\/posts\/139181\/revisions\/139182"}],"wp:featuredmedia":[{"embeddable":true,"href":"https:\/\/president-ksgov.net\/sr\/wp-json\/wp\/v2\/media\/139176"}],"wp:attachment":[{"href":"https:\/\/president-ksgov.net\/sr\/wp-json\/wp\/v2\/media?parent=139181"}],"wp:term":[{"taxonomy":"category","embeddable":true,"href":"https:\/\/president-ksgov.net\/sr\/wp-json\/wp\/v2\/categories?post=139181"},{"taxonomy":"post_tag","embeddable":true,"href":"https:\/\/president-ksgov.net\/sr\/wp-json\/wp\/v2\/tags?post=139181"}],"curies":[{"name":"wp","href":"https:\/\/api.w.org\/{rel}","templated":true}]}}