{"id":138357,"date":"2024-07-08T14:30:21","date_gmt":"2024-07-08T12:30:21","guid":{"rendered":"https:\/\/president-ksgov.net\/?p=138357"},"modified":"2024-07-11T14:35:12","modified_gmt":"2024-07-11T12:35:12","slug":"predsednica-osmani-otputovala-u-vasington-na-poziv-americkog-drzavnog-sekretara-antonyja-blinkena","status":"publish","type":"post","link":"https:\/\/president-ksgov.net\/sr\/predsednica-osmani-otputovala-u-vasington-na-poziv-americkog-drzavnog-sekretara-antonyja-blinkena\/","title":{"rendered":"Predsednica Osmani otputovala u Va\u0161ington na poziv ameri\u010dkog dr\u017eavnog sekretara Antonyja Blinkena"},"content":{"rendered":"<p>Predsednica Republike Kosovo Vjosa Osmani otputovala je u Va\u0161ington, na poziv ameri\u010dkog dr\u017eavnog sekretara Antonyja Blinkena, kako bi u\u010destvovala u aktivnosti koju organizuje ameri\u010dki Stejt department za \u017eene, mir i bezbednost, koji se odr\u017eava u okviru Samita NATO-a, na 75. godi\u0161njicu osnivanja ove vojne organizacije.<\/p>\n<p>Cene\u0107i poziv sekretara Blinkena, predsednica Osmani je istakla da je u\u010de\u0161\u0107e Kosova u takvim aktivnostima od posebnog zna\u010daja, jer je to prvi put da je Kosovo uklju\u010deno u doga\u0111aje u okviru samita NATO-a.<\/p>\n<p>Ovo omogu\u0107ava stvaranje novih partnerstava na putu Kosova ka \u010dlanstvu u NATO.<\/p>\n<p>Uklju\u010divanje Kosova u aktivnost koju organizuje sekretar Blinken posve\u0107enu Agendi za \u017eene, mir i bezbednost je sna\u017ean pokazatelj rastu\u0107e uloge koju Kosovo igra u unapre\u0111enju ove agende na globalnom nivou i njegove posve\u0107enosti principima i vrednostima koje podr\u017eava NATO.<\/p>\n<p>Tokom boravka u Va\u0161ingtonu, predsednica Osmani \u0107e odr\u017eati i druge aktivnosti i sastanke na kojima \u0107e se razgovarati o ja\u010danju saradnje u cilju doprinosa miru i bezbednosti u na\u0161em regionu i \u0161ire.<\/p>\n<p>Podse\u0107amo da je Kancelarija predsednice izabrana me\u0111u 3 globalna partnera od strane Kancelarije sekretara Blinkena za osnivanje Regionalnog centra izvrsnosti za \u017eene, mir i bezbednost. Sporazum o osnivanju ovog Centra potpisali su predsednica Osmani i kancelarija sekretara Blinken u aprilu 2024. godine, tokom Foruma za \u017eene, mir i bezbednost.<\/p>\n<p>Samit NATO-a u Va\u0161ingtonu slu\u017ei kao platforma za zemlje \u010dlanice i partnerske dr\u017eave da sara\u0111uju na hitnim pitanjima globalne bezbednosti i da reafirmi\u0161u njihovu posve\u0107enost sigurnijoj budu\u0107nosti.<\/p>\n","protected":false},"excerpt":{"rendered":"<p>Predsednica Republike Kosovo Vjosa Osmani otputovala je u Va\u0161ington, na poziv ameri\u010dkog dr\u017eavnog sekretara Antonyja Blinkena, kako bi u\u010destvovala u aktivnosti koju organizuje ameri\u010dki Stejt department za \u017eene, mir i bezbednost, koji se odr\u017eava u okviru Samita NATO-a, na 75. godi\u0161njicu osnivanja ove vojne organizacije. Cene\u0107i poziv sekretara Blinkena, predsednica Osmani je istakla da je u\u010de\u0161\u0107e Kosova u takvim aktivnostima od posebnog zna\u010daja, jer je to prvi put da je Kosovo uklju\u010deno u doga\u0111aje u okviru samita NATO-a. Ovo omogu\u0107ava stvaranje novih partnerstava na putu Kosova ka \u010dlanstvu u NATO. Uklju\u010divanje Kosova u aktivnost koju organizuje sekretar Blinken posve\u0107enu Agendi za \u017eene, mir i bezbednost je sna\u017ean pokazatelj rastu\u0107e uloge koju Kosovo igra u unapre\u0111enju ove agende na globalnom nivou i njegove posve\u0107enosti principima i vrednostima koje podr\u017eava NATO. Tokom boravka u Va\u0161ingtonu, predsednica Osmani \u0107e odr\u017eati i druge aktivnosti i sastanke na kojima \u0107e se razgovarati o ja\u010danju saradnje u cilju doprinosa miru i bezbednosti u na\u0161em regionu i \u0161ire. Podse\u0107amo da je Kancelarija predsednice izabrana me\u0111u 3 globalna partnera od strane Kancelarije sekretara Blinkena za osnivanje Regionalnog centra izvrsnosti za \u017eene, mir i bezbednost. Sporazum o osnivanju ovog Centra potpisali su predsednica Osmani i kancelarija sekretara Blinken u aprilu 2024. godine, tokom Foruma za \u017eene, mir i bezbednost. Samit NATO-a u Va\u0161ingtonu slu\u017ei kao platforma za zemlje \u010dlanice i partnerske dr\u017eave da sara\u0111uju na hitnim pitanjima globalne bezbednosti i da reafirmi\u0161u njihovu posve\u0107enost sigurnijoj budu\u0107nosti.<\/p>\n","protected":false},"author":13,"featured_media":138336,"comment_status":"closed","ping_status":"closed","sticky":false,"template":"","format":"standard","meta":{"_eb_attr":"","footnotes":""},"categories":[114,101],"tags":[],"class_list":["post-138357","post","type-post","status-publish","format-standard","has-post-thumbnail","hentry","category-medunarodne-posete","category-vesti"],"yoast_head":"<!-- This site is optimized with the Yoast SEO plugin v23.5 - https:\/\/yoast.com\/wordpress\/plugins\/seo\/ -->\n<title>Predsednica Osmani otputovala u Va\u0161ington na poziv ameri\u010dkog dr\u017eavnog sekretara Antonyja Blinkena - Predsednik Republike Kosovo - DR. VJOSA OSMANI - SADRIU<\/title>\n<meta name=\"description\" content=\"Predsednica Osmani otputovala u Va\u0161ington na poziv ameri\u010dkog dr\u017eavnog sekretara Antonyja Blinkena - Predsednik Republike Kosovo - DR. VJOSA OSMANI - SADRIU -\" \/>\n<meta name=\"robots\" content=\"index, follow, max-snippet:-1, max-image-preview:large, max-video-preview:-1\" \/>\n<link rel=\"canonical\" href=\"https:\/\/president-ksgov.net\/sr\/predsednica-osmani-otputovala-u-vasington-na-poziv-americkog-drzavnog-sekretara-antonyja-blinkena\/\" \/>\n<meta property=\"og:locale\" content=\"sr_RS\" \/>\n<meta property=\"og:type\" content=\"article\" \/>\n<meta property=\"og:title\" content=\"Predsednica Osmani otputovala u Va\u0161ington na poziv ameri\u010dkog dr\u017eavnog sekretara Antonyja Blinkena - Predsednik Republike Kosovo - DR. VJOSA OSMANI - SADRIU\" \/>\n<meta property=\"og:description\" content=\"Predsednica Osmani otputovala u Va\u0161ington na poziv ameri\u010dkog dr\u017eavnog sekretara Antonyja Blinkena - Predsednik Republike Kosovo - DR. VJOSA OSMANI - SADRIU -\" \/>\n<meta property=\"og:url\" content=\"https:\/\/president-ksgov.net\/sr\/predsednica-osmani-otputovala-u-vasington-na-poziv-americkog-drzavnog-sekretara-antonyja-blinkena\/\" \/>\n<meta property=\"og:site_name\" content=\"Predsednik Republike Kosovo - DR. VJOSA OSMANI - SADRIU\" \/>\n<meta property=\"article:published_time\" content=\"2024-07-08T12:30:21+00:00\" \/>\n<meta property=\"article:modified_time\" content=\"2024-07-11T12:35:12+00:00\" \/>\n<meta property=\"og:image\" content=\"https:\/\/president-ksgov.net\/wp-content\/uploads\/PRKS_Washington.jpg\" \/>\n\t<meta property=\"og:image:width\" content=\"2048\" \/>\n\t<meta property=\"og:image:height\" content=\"1367\" \/>\n\t<meta property=\"og:image:type\" content=\"image\/jpeg\" \/>\n<meta name=\"author\" content=\"Edona Krasniqi\" \/>\n<meta name=\"twitter:card\" content=\"summary_large_image\" \/>\n<meta name=\"twitter:label1\" content=\"\u041d\u0430\u043f\u0438\u0441\u0430\u043d\u043e \u043e\u0434\" \/>\n\t<meta name=\"twitter:data1\" content=\"Edona Krasniqi\" \/>\n\t<meta name=\"twitter:label2\" content=\"\u041f\u0440\u043e\u0446\u0435\u045a\u0435\u043d\u043e \u0432\u0440\u0435\u043c\u0435 \u0447\u0438\u0442\u0430\u045a\u0430\" \/>\n\t<meta name=\"twitter:data2\" content=\"2 \u043c\u0438\u043d\u0443\u0442\u0430\" \/>\n<script type=\"application\/ld+json\" class=\"yoast-schema-graph\">{\"@context\":\"https:\/\/schema.org\",\"@graph\":[{\"@type\":\"WebPage\",\"@id\":\"https:\/\/president-ksgov.net\/sr\/predsednica-osmani-otputovala-u-vasington-na-poziv-americkog-drzavnog-sekretara-antonyja-blinkena\/\",\"url\":\"https:\/\/president-ksgov.net\/sr\/predsednica-osmani-otputovala-u-vasington-na-poziv-americkog-drzavnog-sekretara-antonyja-blinkena\/\",\"name\":\"Predsednica Osmani otputovala u Va\u0161ington na poziv ameri\u010dkog dr\u017eavnog sekretara Antonyja Blinkena - Predsednik Republike Kosovo - DR. VJOSA OSMANI - SADRIU\",\"isPartOf\":{\"@id\":\"https:\/\/president-ksgov.net\/#website\"},\"primaryImageOfPage\":{\"@id\":\"https:\/\/president-ksgov.net\/sr\/predsednica-osmani-otputovala-u-vasington-na-poziv-americkog-drzavnog-sekretara-antonyja-blinkena\/#primaryimage\"},\"image\":{\"@id\":\"https:\/\/president-ksgov.net\/sr\/predsednica-osmani-otputovala-u-vasington-na-poziv-americkog-drzavnog-sekretara-antonyja-blinkena\/#primaryimage\"},\"thumbnailUrl\":\"https:\/\/president-ksgov.net\/wp-content\/uploads\/PRKS_Washington.jpg\",\"datePublished\":\"2024-07-08T12:30:21+00:00\",\"dateModified\":\"2024-07-11T12:35:12+00:00\",\"author\":{\"@id\":\"https:\/\/president-ksgov.net\/#\/schema\/person\/b9740e15fff71a6f8f26a0e201572567\"},\"description\":\"Predsednica Osmani otputovala u Va\u0161ington na poziv ameri\u010dkog dr\u017eavnog sekretara Antonyja Blinkena - Predsednik Republike Kosovo - DR. VJOSA OSMANI - SADRIU -\",\"breadcrumb\":{\"@id\":\"https:\/\/president-ksgov.net\/sr\/predsednica-osmani-otputovala-u-vasington-na-poziv-americkog-drzavnog-sekretara-antonyja-blinkena\/#breadcrumb\"},\"inLanguage\":\"sr-RS\",\"potentialAction\":[{\"@type\":\"ReadAction\",\"target\":[\"https:\/\/president-ksgov.net\/sr\/predsednica-osmani-otputovala-u-vasington-na-poziv-americkog-drzavnog-sekretara-antonyja-blinkena\/\"]}]},{\"@type\":\"ImageObject\",\"inLanguage\":\"sr-RS\",\"@id\":\"https:\/\/president-ksgov.net\/sr\/predsednica-osmani-otputovala-u-vasington-na-poziv-americkog-drzavnog-sekretara-antonyja-blinkena\/#primaryimage\",\"url\":\"https:\/\/president-ksgov.net\/wp-content\/uploads\/PRKS_Washington.jpg\",\"contentUrl\":\"https:\/\/president-ksgov.net\/wp-content\/uploads\/PRKS_Washington.jpg\",\"width\":2048,\"height\":1367},{\"@type\":\"BreadcrumbList\",\"@id\":\"https:\/\/president-ksgov.net\/sr\/predsednica-osmani-otputovala-u-vasington-na-poziv-americkog-drzavnog-sekretara-antonyja-blinkena\/#breadcrumb\",\"itemListElement\":[{\"@type\":\"ListItem\",\"position\":1,\"name\":\"Home\",\"item\":\"https:\/\/president-ksgov.net\/sr\/\"},{\"@type\":\"ListItem\",\"position\":2,\"name\":\"Predsednica Osmani otputovala u Va\u0161ington na poziv ameri\u010dkog dr\u017eavnog sekretara Antonyja Blinkena\"}]},{\"@type\":\"WebSite\",\"@id\":\"https:\/\/president-ksgov.net\/#website\",\"url\":\"https:\/\/president-ksgov.net\/\",\"name\":\"Presidente e Republik\u00ebs s\u00eb Kosov\u00ebs\",\"description\":\"Presidente e Republik\u00ebs s\u00eb Kosov\u00ebs\",\"alternateName\":\"DR. VJOSA OSMANI - SADRIU\",\"potentialAction\":[{\"@type\":\"SearchAction\",\"target\":{\"@type\":\"EntryPoint\",\"urlTemplate\":\"https:\/\/president-ksgov.net\/?s={search_term_string}\"},\"query-input\":{\"@type\":\"PropertyValueSpecification\",\"valueRequired\":true,\"valueName\":\"search_term_string\"}}],\"inLanguage\":\"sr-RS\"},{\"@type\":\"Person\",\"@id\":\"https:\/\/president-ksgov.net\/#\/schema\/person\/b9740e15fff71a6f8f26a0e201572567\",\"name\":\"Edona Krasniqi\",\"image\":{\"@type\":\"ImageObject\",\"inLanguage\":\"sr-RS\",\"@id\":\"https:\/\/president-ksgov.net\/#\/schema\/person\/image\/\",\"url\":\"https:\/\/secure.gravatar.com\/avatar\/1f0f749e4b80632decf95bd32db3f33277967a04dc5e29d46781d9c89b703cce?s=96&d=mm&r=g\",\"contentUrl\":\"https:\/\/secure.gravatar.com\/avatar\/1f0f749e4b80632decf95bd32db3f33277967a04dc5e29d46781d9c89b703cce?s=96&d=mm&r=g\",\"caption\":\"Edona Krasniqi\"},\"sameAs\":[\"https:\/\/president-ksgov.net\/\"]}]}<\/script>\n<!-- \/ Yoast SEO plugin. -->","yoast_head_json":{"title":"Predsednica Osmani otputovala u Va\u0161ington na poziv ameri\u010dkog dr\u017eavnog sekretara Antonyja Blinkena - Predsednik Republike Kosovo - DR. VJOSA OSMANI - SADRIU","description":"Predsednica Osmani otputovala u Va\u0161ington na poziv ameri\u010dkog dr\u017eavnog sekretara Antonyja Blinkena - Predsednik Republike Kosovo - DR. VJOSA OSMANI - SADRIU -","robots":{"index":"index","follow":"follow","max-snippet":"max-snippet:-1","max-image-preview":"max-image-preview:large","max-video-preview":"max-video-preview:-1"},"canonical":"https:\/\/president-ksgov.net\/sr\/predsednica-osmani-otputovala-u-vasington-na-poziv-americkog-drzavnog-sekretara-antonyja-blinkena\/","og_locale":"sr_RS","og_type":"article","og_title":"Predsednica Osmani otputovala u Va\u0161ington na poziv ameri\u010dkog dr\u017eavnog sekretara Antonyja Blinkena - Predsednik Republike Kosovo - DR. VJOSA OSMANI - SADRIU","og_description":"Predsednica Osmani otputovala u Va\u0161ington na poziv ameri\u010dkog dr\u017eavnog sekretara Antonyja Blinkena - Predsednik Republike Kosovo - DR. VJOSA OSMANI - SADRIU -","og_url":"https:\/\/president-ksgov.net\/sr\/predsednica-osmani-otputovala-u-vasington-na-poziv-americkog-drzavnog-sekretara-antonyja-blinkena\/","og_site_name":"Predsednik Republike Kosovo - DR. VJOSA OSMANI - SADRIU","article_published_time":"2024-07-08T12:30:21+00:00","article_modified_time":"2024-07-11T12:35:12+00:00","og_image":[{"width":2048,"height":1367,"url":"https:\/\/president-ksgov.net\/wp-content\/uploads\/PRKS_Washington.jpg","type":"image\/jpeg"}],"author":"Edona Krasniqi","twitter_card":"summary_large_image","twitter_misc":{"\u041d\u0430\u043f\u0438\u0441\u0430\u043d\u043e \u043e\u0434":"Edona Krasniqi","\u041f\u0440\u043e\u0446\u0435\u045a\u0435\u043d\u043e \u0432\u0440\u0435\u043c\u0435 \u0447\u0438\u0442\u0430\u045a\u0430":"2 \u043c\u0438\u043d\u0443\u0442\u0430"},"schema":{"@context":"https:\/\/schema.org","@graph":[{"@type":"WebPage","@id":"https:\/\/president-ksgov.net\/sr\/predsednica-osmani-otputovala-u-vasington-na-poziv-americkog-drzavnog-sekretara-antonyja-blinkena\/","url":"https:\/\/president-ksgov.net\/sr\/predsednica-osmani-otputovala-u-vasington-na-poziv-americkog-drzavnog-sekretara-antonyja-blinkena\/","name":"Predsednica Osmani otputovala u Va\u0161ington na poziv ameri\u010dkog dr\u017eavnog sekretara Antonyja Blinkena - Predsednik Republike Kosovo - DR. VJOSA OSMANI - SADRIU","isPartOf":{"@id":"https:\/\/president-ksgov.net\/#website"},"primaryImageOfPage":{"@id":"https:\/\/president-ksgov.net\/sr\/predsednica-osmani-otputovala-u-vasington-na-poziv-americkog-drzavnog-sekretara-antonyja-blinkena\/#primaryimage"},"image":{"@id":"https:\/\/president-ksgov.net\/sr\/predsednica-osmani-otputovala-u-vasington-na-poziv-americkog-drzavnog-sekretara-antonyja-blinkena\/#primaryimage"},"thumbnailUrl":"https:\/\/president-ksgov.net\/wp-content\/uploads\/PRKS_Washington.jpg","datePublished":"2024-07-08T12:30:21+00:00","dateModified":"2024-07-11T12:35:12+00:00","author":{"@id":"https:\/\/president-ksgov.net\/#\/schema\/person\/b9740e15fff71a6f8f26a0e201572567"},"description":"Predsednica Osmani otputovala u Va\u0161ington na poziv ameri\u010dkog dr\u017eavnog sekretara Antonyja Blinkena - Predsednik Republike Kosovo - DR. VJOSA OSMANI - SADRIU -","breadcrumb":{"@id":"https:\/\/president-ksgov.net\/sr\/predsednica-osmani-otputovala-u-vasington-na-poziv-americkog-drzavnog-sekretara-antonyja-blinkena\/#breadcrumb"},"inLanguage":"sr-RS","potentialAction":[{"@type":"ReadAction","target":["https:\/\/president-ksgov.net\/sr\/predsednica-osmani-otputovala-u-vasington-na-poziv-americkog-drzavnog-sekretara-antonyja-blinkena\/"]}]},{"@type":"ImageObject","inLanguage":"sr-RS","@id":"https:\/\/president-ksgov.net\/sr\/predsednica-osmani-otputovala-u-vasington-na-poziv-americkog-drzavnog-sekretara-antonyja-blinkena\/#primaryimage","url":"https:\/\/president-ksgov.net\/wp-content\/uploads\/PRKS_Washington.jpg","contentUrl":"https:\/\/president-ksgov.net\/wp-content\/uploads\/PRKS_Washington.jpg","width":2048,"height":1367},{"@type":"BreadcrumbList","@id":"https:\/\/president-ksgov.net\/sr\/predsednica-osmani-otputovala-u-vasington-na-poziv-americkog-drzavnog-sekretara-antonyja-blinkena\/#breadcrumb","itemListElement":[{"@type":"ListItem","position":1,"name":"Home","item":"https:\/\/president-ksgov.net\/sr\/"},{"@type":"ListItem","position":2,"name":"Predsednica Osmani otputovala u Va\u0161ington na poziv ameri\u010dkog dr\u017eavnog sekretara Antonyja Blinkena"}]},{"@type":"WebSite","@id":"https:\/\/president-ksgov.net\/#website","url":"https:\/\/president-ksgov.net\/","name":"Presidente e Republik\u00ebs s\u00eb Kosov\u00ebs","description":"Presidente e Republik\u00ebs s\u00eb Kosov\u00ebs","alternateName":"DR. VJOSA OSMANI - SADRIU","potentialAction":[{"@type":"SearchAction","target":{"@type":"EntryPoint","urlTemplate":"https:\/\/president-ksgov.net\/?s={search_term_string}"},"query-input":{"@type":"PropertyValueSpecification","valueRequired":true,"valueName":"search_term_string"}}],"inLanguage":"sr-RS"},{"@type":"Person","@id":"https:\/\/president-ksgov.net\/#\/schema\/person\/b9740e15fff71a6f8f26a0e201572567","name":"Edona Krasniqi","image":{"@type":"ImageObject","inLanguage":"sr-RS","@id":"https:\/\/president-ksgov.net\/#\/schema\/person\/image\/","url":"https:\/\/secure.gravatar.com\/avatar\/1f0f749e4b80632decf95bd32db3f33277967a04dc5e29d46781d9c89b703cce?s=96&d=mm&r=g","contentUrl":"https:\/\/secure.gravatar.com\/avatar\/1f0f749e4b80632decf95bd32db3f33277967a04dc5e29d46781d9c89b703cce?s=96&d=mm&r=g","caption":"Edona Krasniqi"},"sameAs":["https:\/\/president-ksgov.net\/"]}]}},"_links":{"self":[{"href":"https:\/\/president-ksgov.net\/sr\/wp-json\/wp\/v2\/posts\/138357","targetHints":{"allow":["GET"]}}],"collection":[{"href":"https:\/\/president-ksgov.net\/sr\/wp-json\/wp\/v2\/posts"}],"about":[{"href":"https:\/\/president-ksgov.net\/sr\/wp-json\/wp\/v2\/types\/post"}],"author":[{"embeddable":true,"href":"https:\/\/president-ksgov.net\/sr\/wp-json\/wp\/v2\/users\/13"}],"replies":[{"embeddable":true,"href":"https:\/\/president-ksgov.net\/sr\/wp-json\/wp\/v2\/comments?post=138357"}],"version-history":[{"count":1,"href":"https:\/\/president-ksgov.net\/sr\/wp-json\/wp\/v2\/posts\/138357\/revisions"}],"predecessor-version":[{"id":138358,"href":"https:\/\/president-ksgov.net\/sr\/wp-json\/wp\/v2\/posts\/138357\/revisions\/138358"}],"wp:featuredmedia":[{"embeddable":true,"href":"https:\/\/president-ksgov.net\/sr\/wp-json\/wp\/v2\/media\/138336"}],"wp:attachment":[{"href":"https:\/\/president-ksgov.net\/sr\/wp-json\/wp\/v2\/media?parent=138357"}],"wp:term":[{"taxonomy":"category","embeddable":true,"href":"https:\/\/president-ksgov.net\/sr\/wp-json\/wp\/v2\/categories?post=138357"},{"taxonomy":"post_tag","embeddable":true,"href":"https:\/\/president-ksgov.net\/sr\/wp-json\/wp\/v2\/tags?post=138357"}],"curies":[{"name":"wp","href":"https:\/\/api.w.org\/{rel}","templated":true}]}}