{"id":138204,"date":"2024-07-02T13:00:07","date_gmt":"2024-07-02T11:00:07","guid":{"rendered":"https:\/\/president-ksgov.net\/?p=138204"},"modified":"2024-07-03T09:28:37","modified_gmt":"2024-07-03T07:28:37","slug":"predsednica-ustavna-deklaracija-od-2-jula-1990-godine-bila-je-polazna-tacka-za-realizaciju-dugogodisnje-ideje-kosova-kao-nezavisne-drzave","status":"publish","type":"post","link":"https:\/\/president-ksgov.net\/sr\/predsednica-ustavna-deklaracija-od-2-jula-1990-godine-bila-je-polazna-tacka-za-realizaciju-dugogodisnje-ideje-kosova-kao-nezavisne-drzave\/","title":{"rendered":"Predsednica: Ustavna deklaracija od 2. jula 1990. godine bila je polazna ta\u010dka za realizaciju dugogodi\u0161nje ideje Kosova kao nezavisne dr\u017eave."},"content":{"rendered":"<p>Predsednica Republike Kosovo Vjosa Osmani sastala se sa delegatima Ustavne deklaracije od 2. jula 1990. godine.<\/p>\n<p>Ceo post predsednice Osmani.<\/p>\n<p>Ustavna deklaracija od 2. jula 1990. godine bila je polazna ta\u010dka za realizaciju dugogodi\u0161nje ideje Kosova kao nezavisne dr\u017eave.<\/p>\n<p>Danas, na ovu godi\u0161njicu, imala sam \u010dast da upoznam neke od delegata tog vremena, \u010dija je hrabrost i odlu\u010dnost obele\u017eila istorijski \u010din, kojim su postavljeni temelji dana\u0161nje realnosti \u2013 nezavisne i suverene Republike Kosovo.<\/p>\n","protected":false},"excerpt":{"rendered":"<p>Predsednica Republike Kosovo Vjosa Osmani sastala se sa delegatima Ustavne deklaracije od 2. jula 1990. godine. Ceo post predsednice Osmani. Ustavna deklaracija od 2. jula 1990. godine bila je polazna ta\u010dka za realizaciju dugogodi\u0161nje ideje Kosova kao nezavisne dr\u017eave. Danas, na ovu godi\u0161njicu, imala sam \u010dast da upoznam neke od delegata tog vremena, \u010dija je hrabrost i odlu\u010dnost obele\u017eila istorijski \u010din, kojim su postavljeni temelji dana\u0161nje realnosti \u2013 nezavisne i suverene Republike Kosovo.<\/p>\n","protected":false},"author":11,"featured_media":138144,"comment_status":"closed","ping_status":"closed","sticky":false,"template":"","format":"standard","meta":{"_eb_attr":"","footnotes":""},"categories":[101],"tags":[],"class_list":["post-138204","post","type-post","status-publish","format-standard","has-post-thumbnail","hentry","category-vesti"],"yoast_head":"<!-- This site is optimized with the Yoast SEO plugin v23.5 - https:\/\/yoast.com\/wordpress\/plugins\/seo\/ -->\n<title>Predsednica: Ustavna deklaracija od 2. jula 1990. godine bila je polazna ta\u010dka za realizaciju dugogodi\u0161nje ideje Kosova kao nezavisne dr\u017eave. - Predsednik Republike Kosovo - DR. VJOSA OSMANI - SADRIU<\/title>\n<meta name=\"description\" content=\"Predsednica: Ustavna deklaracija od 2. jula 1990. godine bila je polazna ta\u010dka za realizaciju dugogodi\u0161nje ideje Kosova kao nezavisne dr\u017eave. - Predsednik Republike Kosovo - DR. VJOSA OSMANI - SADRIU -\" \/>\n<meta name=\"robots\" content=\"index, follow, max-snippet:-1, max-image-preview:large, max-video-preview:-1\" \/>\n<link rel=\"canonical\" href=\"https:\/\/president-ksgov.net\/sr\/predsednica-ustavna-deklaracija-od-2-jula-1990-godine-bila-je-polazna-tacka-za-realizaciju-dugogodisnje-ideje-kosova-kao-nezavisne-drzave\/\" \/>\n<meta property=\"og:locale\" content=\"sr_RS\" \/>\n<meta property=\"og:type\" content=\"article\" \/>\n<meta property=\"og:title\" content=\"Predsednica: Ustavna deklaracija od 2. jula 1990. godine bila je polazna ta\u010dka za realizaciju dugogodi\u0161nje ideje Kosova kao nezavisne dr\u017eave. - Predsednik Republike Kosovo - DR. VJOSA OSMANI - SADRIU\" \/>\n<meta property=\"og:description\" content=\"Predsednica: Ustavna deklaracija od 2. jula 1990. godine bila je polazna ta\u010dka za realizaciju dugogodi\u0161nje ideje Kosova kao nezavisne dr\u017eave. - Predsednik Republike Kosovo - DR. VJOSA OSMANI - SADRIU -\" \/>\n<meta property=\"og:url\" content=\"https:\/\/president-ksgov.net\/sr\/predsednica-ustavna-deklaracija-od-2-jula-1990-godine-bila-je-polazna-tacka-za-realizaciju-dugogodisnje-ideje-kosova-kao-nezavisne-drzave\/\" \/>\n<meta property=\"og:site_name\" content=\"Predsednik Republike Kosovo - DR. VJOSA OSMANI - SADRIU\" \/>\n<meta property=\"article:published_time\" content=\"2024-07-02T11:00:07+00:00\" \/>\n<meta property=\"article:modified_time\" content=\"2024-07-03T07:28:37+00:00\" \/>\n<meta property=\"og:image\" content=\"https:\/\/president-ksgov.net\/wp-content\/uploads\/1-Copy-2-1.jpg\" \/>\n\t<meta property=\"og:image:width\" content=\"2000\" \/>\n\t<meta property=\"og:image:height\" content=\"1333\" \/>\n\t<meta property=\"og:image:type\" content=\"image\/jpeg\" \/>\n<meta name=\"author\" content=\"presidentlogin\" \/>\n<meta name=\"twitter:card\" content=\"summary_large_image\" \/>\n<meta name=\"twitter:label1\" content=\"\u041d\u0430\u043f\u0438\u0441\u0430\u043d\u043e \u043e\u0434\" \/>\n\t<meta name=\"twitter:data1\" content=\"presidentlogin\" \/>\n\t<meta name=\"twitter:label2\" content=\"\u041f\u0440\u043e\u0446\u0435\u045a\u0435\u043d\u043e \u0432\u0440\u0435\u043c\u0435 \u0447\u0438\u0442\u0430\u045a\u0430\" \/>\n\t<meta name=\"twitter:data2\" content=\"1 \u043c\u0438\u043d\u0443\u0442\" \/>\n<script type=\"application\/ld+json\" class=\"yoast-schema-graph\">{\"@context\":\"https:\/\/schema.org\",\"@graph\":[{\"@type\":\"WebPage\",\"@id\":\"https:\/\/president-ksgov.net\/sr\/predsednica-ustavna-deklaracija-od-2-jula-1990-godine-bila-je-polazna-tacka-za-realizaciju-dugogodisnje-ideje-kosova-kao-nezavisne-drzave\/\",\"url\":\"https:\/\/president-ksgov.net\/sr\/predsednica-ustavna-deklaracija-od-2-jula-1990-godine-bila-je-polazna-tacka-za-realizaciju-dugogodisnje-ideje-kosova-kao-nezavisne-drzave\/\",\"name\":\"Predsednica: Ustavna deklaracija od 2. jula 1990. godine bila je polazna ta\u010dka za realizaciju dugogodi\u0161nje ideje Kosova kao nezavisne dr\u017eave. - Predsednik Republike Kosovo - DR. VJOSA OSMANI - SADRIU\",\"isPartOf\":{\"@id\":\"https:\/\/president-ksgov.net\/#website\"},\"primaryImageOfPage\":{\"@id\":\"https:\/\/president-ksgov.net\/sr\/predsednica-ustavna-deklaracija-od-2-jula-1990-godine-bila-je-polazna-tacka-za-realizaciju-dugogodisnje-ideje-kosova-kao-nezavisne-drzave\/#primaryimage\"},\"image\":{\"@id\":\"https:\/\/president-ksgov.net\/sr\/predsednica-ustavna-deklaracija-od-2-jula-1990-godine-bila-je-polazna-tacka-za-realizaciju-dugogodisnje-ideje-kosova-kao-nezavisne-drzave\/#primaryimage\"},\"thumbnailUrl\":\"https:\/\/president-ksgov.net\/wp-content\/uploads\/1-Copy-2-1.jpg\",\"datePublished\":\"2024-07-02T11:00:07+00:00\",\"dateModified\":\"2024-07-03T07:28:37+00:00\",\"author\":{\"@id\":\"https:\/\/president-ksgov.net\/#\/schema\/person\/1a2c014cffc81ec60d5a452a36d08d92\"},\"description\":\"Predsednica: Ustavna deklaracija od 2. jula 1990. godine bila je polazna ta\u010dka za realizaciju dugogodi\u0161nje ideje Kosova kao nezavisne dr\u017eave. - Predsednik Republike Kosovo - DR. VJOSA OSMANI - SADRIU -\",\"breadcrumb\":{\"@id\":\"https:\/\/president-ksgov.net\/sr\/predsednica-ustavna-deklaracija-od-2-jula-1990-godine-bila-je-polazna-tacka-za-realizaciju-dugogodisnje-ideje-kosova-kao-nezavisne-drzave\/#breadcrumb\"},\"inLanguage\":\"sr-RS\",\"potentialAction\":[{\"@type\":\"ReadAction\",\"target\":[\"https:\/\/president-ksgov.net\/sr\/predsednica-ustavna-deklaracija-od-2-jula-1990-godine-bila-je-polazna-tacka-za-realizaciju-dugogodisnje-ideje-kosova-kao-nezavisne-drzave\/\"]}]},{\"@type\":\"ImageObject\",\"inLanguage\":\"sr-RS\",\"@id\":\"https:\/\/president-ksgov.net\/sr\/predsednica-ustavna-deklaracija-od-2-jula-1990-godine-bila-je-polazna-tacka-za-realizaciju-dugogodisnje-ideje-kosova-kao-nezavisne-drzave\/#primaryimage\",\"url\":\"https:\/\/president-ksgov.net\/wp-content\/uploads\/1-Copy-2-1.jpg\",\"contentUrl\":\"https:\/\/president-ksgov.net\/wp-content\/uploads\/1-Copy-2-1.jpg\",\"width\":2000,\"height\":1333},{\"@type\":\"BreadcrumbList\",\"@id\":\"https:\/\/president-ksgov.net\/sr\/predsednica-ustavna-deklaracija-od-2-jula-1990-godine-bila-je-polazna-tacka-za-realizaciju-dugogodisnje-ideje-kosova-kao-nezavisne-drzave\/#breadcrumb\",\"itemListElement\":[{\"@type\":\"ListItem\",\"position\":1,\"name\":\"Home\",\"item\":\"https:\/\/president-ksgov.net\/sr\/\"},{\"@type\":\"ListItem\",\"position\":2,\"name\":\"Predsednica: Ustavna deklaracija od 2. jula 1990. godine bila je polazna ta\u010dka za realizaciju dugogodi\u0161nje ideje Kosova kao nezavisne dr\u017eave.\"}]},{\"@type\":\"WebSite\",\"@id\":\"https:\/\/president-ksgov.net\/#website\",\"url\":\"https:\/\/president-ksgov.net\/\",\"name\":\"Presidente e Republik\u00ebs s\u00eb Kosov\u00ebs\",\"description\":\"Presidente e Republik\u00ebs s\u00eb Kosov\u00ebs\",\"alternateName\":\"DR. VJOSA OSMANI - SADRIU\",\"potentialAction\":[{\"@type\":\"SearchAction\",\"target\":{\"@type\":\"EntryPoint\",\"urlTemplate\":\"https:\/\/president-ksgov.net\/?s={search_term_string}\"},\"query-input\":{\"@type\":\"PropertyValueSpecification\",\"valueRequired\":true,\"valueName\":\"search_term_string\"}}],\"inLanguage\":\"sr-RS\"},{\"@type\":\"Person\",\"@id\":\"https:\/\/president-ksgov.net\/#\/schema\/person\/1a2c014cffc81ec60d5a452a36d08d92\",\"name\":\"presidentlogin\",\"image\":{\"@type\":\"ImageObject\",\"inLanguage\":\"sr-RS\",\"@id\":\"https:\/\/president-ksgov.net\/#\/schema\/person\/image\/\",\"url\":\"https:\/\/secure.gravatar.com\/avatar\/339f00ab0a8a0d5ce1ecff10aa2b4a1f51f58bbd5a57793f8cd6ad624080d807?s=96&d=mm&r=g\",\"contentUrl\":\"https:\/\/secure.gravatar.com\/avatar\/339f00ab0a8a0d5ce1ecff10aa2b4a1f51f58bbd5a57793f8cd6ad624080d807?s=96&d=mm&r=g\",\"caption\":\"presidentlogin\"}}]}<\/script>\n<!-- \/ Yoast SEO plugin. -->","yoast_head_json":{"title":"Predsednica: Ustavna deklaracija od 2. jula 1990. godine bila je polazna ta\u010dka za realizaciju dugogodi\u0161nje ideje Kosova kao nezavisne dr\u017eave. - Predsednik Republike Kosovo - DR. VJOSA OSMANI - SADRIU","description":"Predsednica: Ustavna deklaracija od 2. jula 1990. godine bila je polazna ta\u010dka za realizaciju dugogodi\u0161nje ideje Kosova kao nezavisne dr\u017eave. - Predsednik Republike Kosovo - DR. VJOSA OSMANI - SADRIU -","robots":{"index":"index","follow":"follow","max-snippet":"max-snippet:-1","max-image-preview":"max-image-preview:large","max-video-preview":"max-video-preview:-1"},"canonical":"https:\/\/president-ksgov.net\/sr\/predsednica-ustavna-deklaracija-od-2-jula-1990-godine-bila-je-polazna-tacka-za-realizaciju-dugogodisnje-ideje-kosova-kao-nezavisne-drzave\/","og_locale":"sr_RS","og_type":"article","og_title":"Predsednica: Ustavna deklaracija od 2. jula 1990. godine bila je polazna ta\u010dka za realizaciju dugogodi\u0161nje ideje Kosova kao nezavisne dr\u017eave. - Predsednik Republike Kosovo - DR. VJOSA OSMANI - SADRIU","og_description":"Predsednica: Ustavna deklaracija od 2. jula 1990. godine bila je polazna ta\u010dka za realizaciju dugogodi\u0161nje ideje Kosova kao nezavisne dr\u017eave. - Predsednik Republike Kosovo - DR. VJOSA OSMANI - SADRIU -","og_url":"https:\/\/president-ksgov.net\/sr\/predsednica-ustavna-deklaracija-od-2-jula-1990-godine-bila-je-polazna-tacka-za-realizaciju-dugogodisnje-ideje-kosova-kao-nezavisne-drzave\/","og_site_name":"Predsednik Republike Kosovo - DR. VJOSA OSMANI - SADRIU","article_published_time":"2024-07-02T11:00:07+00:00","article_modified_time":"2024-07-03T07:28:37+00:00","og_image":[{"width":2000,"height":1333,"url":"https:\/\/president-ksgov.net\/wp-content\/uploads\/1-Copy-2-1.jpg","type":"image\/jpeg"}],"author":"presidentlogin","twitter_card":"summary_large_image","twitter_misc":{"\u041d\u0430\u043f\u0438\u0441\u0430\u043d\u043e \u043e\u0434":"presidentlogin","\u041f\u0440\u043e\u0446\u0435\u045a\u0435\u043d\u043e \u0432\u0440\u0435\u043c\u0435 \u0447\u0438\u0442\u0430\u045a\u0430":"1 \u043c\u0438\u043d\u0443\u0442"},"schema":{"@context":"https:\/\/schema.org","@graph":[{"@type":"WebPage","@id":"https:\/\/president-ksgov.net\/sr\/predsednica-ustavna-deklaracija-od-2-jula-1990-godine-bila-je-polazna-tacka-za-realizaciju-dugogodisnje-ideje-kosova-kao-nezavisne-drzave\/","url":"https:\/\/president-ksgov.net\/sr\/predsednica-ustavna-deklaracija-od-2-jula-1990-godine-bila-je-polazna-tacka-za-realizaciju-dugogodisnje-ideje-kosova-kao-nezavisne-drzave\/","name":"Predsednica: Ustavna deklaracija od 2. jula 1990. godine bila je polazna ta\u010dka za realizaciju dugogodi\u0161nje ideje Kosova kao nezavisne dr\u017eave. - Predsednik Republike Kosovo - DR. VJOSA OSMANI - SADRIU","isPartOf":{"@id":"https:\/\/president-ksgov.net\/#website"},"primaryImageOfPage":{"@id":"https:\/\/president-ksgov.net\/sr\/predsednica-ustavna-deklaracija-od-2-jula-1990-godine-bila-je-polazna-tacka-za-realizaciju-dugogodisnje-ideje-kosova-kao-nezavisne-drzave\/#primaryimage"},"image":{"@id":"https:\/\/president-ksgov.net\/sr\/predsednica-ustavna-deklaracija-od-2-jula-1990-godine-bila-je-polazna-tacka-za-realizaciju-dugogodisnje-ideje-kosova-kao-nezavisne-drzave\/#primaryimage"},"thumbnailUrl":"https:\/\/president-ksgov.net\/wp-content\/uploads\/1-Copy-2-1.jpg","datePublished":"2024-07-02T11:00:07+00:00","dateModified":"2024-07-03T07:28:37+00:00","author":{"@id":"https:\/\/president-ksgov.net\/#\/schema\/person\/1a2c014cffc81ec60d5a452a36d08d92"},"description":"Predsednica: Ustavna deklaracija od 2. jula 1990. godine bila je polazna ta\u010dka za realizaciju dugogodi\u0161nje ideje Kosova kao nezavisne dr\u017eave. - Predsednik Republike Kosovo - DR. VJOSA OSMANI - SADRIU -","breadcrumb":{"@id":"https:\/\/president-ksgov.net\/sr\/predsednica-ustavna-deklaracija-od-2-jula-1990-godine-bila-je-polazna-tacka-za-realizaciju-dugogodisnje-ideje-kosova-kao-nezavisne-drzave\/#breadcrumb"},"inLanguage":"sr-RS","potentialAction":[{"@type":"ReadAction","target":["https:\/\/president-ksgov.net\/sr\/predsednica-ustavna-deklaracija-od-2-jula-1990-godine-bila-je-polazna-tacka-za-realizaciju-dugogodisnje-ideje-kosova-kao-nezavisne-drzave\/"]}]},{"@type":"ImageObject","inLanguage":"sr-RS","@id":"https:\/\/president-ksgov.net\/sr\/predsednica-ustavna-deklaracija-od-2-jula-1990-godine-bila-je-polazna-tacka-za-realizaciju-dugogodisnje-ideje-kosova-kao-nezavisne-drzave\/#primaryimage","url":"https:\/\/president-ksgov.net\/wp-content\/uploads\/1-Copy-2-1.jpg","contentUrl":"https:\/\/president-ksgov.net\/wp-content\/uploads\/1-Copy-2-1.jpg","width":2000,"height":1333},{"@type":"BreadcrumbList","@id":"https:\/\/president-ksgov.net\/sr\/predsednica-ustavna-deklaracija-od-2-jula-1990-godine-bila-je-polazna-tacka-za-realizaciju-dugogodisnje-ideje-kosova-kao-nezavisne-drzave\/#breadcrumb","itemListElement":[{"@type":"ListItem","position":1,"name":"Home","item":"https:\/\/president-ksgov.net\/sr\/"},{"@type":"ListItem","position":2,"name":"Predsednica: Ustavna deklaracija od 2. jula 1990. godine bila je polazna ta\u010dka za realizaciju dugogodi\u0161nje ideje Kosova kao nezavisne dr\u017eave."}]},{"@type":"WebSite","@id":"https:\/\/president-ksgov.net\/#website","url":"https:\/\/president-ksgov.net\/","name":"Presidente e Republik\u00ebs s\u00eb Kosov\u00ebs","description":"Presidente e Republik\u00ebs s\u00eb Kosov\u00ebs","alternateName":"DR. VJOSA OSMANI - SADRIU","potentialAction":[{"@type":"SearchAction","target":{"@type":"EntryPoint","urlTemplate":"https:\/\/president-ksgov.net\/?s={search_term_string}"},"query-input":{"@type":"PropertyValueSpecification","valueRequired":true,"valueName":"search_term_string"}}],"inLanguage":"sr-RS"},{"@type":"Person","@id":"https:\/\/president-ksgov.net\/#\/schema\/person\/1a2c014cffc81ec60d5a452a36d08d92","name":"presidentlogin","image":{"@type":"ImageObject","inLanguage":"sr-RS","@id":"https:\/\/president-ksgov.net\/#\/schema\/person\/image\/","url":"https:\/\/secure.gravatar.com\/avatar\/339f00ab0a8a0d5ce1ecff10aa2b4a1f51f58bbd5a57793f8cd6ad624080d807?s=96&d=mm&r=g","contentUrl":"https:\/\/secure.gravatar.com\/avatar\/339f00ab0a8a0d5ce1ecff10aa2b4a1f51f58bbd5a57793f8cd6ad624080d807?s=96&d=mm&r=g","caption":"presidentlogin"}}]}},"_links":{"self":[{"href":"https:\/\/president-ksgov.net\/sr\/wp-json\/wp\/v2\/posts\/138204","targetHints":{"allow":["GET"]}}],"collection":[{"href":"https:\/\/president-ksgov.net\/sr\/wp-json\/wp\/v2\/posts"}],"about":[{"href":"https:\/\/president-ksgov.net\/sr\/wp-json\/wp\/v2\/types\/post"}],"author":[{"embeddable":true,"href":"https:\/\/president-ksgov.net\/sr\/wp-json\/wp\/v2\/users\/11"}],"replies":[{"embeddable":true,"href":"https:\/\/president-ksgov.net\/sr\/wp-json\/wp\/v2\/comments?post=138204"}],"version-history":[{"count":1,"href":"https:\/\/president-ksgov.net\/sr\/wp-json\/wp\/v2\/posts\/138204\/revisions"}],"predecessor-version":[{"id":138205,"href":"https:\/\/president-ksgov.net\/sr\/wp-json\/wp\/v2\/posts\/138204\/revisions\/138205"}],"wp:featuredmedia":[{"embeddable":true,"href":"https:\/\/president-ksgov.net\/sr\/wp-json\/wp\/v2\/media\/138144"}],"wp:attachment":[{"href":"https:\/\/president-ksgov.net\/sr\/wp-json\/wp\/v2\/media?parent=138204"}],"wp:term":[{"taxonomy":"category","embeddable":true,"href":"https:\/\/president-ksgov.net\/sr\/wp-json\/wp\/v2\/categories?post=138204"},{"taxonomy":"post_tag","embeddable":true,"href":"https:\/\/president-ksgov.net\/sr\/wp-json\/wp\/v2\/tags?post=138204"}],"curies":[{"name":"wp","href":"https:\/\/api.w.org\/{rel}","templated":true}]}}