{"id":138202,"date":"2024-07-02T17:43:14","date_gmt":"2024-07-02T15:43:14","guid":{"rendered":"https:\/\/president-ksgov.net\/?p=138202"},"modified":"2024-07-03T09:24:51","modified_gmt":"2024-07-03T07:24:51","slug":"predsednica-osmani-se-sastala-sa-sefom-misije-oebs-a-na-kosovu-ambasadorom-michaelom-devenportom","status":"publish","type":"post","link":"https:\/\/president-ksgov.net\/sr\/predsednica-osmani-se-sastala-sa-sefom-misije-oebs-a-na-kosovu-ambasadorom-michaelom-devenportom\/","title":{"rendered":"Predsednica Osmani se sastala sa \u0161efom misije OEBS-a na Kosovu, ambasadorom Michaelom Devenportom"},"content":{"rendered":"<p>Predsednica Republike Kosovo Vjosa Osmani do\u010dekala je danas na sastanku \u0161efa misije Organizacije za evropsku bezbednost i saradnju (OEBS) na Kosovu, ambasadora Michaela Devenporta.<\/p>\n<p>Na sastanku se razgovaralo o poslednjim de\u0161avanjima u zemlji, kao i o radu OEBS-a na Kosovu, koji ove godine obele\u017eava 25. godi\u0161njicu. S tim u vezi, predsednica Osmani je prenela svoje \u010destitke povodom ove va\u017ene godi\u0161njice, istakav\u0161i anga\u017eovanost ove organizacije u podr\u0161ci naporima za ja\u010danje demokratije, ljudskih prava i vladavine prava, za koje Kosovo pokazuje kontinuirani napredak.<\/p>\n<p>Tokom sastanka razgovaralo se i o nizu zakona koji se razmatraju u Skup\u0161tini Kosova, kao i o va\u017enosti da budu u skladu sa me\u0111unarodnim standardima za ljudska prava.<\/p>\n<p>Na sastanku su predsednica Osmani i ambasador Davenport, izme\u0111u ostalog, razgovarali o rezultatima izve\u0161taja OEBS-a, koji potvr\u0111uje da se broj me\u0111uetni\u010dkih sukoba konstantno smanjuje. Predsednica je ovom prilikom istakla punu posve\u0107enost potpunom eliminisanju ovakvih slu\u010dajeva.<\/p>\n","protected":false},"excerpt":{"rendered":"<p>Predsednica Republike Kosovo Vjosa Osmani do\u010dekala je danas na sastanku \u0161efa misije Organizacije za evropsku bezbednost i saradnju (OEBS) na Kosovu, ambasadora Michaela Devenporta. Na sastanku se razgovaralo o poslednjim de\u0161avanjima u zemlji, kao i o radu OEBS-a na Kosovu, koji ove godine obele\u017eava 25. godi\u0161njicu. S tim u vezi, predsednica Osmani je prenela svoje \u010destitke povodom ove va\u017ene godi\u0161njice, istakav\u0161i anga\u017eovanost ove organizacije u podr\u0161ci naporima za ja\u010danje demokratije, ljudskih prava i vladavine prava, za koje Kosovo pokazuje kontinuirani napredak. Tokom sastanka razgovaralo se i o nizu zakona koji se razmatraju u Skup\u0161tini Kosova, kao i o va\u017enosti da budu u skladu sa me\u0111unarodnim standardima za ljudska prava. Na sastanku su predsednica Osmani i ambasador Davenport, izme\u0111u ostalog, razgovarali o rezultatima izve\u0161taja OEBS-a, koji potvr\u0111uje da se broj me\u0111uetni\u010dkih sukoba konstantno smanjuje. Predsednica je ovom prilikom istakla punu posve\u0107enost potpunom eliminisanju ovakvih slu\u010dajeva.<\/p>\n","protected":false},"author":11,"featured_media":138198,"comment_status":"closed","ping_status":"closed","sticky":false,"template":"","format":"standard","meta":{"_eb_attr":"","footnotes":""},"categories":[101],"tags":[],"class_list":["post-138202","post","type-post","status-publish","format-standard","has-post-thumbnail","hentry","category-vesti"],"yoast_head":"<!-- This site is optimized with the Yoast SEO plugin v23.5 - https:\/\/yoast.com\/wordpress\/plugins\/seo\/ -->\n<title>Predsednica Osmani se sastala sa \u0161efom misije OEBS-a na Kosovu, ambasadorom Michaelom Devenportom - Predsednik Republike Kosovo - DR. VJOSA OSMANI - SADRIU<\/title>\n<meta name=\"description\" content=\"Predsednica Osmani se sastala sa \u0161efom misije OEBS-a na Kosovu, ambasadorom Michaelom Devenportom - Predsednik Republike Kosovo - DR. VJOSA OSMANI - SADRIU -\" \/>\n<meta name=\"robots\" content=\"index, follow, max-snippet:-1, max-image-preview:large, max-video-preview:-1\" \/>\n<link rel=\"canonical\" href=\"https:\/\/president-ksgov.net\/sr\/predsednica-osmani-se-sastala-sa-sefom-misije-oebs-a-na-kosovu-ambasadorom-michaelom-devenportom\/\" \/>\n<meta property=\"og:locale\" content=\"sr_RS\" \/>\n<meta property=\"og:type\" content=\"article\" \/>\n<meta property=\"og:title\" content=\"Predsednica Osmani se sastala sa \u0161efom misije OEBS-a na Kosovu, ambasadorom Michaelom Devenportom - Predsednik Republike Kosovo - DR. VJOSA OSMANI - SADRIU\" \/>\n<meta property=\"og:description\" content=\"Predsednica Osmani se sastala sa \u0161efom misije OEBS-a na Kosovu, ambasadorom Michaelom Devenportom - Predsednik Republike Kosovo - DR. VJOSA OSMANI - SADRIU -\" \/>\n<meta property=\"og:url\" content=\"https:\/\/president-ksgov.net\/sr\/predsednica-osmani-se-sastala-sa-sefom-misije-oebs-a-na-kosovu-ambasadorom-michaelom-devenportom\/\" \/>\n<meta property=\"og:site_name\" content=\"Predsednik Republike Kosovo - DR. VJOSA OSMANI - SADRIU\" \/>\n<meta property=\"article:published_time\" content=\"2024-07-02T15:43:14+00:00\" \/>\n<meta property=\"article:modified_time\" content=\"2024-07-03T07:24:51+00:00\" \/>\n<meta property=\"og:image\" content=\"https:\/\/president-ksgov.net\/wp-content\/uploads\/OSBE.jpg\" \/>\n\t<meta property=\"og:image:width\" content=\"2048\" \/>\n\t<meta property=\"og:image:height\" content=\"1365\" \/>\n\t<meta property=\"og:image:type\" content=\"image\/jpeg\" \/>\n<meta name=\"author\" content=\"presidentlogin\" \/>\n<meta name=\"twitter:card\" content=\"summary_large_image\" \/>\n<meta name=\"twitter:label1\" content=\"\u041d\u0430\u043f\u0438\u0441\u0430\u043d\u043e \u043e\u0434\" \/>\n\t<meta name=\"twitter:data1\" content=\"presidentlogin\" \/>\n\t<meta name=\"twitter:label2\" content=\"\u041f\u0440\u043e\u0446\u0435\u045a\u0435\u043d\u043e \u0432\u0440\u0435\u043c\u0435 \u0447\u0438\u0442\u0430\u045a\u0430\" \/>\n\t<meta name=\"twitter:data2\" content=\"1 \u043c\u0438\u043d\u0443\u0442\" \/>\n<script type=\"application\/ld+json\" class=\"yoast-schema-graph\">{\"@context\":\"https:\/\/schema.org\",\"@graph\":[{\"@type\":\"WebPage\",\"@id\":\"https:\/\/president-ksgov.net\/sr\/predsednica-osmani-se-sastala-sa-sefom-misije-oebs-a-na-kosovu-ambasadorom-michaelom-devenportom\/\",\"url\":\"https:\/\/president-ksgov.net\/sr\/predsednica-osmani-se-sastala-sa-sefom-misije-oebs-a-na-kosovu-ambasadorom-michaelom-devenportom\/\",\"name\":\"Predsednica Osmani se sastala sa \u0161efom misije OEBS-a na Kosovu, ambasadorom Michaelom Devenportom - Predsednik Republike Kosovo - DR. VJOSA OSMANI - SADRIU\",\"isPartOf\":{\"@id\":\"https:\/\/president-ksgov.net\/#website\"},\"primaryImageOfPage\":{\"@id\":\"https:\/\/president-ksgov.net\/sr\/predsednica-osmani-se-sastala-sa-sefom-misije-oebs-a-na-kosovu-ambasadorom-michaelom-devenportom\/#primaryimage\"},\"image\":{\"@id\":\"https:\/\/president-ksgov.net\/sr\/predsednica-osmani-se-sastala-sa-sefom-misije-oebs-a-na-kosovu-ambasadorom-michaelom-devenportom\/#primaryimage\"},\"thumbnailUrl\":\"https:\/\/president-ksgov.net\/wp-content\/uploads\/OSBE.jpg\",\"datePublished\":\"2024-07-02T15:43:14+00:00\",\"dateModified\":\"2024-07-03T07:24:51+00:00\",\"author\":{\"@id\":\"https:\/\/president-ksgov.net\/#\/schema\/person\/1a2c014cffc81ec60d5a452a36d08d92\"},\"description\":\"Predsednica Osmani se sastala sa \u0161efom misije OEBS-a na Kosovu, ambasadorom Michaelom Devenportom - Predsednik Republike Kosovo - DR. VJOSA OSMANI - SADRIU -\",\"breadcrumb\":{\"@id\":\"https:\/\/president-ksgov.net\/sr\/predsednica-osmani-se-sastala-sa-sefom-misije-oebs-a-na-kosovu-ambasadorom-michaelom-devenportom\/#breadcrumb\"},\"inLanguage\":\"sr-RS\",\"potentialAction\":[{\"@type\":\"ReadAction\",\"target\":[\"https:\/\/president-ksgov.net\/sr\/predsednica-osmani-se-sastala-sa-sefom-misije-oebs-a-na-kosovu-ambasadorom-michaelom-devenportom\/\"]}]},{\"@type\":\"ImageObject\",\"inLanguage\":\"sr-RS\",\"@id\":\"https:\/\/president-ksgov.net\/sr\/predsednica-osmani-se-sastala-sa-sefom-misije-oebs-a-na-kosovu-ambasadorom-michaelom-devenportom\/#primaryimage\",\"url\":\"https:\/\/president-ksgov.net\/wp-content\/uploads\/OSBE.jpg\",\"contentUrl\":\"https:\/\/president-ksgov.net\/wp-content\/uploads\/OSBE.jpg\",\"width\":2048,\"height\":1365},{\"@type\":\"BreadcrumbList\",\"@id\":\"https:\/\/president-ksgov.net\/sr\/predsednica-osmani-se-sastala-sa-sefom-misije-oebs-a-na-kosovu-ambasadorom-michaelom-devenportom\/#breadcrumb\",\"itemListElement\":[{\"@type\":\"ListItem\",\"position\":1,\"name\":\"Home\",\"item\":\"https:\/\/president-ksgov.net\/sr\/\"},{\"@type\":\"ListItem\",\"position\":2,\"name\":\"Predsednica Osmani se sastala sa \u0161efom misije OEBS-a na Kosovu, ambasadorom Michaelom Devenportom\"}]},{\"@type\":\"WebSite\",\"@id\":\"https:\/\/president-ksgov.net\/#website\",\"url\":\"https:\/\/president-ksgov.net\/\",\"name\":\"Presidente e Republik\u00ebs s\u00eb Kosov\u00ebs\",\"description\":\"Presidente e Republik\u00ebs s\u00eb Kosov\u00ebs\",\"alternateName\":\"DR. VJOSA OSMANI - SADRIU\",\"potentialAction\":[{\"@type\":\"SearchAction\",\"target\":{\"@type\":\"EntryPoint\",\"urlTemplate\":\"https:\/\/president-ksgov.net\/?s={search_term_string}\"},\"query-input\":{\"@type\":\"PropertyValueSpecification\",\"valueRequired\":true,\"valueName\":\"search_term_string\"}}],\"inLanguage\":\"sr-RS\"},{\"@type\":\"Person\",\"@id\":\"https:\/\/president-ksgov.net\/#\/schema\/person\/1a2c014cffc81ec60d5a452a36d08d92\",\"name\":\"presidentlogin\",\"image\":{\"@type\":\"ImageObject\",\"inLanguage\":\"sr-RS\",\"@id\":\"https:\/\/president-ksgov.net\/#\/schema\/person\/image\/\",\"url\":\"https:\/\/secure.gravatar.com\/avatar\/339f00ab0a8a0d5ce1ecff10aa2b4a1f51f58bbd5a57793f8cd6ad624080d807?s=96&d=mm&r=g\",\"contentUrl\":\"https:\/\/secure.gravatar.com\/avatar\/339f00ab0a8a0d5ce1ecff10aa2b4a1f51f58bbd5a57793f8cd6ad624080d807?s=96&d=mm&r=g\",\"caption\":\"presidentlogin\"}}]}<\/script>\n<!-- \/ Yoast SEO plugin. -->","yoast_head_json":{"title":"Predsednica Osmani se sastala sa \u0161efom misije OEBS-a na Kosovu, ambasadorom Michaelom Devenportom - Predsednik Republike Kosovo - DR. VJOSA OSMANI - SADRIU","description":"Predsednica Osmani se sastala sa \u0161efom misije OEBS-a na Kosovu, ambasadorom Michaelom Devenportom - Predsednik Republike Kosovo - DR. VJOSA OSMANI - SADRIU -","robots":{"index":"index","follow":"follow","max-snippet":"max-snippet:-1","max-image-preview":"max-image-preview:large","max-video-preview":"max-video-preview:-1"},"canonical":"https:\/\/president-ksgov.net\/sr\/predsednica-osmani-se-sastala-sa-sefom-misije-oebs-a-na-kosovu-ambasadorom-michaelom-devenportom\/","og_locale":"sr_RS","og_type":"article","og_title":"Predsednica Osmani se sastala sa \u0161efom misije OEBS-a na Kosovu, ambasadorom Michaelom Devenportom - Predsednik Republike Kosovo - DR. VJOSA OSMANI - SADRIU","og_description":"Predsednica Osmani se sastala sa \u0161efom misije OEBS-a na Kosovu, ambasadorom Michaelom Devenportom - Predsednik Republike Kosovo - DR. VJOSA OSMANI - SADRIU -","og_url":"https:\/\/president-ksgov.net\/sr\/predsednica-osmani-se-sastala-sa-sefom-misije-oebs-a-na-kosovu-ambasadorom-michaelom-devenportom\/","og_site_name":"Predsednik Republike Kosovo - DR. VJOSA OSMANI - SADRIU","article_published_time":"2024-07-02T15:43:14+00:00","article_modified_time":"2024-07-03T07:24:51+00:00","og_image":[{"width":2048,"height":1365,"url":"https:\/\/president-ksgov.net\/wp-content\/uploads\/OSBE.jpg","type":"image\/jpeg"}],"author":"presidentlogin","twitter_card":"summary_large_image","twitter_misc":{"\u041d\u0430\u043f\u0438\u0441\u0430\u043d\u043e \u043e\u0434":"presidentlogin","\u041f\u0440\u043e\u0446\u0435\u045a\u0435\u043d\u043e \u0432\u0440\u0435\u043c\u0435 \u0447\u0438\u0442\u0430\u045a\u0430":"1 \u043c\u0438\u043d\u0443\u0442"},"schema":{"@context":"https:\/\/schema.org","@graph":[{"@type":"WebPage","@id":"https:\/\/president-ksgov.net\/sr\/predsednica-osmani-se-sastala-sa-sefom-misije-oebs-a-na-kosovu-ambasadorom-michaelom-devenportom\/","url":"https:\/\/president-ksgov.net\/sr\/predsednica-osmani-se-sastala-sa-sefom-misije-oebs-a-na-kosovu-ambasadorom-michaelom-devenportom\/","name":"Predsednica Osmani se sastala sa \u0161efom misije OEBS-a na Kosovu, ambasadorom Michaelom Devenportom - Predsednik Republike Kosovo - DR. VJOSA OSMANI - SADRIU","isPartOf":{"@id":"https:\/\/president-ksgov.net\/#website"},"primaryImageOfPage":{"@id":"https:\/\/president-ksgov.net\/sr\/predsednica-osmani-se-sastala-sa-sefom-misije-oebs-a-na-kosovu-ambasadorom-michaelom-devenportom\/#primaryimage"},"image":{"@id":"https:\/\/president-ksgov.net\/sr\/predsednica-osmani-se-sastala-sa-sefom-misije-oebs-a-na-kosovu-ambasadorom-michaelom-devenportom\/#primaryimage"},"thumbnailUrl":"https:\/\/president-ksgov.net\/wp-content\/uploads\/OSBE.jpg","datePublished":"2024-07-02T15:43:14+00:00","dateModified":"2024-07-03T07:24:51+00:00","author":{"@id":"https:\/\/president-ksgov.net\/#\/schema\/person\/1a2c014cffc81ec60d5a452a36d08d92"},"description":"Predsednica Osmani se sastala sa \u0161efom misije OEBS-a na Kosovu, ambasadorom Michaelom Devenportom - Predsednik Republike Kosovo - DR. VJOSA OSMANI - SADRIU -","breadcrumb":{"@id":"https:\/\/president-ksgov.net\/sr\/predsednica-osmani-se-sastala-sa-sefom-misije-oebs-a-na-kosovu-ambasadorom-michaelom-devenportom\/#breadcrumb"},"inLanguage":"sr-RS","potentialAction":[{"@type":"ReadAction","target":["https:\/\/president-ksgov.net\/sr\/predsednica-osmani-se-sastala-sa-sefom-misije-oebs-a-na-kosovu-ambasadorom-michaelom-devenportom\/"]}]},{"@type":"ImageObject","inLanguage":"sr-RS","@id":"https:\/\/president-ksgov.net\/sr\/predsednica-osmani-se-sastala-sa-sefom-misije-oebs-a-na-kosovu-ambasadorom-michaelom-devenportom\/#primaryimage","url":"https:\/\/president-ksgov.net\/wp-content\/uploads\/OSBE.jpg","contentUrl":"https:\/\/president-ksgov.net\/wp-content\/uploads\/OSBE.jpg","width":2048,"height":1365},{"@type":"BreadcrumbList","@id":"https:\/\/president-ksgov.net\/sr\/predsednica-osmani-se-sastala-sa-sefom-misije-oebs-a-na-kosovu-ambasadorom-michaelom-devenportom\/#breadcrumb","itemListElement":[{"@type":"ListItem","position":1,"name":"Home","item":"https:\/\/president-ksgov.net\/sr\/"},{"@type":"ListItem","position":2,"name":"Predsednica Osmani se sastala sa \u0161efom misije OEBS-a na Kosovu, ambasadorom Michaelom Devenportom"}]},{"@type":"WebSite","@id":"https:\/\/president-ksgov.net\/#website","url":"https:\/\/president-ksgov.net\/","name":"Presidente e Republik\u00ebs s\u00eb Kosov\u00ebs","description":"Presidente e Republik\u00ebs s\u00eb Kosov\u00ebs","alternateName":"DR. VJOSA OSMANI - SADRIU","potentialAction":[{"@type":"SearchAction","target":{"@type":"EntryPoint","urlTemplate":"https:\/\/president-ksgov.net\/?s={search_term_string}"},"query-input":{"@type":"PropertyValueSpecification","valueRequired":true,"valueName":"search_term_string"}}],"inLanguage":"sr-RS"},{"@type":"Person","@id":"https:\/\/president-ksgov.net\/#\/schema\/person\/1a2c014cffc81ec60d5a452a36d08d92","name":"presidentlogin","image":{"@type":"ImageObject","inLanguage":"sr-RS","@id":"https:\/\/president-ksgov.net\/#\/schema\/person\/image\/","url":"https:\/\/secure.gravatar.com\/avatar\/339f00ab0a8a0d5ce1ecff10aa2b4a1f51f58bbd5a57793f8cd6ad624080d807?s=96&d=mm&r=g","contentUrl":"https:\/\/secure.gravatar.com\/avatar\/339f00ab0a8a0d5ce1ecff10aa2b4a1f51f58bbd5a57793f8cd6ad624080d807?s=96&d=mm&r=g","caption":"presidentlogin"}}]}},"_links":{"self":[{"href":"https:\/\/president-ksgov.net\/sr\/wp-json\/wp\/v2\/posts\/138202","targetHints":{"allow":["GET"]}}],"collection":[{"href":"https:\/\/president-ksgov.net\/sr\/wp-json\/wp\/v2\/posts"}],"about":[{"href":"https:\/\/president-ksgov.net\/sr\/wp-json\/wp\/v2\/types\/post"}],"author":[{"embeddable":true,"href":"https:\/\/president-ksgov.net\/sr\/wp-json\/wp\/v2\/users\/11"}],"replies":[{"embeddable":true,"href":"https:\/\/president-ksgov.net\/sr\/wp-json\/wp\/v2\/comments?post=138202"}],"version-history":[{"count":1,"href":"https:\/\/president-ksgov.net\/sr\/wp-json\/wp\/v2\/posts\/138202\/revisions"}],"predecessor-version":[{"id":138203,"href":"https:\/\/president-ksgov.net\/sr\/wp-json\/wp\/v2\/posts\/138202\/revisions\/138203"}],"wp:featuredmedia":[{"embeddable":true,"href":"https:\/\/president-ksgov.net\/sr\/wp-json\/wp\/v2\/media\/138198"}],"wp:attachment":[{"href":"https:\/\/president-ksgov.net\/sr\/wp-json\/wp\/v2\/media?parent=138202"}],"wp:term":[{"taxonomy":"category","embeddable":true,"href":"https:\/\/president-ksgov.net\/sr\/wp-json\/wp\/v2\/categories?post=138202"},{"taxonomy":"post_tag","embeddable":true,"href":"https:\/\/president-ksgov.net\/sr\/wp-json\/wp\/v2\/tags?post=138202"}],"curies":[{"name":"wp","href":"https:\/\/api.w.org\/{rel}","templated":true}]}}