{"id":138055,"date":"2024-06-28T14:37:04","date_gmt":"2024-06-28T12:37:04","guid":{"rendered":"https:\/\/president-ksgov.net\/?p=138055"},"modified":"2024-07-01T15:42:44","modified_gmt":"2024-07-01T13:42:44","slug":"predsednica-vjosa-osmani-docekala-je-danas-na-oprostajnom-sastanku-ambasadorku-kraljevine-holandije-na-kosovu-carin-lobbezoo","status":"publish","type":"post","link":"https:\/\/president-ksgov.net\/sr\/predsednica-vjosa-osmani-docekala-je-danas-na-oprostajnom-sastanku-ambasadorku-kraljevine-holandije-na-kosovu-carin-lobbezoo\/","title":{"rendered":"Predsednica Vjosa Osmani do\u010dekala je danas na opro\u0161tajnom sastanku ambasadorku Kraljevine Holandije na Kosovu Carin Lobbezoo"},"content":{"rendered":"<p>Predsednica Republike Kosovo Vjosa Osmani do\u010dekala je danas na opro\u0161tajnom sastanku ambasadorku Kraljevine Holandije na Kosovu Carin Lobbezoo.<\/p>\n<p>Na sastanku, predsednica Osmani je zahvalila ambasadorki Lobbezoo na njenom kontinuiranom anga\u017eovanju na ja\u010danju saradnje izme\u0111u Kosova i Holandije kroz razli\u010dite projekte i inicijative. Predsednica je istakla da Holandija ostaje va\u017ean saveznik Republike Kosovo.<\/p>\n<p>Predsednica Osmani je naglasila zna\u010daj podr\u0161ke Holandije evroatlantskoj budu\u0107nosti na\u0161e zemlje, fokusiraju\u0107i se na potrebu za \u010dlanstvom Republike Kosovo u me\u0111unarodnim organizacijama, \u0161to ide u korist garantovanja i po\u0161tovanja prava svih gra\u0111ana.<\/p>\n","protected":false},"excerpt":{"rendered":"<p>Predsednica Republike Kosovo Vjosa Osmani do\u010dekala je danas na opro\u0161tajnom sastanku ambasadorku Kraljevine Holandije na Kosovu Carin Lobbezoo. Na sastanku, predsednica Osmani je zahvalila ambasadorki Lobbezoo na njenom kontinuiranom anga\u017eovanju na ja\u010danju saradnje izme\u0111u Kosova i Holandije kroz razli\u010dite projekte i inicijative. Predsednica je istakla da Holandija ostaje va\u017ean saveznik Republike Kosovo. Predsednica Osmani je naglasila zna\u010daj podr\u0161ke Holandije evroatlantskoj budu\u0107nosti na\u0161e zemlje, fokusiraju\u0107i se na potrebu za \u010dlanstvom Republike Kosovo u me\u0111unarodnim organizacijama, \u0161to ide u korist garantovanja i po\u0161tovanja prava svih gra\u0111ana.<\/p>\n","protected":false},"author":13,"featured_media":137901,"comment_status":"closed","ping_status":"closed","sticky":false,"template":"","format":"standard","meta":{"_eb_attr":"","footnotes":""},"categories":[101],"tags":[],"class_list":["post-138055","post","type-post","status-publish","format-standard","has-post-thumbnail","hentry","category-vesti"],"yoast_head":"<!-- This site is optimized with the Yoast SEO plugin v23.5 - https:\/\/yoast.com\/wordpress\/plugins\/seo\/ -->\n<title>Predsednica Vjosa Osmani do\u010dekala je danas na opro\u0161tajnom sastanku ambasadorku Kraljevine Holandije na Kosovu Carin Lobbezoo - Predsednik Republike Kosovo - DR. VJOSA OSMANI - SADRIU<\/title>\n<meta name=\"description\" content=\"Predsednica Vjosa Osmani do\u010dekala je danas na opro\u0161tajnom sastanku ambasadorku Kraljevine Holandije na Kosovu Carin Lobbezoo - Predsednik Republike Kosovo - DR. VJOSA OSMANI - SADRIU -\" \/>\n<meta name=\"robots\" content=\"index, follow, max-snippet:-1, max-image-preview:large, max-video-preview:-1\" \/>\n<link rel=\"canonical\" href=\"https:\/\/president-ksgov.net\/sr\/predsednica-vjosa-osmani-docekala-je-danas-na-oprostajnom-sastanku-ambasadorku-kraljevine-holandije-na-kosovu-carin-lobbezoo\/\" \/>\n<meta property=\"og:locale\" content=\"sr_RS\" \/>\n<meta property=\"og:type\" content=\"article\" \/>\n<meta property=\"og:title\" content=\"Predsednica Vjosa Osmani do\u010dekala je danas na opro\u0161tajnom sastanku ambasadorku Kraljevine Holandije na Kosovu Carin Lobbezoo - Predsednik Republike Kosovo - DR. VJOSA OSMANI - SADRIU\" \/>\n<meta property=\"og:description\" content=\"Predsednica Vjosa Osmani do\u010dekala je danas na opro\u0161tajnom sastanku ambasadorku Kraljevine Holandije na Kosovu Carin Lobbezoo - Predsednik Republike Kosovo - DR. VJOSA OSMANI - SADRIU -\" \/>\n<meta property=\"og:url\" content=\"https:\/\/president-ksgov.net\/sr\/predsednica-vjosa-osmani-docekala-je-danas-na-oprostajnom-sastanku-ambasadorku-kraljevine-holandije-na-kosovu-carin-lobbezoo\/\" \/>\n<meta property=\"og:site_name\" content=\"Predsednik Republike Kosovo - DR. VJOSA OSMANI - SADRIU\" \/>\n<meta property=\"article:published_time\" content=\"2024-06-28T12:37:04+00:00\" \/>\n<meta property=\"article:modified_time\" content=\"2024-07-01T13:42:44+00:00\" \/>\n<meta property=\"og:image\" content=\"https:\/\/president-ksgov.net\/wp-content\/uploads\/1-7.jpeg\" \/>\n\t<meta property=\"og:image:width\" content=\"1280\" \/>\n\t<meta property=\"og:image:height\" content=\"852\" \/>\n\t<meta property=\"og:image:type\" content=\"image\/jpeg\" \/>\n<meta name=\"author\" content=\"Edona Krasniqi\" \/>\n<meta name=\"twitter:card\" content=\"summary_large_image\" \/>\n<meta name=\"twitter:label1\" content=\"\u041d\u0430\u043f\u0438\u0441\u0430\u043d\u043e \u043e\u0434\" \/>\n\t<meta name=\"twitter:data1\" content=\"Edona Krasniqi\" \/>\n\t<meta name=\"twitter:label2\" content=\"\u041f\u0440\u043e\u0446\u0435\u045a\u0435\u043d\u043e \u0432\u0440\u0435\u043c\u0435 \u0447\u0438\u0442\u0430\u045a\u0430\" \/>\n\t<meta name=\"twitter:data2\" content=\"1 \u043c\u0438\u043d\u0443\u0442\" \/>\n<script type=\"application\/ld+json\" class=\"yoast-schema-graph\">{\"@context\":\"https:\/\/schema.org\",\"@graph\":[{\"@type\":\"WebPage\",\"@id\":\"https:\/\/president-ksgov.net\/sr\/predsednica-vjosa-osmani-docekala-je-danas-na-oprostajnom-sastanku-ambasadorku-kraljevine-holandije-na-kosovu-carin-lobbezoo\/\",\"url\":\"https:\/\/president-ksgov.net\/sr\/predsednica-vjosa-osmani-docekala-je-danas-na-oprostajnom-sastanku-ambasadorku-kraljevine-holandije-na-kosovu-carin-lobbezoo\/\",\"name\":\"Predsednica Vjosa Osmani do\u010dekala je danas na opro\u0161tajnom sastanku ambasadorku Kraljevine Holandije na Kosovu Carin Lobbezoo - Predsednik Republike Kosovo - DR. VJOSA OSMANI - SADRIU\",\"isPartOf\":{\"@id\":\"https:\/\/president-ksgov.net\/#website\"},\"primaryImageOfPage\":{\"@id\":\"https:\/\/president-ksgov.net\/sr\/predsednica-vjosa-osmani-docekala-je-danas-na-oprostajnom-sastanku-ambasadorku-kraljevine-holandije-na-kosovu-carin-lobbezoo\/#primaryimage\"},\"image\":{\"@id\":\"https:\/\/president-ksgov.net\/sr\/predsednica-vjosa-osmani-docekala-je-danas-na-oprostajnom-sastanku-ambasadorku-kraljevine-holandije-na-kosovu-carin-lobbezoo\/#primaryimage\"},\"thumbnailUrl\":\"https:\/\/president-ksgov.net\/wp-content\/uploads\/1-7.jpeg\",\"datePublished\":\"2024-06-28T12:37:04+00:00\",\"dateModified\":\"2024-07-01T13:42:44+00:00\",\"author\":{\"@id\":\"https:\/\/president-ksgov.net\/#\/schema\/person\/b9740e15fff71a6f8f26a0e201572567\"},\"description\":\"Predsednica Vjosa Osmani do\u010dekala je danas na opro\u0161tajnom sastanku ambasadorku Kraljevine Holandije na Kosovu Carin Lobbezoo - Predsednik Republike Kosovo - DR. VJOSA OSMANI - SADRIU -\",\"breadcrumb\":{\"@id\":\"https:\/\/president-ksgov.net\/sr\/predsednica-vjosa-osmani-docekala-je-danas-na-oprostajnom-sastanku-ambasadorku-kraljevine-holandije-na-kosovu-carin-lobbezoo\/#breadcrumb\"},\"inLanguage\":\"sr-RS\",\"potentialAction\":[{\"@type\":\"ReadAction\",\"target\":[\"https:\/\/president-ksgov.net\/sr\/predsednica-vjosa-osmani-docekala-je-danas-na-oprostajnom-sastanku-ambasadorku-kraljevine-holandije-na-kosovu-carin-lobbezoo\/\"]}]},{\"@type\":\"ImageObject\",\"inLanguage\":\"sr-RS\",\"@id\":\"https:\/\/president-ksgov.net\/sr\/predsednica-vjosa-osmani-docekala-je-danas-na-oprostajnom-sastanku-ambasadorku-kraljevine-holandije-na-kosovu-carin-lobbezoo\/#primaryimage\",\"url\":\"https:\/\/president-ksgov.net\/wp-content\/uploads\/1-7.jpeg\",\"contentUrl\":\"https:\/\/president-ksgov.net\/wp-content\/uploads\/1-7.jpeg\",\"width\":1280,\"height\":852},{\"@type\":\"BreadcrumbList\",\"@id\":\"https:\/\/president-ksgov.net\/sr\/predsednica-vjosa-osmani-docekala-je-danas-na-oprostajnom-sastanku-ambasadorku-kraljevine-holandije-na-kosovu-carin-lobbezoo\/#breadcrumb\",\"itemListElement\":[{\"@type\":\"ListItem\",\"position\":1,\"name\":\"Home\",\"item\":\"https:\/\/president-ksgov.net\/sr\/\"},{\"@type\":\"ListItem\",\"position\":2,\"name\":\"Predsednica Vjosa Osmani do\u010dekala je danas na opro\u0161tajnom sastanku ambasadorku Kraljevine Holandije na Kosovu Carin Lobbezoo\"}]},{\"@type\":\"WebSite\",\"@id\":\"https:\/\/president-ksgov.net\/#website\",\"url\":\"https:\/\/president-ksgov.net\/\",\"name\":\"Presidente e Republik\u00ebs s\u00eb Kosov\u00ebs\",\"description\":\"Presidente e Republik\u00ebs s\u00eb Kosov\u00ebs\",\"alternateName\":\"DR. VJOSA OSMANI - SADRIU\",\"potentialAction\":[{\"@type\":\"SearchAction\",\"target\":{\"@type\":\"EntryPoint\",\"urlTemplate\":\"https:\/\/president-ksgov.net\/?s={search_term_string}\"},\"query-input\":{\"@type\":\"PropertyValueSpecification\",\"valueRequired\":true,\"valueName\":\"search_term_string\"}}],\"inLanguage\":\"sr-RS\"},{\"@type\":\"Person\",\"@id\":\"https:\/\/president-ksgov.net\/#\/schema\/person\/b9740e15fff71a6f8f26a0e201572567\",\"name\":\"Edona Krasniqi\",\"image\":{\"@type\":\"ImageObject\",\"inLanguage\":\"sr-RS\",\"@id\":\"https:\/\/president-ksgov.net\/#\/schema\/person\/image\/\",\"url\":\"https:\/\/secure.gravatar.com\/avatar\/1f0f749e4b80632decf95bd32db3f33277967a04dc5e29d46781d9c89b703cce?s=96&d=mm&r=g\",\"contentUrl\":\"https:\/\/secure.gravatar.com\/avatar\/1f0f749e4b80632decf95bd32db3f33277967a04dc5e29d46781d9c89b703cce?s=96&d=mm&r=g\",\"caption\":\"Edona Krasniqi\"},\"sameAs\":[\"https:\/\/president-ksgov.net\/\"]}]}<\/script>\n<!-- \/ Yoast SEO plugin. -->","yoast_head_json":{"title":"Predsednica Vjosa Osmani do\u010dekala je danas na opro\u0161tajnom sastanku ambasadorku Kraljevine Holandije na Kosovu Carin Lobbezoo - Predsednik Republike Kosovo - DR. VJOSA OSMANI - SADRIU","description":"Predsednica Vjosa Osmani do\u010dekala je danas na opro\u0161tajnom sastanku ambasadorku Kraljevine Holandije na Kosovu Carin Lobbezoo - Predsednik Republike Kosovo - DR. VJOSA OSMANI - SADRIU -","robots":{"index":"index","follow":"follow","max-snippet":"max-snippet:-1","max-image-preview":"max-image-preview:large","max-video-preview":"max-video-preview:-1"},"canonical":"https:\/\/president-ksgov.net\/sr\/predsednica-vjosa-osmani-docekala-je-danas-na-oprostajnom-sastanku-ambasadorku-kraljevine-holandije-na-kosovu-carin-lobbezoo\/","og_locale":"sr_RS","og_type":"article","og_title":"Predsednica Vjosa Osmani do\u010dekala je danas na opro\u0161tajnom sastanku ambasadorku Kraljevine Holandije na Kosovu Carin Lobbezoo - Predsednik Republike Kosovo - DR. VJOSA OSMANI - SADRIU","og_description":"Predsednica Vjosa Osmani do\u010dekala je danas na opro\u0161tajnom sastanku ambasadorku Kraljevine Holandije na Kosovu Carin Lobbezoo - Predsednik Republike Kosovo - DR. VJOSA OSMANI - SADRIU -","og_url":"https:\/\/president-ksgov.net\/sr\/predsednica-vjosa-osmani-docekala-je-danas-na-oprostajnom-sastanku-ambasadorku-kraljevine-holandije-na-kosovu-carin-lobbezoo\/","og_site_name":"Predsednik Republike Kosovo - DR. VJOSA OSMANI - SADRIU","article_published_time":"2024-06-28T12:37:04+00:00","article_modified_time":"2024-07-01T13:42:44+00:00","og_image":[{"width":1280,"height":852,"url":"https:\/\/president-ksgov.net\/wp-content\/uploads\/1-7.jpeg","type":"image\/jpeg"}],"author":"Edona Krasniqi","twitter_card":"summary_large_image","twitter_misc":{"\u041d\u0430\u043f\u0438\u0441\u0430\u043d\u043e \u043e\u0434":"Edona Krasniqi","\u041f\u0440\u043e\u0446\u0435\u045a\u0435\u043d\u043e \u0432\u0440\u0435\u043c\u0435 \u0447\u0438\u0442\u0430\u045a\u0430":"1 \u043c\u0438\u043d\u0443\u0442"},"schema":{"@context":"https:\/\/schema.org","@graph":[{"@type":"WebPage","@id":"https:\/\/president-ksgov.net\/sr\/predsednica-vjosa-osmani-docekala-je-danas-na-oprostajnom-sastanku-ambasadorku-kraljevine-holandije-na-kosovu-carin-lobbezoo\/","url":"https:\/\/president-ksgov.net\/sr\/predsednica-vjosa-osmani-docekala-je-danas-na-oprostajnom-sastanku-ambasadorku-kraljevine-holandije-na-kosovu-carin-lobbezoo\/","name":"Predsednica Vjosa Osmani do\u010dekala je danas na opro\u0161tajnom sastanku ambasadorku Kraljevine Holandije na Kosovu Carin Lobbezoo - Predsednik Republike Kosovo - DR. VJOSA OSMANI - SADRIU","isPartOf":{"@id":"https:\/\/president-ksgov.net\/#website"},"primaryImageOfPage":{"@id":"https:\/\/president-ksgov.net\/sr\/predsednica-vjosa-osmani-docekala-je-danas-na-oprostajnom-sastanku-ambasadorku-kraljevine-holandije-na-kosovu-carin-lobbezoo\/#primaryimage"},"image":{"@id":"https:\/\/president-ksgov.net\/sr\/predsednica-vjosa-osmani-docekala-je-danas-na-oprostajnom-sastanku-ambasadorku-kraljevine-holandije-na-kosovu-carin-lobbezoo\/#primaryimage"},"thumbnailUrl":"https:\/\/president-ksgov.net\/wp-content\/uploads\/1-7.jpeg","datePublished":"2024-06-28T12:37:04+00:00","dateModified":"2024-07-01T13:42:44+00:00","author":{"@id":"https:\/\/president-ksgov.net\/#\/schema\/person\/b9740e15fff71a6f8f26a0e201572567"},"description":"Predsednica Vjosa Osmani do\u010dekala je danas na opro\u0161tajnom sastanku ambasadorku Kraljevine Holandije na Kosovu Carin Lobbezoo - Predsednik Republike Kosovo - DR. VJOSA OSMANI - SADRIU -","breadcrumb":{"@id":"https:\/\/president-ksgov.net\/sr\/predsednica-vjosa-osmani-docekala-je-danas-na-oprostajnom-sastanku-ambasadorku-kraljevine-holandije-na-kosovu-carin-lobbezoo\/#breadcrumb"},"inLanguage":"sr-RS","potentialAction":[{"@type":"ReadAction","target":["https:\/\/president-ksgov.net\/sr\/predsednica-vjosa-osmani-docekala-je-danas-na-oprostajnom-sastanku-ambasadorku-kraljevine-holandije-na-kosovu-carin-lobbezoo\/"]}]},{"@type":"ImageObject","inLanguage":"sr-RS","@id":"https:\/\/president-ksgov.net\/sr\/predsednica-vjosa-osmani-docekala-je-danas-na-oprostajnom-sastanku-ambasadorku-kraljevine-holandije-na-kosovu-carin-lobbezoo\/#primaryimage","url":"https:\/\/president-ksgov.net\/wp-content\/uploads\/1-7.jpeg","contentUrl":"https:\/\/president-ksgov.net\/wp-content\/uploads\/1-7.jpeg","width":1280,"height":852},{"@type":"BreadcrumbList","@id":"https:\/\/president-ksgov.net\/sr\/predsednica-vjosa-osmani-docekala-je-danas-na-oprostajnom-sastanku-ambasadorku-kraljevine-holandije-na-kosovu-carin-lobbezoo\/#breadcrumb","itemListElement":[{"@type":"ListItem","position":1,"name":"Home","item":"https:\/\/president-ksgov.net\/sr\/"},{"@type":"ListItem","position":2,"name":"Predsednica Vjosa Osmani do\u010dekala je danas na opro\u0161tajnom sastanku ambasadorku Kraljevine Holandije na Kosovu Carin Lobbezoo"}]},{"@type":"WebSite","@id":"https:\/\/president-ksgov.net\/#website","url":"https:\/\/president-ksgov.net\/","name":"Presidente e Republik\u00ebs s\u00eb Kosov\u00ebs","description":"Presidente e Republik\u00ebs s\u00eb Kosov\u00ebs","alternateName":"DR. VJOSA OSMANI - SADRIU","potentialAction":[{"@type":"SearchAction","target":{"@type":"EntryPoint","urlTemplate":"https:\/\/president-ksgov.net\/?s={search_term_string}"},"query-input":{"@type":"PropertyValueSpecification","valueRequired":true,"valueName":"search_term_string"}}],"inLanguage":"sr-RS"},{"@type":"Person","@id":"https:\/\/president-ksgov.net\/#\/schema\/person\/b9740e15fff71a6f8f26a0e201572567","name":"Edona Krasniqi","image":{"@type":"ImageObject","inLanguage":"sr-RS","@id":"https:\/\/president-ksgov.net\/#\/schema\/person\/image\/","url":"https:\/\/secure.gravatar.com\/avatar\/1f0f749e4b80632decf95bd32db3f33277967a04dc5e29d46781d9c89b703cce?s=96&d=mm&r=g","contentUrl":"https:\/\/secure.gravatar.com\/avatar\/1f0f749e4b80632decf95bd32db3f33277967a04dc5e29d46781d9c89b703cce?s=96&d=mm&r=g","caption":"Edona Krasniqi"},"sameAs":["https:\/\/president-ksgov.net\/"]}]}},"_links":{"self":[{"href":"https:\/\/president-ksgov.net\/sr\/wp-json\/wp\/v2\/posts\/138055","targetHints":{"allow":["GET"]}}],"collection":[{"href":"https:\/\/president-ksgov.net\/sr\/wp-json\/wp\/v2\/posts"}],"about":[{"href":"https:\/\/president-ksgov.net\/sr\/wp-json\/wp\/v2\/types\/post"}],"author":[{"embeddable":true,"href":"https:\/\/president-ksgov.net\/sr\/wp-json\/wp\/v2\/users\/13"}],"replies":[{"embeddable":true,"href":"https:\/\/president-ksgov.net\/sr\/wp-json\/wp\/v2\/comments?post=138055"}],"version-history":[{"count":1,"href":"https:\/\/president-ksgov.net\/sr\/wp-json\/wp\/v2\/posts\/138055\/revisions"}],"predecessor-version":[{"id":138056,"href":"https:\/\/president-ksgov.net\/sr\/wp-json\/wp\/v2\/posts\/138055\/revisions\/138056"}],"wp:featuredmedia":[{"embeddable":true,"href":"https:\/\/president-ksgov.net\/sr\/wp-json\/wp\/v2\/media\/137901"}],"wp:attachment":[{"href":"https:\/\/president-ksgov.net\/sr\/wp-json\/wp\/v2\/media?parent=138055"}],"wp:term":[{"taxonomy":"category","embeddable":true,"href":"https:\/\/president-ksgov.net\/sr\/wp-json\/wp\/v2\/categories?post=138055"},{"taxonomy":"post_tag","embeddable":true,"href":"https:\/\/president-ksgov.net\/sr\/wp-json\/wp\/v2\/tags?post=138055"}],"curies":[{"name":"wp","href":"https:\/\/api.w.org\/{rel}","templated":true}]}}