{"id":138038,"date":"2024-07-01T10:36:08","date_gmt":"2024-07-01T08:36:08","guid":{"rendered":"https:\/\/president-ksgov.net\/?p=138038"},"modified":"2024-07-01T15:27:28","modified_gmt":"2024-07-01T13:27:28","slug":"saucesce-predsednice-povodom-smrti-kadarea","status":"publish","type":"post","link":"https:\/\/president-ksgov.net\/sr\/saucesce-predsednice-povodom-smrti-kadarea\/","title":{"rendered":"Sau\u010de\u0161\u0107e predsednice povodom smrti Kadarea"},"content":{"rendered":"<p>U ljudskoj istoriji, pisci su \u010desto stajali uz nacije kroz najte\u017ee trenutke istorije, artikuli\u0161u\u0107i ideju slobode.<\/p>\n<p>Ismail Kadare je bio albanski genije, \u010dovek i pisac koji je ceo svoj \u017eivot i rad posvetio ljubavi prema zemlji, krvi i zemlji Albanaca, stvaraju\u0107i neuporedivo nasle\u0111e obo\u017eavanja i slave zemlji svog naroda.<\/p>\n<p>Ovom ljubavlju, koju je svuda iskazivao u svojim delima, predstavio je vrednosti svog naroda \u0161irom sveta, promovi\u0161u\u0107i albanski jezik, kulturu i knji\u017eevnost i sam albanski narod, dok je pravo albanskog naroda Kosova da \u017eivi slobodan i nezavisan, branio \u0161irom sveta, u intelektualnim i kulturnim krugovima, u politi\u010dkim sredinama i u prepisci sa istaknutim svetskim li\u010dnostima.<\/p>\n<p>Narod Kosova, kao i ceo albanski narod, danas je u \u017ealosti. Izgubio je kolosa i najpoznatijeg albanskog u\u010denjaka, izgubio je nezaustavljivog pobornika prava albanskog naroda na Kosovu da \u017eivi slobodan i nezavistan i nezaustavljivog promotera ovog prava \u0161irom sveta. Izgubio je neponovljivog pisca, kome sam kao predsednica imala \u010dast da pre nekog vremena predam kosovsko dr\u017eavljanstvo, kao i orden \u201eHasan Prishtina\u201c.<\/p>\n<p>Decenijama je umetni\u010dki i intelektualno gajio ose\u0107aj slobode, \u010dine\u0107i da mi, kosovski Albanci, bolje razumemo obim slobode i da ve\u010dno za njom \u017eudimo.<\/p>\n<p>Njegov odlazak u zagrobni \u017eivot ozna\u010dava njegovu fizi\u010dku odvojenost od nas, ali \u0107e zauvek ostati u srcima i du\u0161ama miliona \u010ditalaca i ljubitelja njegovog dela, u srcima i du\u0161ama svakog Albanca, naroda kome je slu\u017eio do poslednjeg daha.<\/p>\n<p>Slava \u017eivotnom delu kolosa Ismaila Kadarea!<\/p>\n","protected":false},"excerpt":{"rendered":"<p>U ljudskoj istoriji, pisci su \u010desto stajali uz nacije kroz najte\u017ee trenutke istorije, artikuli\u0161u\u0107i ideju slobode. Ismail Kadare je bio albanski genije, \u010dovek i pisac koji je ceo svoj \u017eivot i rad posvetio ljubavi prema zemlji, krvi i zemlji Albanaca, stvaraju\u0107i neuporedivo nasle\u0111e obo\u017eavanja i slave zemlji svog naroda. Ovom ljubavlju, koju je svuda iskazivao u svojim delima, predstavio je vrednosti svog naroda \u0161irom sveta, promovi\u0161u\u0107i albanski jezik, kulturu i knji\u017eevnost i sam albanski narod, dok je pravo albanskog naroda Kosova da \u017eivi slobodan i nezavisan, branio \u0161irom sveta, u intelektualnim i kulturnim krugovima, u politi\u010dkim sredinama i u prepisci sa istaknutim svetskim li\u010dnostima. Narod Kosova, kao i ceo albanski narod, danas je u \u017ealosti. Izgubio je kolosa i najpoznatijeg albanskog u\u010denjaka, izgubio je nezaustavljivog pobornika prava albanskog naroda na Kosovu da \u017eivi slobodan i nezavistan i nezaustavljivog promotera ovog prava \u0161irom sveta. Izgubio je neponovljivog pisca, kome sam kao predsednica imala \u010dast da pre nekog vremena predam kosovsko dr\u017eavljanstvo, kao i orden \u201eHasan Prishtina\u201c. Decenijama je umetni\u010dki i intelektualno gajio ose\u0107aj slobode, \u010dine\u0107i da mi, kosovski Albanci, bolje razumemo obim slobode i da ve\u010dno za njom \u017eudimo. Njegov odlazak u zagrobni \u017eivot ozna\u010dava njegovu fizi\u010dku odvojenost od nas, ali \u0107e zauvek ostati u srcima i du\u0161ama miliona \u010ditalaca i ljubitelja njegovog dela, u srcima i du\u0161ama svakog Albanca, naroda kome je slu\u017eio do poslednjeg daha. Slava \u017eivotnom delu kolosa Ismaila Kadarea!<\/p>\n","protected":false},"author":13,"featured_media":137961,"comment_status":"closed","ping_status":"closed","sticky":false,"template":"","format":"standard","meta":{"_eb_attr":"","footnotes":""},"categories":[101],"tags":[],"class_list":["post-138038","post","type-post","status-publish","format-standard","has-post-thumbnail","hentry","category-vesti"],"yoast_head":"<!-- This site is optimized with the Yoast SEO plugin v23.5 - https:\/\/yoast.com\/wordpress\/plugins\/seo\/ -->\n<title>Sau\u010de\u0161\u0107e predsednice povodom smrti Kadarea - Predsednik Republike Kosovo - DR. VJOSA OSMANI - SADRIU<\/title>\n<meta name=\"description\" content=\"Sau\u010de\u0161\u0107e predsednice povodom smrti Kadarea - Predsednik Republike Kosovo - DR. VJOSA OSMANI - SADRIU -\" \/>\n<meta name=\"robots\" content=\"index, follow, max-snippet:-1, max-image-preview:large, max-video-preview:-1\" \/>\n<link rel=\"canonical\" href=\"https:\/\/president-ksgov.net\/sr\/saucesce-predsednice-povodom-smrti-kadarea\/\" \/>\n<meta property=\"og:locale\" content=\"sr_RS\" \/>\n<meta property=\"og:type\" content=\"article\" \/>\n<meta property=\"og:title\" content=\"Sau\u010de\u0161\u0107e predsednice povodom smrti Kadarea - Predsednik Republike Kosovo - DR. VJOSA OSMANI - SADRIU\" \/>\n<meta property=\"og:description\" content=\"Sau\u010de\u0161\u0107e predsednice povodom smrti Kadarea - Predsednik Republike Kosovo - DR. VJOSA OSMANI - SADRIU -\" \/>\n<meta property=\"og:url\" content=\"https:\/\/president-ksgov.net\/sr\/saucesce-predsednice-povodom-smrti-kadarea\/\" \/>\n<meta property=\"og:site_name\" content=\"Predsednik Republike Kosovo - DR. VJOSA OSMANI - SADRIU\" \/>\n<meta property=\"article:published_time\" content=\"2024-07-01T08:36:08+00:00\" \/>\n<meta property=\"article:modified_time\" content=\"2024-07-01T13:27:28+00:00\" \/>\n<meta property=\"og:image\" content=\"https:\/\/president-ksgov.net\/wp-content\/uploads\/1-Copy-3.jpg\" \/>\n\t<meta property=\"og:image:width\" content=\"2000\" \/>\n\t<meta property=\"og:image:height\" content=\"1331\" \/>\n\t<meta property=\"og:image:type\" content=\"image\/jpeg\" \/>\n<meta name=\"author\" content=\"Edona Krasniqi\" \/>\n<meta name=\"twitter:card\" content=\"summary_large_image\" \/>\n<meta name=\"twitter:label1\" content=\"\u041d\u0430\u043f\u0438\u0441\u0430\u043d\u043e \u043e\u0434\" \/>\n\t<meta name=\"twitter:data1\" content=\"Edona Krasniqi\" \/>\n\t<meta name=\"twitter:label2\" content=\"\u041f\u0440\u043e\u0446\u0435\u045a\u0435\u043d\u043e \u0432\u0440\u0435\u043c\u0435 \u0447\u0438\u0442\u0430\u045a\u0430\" \/>\n\t<meta name=\"twitter:data2\" content=\"2 \u043c\u0438\u043d\u0443\u0442\u0430\" \/>\n<script type=\"application\/ld+json\" class=\"yoast-schema-graph\">{\"@context\":\"https:\/\/schema.org\",\"@graph\":[{\"@type\":\"WebPage\",\"@id\":\"https:\/\/president-ksgov.net\/sr\/saucesce-predsednice-povodom-smrti-kadarea\/\",\"url\":\"https:\/\/president-ksgov.net\/sr\/saucesce-predsednice-povodom-smrti-kadarea\/\",\"name\":\"Sau\u010de\u0161\u0107e predsednice povodom smrti Kadarea - Predsednik Republike Kosovo - DR. VJOSA OSMANI - SADRIU\",\"isPartOf\":{\"@id\":\"https:\/\/president-ksgov.net\/#website\"},\"primaryImageOfPage\":{\"@id\":\"https:\/\/president-ksgov.net\/sr\/saucesce-predsednice-povodom-smrti-kadarea\/#primaryimage\"},\"image\":{\"@id\":\"https:\/\/president-ksgov.net\/sr\/saucesce-predsednice-povodom-smrti-kadarea\/#primaryimage\"},\"thumbnailUrl\":\"https:\/\/president-ksgov.net\/wp-content\/uploads\/1-Copy-3.jpg\",\"datePublished\":\"2024-07-01T08:36:08+00:00\",\"dateModified\":\"2024-07-01T13:27:28+00:00\",\"author\":{\"@id\":\"https:\/\/president-ksgov.net\/#\/schema\/person\/b9740e15fff71a6f8f26a0e201572567\"},\"description\":\"Sau\u010de\u0161\u0107e predsednice povodom smrti Kadarea - Predsednik Republike Kosovo - DR. VJOSA OSMANI - SADRIU -\",\"breadcrumb\":{\"@id\":\"https:\/\/president-ksgov.net\/sr\/saucesce-predsednice-povodom-smrti-kadarea\/#breadcrumb\"},\"inLanguage\":\"sr-RS\",\"potentialAction\":[{\"@type\":\"ReadAction\",\"target\":[\"https:\/\/president-ksgov.net\/sr\/saucesce-predsednice-povodom-smrti-kadarea\/\"]}]},{\"@type\":\"ImageObject\",\"inLanguage\":\"sr-RS\",\"@id\":\"https:\/\/president-ksgov.net\/sr\/saucesce-predsednice-povodom-smrti-kadarea\/#primaryimage\",\"url\":\"https:\/\/president-ksgov.net\/wp-content\/uploads\/1-Copy-3.jpg\",\"contentUrl\":\"https:\/\/president-ksgov.net\/wp-content\/uploads\/1-Copy-3.jpg\",\"width\":2000,\"height\":1331},{\"@type\":\"BreadcrumbList\",\"@id\":\"https:\/\/president-ksgov.net\/sr\/saucesce-predsednice-povodom-smrti-kadarea\/#breadcrumb\",\"itemListElement\":[{\"@type\":\"ListItem\",\"position\":1,\"name\":\"Home\",\"item\":\"https:\/\/president-ksgov.net\/sr\/\"},{\"@type\":\"ListItem\",\"position\":2,\"name\":\"Sau\u010de\u0161\u0107e predsednice povodom smrti Kadarea\"}]},{\"@type\":\"WebSite\",\"@id\":\"https:\/\/president-ksgov.net\/#website\",\"url\":\"https:\/\/president-ksgov.net\/\",\"name\":\"Presidente e Republik\u00ebs s\u00eb Kosov\u00ebs\",\"description\":\"Presidente e Republik\u00ebs s\u00eb Kosov\u00ebs\",\"alternateName\":\"DR. VJOSA OSMANI - SADRIU\",\"potentialAction\":[{\"@type\":\"SearchAction\",\"target\":{\"@type\":\"EntryPoint\",\"urlTemplate\":\"https:\/\/president-ksgov.net\/?s={search_term_string}\"},\"query-input\":{\"@type\":\"PropertyValueSpecification\",\"valueRequired\":true,\"valueName\":\"search_term_string\"}}],\"inLanguage\":\"sr-RS\"},{\"@type\":\"Person\",\"@id\":\"https:\/\/president-ksgov.net\/#\/schema\/person\/b9740e15fff71a6f8f26a0e201572567\",\"name\":\"Edona Krasniqi\",\"image\":{\"@type\":\"ImageObject\",\"inLanguage\":\"sr-RS\",\"@id\":\"https:\/\/president-ksgov.net\/#\/schema\/person\/image\/\",\"url\":\"https:\/\/secure.gravatar.com\/avatar\/1f0f749e4b80632decf95bd32db3f33277967a04dc5e29d46781d9c89b703cce?s=96&d=mm&r=g\",\"contentUrl\":\"https:\/\/secure.gravatar.com\/avatar\/1f0f749e4b80632decf95bd32db3f33277967a04dc5e29d46781d9c89b703cce?s=96&d=mm&r=g\",\"caption\":\"Edona Krasniqi\"},\"sameAs\":[\"https:\/\/president-ksgov.net\/\"]}]}<\/script>\n<!-- \/ Yoast SEO plugin. -->","yoast_head_json":{"title":"Sau\u010de\u0161\u0107e predsednice povodom smrti Kadarea - Predsednik Republike Kosovo - DR. VJOSA OSMANI - SADRIU","description":"Sau\u010de\u0161\u0107e predsednice povodom smrti Kadarea - Predsednik Republike Kosovo - DR. VJOSA OSMANI - SADRIU -","robots":{"index":"index","follow":"follow","max-snippet":"max-snippet:-1","max-image-preview":"max-image-preview:large","max-video-preview":"max-video-preview:-1"},"canonical":"https:\/\/president-ksgov.net\/sr\/saucesce-predsednice-povodom-smrti-kadarea\/","og_locale":"sr_RS","og_type":"article","og_title":"Sau\u010de\u0161\u0107e predsednice povodom smrti Kadarea - Predsednik Republike Kosovo - DR. VJOSA OSMANI - SADRIU","og_description":"Sau\u010de\u0161\u0107e predsednice povodom smrti Kadarea - Predsednik Republike Kosovo - DR. VJOSA OSMANI - SADRIU -","og_url":"https:\/\/president-ksgov.net\/sr\/saucesce-predsednice-povodom-smrti-kadarea\/","og_site_name":"Predsednik Republike Kosovo - DR. VJOSA OSMANI - SADRIU","article_published_time":"2024-07-01T08:36:08+00:00","article_modified_time":"2024-07-01T13:27:28+00:00","og_image":[{"width":2000,"height":1331,"url":"https:\/\/president-ksgov.net\/wp-content\/uploads\/1-Copy-3.jpg","type":"image\/jpeg"}],"author":"Edona Krasniqi","twitter_card":"summary_large_image","twitter_misc":{"\u041d\u0430\u043f\u0438\u0441\u0430\u043d\u043e \u043e\u0434":"Edona Krasniqi","\u041f\u0440\u043e\u0446\u0435\u045a\u0435\u043d\u043e \u0432\u0440\u0435\u043c\u0435 \u0447\u0438\u0442\u0430\u045a\u0430":"2 \u043c\u0438\u043d\u0443\u0442\u0430"},"schema":{"@context":"https:\/\/schema.org","@graph":[{"@type":"WebPage","@id":"https:\/\/president-ksgov.net\/sr\/saucesce-predsednice-povodom-smrti-kadarea\/","url":"https:\/\/president-ksgov.net\/sr\/saucesce-predsednice-povodom-smrti-kadarea\/","name":"Sau\u010de\u0161\u0107e predsednice povodom smrti Kadarea - Predsednik Republike Kosovo - DR. VJOSA OSMANI - SADRIU","isPartOf":{"@id":"https:\/\/president-ksgov.net\/#website"},"primaryImageOfPage":{"@id":"https:\/\/president-ksgov.net\/sr\/saucesce-predsednice-povodom-smrti-kadarea\/#primaryimage"},"image":{"@id":"https:\/\/president-ksgov.net\/sr\/saucesce-predsednice-povodom-smrti-kadarea\/#primaryimage"},"thumbnailUrl":"https:\/\/president-ksgov.net\/wp-content\/uploads\/1-Copy-3.jpg","datePublished":"2024-07-01T08:36:08+00:00","dateModified":"2024-07-01T13:27:28+00:00","author":{"@id":"https:\/\/president-ksgov.net\/#\/schema\/person\/b9740e15fff71a6f8f26a0e201572567"},"description":"Sau\u010de\u0161\u0107e predsednice povodom smrti Kadarea - Predsednik Republike Kosovo - DR. VJOSA OSMANI - SADRIU -","breadcrumb":{"@id":"https:\/\/president-ksgov.net\/sr\/saucesce-predsednice-povodom-smrti-kadarea\/#breadcrumb"},"inLanguage":"sr-RS","potentialAction":[{"@type":"ReadAction","target":["https:\/\/president-ksgov.net\/sr\/saucesce-predsednice-povodom-smrti-kadarea\/"]}]},{"@type":"ImageObject","inLanguage":"sr-RS","@id":"https:\/\/president-ksgov.net\/sr\/saucesce-predsednice-povodom-smrti-kadarea\/#primaryimage","url":"https:\/\/president-ksgov.net\/wp-content\/uploads\/1-Copy-3.jpg","contentUrl":"https:\/\/president-ksgov.net\/wp-content\/uploads\/1-Copy-3.jpg","width":2000,"height":1331},{"@type":"BreadcrumbList","@id":"https:\/\/president-ksgov.net\/sr\/saucesce-predsednice-povodom-smrti-kadarea\/#breadcrumb","itemListElement":[{"@type":"ListItem","position":1,"name":"Home","item":"https:\/\/president-ksgov.net\/sr\/"},{"@type":"ListItem","position":2,"name":"Sau\u010de\u0161\u0107e predsednice povodom smrti Kadarea"}]},{"@type":"WebSite","@id":"https:\/\/president-ksgov.net\/#website","url":"https:\/\/president-ksgov.net\/","name":"Presidente e Republik\u00ebs s\u00eb Kosov\u00ebs","description":"Presidente e Republik\u00ebs s\u00eb Kosov\u00ebs","alternateName":"DR. VJOSA OSMANI - SADRIU","potentialAction":[{"@type":"SearchAction","target":{"@type":"EntryPoint","urlTemplate":"https:\/\/president-ksgov.net\/?s={search_term_string}"},"query-input":{"@type":"PropertyValueSpecification","valueRequired":true,"valueName":"search_term_string"}}],"inLanguage":"sr-RS"},{"@type":"Person","@id":"https:\/\/president-ksgov.net\/#\/schema\/person\/b9740e15fff71a6f8f26a0e201572567","name":"Edona Krasniqi","image":{"@type":"ImageObject","inLanguage":"sr-RS","@id":"https:\/\/president-ksgov.net\/#\/schema\/person\/image\/","url":"https:\/\/secure.gravatar.com\/avatar\/1f0f749e4b80632decf95bd32db3f33277967a04dc5e29d46781d9c89b703cce?s=96&d=mm&r=g","contentUrl":"https:\/\/secure.gravatar.com\/avatar\/1f0f749e4b80632decf95bd32db3f33277967a04dc5e29d46781d9c89b703cce?s=96&d=mm&r=g","caption":"Edona Krasniqi"},"sameAs":["https:\/\/president-ksgov.net\/"]}]}},"_links":{"self":[{"href":"https:\/\/president-ksgov.net\/sr\/wp-json\/wp\/v2\/posts\/138038","targetHints":{"allow":["GET"]}}],"collection":[{"href":"https:\/\/president-ksgov.net\/sr\/wp-json\/wp\/v2\/posts"}],"about":[{"href":"https:\/\/president-ksgov.net\/sr\/wp-json\/wp\/v2\/types\/post"}],"author":[{"embeddable":true,"href":"https:\/\/president-ksgov.net\/sr\/wp-json\/wp\/v2\/users\/13"}],"replies":[{"embeddable":true,"href":"https:\/\/president-ksgov.net\/sr\/wp-json\/wp\/v2\/comments?post=138038"}],"version-history":[{"count":1,"href":"https:\/\/president-ksgov.net\/sr\/wp-json\/wp\/v2\/posts\/138038\/revisions"}],"predecessor-version":[{"id":138039,"href":"https:\/\/president-ksgov.net\/sr\/wp-json\/wp\/v2\/posts\/138038\/revisions\/138039"}],"wp:featuredmedia":[{"embeddable":true,"href":"https:\/\/president-ksgov.net\/sr\/wp-json\/wp\/v2\/media\/137961"}],"wp:attachment":[{"href":"https:\/\/president-ksgov.net\/sr\/wp-json\/wp\/v2\/media?parent=138038"}],"wp:term":[{"taxonomy":"category","embeddable":true,"href":"https:\/\/president-ksgov.net\/sr\/wp-json\/wp\/v2\/categories?post=138038"},{"taxonomy":"post_tag","embeddable":true,"href":"https:\/\/president-ksgov.net\/sr\/wp-json\/wp\/v2\/tags?post=138038"}],"curies":[{"name":"wp","href":"https:\/\/api.w.org\/{rel}","templated":true}]}}