{"id":137875,"date":"2024-06-26T14:29:23","date_gmt":"2024-06-26T12:29:23","guid":{"rendered":"https:\/\/president-ksgov.net\/?p=137875"},"modified":"2024-06-26T16:39:25","modified_gmt":"2024-06-26T14:39:25","slug":"predsednica-osmani-cestitala-novom-sekretaru-nato-a-nadam-se-da-cemo-raditi-zajedno-na-unapredenju-clanstva-kosova-u-nato","status":"publish","type":"post","link":"https:\/\/president-ksgov.net\/sr\/predsednica-osmani-cestitala-novom-sekretaru-nato-a-nadam-se-da-cemo-raditi-zajedno-na-unapredenju-clanstva-kosova-u-nato\/","title":{"rendered":"Predsednica Osmani \u010destitala novom sekretaru NATO-a: Nadam se da \u0107emo raditi zajedno na unapre\u0111enju \u010dlanstva Kosova u NATO"},"content":{"rendered":"<p>Predsednica Republike Kosovo Vjosa Osmani \u010destitala je novom sekretaru NATO-a Marku Rutteu.<\/p>\n<p>Cela \u010destitka predsednice Osmani:<\/p>\n<p>\u010cestitamo na\u0161em prijatelju Marku Rutteu na izboru za generalnog sekretara NATO-a. Njegovo iskustvo, vo\u0111stvo i znanje bi\u0107e od neprocenjive vrednosti za Savez!<\/p>\n<p>Godinama smo radili zajedno na mnogim va\u017enim pitanjima i ne sumnjam da \u0107e se na\u0161a sna\u017ena saradnja nastaviti i sada kada on preuzme ovu novu odgovornost. Nadam se da \u0107u raditi zajedno na unapre\u0111enju \u010dlanstva Kosova u NATO-u i raditi na odr\u017eivom miru i bezbednosti na \u010ditavom na\u0161em kontinentu i \u0161ire.<\/p>\n","protected":false},"excerpt":{"rendered":"<p>Predsednica Republike Kosovo Vjosa Osmani \u010destitala je novom sekretaru NATO-a Marku Rutteu. Cela \u010destitka predsednice Osmani: \u010cestitamo na\u0161em prijatelju Marku Rutteu na izboru za generalnog sekretara NATO-a. Njegovo iskustvo, vo\u0111stvo i znanje bi\u0107e od neprocenjive vrednosti za Savez! Godinama smo radili zajedno na mnogim va\u017enim pitanjima i ne sumnjam da \u0107e se na\u0161a sna\u017ena saradnja nastaviti i sada kada on preuzme ovu novu odgovornost. Nadam se da \u0107u raditi zajedno na unapre\u0111enju \u010dlanstva Kosova u NATO-u i raditi na odr\u017eivom miru i bezbednosti na \u010ditavom na\u0161em kontinentu i \u0161ire.<\/p>\n","protected":false},"author":13,"featured_media":137871,"comment_status":"closed","ping_status":"closed","sticky":false,"template":"","format":"standard","meta":{"_eb_attr":"","footnotes":""},"categories":[101],"tags":[],"class_list":["post-137875","post","type-post","status-publish","format-standard","has-post-thumbnail","hentry","category-vesti"],"yoast_head":"<!-- This site is optimized with the Yoast SEO plugin v23.5 - https:\/\/yoast.com\/wordpress\/plugins\/seo\/ -->\n<title>Predsednica Osmani \u010destitala novom sekretaru NATO-a: Nadam se da \u0107emo raditi zajedno na unapre\u0111enju \u010dlanstva Kosova u NATO - Predsednik Republike Kosovo - DR. VJOSA OSMANI - SADRIU<\/title>\n<meta name=\"description\" content=\"Predsednica Osmani \u010destitala novom sekretaru NATO-a: Nadam se da \u0107emo raditi zajedno na unapre\u0111enju \u010dlanstva Kosova u NATO - Predsednik Republike Kosovo - DR. VJOSA OSMANI - SADRIU -\" \/>\n<meta name=\"robots\" content=\"index, follow, max-snippet:-1, max-image-preview:large, max-video-preview:-1\" \/>\n<link rel=\"canonical\" href=\"https:\/\/president-ksgov.net\/sr\/predsednica-osmani-cestitala-novom-sekretaru-nato-a-nadam-se-da-cemo-raditi-zajedno-na-unapredenju-clanstva-kosova-u-nato\/\" \/>\n<meta property=\"og:locale\" content=\"sr_RS\" \/>\n<meta property=\"og:type\" content=\"article\" \/>\n<meta property=\"og:title\" content=\"Predsednica Osmani \u010destitala novom sekretaru NATO-a: Nadam se da \u0107emo raditi zajedno na unapre\u0111enju \u010dlanstva Kosova u NATO - Predsednik Republike Kosovo - DR. VJOSA OSMANI - SADRIU\" \/>\n<meta property=\"og:description\" content=\"Predsednica Osmani \u010destitala novom sekretaru NATO-a: Nadam se da \u0107emo raditi zajedno na unapre\u0111enju \u010dlanstva Kosova u NATO - Predsednik Republike Kosovo - DR. VJOSA OSMANI - SADRIU -\" \/>\n<meta property=\"og:url\" content=\"https:\/\/president-ksgov.net\/sr\/predsednica-osmani-cestitala-novom-sekretaru-nato-a-nadam-se-da-cemo-raditi-zajedno-na-unapredenju-clanstva-kosova-u-nato\/\" \/>\n<meta property=\"og:site_name\" content=\"Predsednik Republike Kosovo - DR. VJOSA OSMANI - SADRIU\" \/>\n<meta property=\"article:published_time\" content=\"2024-06-26T12:29:23+00:00\" \/>\n<meta property=\"article:modified_time\" content=\"2024-06-26T14:39:25+00:00\" \/>\n<meta property=\"og:image\" content=\"https:\/\/president-ksgov.net\/wp-content\/uploads\/GQ_TTBtXIAAYt6O-1.jpeg\" \/>\n\t<meta property=\"og:image:width\" content=\"850\" \/>\n\t<meta property=\"og:image:height\" content=\"765\" \/>\n\t<meta property=\"og:image:type\" content=\"image\/jpeg\" \/>\n<meta name=\"author\" content=\"Edona Krasniqi\" \/>\n<meta name=\"twitter:card\" content=\"summary_large_image\" \/>\n<meta name=\"twitter:label1\" content=\"\u041d\u0430\u043f\u0438\u0441\u0430\u043d\u043e \u043e\u0434\" \/>\n\t<meta name=\"twitter:data1\" content=\"Edona Krasniqi\" \/>\n\t<meta name=\"twitter:label2\" content=\"\u041f\u0440\u043e\u0446\u0435\u045a\u0435\u043d\u043e \u0432\u0440\u0435\u043c\u0435 \u0447\u0438\u0442\u0430\u045a\u0430\" \/>\n\t<meta name=\"twitter:data2\" content=\"1 \u043c\u0438\u043d\u0443\u0442\" \/>\n<script type=\"application\/ld+json\" class=\"yoast-schema-graph\">{\"@context\":\"https:\/\/schema.org\",\"@graph\":[{\"@type\":\"WebPage\",\"@id\":\"https:\/\/president-ksgov.net\/sr\/predsednica-osmani-cestitala-novom-sekretaru-nato-a-nadam-se-da-cemo-raditi-zajedno-na-unapredenju-clanstva-kosova-u-nato\/\",\"url\":\"https:\/\/president-ksgov.net\/sr\/predsednica-osmani-cestitala-novom-sekretaru-nato-a-nadam-se-da-cemo-raditi-zajedno-na-unapredenju-clanstva-kosova-u-nato\/\",\"name\":\"Predsednica Osmani \u010destitala novom sekretaru NATO-a: Nadam se da \u0107emo raditi zajedno na unapre\u0111enju \u010dlanstva Kosova u NATO - Predsednik Republike Kosovo - DR. VJOSA OSMANI - SADRIU\",\"isPartOf\":{\"@id\":\"https:\/\/president-ksgov.net\/#website\"},\"primaryImageOfPage\":{\"@id\":\"https:\/\/president-ksgov.net\/sr\/predsednica-osmani-cestitala-novom-sekretaru-nato-a-nadam-se-da-cemo-raditi-zajedno-na-unapredenju-clanstva-kosova-u-nato\/#primaryimage\"},\"image\":{\"@id\":\"https:\/\/president-ksgov.net\/sr\/predsednica-osmani-cestitala-novom-sekretaru-nato-a-nadam-se-da-cemo-raditi-zajedno-na-unapredenju-clanstva-kosova-u-nato\/#primaryimage\"},\"thumbnailUrl\":\"https:\/\/president-ksgov.net\/wp-content\/uploads\/GQ_TTBtXIAAYt6O-1.jpeg\",\"datePublished\":\"2024-06-26T12:29:23+00:00\",\"dateModified\":\"2024-06-26T14:39:25+00:00\",\"author\":{\"@id\":\"https:\/\/president-ksgov.net\/#\/schema\/person\/b9740e15fff71a6f8f26a0e201572567\"},\"description\":\"Predsednica Osmani \u010destitala novom sekretaru NATO-a: Nadam se da \u0107emo raditi zajedno na unapre\u0111enju \u010dlanstva Kosova u NATO - Predsednik Republike Kosovo - DR. VJOSA OSMANI - SADRIU -\",\"breadcrumb\":{\"@id\":\"https:\/\/president-ksgov.net\/sr\/predsednica-osmani-cestitala-novom-sekretaru-nato-a-nadam-se-da-cemo-raditi-zajedno-na-unapredenju-clanstva-kosova-u-nato\/#breadcrumb\"},\"inLanguage\":\"sr-RS\",\"potentialAction\":[{\"@type\":\"ReadAction\",\"target\":[\"https:\/\/president-ksgov.net\/sr\/predsednica-osmani-cestitala-novom-sekretaru-nato-a-nadam-se-da-cemo-raditi-zajedno-na-unapredenju-clanstva-kosova-u-nato\/\"]}]},{\"@type\":\"ImageObject\",\"inLanguage\":\"sr-RS\",\"@id\":\"https:\/\/president-ksgov.net\/sr\/predsednica-osmani-cestitala-novom-sekretaru-nato-a-nadam-se-da-cemo-raditi-zajedno-na-unapredenju-clanstva-kosova-u-nato\/#primaryimage\",\"url\":\"https:\/\/president-ksgov.net\/wp-content\/uploads\/GQ_TTBtXIAAYt6O-1.jpeg\",\"contentUrl\":\"https:\/\/president-ksgov.net\/wp-content\/uploads\/GQ_TTBtXIAAYt6O-1.jpeg\",\"width\":850,\"height\":765},{\"@type\":\"BreadcrumbList\",\"@id\":\"https:\/\/president-ksgov.net\/sr\/predsednica-osmani-cestitala-novom-sekretaru-nato-a-nadam-se-da-cemo-raditi-zajedno-na-unapredenju-clanstva-kosova-u-nato\/#breadcrumb\",\"itemListElement\":[{\"@type\":\"ListItem\",\"position\":1,\"name\":\"Home\",\"item\":\"https:\/\/president-ksgov.net\/sr\/\"},{\"@type\":\"ListItem\",\"position\":2,\"name\":\"Predsednica Osmani \u010destitala novom sekretaru NATO-a: Nadam se da \u0107emo raditi zajedno na unapre\u0111enju \u010dlanstva Kosova u NATO\"}]},{\"@type\":\"WebSite\",\"@id\":\"https:\/\/president-ksgov.net\/#website\",\"url\":\"https:\/\/president-ksgov.net\/\",\"name\":\"Presidente e Republik\u00ebs s\u00eb Kosov\u00ebs\",\"description\":\"Presidente e Republik\u00ebs s\u00eb Kosov\u00ebs\",\"alternateName\":\"DR. VJOSA OSMANI - SADRIU\",\"potentialAction\":[{\"@type\":\"SearchAction\",\"target\":{\"@type\":\"EntryPoint\",\"urlTemplate\":\"https:\/\/president-ksgov.net\/?s={search_term_string}\"},\"query-input\":{\"@type\":\"PropertyValueSpecification\",\"valueRequired\":true,\"valueName\":\"search_term_string\"}}],\"inLanguage\":\"sr-RS\"},{\"@type\":\"Person\",\"@id\":\"https:\/\/president-ksgov.net\/#\/schema\/person\/b9740e15fff71a6f8f26a0e201572567\",\"name\":\"Edona Krasniqi\",\"image\":{\"@type\":\"ImageObject\",\"inLanguage\":\"sr-RS\",\"@id\":\"https:\/\/president-ksgov.net\/#\/schema\/person\/image\/\",\"url\":\"https:\/\/secure.gravatar.com\/avatar\/1f0f749e4b80632decf95bd32db3f33277967a04dc5e29d46781d9c89b703cce?s=96&d=mm&r=g\",\"contentUrl\":\"https:\/\/secure.gravatar.com\/avatar\/1f0f749e4b80632decf95bd32db3f33277967a04dc5e29d46781d9c89b703cce?s=96&d=mm&r=g\",\"caption\":\"Edona Krasniqi\"},\"sameAs\":[\"https:\/\/president-ksgov.net\/\"]}]}<\/script>\n<!-- \/ Yoast SEO plugin. -->","yoast_head_json":{"title":"Predsednica Osmani \u010destitala novom sekretaru NATO-a: Nadam se da \u0107emo raditi zajedno na unapre\u0111enju \u010dlanstva Kosova u NATO - Predsednik Republike Kosovo - DR. VJOSA OSMANI - SADRIU","description":"Predsednica Osmani \u010destitala novom sekretaru NATO-a: Nadam se da \u0107emo raditi zajedno na unapre\u0111enju \u010dlanstva Kosova u NATO - Predsednik Republike Kosovo - DR. VJOSA OSMANI - SADRIU -","robots":{"index":"index","follow":"follow","max-snippet":"max-snippet:-1","max-image-preview":"max-image-preview:large","max-video-preview":"max-video-preview:-1"},"canonical":"https:\/\/president-ksgov.net\/sr\/predsednica-osmani-cestitala-novom-sekretaru-nato-a-nadam-se-da-cemo-raditi-zajedno-na-unapredenju-clanstva-kosova-u-nato\/","og_locale":"sr_RS","og_type":"article","og_title":"Predsednica Osmani \u010destitala novom sekretaru NATO-a: Nadam se da \u0107emo raditi zajedno na unapre\u0111enju \u010dlanstva Kosova u NATO - Predsednik Republike Kosovo - DR. VJOSA OSMANI - SADRIU","og_description":"Predsednica Osmani \u010destitala novom sekretaru NATO-a: Nadam se da \u0107emo raditi zajedno na unapre\u0111enju \u010dlanstva Kosova u NATO - Predsednik Republike Kosovo - DR. VJOSA OSMANI - SADRIU -","og_url":"https:\/\/president-ksgov.net\/sr\/predsednica-osmani-cestitala-novom-sekretaru-nato-a-nadam-se-da-cemo-raditi-zajedno-na-unapredenju-clanstva-kosova-u-nato\/","og_site_name":"Predsednik Republike Kosovo - DR. VJOSA OSMANI - SADRIU","article_published_time":"2024-06-26T12:29:23+00:00","article_modified_time":"2024-06-26T14:39:25+00:00","og_image":[{"width":850,"height":765,"url":"https:\/\/president-ksgov.net\/wp-content\/uploads\/GQ_TTBtXIAAYt6O-1.jpeg","type":"image\/jpeg"}],"author":"Edona Krasniqi","twitter_card":"summary_large_image","twitter_misc":{"\u041d\u0430\u043f\u0438\u0441\u0430\u043d\u043e \u043e\u0434":"Edona Krasniqi","\u041f\u0440\u043e\u0446\u0435\u045a\u0435\u043d\u043e \u0432\u0440\u0435\u043c\u0435 \u0447\u0438\u0442\u0430\u045a\u0430":"1 \u043c\u0438\u043d\u0443\u0442"},"schema":{"@context":"https:\/\/schema.org","@graph":[{"@type":"WebPage","@id":"https:\/\/president-ksgov.net\/sr\/predsednica-osmani-cestitala-novom-sekretaru-nato-a-nadam-se-da-cemo-raditi-zajedno-na-unapredenju-clanstva-kosova-u-nato\/","url":"https:\/\/president-ksgov.net\/sr\/predsednica-osmani-cestitala-novom-sekretaru-nato-a-nadam-se-da-cemo-raditi-zajedno-na-unapredenju-clanstva-kosova-u-nato\/","name":"Predsednica Osmani \u010destitala novom sekretaru NATO-a: Nadam se da \u0107emo raditi zajedno na unapre\u0111enju \u010dlanstva Kosova u NATO - Predsednik Republike Kosovo - DR. VJOSA OSMANI - SADRIU","isPartOf":{"@id":"https:\/\/president-ksgov.net\/#website"},"primaryImageOfPage":{"@id":"https:\/\/president-ksgov.net\/sr\/predsednica-osmani-cestitala-novom-sekretaru-nato-a-nadam-se-da-cemo-raditi-zajedno-na-unapredenju-clanstva-kosova-u-nato\/#primaryimage"},"image":{"@id":"https:\/\/president-ksgov.net\/sr\/predsednica-osmani-cestitala-novom-sekretaru-nato-a-nadam-se-da-cemo-raditi-zajedno-na-unapredenju-clanstva-kosova-u-nato\/#primaryimage"},"thumbnailUrl":"https:\/\/president-ksgov.net\/wp-content\/uploads\/GQ_TTBtXIAAYt6O-1.jpeg","datePublished":"2024-06-26T12:29:23+00:00","dateModified":"2024-06-26T14:39:25+00:00","author":{"@id":"https:\/\/president-ksgov.net\/#\/schema\/person\/b9740e15fff71a6f8f26a0e201572567"},"description":"Predsednica Osmani \u010destitala novom sekretaru NATO-a: Nadam se da \u0107emo raditi zajedno na unapre\u0111enju \u010dlanstva Kosova u NATO - Predsednik Republike Kosovo - DR. VJOSA OSMANI - SADRIU -","breadcrumb":{"@id":"https:\/\/president-ksgov.net\/sr\/predsednica-osmani-cestitala-novom-sekretaru-nato-a-nadam-se-da-cemo-raditi-zajedno-na-unapredenju-clanstva-kosova-u-nato\/#breadcrumb"},"inLanguage":"sr-RS","potentialAction":[{"@type":"ReadAction","target":["https:\/\/president-ksgov.net\/sr\/predsednica-osmani-cestitala-novom-sekretaru-nato-a-nadam-se-da-cemo-raditi-zajedno-na-unapredenju-clanstva-kosova-u-nato\/"]}]},{"@type":"ImageObject","inLanguage":"sr-RS","@id":"https:\/\/president-ksgov.net\/sr\/predsednica-osmani-cestitala-novom-sekretaru-nato-a-nadam-se-da-cemo-raditi-zajedno-na-unapredenju-clanstva-kosova-u-nato\/#primaryimage","url":"https:\/\/president-ksgov.net\/wp-content\/uploads\/GQ_TTBtXIAAYt6O-1.jpeg","contentUrl":"https:\/\/president-ksgov.net\/wp-content\/uploads\/GQ_TTBtXIAAYt6O-1.jpeg","width":850,"height":765},{"@type":"BreadcrumbList","@id":"https:\/\/president-ksgov.net\/sr\/predsednica-osmani-cestitala-novom-sekretaru-nato-a-nadam-se-da-cemo-raditi-zajedno-na-unapredenju-clanstva-kosova-u-nato\/#breadcrumb","itemListElement":[{"@type":"ListItem","position":1,"name":"Home","item":"https:\/\/president-ksgov.net\/sr\/"},{"@type":"ListItem","position":2,"name":"Predsednica Osmani \u010destitala novom sekretaru NATO-a: Nadam se da \u0107emo raditi zajedno na unapre\u0111enju \u010dlanstva Kosova u NATO"}]},{"@type":"WebSite","@id":"https:\/\/president-ksgov.net\/#website","url":"https:\/\/president-ksgov.net\/","name":"Presidente e Republik\u00ebs s\u00eb Kosov\u00ebs","description":"Presidente e Republik\u00ebs s\u00eb Kosov\u00ebs","alternateName":"DR. VJOSA OSMANI - SADRIU","potentialAction":[{"@type":"SearchAction","target":{"@type":"EntryPoint","urlTemplate":"https:\/\/president-ksgov.net\/?s={search_term_string}"},"query-input":{"@type":"PropertyValueSpecification","valueRequired":true,"valueName":"search_term_string"}}],"inLanguage":"sr-RS"},{"@type":"Person","@id":"https:\/\/president-ksgov.net\/#\/schema\/person\/b9740e15fff71a6f8f26a0e201572567","name":"Edona Krasniqi","image":{"@type":"ImageObject","inLanguage":"sr-RS","@id":"https:\/\/president-ksgov.net\/#\/schema\/person\/image\/","url":"https:\/\/secure.gravatar.com\/avatar\/1f0f749e4b80632decf95bd32db3f33277967a04dc5e29d46781d9c89b703cce?s=96&d=mm&r=g","contentUrl":"https:\/\/secure.gravatar.com\/avatar\/1f0f749e4b80632decf95bd32db3f33277967a04dc5e29d46781d9c89b703cce?s=96&d=mm&r=g","caption":"Edona Krasniqi"},"sameAs":["https:\/\/president-ksgov.net\/"]}]}},"_links":{"self":[{"href":"https:\/\/president-ksgov.net\/sr\/wp-json\/wp\/v2\/posts\/137875","targetHints":{"allow":["GET"]}}],"collection":[{"href":"https:\/\/president-ksgov.net\/sr\/wp-json\/wp\/v2\/posts"}],"about":[{"href":"https:\/\/president-ksgov.net\/sr\/wp-json\/wp\/v2\/types\/post"}],"author":[{"embeddable":true,"href":"https:\/\/president-ksgov.net\/sr\/wp-json\/wp\/v2\/users\/13"}],"replies":[{"embeddable":true,"href":"https:\/\/president-ksgov.net\/sr\/wp-json\/wp\/v2\/comments?post=137875"}],"version-history":[{"count":1,"href":"https:\/\/president-ksgov.net\/sr\/wp-json\/wp\/v2\/posts\/137875\/revisions"}],"predecessor-version":[{"id":137876,"href":"https:\/\/president-ksgov.net\/sr\/wp-json\/wp\/v2\/posts\/137875\/revisions\/137876"}],"wp:featuredmedia":[{"embeddable":true,"href":"https:\/\/president-ksgov.net\/sr\/wp-json\/wp\/v2\/media\/137871"}],"wp:attachment":[{"href":"https:\/\/president-ksgov.net\/sr\/wp-json\/wp\/v2\/media?parent=137875"}],"wp:term":[{"taxonomy":"category","embeddable":true,"href":"https:\/\/president-ksgov.net\/sr\/wp-json\/wp\/v2\/categories?post=137875"},{"taxonomy":"post_tag","embeddable":true,"href":"https:\/\/president-ksgov.net\/sr\/wp-json\/wp\/v2\/tags?post=137875"}],"curies":[{"name":"wp","href":"https:\/\/api.w.org\/{rel}","templated":true}]}}