{"id":106858,"date":"2024-06-15T20:00:35","date_gmt":"2024-06-15T18:00:35","guid":{"rendered":"https:\/\/president-ksgov.net\/?p=106858"},"modified":"2024-06-16T19:53:59","modified_gmt":"2024-06-16T17:53:59","slug":"prvi-gospodin-prindon-sadriu-prisustvovao-je-balu-posvecenom-249-rodendanu-americke-vojske","status":"publish","type":"post","link":"https:\/\/president-ksgov.net\/sr\/prvi-gospodin-prindon-sadriu-prisustvovao-je-balu-posvecenom-249-rodendanu-americke-vojske\/","title":{"rendered":"Prvi gospodin Prindon Sadriu prisustvovao je balu posvec\u0301enom 249. ro\u0111endanu ameri\u010dke vojske"},"content":{"rendered":"<p>Na poziv ameri\u010dke komande kampa Bondsteel, prvi gospodin, Prindon Sadriu, u\u010destvovao je na balu ameri\u010dke vojske (Army Ball) povodom obele\u017eavanja 249 godina slu\u017ebe. Ameri\u010dka vojska je osnovana 14. juna 1775. godine, a odr\u017eavanje bala slu\u017ei odavanju po\u010dasti svim stradalnicima koji su dali svoje \u017eivote slu\u017eec\u0301i svojoj zemlji i ujedno i za podsticanje novih vojnika da pristupe vojnoj slu\u017ebi. Prvi gospodin, kao delegat predsednice Osmani na ovom doga\u0111aju, izrazio je duboku zahvalnost za slu\u017eenje svih ameri\u010dkih vojnika godinama na Kosovu i \u0161irom sveta radi garantovanja mira i bezbednosti za sve.<\/p>\n<p>Na ovom balu, koji je prvi put odr\u017ean na Kosovu, prisutni su nazdravili i u \u010dast predsednice Republike Kosovo Vjose Osmani, izraziv\u0161i zajedni\u010dku zahvalnost za kontinuiranu saradnju Kosova i SAD-a.<\/p>\n","protected":false},"excerpt":{"rendered":"<p>Na poziv ameri\u010dke komande kampa Bondsteel, prvi gospodin, Prindon Sadriu, u\u010destvovao je na balu ameri\u010dke vojske (Army Ball) povodom obele\u017eavanja 249 godina slu\u017ebe. Ameri\u010dka vojska je osnovana 14. juna 1775. godine, a odr\u017eavanje bala slu\u017ei odavanju po\u010dasti svim stradalnicima koji su dali svoje \u017eivote slu\u017eec\u0301i svojoj zemlji i ujedno i za podsticanje novih vojnika da pristupe vojnoj slu\u017ebi. Prvi gospodin, kao delegat predsednice Osmani na ovom doga\u0111aju, izrazio je duboku zahvalnost za slu\u017eenje svih ameri\u010dkih vojnika godinama na Kosovu i \u0161irom sveta radi garantovanja mira i bezbednosti za sve. Na ovom balu, koji je prvi put odr\u017ean na Kosovu, prisutni su nazdravili i u \u010dast predsednice Republike Kosovo Vjose Osmani, izraziv\u0161i zajedni\u010dku zahvalnost za kontinuiranu saradnju Kosova i SAD-a.<\/p>\n","protected":false},"author":9,"featured_media":106830,"comment_status":"closed","ping_status":"closed","sticky":false,"template":"","format":"standard","meta":{"_eb_attr":"","footnotes":""},"categories":[101],"tags":[],"class_list":["post-106858","post","type-post","status-publish","format-standard","has-post-thumbnail","hentry","category-vesti"],"yoast_head":"<!-- This site is optimized with the Yoast SEO plugin v23.5 - https:\/\/yoast.com\/wordpress\/plugins\/seo\/ -->\n<title>Prvi gospodin Prindon Sadriu prisustvovao je balu posvec\u0301enom 249. ro\u0111endanu ameri\u010dke vojske - Predsednik Republike Kosovo - DR. VJOSA OSMANI - SADRIU<\/title>\n<meta name=\"description\" content=\"Prvi gospodin Prindon Sadriu prisustvovao je balu posvec\u0301enom 249. ro\u0111endanu ameri\u010dke vojske - Predsednik Republike Kosovo - DR. VJOSA OSMANI - SADRIU -\" \/>\n<meta name=\"robots\" content=\"index, follow, max-snippet:-1, max-image-preview:large, max-video-preview:-1\" \/>\n<link rel=\"canonical\" href=\"https:\/\/president-ksgov.net\/sr\/prvi-gospodin-prindon-sadriu-prisustvovao-je-balu-posvecenom-249-rodendanu-americke-vojske\/\" \/>\n<meta property=\"og:locale\" content=\"sr_RS\" \/>\n<meta property=\"og:type\" content=\"article\" \/>\n<meta property=\"og:title\" content=\"Prvi gospodin Prindon Sadriu prisustvovao je balu posvec\u0301enom 249. ro\u0111endanu ameri\u010dke vojske - Predsednik Republike Kosovo - DR. VJOSA OSMANI - SADRIU\" \/>\n<meta property=\"og:description\" content=\"Prvi gospodin Prindon Sadriu prisustvovao je balu posvec\u0301enom 249. ro\u0111endanu ameri\u010dke vojske - Predsednik Republike Kosovo - DR. VJOSA OSMANI - SADRIU -\" \/>\n<meta property=\"og:url\" content=\"https:\/\/president-ksgov.net\/sr\/prvi-gospodin-prindon-sadriu-prisustvovao-je-balu-posvecenom-249-rodendanu-americke-vojske\/\" \/>\n<meta property=\"og:site_name\" content=\"Predsednik Republike Kosovo - DR. VJOSA OSMANI - SADRIU\" \/>\n<meta property=\"article:published_time\" content=\"2024-06-15T18:00:35+00:00\" \/>\n<meta property=\"article:modified_time\" content=\"2024-06-16T17:53:59+00:00\" \/>\n<meta property=\"og:image\" content=\"https:\/\/president-ksgov.net\/wp-content\/uploads\/74e910b7-aec7-4eba-a8b8-54eed72adea6-1.jpeg\" \/>\n\t<meta property=\"og:image:width\" content=\"799\" \/>\n\t<meta property=\"og:image:height\" content=\"549\" \/>\n\t<meta property=\"og:image:type\" content=\"image\/jpeg\" \/>\n<meta name=\"author\" content=\"Florent Rrahmani\" \/>\n<meta name=\"twitter:card\" content=\"summary_large_image\" \/>\n<meta name=\"twitter:label1\" content=\"\u041d\u0430\u043f\u0438\u0441\u0430\u043d\u043e \u043e\u0434\" \/>\n\t<meta name=\"twitter:data1\" content=\"Florent Rrahmani\" \/>\n\t<meta name=\"twitter:label2\" content=\"\u041f\u0440\u043e\u0446\u0435\u045a\u0435\u043d\u043e \u0432\u0440\u0435\u043c\u0435 \u0447\u0438\u0442\u0430\u045a\u0430\" \/>\n\t<meta name=\"twitter:data2\" content=\"1 \u043c\u0438\u043d\u0443\u0442\" \/>\n<script type=\"application\/ld+json\" class=\"yoast-schema-graph\">{\"@context\":\"https:\/\/schema.org\",\"@graph\":[{\"@type\":\"WebPage\",\"@id\":\"https:\/\/president-ksgov.net\/sr\/prvi-gospodin-prindon-sadriu-prisustvovao-je-balu-posvecenom-249-rodendanu-americke-vojske\/\",\"url\":\"https:\/\/president-ksgov.net\/sr\/prvi-gospodin-prindon-sadriu-prisustvovao-je-balu-posvecenom-249-rodendanu-americke-vojske\/\",\"name\":\"Prvi gospodin Prindon Sadriu prisustvovao je balu posvec\u0301enom 249. ro\u0111endanu ameri\u010dke vojske - Predsednik Republike Kosovo - DR. VJOSA OSMANI - SADRIU\",\"isPartOf\":{\"@id\":\"https:\/\/president-ksgov.net\/#website\"},\"primaryImageOfPage\":{\"@id\":\"https:\/\/president-ksgov.net\/sr\/prvi-gospodin-prindon-sadriu-prisustvovao-je-balu-posvecenom-249-rodendanu-americke-vojske\/#primaryimage\"},\"image\":{\"@id\":\"https:\/\/president-ksgov.net\/sr\/prvi-gospodin-prindon-sadriu-prisustvovao-je-balu-posvecenom-249-rodendanu-americke-vojske\/#primaryimage\"},\"thumbnailUrl\":\"https:\/\/president-ksgov.net\/wp-content\/uploads\/74e910b7-aec7-4eba-a8b8-54eed72adea6-1.jpeg\",\"datePublished\":\"2024-06-15T18:00:35+00:00\",\"dateModified\":\"2024-06-16T17:53:59+00:00\",\"author\":{\"@id\":\"https:\/\/president-ksgov.net\/#\/schema\/person\/7c46f744a99d3f1616b92658282aa934\"},\"description\":\"Prvi gospodin Prindon Sadriu prisustvovao je balu posvec\u0301enom 249. ro\u0111endanu ameri\u010dke vojske - Predsednik Republike Kosovo - DR. VJOSA OSMANI - SADRIU -\",\"breadcrumb\":{\"@id\":\"https:\/\/president-ksgov.net\/sr\/prvi-gospodin-prindon-sadriu-prisustvovao-je-balu-posvecenom-249-rodendanu-americke-vojske\/#breadcrumb\"},\"inLanguage\":\"sr-RS\",\"potentialAction\":[{\"@type\":\"ReadAction\",\"target\":[\"https:\/\/president-ksgov.net\/sr\/prvi-gospodin-prindon-sadriu-prisustvovao-je-balu-posvecenom-249-rodendanu-americke-vojske\/\"]}]},{\"@type\":\"ImageObject\",\"inLanguage\":\"sr-RS\",\"@id\":\"https:\/\/president-ksgov.net\/sr\/prvi-gospodin-prindon-sadriu-prisustvovao-je-balu-posvecenom-249-rodendanu-americke-vojske\/#primaryimage\",\"url\":\"https:\/\/president-ksgov.net\/wp-content\/uploads\/74e910b7-aec7-4eba-a8b8-54eed72adea6-1.jpeg\",\"contentUrl\":\"https:\/\/president-ksgov.net\/wp-content\/uploads\/74e910b7-aec7-4eba-a8b8-54eed72adea6-1.jpeg\",\"width\":799,\"height\":549},{\"@type\":\"BreadcrumbList\",\"@id\":\"https:\/\/president-ksgov.net\/sr\/prvi-gospodin-prindon-sadriu-prisustvovao-je-balu-posvecenom-249-rodendanu-americke-vojske\/#breadcrumb\",\"itemListElement\":[{\"@type\":\"ListItem\",\"position\":1,\"name\":\"Home\",\"item\":\"https:\/\/president-ksgov.net\/sr\/\"},{\"@type\":\"ListItem\",\"position\":2,\"name\":\"Prvi gospodin Prindon Sadriu prisustvovao je balu posvec\u0301enom 249. ro\u0111endanu ameri\u010dke vojske\"}]},{\"@type\":\"WebSite\",\"@id\":\"https:\/\/president-ksgov.net\/#website\",\"url\":\"https:\/\/president-ksgov.net\/\",\"name\":\"Presidente e Republik\u00ebs s\u00eb Kosov\u00ebs\",\"description\":\"Presidente e Republik\u00ebs s\u00eb Kosov\u00ebs\",\"alternateName\":\"DR. VJOSA OSMANI - SADRIU\",\"potentialAction\":[{\"@type\":\"SearchAction\",\"target\":{\"@type\":\"EntryPoint\",\"urlTemplate\":\"https:\/\/president-ksgov.net\/?s={search_term_string}\"},\"query-input\":{\"@type\":\"PropertyValueSpecification\",\"valueRequired\":true,\"valueName\":\"search_term_string\"}}],\"inLanguage\":\"sr-RS\"},{\"@type\":\"Person\",\"@id\":\"https:\/\/president-ksgov.net\/#\/schema\/person\/7c46f744a99d3f1616b92658282aa934\",\"name\":\"Florent Rrahmani\",\"image\":{\"@type\":\"ImageObject\",\"inLanguage\":\"sr-RS\",\"@id\":\"https:\/\/president-ksgov.net\/#\/schema\/person\/image\/\",\"url\":\"https:\/\/secure.gravatar.com\/avatar\/2545924aa250de68ac8368367a79b663e59571cd131611f54c89b0613a94e230?s=96&d=mm&r=g\",\"contentUrl\":\"https:\/\/secure.gravatar.com\/avatar\/2545924aa250de68ac8368367a79b663e59571cd131611f54c89b0613a94e230?s=96&d=mm&r=g\",\"caption\":\"Florent Rrahmani\"}}]}<\/script>\n<!-- \/ Yoast SEO plugin. -->","yoast_head_json":{"title":"Prvi gospodin Prindon Sadriu prisustvovao je balu posvec\u0301enom 249. ro\u0111endanu ameri\u010dke vojske - Predsednik Republike Kosovo - DR. VJOSA OSMANI - SADRIU","description":"Prvi gospodin Prindon Sadriu prisustvovao je balu posvec\u0301enom 249. ro\u0111endanu ameri\u010dke vojske - Predsednik Republike Kosovo - DR. VJOSA OSMANI - SADRIU -","robots":{"index":"index","follow":"follow","max-snippet":"max-snippet:-1","max-image-preview":"max-image-preview:large","max-video-preview":"max-video-preview:-1"},"canonical":"https:\/\/president-ksgov.net\/sr\/prvi-gospodin-prindon-sadriu-prisustvovao-je-balu-posvecenom-249-rodendanu-americke-vojske\/","og_locale":"sr_RS","og_type":"article","og_title":"Prvi gospodin Prindon Sadriu prisustvovao je balu posvec\u0301enom 249. ro\u0111endanu ameri\u010dke vojske - Predsednik Republike Kosovo - DR. VJOSA OSMANI - SADRIU","og_description":"Prvi gospodin Prindon Sadriu prisustvovao je balu posvec\u0301enom 249. ro\u0111endanu ameri\u010dke vojske - Predsednik Republike Kosovo - DR. VJOSA OSMANI - SADRIU -","og_url":"https:\/\/president-ksgov.net\/sr\/prvi-gospodin-prindon-sadriu-prisustvovao-je-balu-posvecenom-249-rodendanu-americke-vojske\/","og_site_name":"Predsednik Republike Kosovo - DR. VJOSA OSMANI - SADRIU","article_published_time":"2024-06-15T18:00:35+00:00","article_modified_time":"2024-06-16T17:53:59+00:00","og_image":[{"width":799,"height":549,"url":"https:\/\/president-ksgov.net\/wp-content\/uploads\/74e910b7-aec7-4eba-a8b8-54eed72adea6-1.jpeg","type":"image\/jpeg"}],"author":"Florent Rrahmani","twitter_card":"summary_large_image","twitter_misc":{"\u041d\u0430\u043f\u0438\u0441\u0430\u043d\u043e \u043e\u0434":"Florent Rrahmani","\u041f\u0440\u043e\u0446\u0435\u045a\u0435\u043d\u043e \u0432\u0440\u0435\u043c\u0435 \u0447\u0438\u0442\u0430\u045a\u0430":"1 \u043c\u0438\u043d\u0443\u0442"},"schema":{"@context":"https:\/\/schema.org","@graph":[{"@type":"WebPage","@id":"https:\/\/president-ksgov.net\/sr\/prvi-gospodin-prindon-sadriu-prisustvovao-je-balu-posvecenom-249-rodendanu-americke-vojske\/","url":"https:\/\/president-ksgov.net\/sr\/prvi-gospodin-prindon-sadriu-prisustvovao-je-balu-posvecenom-249-rodendanu-americke-vojske\/","name":"Prvi gospodin Prindon Sadriu prisustvovao je balu posvec\u0301enom 249. ro\u0111endanu ameri\u010dke vojske - Predsednik Republike Kosovo - DR. VJOSA OSMANI - SADRIU","isPartOf":{"@id":"https:\/\/president-ksgov.net\/#website"},"primaryImageOfPage":{"@id":"https:\/\/president-ksgov.net\/sr\/prvi-gospodin-prindon-sadriu-prisustvovao-je-balu-posvecenom-249-rodendanu-americke-vojske\/#primaryimage"},"image":{"@id":"https:\/\/president-ksgov.net\/sr\/prvi-gospodin-prindon-sadriu-prisustvovao-je-balu-posvecenom-249-rodendanu-americke-vojske\/#primaryimage"},"thumbnailUrl":"https:\/\/president-ksgov.net\/wp-content\/uploads\/74e910b7-aec7-4eba-a8b8-54eed72adea6-1.jpeg","datePublished":"2024-06-15T18:00:35+00:00","dateModified":"2024-06-16T17:53:59+00:00","author":{"@id":"https:\/\/president-ksgov.net\/#\/schema\/person\/7c46f744a99d3f1616b92658282aa934"},"description":"Prvi gospodin Prindon Sadriu prisustvovao je balu posvec\u0301enom 249. ro\u0111endanu ameri\u010dke vojske - Predsednik Republike Kosovo - DR. VJOSA OSMANI - SADRIU -","breadcrumb":{"@id":"https:\/\/president-ksgov.net\/sr\/prvi-gospodin-prindon-sadriu-prisustvovao-je-balu-posvecenom-249-rodendanu-americke-vojske\/#breadcrumb"},"inLanguage":"sr-RS","potentialAction":[{"@type":"ReadAction","target":["https:\/\/president-ksgov.net\/sr\/prvi-gospodin-prindon-sadriu-prisustvovao-je-balu-posvecenom-249-rodendanu-americke-vojske\/"]}]},{"@type":"ImageObject","inLanguage":"sr-RS","@id":"https:\/\/president-ksgov.net\/sr\/prvi-gospodin-prindon-sadriu-prisustvovao-je-balu-posvecenom-249-rodendanu-americke-vojske\/#primaryimage","url":"https:\/\/president-ksgov.net\/wp-content\/uploads\/74e910b7-aec7-4eba-a8b8-54eed72adea6-1.jpeg","contentUrl":"https:\/\/president-ksgov.net\/wp-content\/uploads\/74e910b7-aec7-4eba-a8b8-54eed72adea6-1.jpeg","width":799,"height":549},{"@type":"BreadcrumbList","@id":"https:\/\/president-ksgov.net\/sr\/prvi-gospodin-prindon-sadriu-prisustvovao-je-balu-posvecenom-249-rodendanu-americke-vojske\/#breadcrumb","itemListElement":[{"@type":"ListItem","position":1,"name":"Home","item":"https:\/\/president-ksgov.net\/sr\/"},{"@type":"ListItem","position":2,"name":"Prvi gospodin Prindon Sadriu prisustvovao je balu posvec\u0301enom 249. ro\u0111endanu ameri\u010dke vojske"}]},{"@type":"WebSite","@id":"https:\/\/president-ksgov.net\/#website","url":"https:\/\/president-ksgov.net\/","name":"Presidente e Republik\u00ebs s\u00eb Kosov\u00ebs","description":"Presidente e Republik\u00ebs s\u00eb Kosov\u00ebs","alternateName":"DR. VJOSA OSMANI - SADRIU","potentialAction":[{"@type":"SearchAction","target":{"@type":"EntryPoint","urlTemplate":"https:\/\/president-ksgov.net\/?s={search_term_string}"},"query-input":{"@type":"PropertyValueSpecification","valueRequired":true,"valueName":"search_term_string"}}],"inLanguage":"sr-RS"},{"@type":"Person","@id":"https:\/\/president-ksgov.net\/#\/schema\/person\/7c46f744a99d3f1616b92658282aa934","name":"Florent Rrahmani","image":{"@type":"ImageObject","inLanguage":"sr-RS","@id":"https:\/\/president-ksgov.net\/#\/schema\/person\/image\/","url":"https:\/\/secure.gravatar.com\/avatar\/2545924aa250de68ac8368367a79b663e59571cd131611f54c89b0613a94e230?s=96&d=mm&r=g","contentUrl":"https:\/\/secure.gravatar.com\/avatar\/2545924aa250de68ac8368367a79b663e59571cd131611f54c89b0613a94e230?s=96&d=mm&r=g","caption":"Florent Rrahmani"}}]}},"_links":{"self":[{"href":"https:\/\/president-ksgov.net\/sr\/wp-json\/wp\/v2\/posts\/106858","targetHints":{"allow":["GET"]}}],"collection":[{"href":"https:\/\/president-ksgov.net\/sr\/wp-json\/wp\/v2\/posts"}],"about":[{"href":"https:\/\/president-ksgov.net\/sr\/wp-json\/wp\/v2\/types\/post"}],"author":[{"embeddable":true,"href":"https:\/\/president-ksgov.net\/sr\/wp-json\/wp\/v2\/users\/9"}],"replies":[{"embeddable":true,"href":"https:\/\/president-ksgov.net\/sr\/wp-json\/wp\/v2\/comments?post=106858"}],"version-history":[{"count":1,"href":"https:\/\/president-ksgov.net\/sr\/wp-json\/wp\/v2\/posts\/106858\/revisions"}],"predecessor-version":[{"id":106859,"href":"https:\/\/president-ksgov.net\/sr\/wp-json\/wp\/v2\/posts\/106858\/revisions\/106859"}],"wp:featuredmedia":[{"embeddable":true,"href":"https:\/\/president-ksgov.net\/sr\/wp-json\/wp\/v2\/media\/106830"}],"wp:attachment":[{"href":"https:\/\/president-ksgov.net\/sr\/wp-json\/wp\/v2\/media?parent=106858"}],"wp:term":[{"taxonomy":"category","embeddable":true,"href":"https:\/\/president-ksgov.net\/sr\/wp-json\/wp\/v2\/categories?post=106858"},{"taxonomy":"post_tag","embeddable":true,"href":"https:\/\/president-ksgov.net\/sr\/wp-json\/wp\/v2\/tags?post=106858"}],"curies":[{"name":"wp","href":"https:\/\/api.w.org\/{rel}","templated":true}]}}