{"id":106774,"date":"2024-06-15T16:15:05","date_gmt":"2024-06-15T14:15:05","guid":{"rendered":"https:\/\/president-ksgov.net\/?p=106774"},"modified":"2024-06-15T20:47:58","modified_gmt":"2024-06-15T18:47:58","slug":"predsednica-osmani-se-sastala-sa-novom-predsednicom-malte-myriam-spiteri-debono","status":"publish","type":"post","link":"https:\/\/president-ksgov.net\/sr\/predsednica-osmani-se-sastala-sa-novom-predsednicom-malte-myriam-spiteri-debono\/","title":{"rendered":"Predsednica Osmani se sastala sa novom predsednicom Malte, Myriam Spiteri Debono"},"content":{"rendered":"<div dir=\"auto\">Predsednica Republike Kosovo Vjosa Osmani sastala se u \u0160vajcarskoj sa novom predsednicom Malte Myram Spiteri Debono.<\/div>\n<div dir=\"auto\"><\/div>\n<div dir=\"auto\">\u00a0Ceo post predsednice Osmani:<\/div>\n<div dir=\"auto\"><\/div>\n<div dir=\"auto\">\n<div dir=\"auto\">U \u0160vajcarskoj sam imala prvi srda\u010dan susret sa novom predsednicom Malte, Myriam Spiteri Debono.<\/div>\n<div dir=\"auto\"><\/div>\n<div dir=\"auto\">Malta je zaista prijateljska zemlja, pa sam izrazila duboku zahvalnost predsednici Spiteri Debono na kontinuiranoj podr\u0161ci koju je njena zemlja pru\u017eala na\u0161oj Republici.<\/div>\n<\/div>\n","protected":false},"excerpt":{"rendered":"<p>Predsednica Republike Kosovo Vjosa Osmani sastala se u \u0160vajcarskoj sa novom predsednicom Malte Myram Spiteri Debono. \u00a0Ceo post predsednice Osmani: U \u0160vajcarskoj sam imala prvi srda\u010dan susret sa novom predsednicom Malte, Myriam Spiteri Debono. Malta je zaista prijateljska zemlja, pa sam izrazila duboku zahvalnost predsednici Spiteri Debono na kontinuiranoj podr\u0161ci koju je njena zemlja pru\u017eala na\u0161oj Republici.<\/p>\n","protected":false},"author":11,"featured_media":106752,"comment_status":"closed","ping_status":"closed","sticky":false,"template":"","format":"standard","meta":{"_eb_attr":"","footnotes":""},"categories":[114,101],"tags":[],"class_list":["post-106774","post","type-post","status-publish","format-standard","has-post-thumbnail","hentry","category-medunarodne-posete","category-vesti"],"yoast_head":"<!-- This site is optimized with the Yoast SEO plugin v23.5 - https:\/\/yoast.com\/wordpress\/plugins\/seo\/ -->\n<title>Predsednica Osmani se sastala sa novom predsednicom Malte, Myriam Spiteri Debono - Predsednik Republike Kosovo - DR. VJOSA OSMANI - SADRIU<\/title>\n<meta name=\"description\" content=\"Predsednica Osmani se sastala sa novom predsednicom Malte, Myriam Spiteri Debono - Predsednik Republike Kosovo - DR. VJOSA OSMANI - SADRIU -\" \/>\n<meta name=\"robots\" content=\"index, follow, max-snippet:-1, max-image-preview:large, max-video-preview:-1\" \/>\n<link rel=\"canonical\" href=\"https:\/\/president-ksgov.net\/sr\/predsednica-osmani-se-sastala-sa-novom-predsednicom-malte-myriam-spiteri-debono\/\" \/>\n<meta property=\"og:locale\" content=\"sr_RS\" \/>\n<meta property=\"og:type\" content=\"article\" \/>\n<meta property=\"og:title\" content=\"Predsednica Osmani se sastala sa novom predsednicom Malte, Myriam Spiteri Debono - Predsednik Republike Kosovo - DR. VJOSA OSMANI - SADRIU\" \/>\n<meta property=\"og:description\" content=\"Predsednica Osmani se sastala sa novom predsednicom Malte, Myriam Spiteri Debono - Predsednik Republike Kosovo - DR. VJOSA OSMANI - SADRIU -\" \/>\n<meta property=\"og:url\" content=\"https:\/\/president-ksgov.net\/sr\/predsednica-osmani-se-sastala-sa-novom-predsednicom-malte-myriam-spiteri-debono\/\" \/>\n<meta property=\"og:site_name\" content=\"Predsednik Republike Kosovo - DR. VJOSA OSMANI - SADRIU\" \/>\n<meta property=\"article:published_time\" content=\"2024-06-15T14:15:05+00:00\" \/>\n<meta property=\"article:modified_time\" content=\"2024-06-15T18:47:58+00:00\" \/>\n<meta property=\"og:image\" content=\"https:\/\/president-ksgov.net\/wp-content\/uploads\/1-277.jpg\" \/>\n\t<meta property=\"og:image:width\" content=\"1836\" \/>\n\t<meta property=\"og:image:height\" content=\"1332\" \/>\n\t<meta property=\"og:image:type\" content=\"image\/jpeg\" \/>\n<meta name=\"author\" content=\"presidentlogin\" \/>\n<meta name=\"twitter:card\" content=\"summary_large_image\" \/>\n<meta name=\"twitter:label1\" content=\"\u041d\u0430\u043f\u0438\u0441\u0430\u043d\u043e \u043e\u0434\" \/>\n\t<meta name=\"twitter:data1\" content=\"presidentlogin\" \/>\n\t<meta name=\"twitter:label2\" content=\"\u041f\u0440\u043e\u0446\u0435\u045a\u0435\u043d\u043e \u0432\u0440\u0435\u043c\u0435 \u0447\u0438\u0442\u0430\u045a\u0430\" \/>\n\t<meta name=\"twitter:data2\" content=\"1 \u043c\u0438\u043d\u0443\u0442\" \/>\n<script type=\"application\/ld+json\" class=\"yoast-schema-graph\">{\"@context\":\"https:\/\/schema.org\",\"@graph\":[{\"@type\":\"WebPage\",\"@id\":\"https:\/\/president-ksgov.net\/sr\/predsednica-osmani-se-sastala-sa-novom-predsednicom-malte-myriam-spiteri-debono\/\",\"url\":\"https:\/\/president-ksgov.net\/sr\/predsednica-osmani-se-sastala-sa-novom-predsednicom-malte-myriam-spiteri-debono\/\",\"name\":\"Predsednica Osmani se sastala sa novom predsednicom Malte, Myriam Spiteri Debono - Predsednik Republike Kosovo - DR. VJOSA OSMANI - SADRIU\",\"isPartOf\":{\"@id\":\"https:\/\/president-ksgov.net\/#website\"},\"primaryImageOfPage\":{\"@id\":\"https:\/\/president-ksgov.net\/sr\/predsednica-osmani-se-sastala-sa-novom-predsednicom-malte-myriam-spiteri-debono\/#primaryimage\"},\"image\":{\"@id\":\"https:\/\/president-ksgov.net\/sr\/predsednica-osmani-se-sastala-sa-novom-predsednicom-malte-myriam-spiteri-debono\/#primaryimage\"},\"thumbnailUrl\":\"https:\/\/president-ksgov.net\/wp-content\/uploads\/1-277.jpg\",\"datePublished\":\"2024-06-15T14:15:05+00:00\",\"dateModified\":\"2024-06-15T18:47:58+00:00\",\"author\":{\"@id\":\"https:\/\/president-ksgov.net\/#\/schema\/person\/1a2c014cffc81ec60d5a452a36d08d92\"},\"description\":\"Predsednica Osmani se sastala sa novom predsednicom Malte, Myriam Spiteri Debono - Predsednik Republike Kosovo - DR. VJOSA OSMANI - SADRIU -\",\"breadcrumb\":{\"@id\":\"https:\/\/president-ksgov.net\/sr\/predsednica-osmani-se-sastala-sa-novom-predsednicom-malte-myriam-spiteri-debono\/#breadcrumb\"},\"inLanguage\":\"sr-RS\",\"potentialAction\":[{\"@type\":\"ReadAction\",\"target\":[\"https:\/\/president-ksgov.net\/sr\/predsednica-osmani-se-sastala-sa-novom-predsednicom-malte-myriam-spiteri-debono\/\"]}]},{\"@type\":\"ImageObject\",\"inLanguage\":\"sr-RS\",\"@id\":\"https:\/\/president-ksgov.net\/sr\/predsednica-osmani-se-sastala-sa-novom-predsednicom-malte-myriam-spiteri-debono\/#primaryimage\",\"url\":\"https:\/\/president-ksgov.net\/wp-content\/uploads\/1-277.jpg\",\"contentUrl\":\"https:\/\/president-ksgov.net\/wp-content\/uploads\/1-277.jpg\",\"width\":1836,\"height\":1332},{\"@type\":\"BreadcrumbList\",\"@id\":\"https:\/\/president-ksgov.net\/sr\/predsednica-osmani-se-sastala-sa-novom-predsednicom-malte-myriam-spiteri-debono\/#breadcrumb\",\"itemListElement\":[{\"@type\":\"ListItem\",\"position\":1,\"name\":\"Home\",\"item\":\"https:\/\/president-ksgov.net\/sr\/\"},{\"@type\":\"ListItem\",\"position\":2,\"name\":\"Predsednica Osmani se sastala sa novom predsednicom Malte, Myriam Spiteri Debono\"}]},{\"@type\":\"WebSite\",\"@id\":\"https:\/\/president-ksgov.net\/#website\",\"url\":\"https:\/\/president-ksgov.net\/\",\"name\":\"Presidente e Republik\u00ebs s\u00eb Kosov\u00ebs\",\"description\":\"Presidente e Republik\u00ebs s\u00eb Kosov\u00ebs\",\"alternateName\":\"DR. VJOSA OSMANI - SADRIU\",\"potentialAction\":[{\"@type\":\"SearchAction\",\"target\":{\"@type\":\"EntryPoint\",\"urlTemplate\":\"https:\/\/president-ksgov.net\/?s={search_term_string}\"},\"query-input\":{\"@type\":\"PropertyValueSpecification\",\"valueRequired\":true,\"valueName\":\"search_term_string\"}}],\"inLanguage\":\"sr-RS\"},{\"@type\":\"Person\",\"@id\":\"https:\/\/president-ksgov.net\/#\/schema\/person\/1a2c014cffc81ec60d5a452a36d08d92\",\"name\":\"presidentlogin\",\"image\":{\"@type\":\"ImageObject\",\"inLanguage\":\"sr-RS\",\"@id\":\"https:\/\/president-ksgov.net\/#\/schema\/person\/image\/\",\"url\":\"https:\/\/secure.gravatar.com\/avatar\/339f00ab0a8a0d5ce1ecff10aa2b4a1f51f58bbd5a57793f8cd6ad624080d807?s=96&d=mm&r=g\",\"contentUrl\":\"https:\/\/secure.gravatar.com\/avatar\/339f00ab0a8a0d5ce1ecff10aa2b4a1f51f58bbd5a57793f8cd6ad624080d807?s=96&d=mm&r=g\",\"caption\":\"presidentlogin\"}}]}<\/script>\n<!-- \/ Yoast SEO plugin. -->","yoast_head_json":{"title":"Predsednica Osmani se sastala sa novom predsednicom Malte, Myriam Spiteri Debono - Predsednik Republike Kosovo - DR. VJOSA OSMANI - SADRIU","description":"Predsednica Osmani se sastala sa novom predsednicom Malte, Myriam Spiteri Debono - Predsednik Republike Kosovo - DR. VJOSA OSMANI - SADRIU -","robots":{"index":"index","follow":"follow","max-snippet":"max-snippet:-1","max-image-preview":"max-image-preview:large","max-video-preview":"max-video-preview:-1"},"canonical":"https:\/\/president-ksgov.net\/sr\/predsednica-osmani-se-sastala-sa-novom-predsednicom-malte-myriam-spiteri-debono\/","og_locale":"sr_RS","og_type":"article","og_title":"Predsednica Osmani se sastala sa novom predsednicom Malte, Myriam Spiteri Debono - Predsednik Republike Kosovo - DR. VJOSA OSMANI - SADRIU","og_description":"Predsednica Osmani se sastala sa novom predsednicom Malte, Myriam Spiteri Debono - Predsednik Republike Kosovo - DR. VJOSA OSMANI - SADRIU -","og_url":"https:\/\/president-ksgov.net\/sr\/predsednica-osmani-se-sastala-sa-novom-predsednicom-malte-myriam-spiteri-debono\/","og_site_name":"Predsednik Republike Kosovo - DR. VJOSA OSMANI - SADRIU","article_published_time":"2024-06-15T14:15:05+00:00","article_modified_time":"2024-06-15T18:47:58+00:00","og_image":[{"width":1836,"height":1332,"url":"https:\/\/president-ksgov.net\/wp-content\/uploads\/1-277.jpg","type":"image\/jpeg"}],"author":"presidentlogin","twitter_card":"summary_large_image","twitter_misc":{"\u041d\u0430\u043f\u0438\u0441\u0430\u043d\u043e \u043e\u0434":"presidentlogin","\u041f\u0440\u043e\u0446\u0435\u045a\u0435\u043d\u043e \u0432\u0440\u0435\u043c\u0435 \u0447\u0438\u0442\u0430\u045a\u0430":"1 \u043c\u0438\u043d\u0443\u0442"},"schema":{"@context":"https:\/\/schema.org","@graph":[{"@type":"WebPage","@id":"https:\/\/president-ksgov.net\/sr\/predsednica-osmani-se-sastala-sa-novom-predsednicom-malte-myriam-spiteri-debono\/","url":"https:\/\/president-ksgov.net\/sr\/predsednica-osmani-se-sastala-sa-novom-predsednicom-malte-myriam-spiteri-debono\/","name":"Predsednica Osmani se sastala sa novom predsednicom Malte, Myriam Spiteri Debono - Predsednik Republike Kosovo - DR. VJOSA OSMANI - SADRIU","isPartOf":{"@id":"https:\/\/president-ksgov.net\/#website"},"primaryImageOfPage":{"@id":"https:\/\/president-ksgov.net\/sr\/predsednica-osmani-se-sastala-sa-novom-predsednicom-malte-myriam-spiteri-debono\/#primaryimage"},"image":{"@id":"https:\/\/president-ksgov.net\/sr\/predsednica-osmani-se-sastala-sa-novom-predsednicom-malte-myriam-spiteri-debono\/#primaryimage"},"thumbnailUrl":"https:\/\/president-ksgov.net\/wp-content\/uploads\/1-277.jpg","datePublished":"2024-06-15T14:15:05+00:00","dateModified":"2024-06-15T18:47:58+00:00","author":{"@id":"https:\/\/president-ksgov.net\/#\/schema\/person\/1a2c014cffc81ec60d5a452a36d08d92"},"description":"Predsednica Osmani se sastala sa novom predsednicom Malte, Myriam Spiteri Debono - Predsednik Republike Kosovo - DR. VJOSA OSMANI - SADRIU -","breadcrumb":{"@id":"https:\/\/president-ksgov.net\/sr\/predsednica-osmani-se-sastala-sa-novom-predsednicom-malte-myriam-spiteri-debono\/#breadcrumb"},"inLanguage":"sr-RS","potentialAction":[{"@type":"ReadAction","target":["https:\/\/president-ksgov.net\/sr\/predsednica-osmani-se-sastala-sa-novom-predsednicom-malte-myriam-spiteri-debono\/"]}]},{"@type":"ImageObject","inLanguage":"sr-RS","@id":"https:\/\/president-ksgov.net\/sr\/predsednica-osmani-se-sastala-sa-novom-predsednicom-malte-myriam-spiteri-debono\/#primaryimage","url":"https:\/\/president-ksgov.net\/wp-content\/uploads\/1-277.jpg","contentUrl":"https:\/\/president-ksgov.net\/wp-content\/uploads\/1-277.jpg","width":1836,"height":1332},{"@type":"BreadcrumbList","@id":"https:\/\/president-ksgov.net\/sr\/predsednica-osmani-se-sastala-sa-novom-predsednicom-malte-myriam-spiteri-debono\/#breadcrumb","itemListElement":[{"@type":"ListItem","position":1,"name":"Home","item":"https:\/\/president-ksgov.net\/sr\/"},{"@type":"ListItem","position":2,"name":"Predsednica Osmani se sastala sa novom predsednicom Malte, Myriam Spiteri Debono"}]},{"@type":"WebSite","@id":"https:\/\/president-ksgov.net\/#website","url":"https:\/\/president-ksgov.net\/","name":"Presidente e Republik\u00ebs s\u00eb Kosov\u00ebs","description":"Presidente e Republik\u00ebs s\u00eb Kosov\u00ebs","alternateName":"DR. VJOSA OSMANI - SADRIU","potentialAction":[{"@type":"SearchAction","target":{"@type":"EntryPoint","urlTemplate":"https:\/\/president-ksgov.net\/?s={search_term_string}"},"query-input":{"@type":"PropertyValueSpecification","valueRequired":true,"valueName":"search_term_string"}}],"inLanguage":"sr-RS"},{"@type":"Person","@id":"https:\/\/president-ksgov.net\/#\/schema\/person\/1a2c014cffc81ec60d5a452a36d08d92","name":"presidentlogin","image":{"@type":"ImageObject","inLanguage":"sr-RS","@id":"https:\/\/president-ksgov.net\/#\/schema\/person\/image\/","url":"https:\/\/secure.gravatar.com\/avatar\/339f00ab0a8a0d5ce1ecff10aa2b4a1f51f58bbd5a57793f8cd6ad624080d807?s=96&d=mm&r=g","contentUrl":"https:\/\/secure.gravatar.com\/avatar\/339f00ab0a8a0d5ce1ecff10aa2b4a1f51f58bbd5a57793f8cd6ad624080d807?s=96&d=mm&r=g","caption":"presidentlogin"}}]}},"_links":{"self":[{"href":"https:\/\/president-ksgov.net\/sr\/wp-json\/wp\/v2\/posts\/106774","targetHints":{"allow":["GET"]}}],"collection":[{"href":"https:\/\/president-ksgov.net\/sr\/wp-json\/wp\/v2\/posts"}],"about":[{"href":"https:\/\/president-ksgov.net\/sr\/wp-json\/wp\/v2\/types\/post"}],"author":[{"embeddable":true,"href":"https:\/\/president-ksgov.net\/sr\/wp-json\/wp\/v2\/users\/11"}],"replies":[{"embeddable":true,"href":"https:\/\/president-ksgov.net\/sr\/wp-json\/wp\/v2\/comments?post=106774"}],"version-history":[{"count":1,"href":"https:\/\/president-ksgov.net\/sr\/wp-json\/wp\/v2\/posts\/106774\/revisions"}],"predecessor-version":[{"id":106779,"href":"https:\/\/president-ksgov.net\/sr\/wp-json\/wp\/v2\/posts\/106774\/revisions\/106779"}],"wp:featuredmedia":[{"embeddable":true,"href":"https:\/\/president-ksgov.net\/sr\/wp-json\/wp\/v2\/media\/106752"}],"wp:attachment":[{"href":"https:\/\/president-ksgov.net\/sr\/wp-json\/wp\/v2\/media?parent=106774"}],"wp:term":[{"taxonomy":"category","embeddable":true,"href":"https:\/\/president-ksgov.net\/sr\/wp-json\/wp\/v2\/categories?post=106774"},{"taxonomy":"post_tag","embeddable":true,"href":"https:\/\/president-ksgov.net\/sr\/wp-json\/wp\/v2\/tags?post=106774"}],"curies":[{"name":"wp","href":"https:\/\/api.w.org\/{rel}","templated":true}]}}