{"id":106599,"date":"2024-06-12T15:06:57","date_gmt":"2024-06-12T13:06:57","guid":{"rendered":"https:\/\/president-ksgov.net\/?p=106599"},"modified":"2026-01-19T14:52:23","modified_gmt":"2026-01-19T13:52:23","slug":"parada-jedinica-bezbednosnih-snaga-kosova-i-policije-kosova","status":"publish","type":"post","link":"https:\/\/president-ksgov.net\/sr\/parada-jedinica-bezbednosnih-snaga-kosova-i-policije-kosova\/","title":{"rendered":"Parada jedinica Bezbednosnih snaga Kosova i Policije Kosova"},"content":{"rendered":"<p><strong><em>Dragi gra\u0111ani Republike Kosovo, \u010destitam vam Dan oslobo\u0111enja, \u010destitam vam 25 godina slobode!<\/em><\/strong><\/p>\n<p><strong><em>Po\u0161tovani predsedni\u010de Begaj,<\/em><\/strong><\/p>\n<p><strong><em>Po\u0161tovani predsedni\u010de Skup\u0161tine Konjufca, <\/em><\/strong><\/p>\n<p><strong><em>Po\u0161tovani premijeru Kurti,<\/em><\/strong><\/p>\n<p><strong><em>Po\u0161tovani komandante KBS-a Bashkime Jashari,<\/em><\/strong><\/p>\n<p><strong><em>Po\u0161tovana ekselencije ambasadori,<\/em><\/strong><\/p>\n<p><strong><em>Gosti iz celog sveta,<\/em><\/strong><\/p>\n<p><strong><em>Po\u0161tovani pripadnici KBS-a i Policije Kosova,<\/em><\/strong><\/p>\n<p><strong><em>Porodice palih boraca, <\/em><\/strong><\/p>\n<p><strong><em>Veterani i invalidi Oslobodila\u010dke vojske Kosova<\/em><\/strong><\/p>\n<p><strong><em>Veterani savezni\u010dkih snaga koji su 25 godina slu\u017eili u misiji KFOR-a na Kosovu,<\/em><\/strong><\/p>\n<p><strong><em>\u00a0\u00a0\u00a0\u00a0\u00a0\u00a0\u00a0\u00a0\u00a0\u00a0\u00a0 \u00a0\u00a0\u00a0\u00a0\u00a0\u00a0\u00a0\u00a0\u00a0\u00a0\u00a0\u00a0\u00a0\u00a0\u00a0\u00a0\u00a0\u00a0\u00a0\u00a0\u00a0\u00a0\u00a0\u00a0\u00a0\u00a0\u00a0\u00a0\u00a0\u00a0\u00a0\u00a0\u00a0\u00a0\u00a0\u00a0\u00a0\u00a0\u00a0\u00a0\u00a0\u00a0\u00a0\u00a0\u00a0\u00a0\u00a0\u00a0\u00a0\u00a0\u00a0\u00a0\u00a0\u00a0\u00a0\u00a0\u00a0\u00a0\u00a0\u00a0\u00a0\u00a0\u00a0\u00a0\u00a0\u00a0\u00a0\u00a0\u00a0\u00a0\u00a0\u00a0\u00a0\u00a0\u00a0\u00a0\u00a0\u00a0\u00a0\u00a0\u00a0\u00a0\u00a0\u00a0\u00a0\u00a0\u00a0\u00a0\u00a0\u00a0\u00a0\u00a0\u00a0\u00a0\u00a0\u00a0\u00a0\u00a0\u00a0\u00a0\u00a0\u00a0\u00a0\u00a0\u00a0\u00a0\u00a0\u00a0\u00a0\u00a0\u00a0\u00a0\u00a0\u00a0\u00a0\u00a0\u00a0\u00a0\u00a0\u00a0\u00a0<\/em><\/strong><\/p>\n<p><strong><em>Jo\u0161 jednom, dragi gra\u0111ani koji ste danas ovde ili koji nas pratite preko ekrana, uklju\u010duju\u0107i i na<\/em><\/strong><strong><em>\u0161<\/em><\/strong><strong><em>u izuzetnu dijasporu<\/em><\/strong><\/p>\n<p>&nbsp;<\/p>\n<p>Danas smo zajedno, kao i na svaku godi\u0161njicu, kako bismo obele\u017eili, ali i proslavili jedan od najzna\u010dajnijih dana u istoriji na\u0161e dr\u017eave \u2013 12. jun, Dan oslobo\u0111enja.<\/p>\n<p>&nbsp;<\/p>\n<p>Na ovaj dan odajemo po\u010dast hrabrosti, po\u017ertvovanju i nepokolebljivom duhu naroda Kosova, naroda koji se hrabro borio za slobodu koju danas u\u017eivamo.<\/p>\n<p>&nbsp;<\/p>\n<p>Ovo je dan da se se\u0107amo na\u0161e bolne pro\u0161losti, ali i da slavimo na\u0161u sada\u0161njost i te\u017eimo budu\u0107nosti ispunjenoj nadom i prosperitetom.<\/p>\n<p>&nbsp;<\/p>\n<p>Na\u0161a borba nije bila samo na\u0161a. Na Kosovu je 1999. godine branjeno pravo naroda na slobodu.<\/p>\n<p>&nbsp;<\/p>\n<p>U ovom ratu, Oslobodila\u010dka vojska Kosova bila je na\u0161 najmo\u0107niji stub otpora i nade.<\/p>\n<p>&nbsp;<\/p>\n<p>Hrabre \u017eene i mu\u0161karci uzeli su oru\u017eje da brane na\u0161e pravo na postojanje. Njihova borba nije bila samo za zemlju, ve\u0107 za samu du\u0161u Kosova. Svaka bitka koju su vodili, svaki \u017eivot koji su rizikovali, doveo nas je korak bli\u017ee slobodi.<\/p>\n<p>&nbsp;<\/p>\n<p>Hrabrost Oslobodila\u010dke vojske je pri\u010da o herojstvu koja \u0107e se pri\u010dati iz generacije u generaciju. Oni su bili branioci na\u0161ih snova o slobodi, \u010duvari na\u0161e zajedni\u010dke budu\u0107nosti.<\/p>\n<p>&nbsp;<\/p>\n<p>Njihova \u017ertva je bila beskrajna, njihov duh je bio nesalomiv.<\/p>\n<p>&nbsp;<\/p>\n<p>Dugujemo im uz zahvalnost, dug koji se nikada ne mo\u017ee vratiti, ali se mora pamtiti i po\u0161tovati zauvek.<\/p>\n<p>&nbsp;<\/p>\n<p>Nastavili su put koji je ranije zapo\u010detim mirnim otporom, predvo\u0111enim istorijskim predsednikom dr Ibrahimom Rugovom, a zatim je usledila oru\u017eana borba Oslobodila\u010dke vojske Kosova, koju je predvodio legendarni komandant Adem Jashari i cela porodica Jashari.<\/p>\n<p>&nbsp;<\/p>\n<p>Ve\u010dna slava porodici Jashari i svim hrabrim ljudima koji su se borili za slobodu!<\/p>\n<p>&nbsp;<\/p>\n<p>Kao \u0161to je poznato, na na\u0161em putu ka slobodi mi nismo bili sami. Podr\u017eali su nas nepokolebljivi saveznici koji su razumeli va\u017enost na\u0161e stvari i stali uz nas u najmra\u010dnijim \u010dasovima na\u0161e istorije.<\/p>\n<p>&nbsp;<\/p>\n<p>Zato, hvala svim savezni\u010dkim zemljama, na \u010delu sa Sjedinjenim Ameri\u010dkim Dr\u017eavama. Hvala vam \u0161to su nam pritekli u pomo\u0107 1999. godine da nas za\u0161titite od istrebljenja od strane genocidnog re\u017eima Srbije!<\/p>\n<p>&nbsp;<\/p>\n<p>Hvala Albaniji i svim Albancima gde god da \u017eive, i drugim zemljama koje su otvorile svoja vrata i srca hiljadama prisilno raseljenih sa Kosova.<\/p>\n<p>&nbsp;<\/p>\n<p>12 juna 1999. godine, borci OVK-a i NATO-a vojnici pretvorili su strah, u\u017eas, bol i suze u nadu, pretvaraju\u0107i slobodu u stvarnost. Danas ne slavimo samo na\u0161e oslobo\u0111enje, ve\u0107 i veze prijateljstva i solidarnosti koje su se stvarale tokom na\u0161e borbe.<\/p>\n<p>&nbsp;<\/p>\n<p>25 godina kasnije, gradimo na\u0161u arhitekturu nacionalne bezbednosti u partnerstvu sa strate\u0161kim saveznicima \u2013 i to \u010dinimo kako bismo zauzeli mesto koje nam pripada kao pouzdan partner u NATO alijansi i svim evroatlantskim strukturama.<\/p>\n<p>&nbsp;<\/p>\n<p>Kosovo je na\u0161a ve\u010dna domovina, kojoj smo uvek du\u017eni, kao \u0161to su to \u010dinili na\u0161i heroji i kao \u0161to nam je ostavio u amanet na\u0161 hrabri vo\u0111a Adem Jashari.<\/p>\n<p>&nbsp;<\/p>\n<p>Kosovo je nezavisno, ono je nasle\u0111e na\u0161ih heroja i mu\u010denika, najbolje oli\u010deno u hrabrim mu\u0161karcima i \u017eenama koji \u0107e danas paradirati na paradi KBS-a i policije i koji su se zakleli da \u0107e braniti otad\u017ebinu po svaku cenu.<\/p>\n<p>&nbsp;<\/p>\n<p><em>Dragi saveznici,<\/em><\/p>\n<p>Ove snage koje \u0107e danas paradirati su snage mira, one su u odbrani mira, ali \u0107e danas i zauvek biti u odbrani slobode oprane krvlju, bi\u0107e danas i zauvek i pod svakim uslovom i po svaku cenu u odbrani Kosova na svakom njegovom uglu.<\/p>\n<p>&nbsp;<\/p>\n<p><em>Neka Bog blagoslovi Kosovo i sav njegov narod,<\/em><\/p>\n<p><em>\u00a0<\/em><\/p>\n<p><em>Bog blagoslovio sve na\u0161e saveznike!<\/em><\/p>\n<p><em>\u00a0<\/em><\/p>\n<p><em>Bog blagoslovio Vojsku i Policiju Kosova!<\/em><\/p>\n<p><em>\u00a0<\/em><\/p>\n<p><em>Ve\u010dna slava svima koji su pali za slobodu na\u0161e otad\u017ebine!<\/em><\/p>\n<p><em>\u00a0<\/em><\/p>\n<p><em>Sre\u0107an 12. jun, dragi gra\u0111ani, slavili zajedno iz generacije u generaciju!<\/em><\/p>\n<p><em>\u00a0<\/em><\/p>\n<p><em>Neka je sa sre\u0107om!<\/em><\/p>\n<p>&nbsp;<\/p>\n<p><iframe width=\"1071\" height=\"602\" src=\"https:\/\/www.youtube.com\/embed\/Sm1XCLQbaWc\" title=\"Parakalimi i nj\u00ebsive t\u00eb Forc\u00ebs s\u00eb Siguris\u00eb s\u00eb Kosov\u00ebs dhe Policis\u00eb s\u00eb Kosov\u00ebs - 12.06.2024\" frameborder=\"0\" allow=\"accelerometer; autoplay; clipboard-write; encrypted-media; gyroscope; picture-in-picture; web-share\" referrerpolicy=\"strict-origin-when-cross-origin\" allowfullscreen><\/iframe><\/p>\n","protected":false},"excerpt":{"rendered":"<p>Dragi gra\u0111ani Republike Kosovo, \u010destitam vam Dan oslobo\u0111enja, \u010destitam vam 25 godina slobode! Po\u0161tovani predsedni\u010de Begaj, Po\u0161tovani predsedni\u010de Skup\u0161tine Konjufca, Po\u0161tovani premijeru Kurti, Po\u0161tovani komandante KBS-a Bashkime Jashari, Po\u0161tovana ekselencije ambasadori, Gosti iz celog sveta, Po\u0161tovani pripadnici KBS-a i Policije Kosova, Porodice palih boraca, Veterani i invalidi Oslobodila\u010dke vojske Kosova Veterani savezni\u010dkih snaga koji su 25 godina slu\u017eili u misiji KFOR-a na Kosovu, \u00a0\u00a0\u00a0\u00a0\u00a0\u00a0\u00a0\u00a0\u00a0\u00a0\u00a0 \u00a0\u00a0\u00a0\u00a0\u00a0\u00a0\u00a0\u00a0\u00a0\u00a0\u00a0\u00a0\u00a0\u00a0\u00a0\u00a0\u00a0\u00a0\u00a0\u00a0\u00a0\u00a0\u00a0\u00a0\u00a0\u00a0\u00a0\u00a0\u00a0\u00a0\u00a0\u00a0\u00a0\u00a0\u00a0\u00a0\u00a0\u00a0\u00a0\u00a0\u00a0\u00a0\u00a0\u00a0\u00a0\u00a0\u00a0\u00a0\u00a0\u00a0\u00a0\u00a0\u00a0\u00a0\u00a0\u00a0\u00a0\u00a0\u00a0\u00a0\u00a0\u00a0\u00a0\u00a0\u00a0\u00a0\u00a0\u00a0\u00a0\u00a0\u00a0\u00a0\u00a0\u00a0\u00a0\u00a0\u00a0\u00a0\u00a0\u00a0\u00a0\u00a0\u00a0\u00a0\u00a0\u00a0\u00a0\u00a0\u00a0\u00a0\u00a0\u00a0\u00a0\u00a0\u00a0\u00a0\u00a0\u00a0\u00a0\u00a0\u00a0\u00a0\u00a0\u00a0\u00a0\u00a0\u00a0\u00a0\u00a0\u00a0\u00a0\u00a0\u00a0\u00a0\u00a0\u00a0\u00a0\u00a0\u00a0\u00a0\u00a0 Jo\u0161 jednom, dragi gra\u0111ani koji ste danas ovde ili koji nas pratite preko ekrana, uklju\u010duju\u0107i i na\u0161u izuzetnu dijasporu &nbsp; Danas smo zajedno, kao i na svaku godi\u0161njicu, kako bismo obele\u017eili, ali i proslavili jedan od najzna\u010dajnijih dana u istoriji na\u0161e dr\u017eave \u2013 12. jun, Dan oslobo\u0111enja. &nbsp; Na ovaj dan odajemo po\u010dast hrabrosti, po\u017ertvovanju i nepokolebljivom duhu naroda Kosova, naroda koji se hrabro borio za slobodu koju danas u\u017eivamo. &nbsp; Ovo je dan da se se\u0107amo na\u0161e bolne pro\u0161losti, ali i da slavimo na\u0161u sada\u0161njost i te\u017eimo budu\u0107nosti ispunjenoj nadom i prosperitetom. &nbsp; Na\u0161a borba nije bila samo na\u0161a. Na Kosovu je 1999. godine branjeno pravo naroda na slobodu. &nbsp; U ovom ratu, Oslobodila\u010dka vojska Kosova bila je na\u0161 najmo\u0107niji stub otpora i nade. &nbsp; Hrabre \u017eene i mu\u0161karci uzeli su oru\u017eje da brane na\u0161e pravo na postojanje. Njihova borba nije bila samo za zemlju, ve\u0107 za samu du\u0161u Kosova. Svaka bitka koju su vodili, svaki \u017eivot koji su rizikovali, doveo nas je korak bli\u017ee slobodi. &nbsp; Hrabrost Oslobodila\u010dke vojske je pri\u010da o herojstvu koja \u0107e se pri\u010dati iz generacije u generaciju. Oni su bili branioci na\u0161ih snova o slobodi, \u010duvari na\u0161e zajedni\u010dke budu\u0107nosti. &nbsp; Njihova \u017ertva je bila beskrajna, njihov duh je bio nesalomiv. &nbsp; Dugujemo im uz zahvalnost, dug koji se nikada ne mo\u017ee vratiti, ali se mora pamtiti i po\u0161tovati zauvek. &nbsp; Nastavili su put koji je ranije zapo\u010detim mirnim otporom, predvo\u0111enim istorijskim predsednikom dr Ibrahimom Rugovom, a zatim je usledila oru\u017eana borba Oslobodila\u010dke vojske Kosova, koju je predvodio legendarni komandant Adem Jashari i cela porodica Jashari. &nbsp; Ve\u010dna slava porodici Jashari i svim hrabrim ljudima koji su se borili za slobodu! &nbsp; Kao \u0161to je poznato, na na\u0161em putu ka slobodi mi nismo bili sami. Podr\u017eali su nas nepokolebljivi saveznici koji su razumeli va\u017enost na\u0161e stvari i stali uz nas u najmra\u010dnijim \u010dasovima na\u0161e istorije. &nbsp; Zato, hvala svim savezni\u010dkim zemljama, na \u010delu sa Sjedinjenim Ameri\u010dkim Dr\u017eavama. Hvala vam \u0161to su nam pritekli u pomo\u0107 1999. godine da nas za\u0161titite od istrebljenja od strane genocidnog re\u017eima Srbije! &nbsp; Hvala Albaniji i svim Albancima gde god da \u017eive, i drugim zemljama koje su otvorile svoja vrata i srca hiljadama prisilno raseljenih sa Kosova. &nbsp; 12 juna 1999. godine, borci OVK-a i NATO-a vojnici pretvorili su strah, u\u017eas, bol i suze u nadu, pretvaraju\u0107i slobodu u stvarnost. Danas ne slavimo samo na\u0161e oslobo\u0111enje, ve\u0107 i veze prijateljstva i solidarnosti koje su se stvarale tokom na\u0161e borbe. &nbsp; 25 godina kasnije, gradimo na\u0161u arhitekturu nacionalne bezbednosti u partnerstvu sa strate\u0161kim saveznicima \u2013 i to \u010dinimo kako bismo zauzeli mesto koje nam pripada kao pouzdan partner u NATO alijansi i svim evroatlantskim strukturama. &nbsp; Kosovo je na\u0161a ve\u010dna domovina, kojoj smo uvek du\u017eni, kao \u0161to su to \u010dinili na\u0161i heroji i kao \u0161to nam je ostavio u amanet na\u0161 hrabri vo\u0111a Adem Jashari. &nbsp; Kosovo je nezavisno, ono je nasle\u0111e na\u0161ih heroja i mu\u010denika, najbolje oli\u010deno u hrabrim mu\u0161karcima i \u017eenama koji \u0107e danas paradirati na paradi KBS-a i policije i koji su se zakleli da \u0107e braniti otad\u017ebinu po svaku cenu. &nbsp; Dragi saveznici, Ove snage koje \u0107e danas paradirati su snage mira, one su u odbrani mira, ali \u0107e danas i zauvek biti u odbrani slobode oprane krvlju, bi\u0107e danas i zauvek i pod svakim uslovom i po svaku cenu u odbrani Kosova na svakom njegovom uglu. &nbsp; Neka Bog blagoslovi Kosovo i sav njegov narod, \u00a0 Bog blagoslovio sve na\u0161e saveznike! \u00a0 Bog blagoslovio Vojsku i Policiju Kosova! \u00a0 Ve\u010dna slava svima koji su pali za slobodu na\u0161e otad\u017ebine! \u00a0 Sre\u0107an 12. jun, dragi gra\u0111ani, slavili zajedno iz generacije u generaciju! \u00a0 Neka je sa sre\u0107om! &nbsp;<\/p>\n","protected":false},"author":13,"featured_media":106569,"comment_status":"closed","ping_status":"closed","sticky":false,"template":"","format":"standard","meta":{"_eb_attr":"","footnotes":""},"categories":[106,101],"tags":[],"class_list":["post-106599","post","type-post","status-publish","format-standard","has-post-thumbnail","hentry","category-govori","category-vesti"],"yoast_head":"<!-- This site is optimized with the Yoast SEO plugin v23.5 - https:\/\/yoast.com\/wordpress\/plugins\/seo\/ -->\n<title>Parada jedinica Bezbednosnih snaga Kosova i Policije Kosova - Predsednik Republike Kosovo - DR. VJOSA OSMANI - SADRIU<\/title>\n<meta name=\"description\" content=\"Parada jedinica Bezbednosnih snaga Kosova i Policije Kosova - Predsednik Republike Kosovo - DR. VJOSA OSMANI - SADRIU -\" \/>\n<meta name=\"robots\" content=\"index, follow, max-snippet:-1, max-image-preview:large, max-video-preview:-1\" \/>\n<link rel=\"canonical\" href=\"https:\/\/president-ksgov.net\/sr\/parada-jedinica-bezbednosnih-snaga-kosova-i-policije-kosova\/\" \/>\n<meta property=\"og:locale\" content=\"sr_RS\" \/>\n<meta property=\"og:type\" content=\"article\" \/>\n<meta property=\"og:title\" content=\"Parada jedinica Bezbednosnih snaga Kosova i Policije Kosova - Predsednik Republike Kosovo - DR. VJOSA OSMANI - SADRIU\" \/>\n<meta property=\"og:description\" content=\"Parada jedinica Bezbednosnih snaga Kosova i Policije Kosova - Predsednik Republike Kosovo - DR. VJOSA OSMANI - SADRIU -\" \/>\n<meta property=\"og:url\" content=\"https:\/\/president-ksgov.net\/sr\/parada-jedinica-bezbednosnih-snaga-kosova-i-policije-kosova\/\" \/>\n<meta property=\"og:site_name\" content=\"Predsednik Republike Kosovo - DR. VJOSA OSMANI - SADRIU\" \/>\n<meta property=\"article:published_time\" content=\"2024-06-12T13:06:57+00:00\" \/>\n<meta property=\"article:modified_time\" content=\"2026-01-19T13:52:23+00:00\" \/>\n<meta property=\"og:image\" content=\"https:\/\/president-ksgov.net\/wp-content\/uploads\/DSC_3724.jpg\" \/>\n\t<meta property=\"og:image:width\" content=\"1500\" \/>\n\t<meta property=\"og:image:height\" content=\"1000\" \/>\n\t<meta property=\"og:image:type\" content=\"image\/jpeg\" \/>\n<meta name=\"author\" content=\"Edona Krasniqi\" \/>\n<meta name=\"twitter:card\" content=\"summary_large_image\" \/>\n<meta name=\"twitter:label1\" content=\"\u041d\u0430\u043f\u0438\u0441\u0430\u043d\u043e \u043e\u0434\" \/>\n\t<meta name=\"twitter:data1\" content=\"Edona Krasniqi\" \/>\n\t<meta name=\"twitter:label2\" content=\"\u041f\u0440\u043e\u0446\u0435\u045a\u0435\u043d\u043e \u0432\u0440\u0435\u043c\u0435 \u0447\u0438\u0442\u0430\u045a\u0430\" \/>\n\t<meta name=\"twitter:data2\" content=\"4 \u043c\u0438\u043d\u0443\u0442\u0430\" \/>\n<script type=\"application\/ld+json\" class=\"yoast-schema-graph\">{\"@context\":\"https:\/\/schema.org\",\"@graph\":[{\"@type\":\"WebPage\",\"@id\":\"https:\/\/president-ksgov.net\/sr\/parada-jedinica-bezbednosnih-snaga-kosova-i-policije-kosova\/\",\"url\":\"https:\/\/president-ksgov.net\/sr\/parada-jedinica-bezbednosnih-snaga-kosova-i-policije-kosova\/\",\"name\":\"Parada jedinica Bezbednosnih snaga Kosova i Policije Kosova - Predsednik Republike Kosovo - DR. VJOSA OSMANI - SADRIU\",\"isPartOf\":{\"@id\":\"https:\/\/president-ksgov.net\/#website\"},\"primaryImageOfPage\":{\"@id\":\"https:\/\/president-ksgov.net\/sr\/parada-jedinica-bezbednosnih-snaga-kosova-i-policije-kosova\/#primaryimage\"},\"image\":{\"@id\":\"https:\/\/president-ksgov.net\/sr\/parada-jedinica-bezbednosnih-snaga-kosova-i-policije-kosova\/#primaryimage\"},\"thumbnailUrl\":\"https:\/\/president-ksgov.net\/wp-content\/uploads\/DSC_3724.jpg\",\"datePublished\":\"2024-06-12T13:06:57+00:00\",\"dateModified\":\"2026-01-19T13:52:23+00:00\",\"author\":{\"@id\":\"https:\/\/president-ksgov.net\/#\/schema\/person\/b9740e15fff71a6f8f26a0e201572567\"},\"description\":\"Parada jedinica Bezbednosnih snaga Kosova i Policije Kosova - Predsednik Republike Kosovo - DR. VJOSA OSMANI - SADRIU -\",\"breadcrumb\":{\"@id\":\"https:\/\/president-ksgov.net\/sr\/parada-jedinica-bezbednosnih-snaga-kosova-i-policije-kosova\/#breadcrumb\"},\"inLanguage\":\"sr-RS\",\"potentialAction\":[{\"@type\":\"ReadAction\",\"target\":[\"https:\/\/president-ksgov.net\/sr\/parada-jedinica-bezbednosnih-snaga-kosova-i-policije-kosova\/\"]}]},{\"@type\":\"ImageObject\",\"inLanguage\":\"sr-RS\",\"@id\":\"https:\/\/president-ksgov.net\/sr\/parada-jedinica-bezbednosnih-snaga-kosova-i-policije-kosova\/#primaryimage\",\"url\":\"https:\/\/president-ksgov.net\/wp-content\/uploads\/DSC_3724.jpg\",\"contentUrl\":\"https:\/\/president-ksgov.net\/wp-content\/uploads\/DSC_3724.jpg\",\"width\":1500,\"height\":1000},{\"@type\":\"BreadcrumbList\",\"@id\":\"https:\/\/president-ksgov.net\/sr\/parada-jedinica-bezbednosnih-snaga-kosova-i-policije-kosova\/#breadcrumb\",\"itemListElement\":[{\"@type\":\"ListItem\",\"position\":1,\"name\":\"Home\",\"item\":\"https:\/\/president-ksgov.net\/sr\/\"},{\"@type\":\"ListItem\",\"position\":2,\"name\":\"Parada jedinica Bezbednosnih snaga Kosova i Policije Kosova\"}]},{\"@type\":\"WebSite\",\"@id\":\"https:\/\/president-ksgov.net\/#website\",\"url\":\"https:\/\/president-ksgov.net\/\",\"name\":\"Presidente e Republik\u00ebs s\u00eb Kosov\u00ebs\",\"description\":\"Presidente e Republik\u00ebs s\u00eb Kosov\u00ebs\",\"alternateName\":\"DR. VJOSA OSMANI - SADRIU\",\"potentialAction\":[{\"@type\":\"SearchAction\",\"target\":{\"@type\":\"EntryPoint\",\"urlTemplate\":\"https:\/\/president-ksgov.net\/?s={search_term_string}\"},\"query-input\":{\"@type\":\"PropertyValueSpecification\",\"valueRequired\":true,\"valueName\":\"search_term_string\"}}],\"inLanguage\":\"sr-RS\"},{\"@type\":\"Person\",\"@id\":\"https:\/\/president-ksgov.net\/#\/schema\/person\/b9740e15fff71a6f8f26a0e201572567\",\"name\":\"Edona Krasniqi\",\"image\":{\"@type\":\"ImageObject\",\"inLanguage\":\"sr-RS\",\"@id\":\"https:\/\/president-ksgov.net\/#\/schema\/person\/image\/\",\"url\":\"https:\/\/secure.gravatar.com\/avatar\/1f0f749e4b80632decf95bd32db3f33277967a04dc5e29d46781d9c89b703cce?s=96&d=mm&r=g\",\"contentUrl\":\"https:\/\/secure.gravatar.com\/avatar\/1f0f749e4b80632decf95bd32db3f33277967a04dc5e29d46781d9c89b703cce?s=96&d=mm&r=g\",\"caption\":\"Edona Krasniqi\"},\"sameAs\":[\"https:\/\/president-ksgov.net\/\"]}]}<\/script>\n<!-- \/ Yoast SEO plugin. -->","yoast_head_json":{"title":"Parada jedinica Bezbednosnih snaga Kosova i Policije Kosova - Predsednik Republike Kosovo - DR. VJOSA OSMANI - SADRIU","description":"Parada jedinica Bezbednosnih snaga Kosova i Policije Kosova - Predsednik Republike Kosovo - DR. VJOSA OSMANI - SADRIU -","robots":{"index":"index","follow":"follow","max-snippet":"max-snippet:-1","max-image-preview":"max-image-preview:large","max-video-preview":"max-video-preview:-1"},"canonical":"https:\/\/president-ksgov.net\/sr\/parada-jedinica-bezbednosnih-snaga-kosova-i-policije-kosova\/","og_locale":"sr_RS","og_type":"article","og_title":"Parada jedinica Bezbednosnih snaga Kosova i Policije Kosova - Predsednik Republike Kosovo - DR. VJOSA OSMANI - SADRIU","og_description":"Parada jedinica Bezbednosnih snaga Kosova i Policije Kosova - Predsednik Republike Kosovo - DR. VJOSA OSMANI - SADRIU -","og_url":"https:\/\/president-ksgov.net\/sr\/parada-jedinica-bezbednosnih-snaga-kosova-i-policije-kosova\/","og_site_name":"Predsednik Republike Kosovo - DR. VJOSA OSMANI - SADRIU","article_published_time":"2024-06-12T13:06:57+00:00","article_modified_time":"2026-01-19T13:52:23+00:00","og_image":[{"width":1500,"height":1000,"url":"https:\/\/president-ksgov.net\/wp-content\/uploads\/DSC_3724.jpg","type":"image\/jpeg"}],"author":"Edona Krasniqi","twitter_card":"summary_large_image","twitter_misc":{"\u041d\u0430\u043f\u0438\u0441\u0430\u043d\u043e \u043e\u0434":"Edona Krasniqi","\u041f\u0440\u043e\u0446\u0435\u045a\u0435\u043d\u043e \u0432\u0440\u0435\u043c\u0435 \u0447\u0438\u0442\u0430\u045a\u0430":"4 \u043c\u0438\u043d\u0443\u0442\u0430"},"schema":{"@context":"https:\/\/schema.org","@graph":[{"@type":"WebPage","@id":"https:\/\/president-ksgov.net\/sr\/parada-jedinica-bezbednosnih-snaga-kosova-i-policije-kosova\/","url":"https:\/\/president-ksgov.net\/sr\/parada-jedinica-bezbednosnih-snaga-kosova-i-policije-kosova\/","name":"Parada jedinica Bezbednosnih snaga Kosova i Policije Kosova - Predsednik Republike Kosovo - DR. VJOSA OSMANI - SADRIU","isPartOf":{"@id":"https:\/\/president-ksgov.net\/#website"},"primaryImageOfPage":{"@id":"https:\/\/president-ksgov.net\/sr\/parada-jedinica-bezbednosnih-snaga-kosova-i-policije-kosova\/#primaryimage"},"image":{"@id":"https:\/\/president-ksgov.net\/sr\/parada-jedinica-bezbednosnih-snaga-kosova-i-policije-kosova\/#primaryimage"},"thumbnailUrl":"https:\/\/president-ksgov.net\/wp-content\/uploads\/DSC_3724.jpg","datePublished":"2024-06-12T13:06:57+00:00","dateModified":"2026-01-19T13:52:23+00:00","author":{"@id":"https:\/\/president-ksgov.net\/#\/schema\/person\/b9740e15fff71a6f8f26a0e201572567"},"description":"Parada jedinica Bezbednosnih snaga Kosova i Policije Kosova - Predsednik Republike Kosovo - DR. VJOSA OSMANI - SADRIU -","breadcrumb":{"@id":"https:\/\/president-ksgov.net\/sr\/parada-jedinica-bezbednosnih-snaga-kosova-i-policije-kosova\/#breadcrumb"},"inLanguage":"sr-RS","potentialAction":[{"@type":"ReadAction","target":["https:\/\/president-ksgov.net\/sr\/parada-jedinica-bezbednosnih-snaga-kosova-i-policije-kosova\/"]}]},{"@type":"ImageObject","inLanguage":"sr-RS","@id":"https:\/\/president-ksgov.net\/sr\/parada-jedinica-bezbednosnih-snaga-kosova-i-policije-kosova\/#primaryimage","url":"https:\/\/president-ksgov.net\/wp-content\/uploads\/DSC_3724.jpg","contentUrl":"https:\/\/president-ksgov.net\/wp-content\/uploads\/DSC_3724.jpg","width":1500,"height":1000},{"@type":"BreadcrumbList","@id":"https:\/\/president-ksgov.net\/sr\/parada-jedinica-bezbednosnih-snaga-kosova-i-policije-kosova\/#breadcrumb","itemListElement":[{"@type":"ListItem","position":1,"name":"Home","item":"https:\/\/president-ksgov.net\/sr\/"},{"@type":"ListItem","position":2,"name":"Parada jedinica Bezbednosnih snaga Kosova i Policije Kosova"}]},{"@type":"WebSite","@id":"https:\/\/president-ksgov.net\/#website","url":"https:\/\/president-ksgov.net\/","name":"Presidente e Republik\u00ebs s\u00eb Kosov\u00ebs","description":"Presidente e Republik\u00ebs s\u00eb Kosov\u00ebs","alternateName":"DR. VJOSA OSMANI - SADRIU","potentialAction":[{"@type":"SearchAction","target":{"@type":"EntryPoint","urlTemplate":"https:\/\/president-ksgov.net\/?s={search_term_string}"},"query-input":{"@type":"PropertyValueSpecification","valueRequired":true,"valueName":"search_term_string"}}],"inLanguage":"sr-RS"},{"@type":"Person","@id":"https:\/\/president-ksgov.net\/#\/schema\/person\/b9740e15fff71a6f8f26a0e201572567","name":"Edona Krasniqi","image":{"@type":"ImageObject","inLanguage":"sr-RS","@id":"https:\/\/president-ksgov.net\/#\/schema\/person\/image\/","url":"https:\/\/secure.gravatar.com\/avatar\/1f0f749e4b80632decf95bd32db3f33277967a04dc5e29d46781d9c89b703cce?s=96&d=mm&r=g","contentUrl":"https:\/\/secure.gravatar.com\/avatar\/1f0f749e4b80632decf95bd32db3f33277967a04dc5e29d46781d9c89b703cce?s=96&d=mm&r=g","caption":"Edona Krasniqi"},"sameAs":["https:\/\/president-ksgov.net\/"]}]}},"_links":{"self":[{"href":"https:\/\/president-ksgov.net\/sr\/wp-json\/wp\/v2\/posts\/106599","targetHints":{"allow":["GET"]}}],"collection":[{"href":"https:\/\/president-ksgov.net\/sr\/wp-json\/wp\/v2\/posts"}],"about":[{"href":"https:\/\/president-ksgov.net\/sr\/wp-json\/wp\/v2\/types\/post"}],"author":[{"embeddable":true,"href":"https:\/\/president-ksgov.net\/sr\/wp-json\/wp\/v2\/users\/13"}],"replies":[{"embeddable":true,"href":"https:\/\/president-ksgov.net\/sr\/wp-json\/wp\/v2\/comments?post=106599"}],"version-history":[{"count":4,"href":"https:\/\/president-ksgov.net\/sr\/wp-json\/wp\/v2\/posts\/106599\/revisions"}],"predecessor-version":[{"id":180247,"href":"https:\/\/president-ksgov.net\/sr\/wp-json\/wp\/v2\/posts\/106599\/revisions\/180247"}],"wp:featuredmedia":[{"embeddable":true,"href":"https:\/\/president-ksgov.net\/sr\/wp-json\/wp\/v2\/media\/106569"}],"wp:attachment":[{"href":"https:\/\/president-ksgov.net\/sr\/wp-json\/wp\/v2\/media?parent=106599"}],"wp:term":[{"taxonomy":"category","embeddable":true,"href":"https:\/\/president-ksgov.net\/sr\/wp-json\/wp\/v2\/categories?post=106599"},{"taxonomy":"post_tag","embeddable":true,"href":"https:\/\/president-ksgov.net\/sr\/wp-json\/wp\/v2\/tags?post=106599"}],"curies":[{"name":"wp","href":"https:\/\/api.w.org\/{rel}","templated":true}]}}