{"id":106580,"date":"2024-06-12T17:00:06","date_gmt":"2024-06-12T15:00:06","guid":{"rendered":"https:\/\/president-ksgov.net\/?p=106580"},"modified":"2025-02-11T10:33:49","modified_gmt":"2025-02-11T09:33:49","slug":"govor-predsednice-osmani-u-cast-dana-oslobodenja","status":"publish","type":"post","link":"https:\/\/president-ksgov.net\/sr\/govor-predsednice-osmani-u-cast-dana-oslobodenja\/","title":{"rendered":"Govor predsednice Osmani u \u010dast Dana oslobo\u0111enja"},"content":{"rendered":"<p>Hvala vam puno!<\/p>\n<p>Veoma uva\u017eeni predsedni\u010de Republike Albanije g. Bajram Begaj,<\/p>\n<p>Predsedni\u010de Skup\u0161tine g. Konjugacija<\/p>\n<p>Premijeru Republike, g. Kurti<\/p>\n<p>Po\u0161tovana predsednice parlamenta, g\u0111o Nikolla,<\/p>\n<p>Po\u0161tovana biv\u0161a predsednice \u0160vajcarske, gospo\u0111o Micheline Calmy-Rey<\/p>\n<p>Biv\u0161i predsedni\u010de Hrvatske, Stipe Mesi\u0107u,<\/p>\n<p>Veoma po\u0161tovani \u010dika Rifate Jashari, porodico Jashari, amblemi na\u0161e slobode<\/p>\n<p>Po\u0161ovani lorde Robertsone,<\/p>\n<p>Po\u0161tovani ambasadore Walkeru,<\/p>\n<p>Po\u0161tovani biv\u0161i hrvatski ministre,<\/p>\n<p>Poslanici i ministri Republike Kosovo,<\/p>\n<p>Porodice boraca, veterana i invalida Oslobodila\u010dke vojske Kosova,<\/p>\n<p>Po\u0161tovane porodice palih boraca i onih koji su toliko dali za na\u0161u slobodu<\/p>\n<p>Ambasadori prijateljskih zemalja,<\/p>\n<p>Po\u0161tovani gosti,<\/p>\n<p>&nbsp;<\/p>\n<p>Dragi gra\u0111ani Republike Kosovo, \u010destitamo svima 25 godina slobode!<\/p>\n<p>&nbsp;<\/p>\n<ol start=\"12\">\n<li>juna 1999. godine, kada su NATO snage stupile na na\u0161e tlo, one nisu bile samo vojnici, oni su bili spasioci. Sa sobom su doneli obe\u0107anje slobode, uverenje da svet nije zaboravio narod Kosova i re\u0161enost da se okon\u010daju zlo\u010dini po\u010dinjeni nad na\u0161im narodom.<\/li>\n<\/ol>\n<p>&nbsp;<\/p>\n<p>Ulazak NATO-a na Kosovo u junu 1999. bio je dokaz snage me\u0111unarodne solidarnosti i nepokolebljive vere u univerzalno pravo naroda da bude slobodan.<\/p>\n<p>&nbsp;<\/p>\n<p>Sloboda je vi\u0161e od re\u010di, sloboda je sama su\u0161tina na\u0161eg bi\u0107a. To je vazduh koji udi\u0161emo, to je san koji smo se usudili da sanjamo, to je budu\u0107nost kojoj smo te\u017eili i za koju su se na\u0161i oslobodioci borili i dali svoje \u017eivote.<\/p>\n<p>&nbsp;<\/p>\n<p>Oslobo\u0111enje Kosova 1999. nije bila samo vojna pobeda i kapitulacija Milo\u0161evi\u0107eve Srbije, to je pre svega bio trijumf ljudskog duha nad tiranijom, trijumf dobra nad zlom i trijumf pravde nad ugnjetavanjem.<\/p>\n<p>&nbsp;<\/p>\n<p>Kada su mirovnjaci KFOR-a zakora\u010dili na krvavu, smrskanu, uni\u0161tenu zemlju Kosova, suze, vrisak i cve\u0107e pretvorili su se u zagrljaje koji su do\u010dekali NATO vojnike. Stvorili su simfoniju emocija slobode.<\/p>\n<p>&nbsp;<\/p>\n<p>Kolone vojne ma\u0161inerije, buka NATO helikoptera, uniforme sa brojnim zastavama, zastave koje su simbolizovale slobodu, a ne mr\u017enju i nasilje. Sve je to postalo simbol spasa naroda Kosova od istrebljenja koje je za cilj imao genocidni re\u017eim Srbije, uklanjaju\u0107i jednom zauvek genocidnu ma\u0161ineriju Milo\u0161evi\u0107a, koja je bila osramo\u0107ena i kapitulirala. Tako je ostalo i danas.<\/p>\n<p>&nbsp;<\/p>\n<p><strong><em>NATO na Kosovu je bio svetionik nade \u2013 to je bila \u0161ansa za pravdu, \u0161ansa za slobodu!<\/em><\/strong><\/p>\n<p>Povici na\u0161eg naroda, nemilosrdni progon i nebrojeni \u017eivoti izgubljeni u u\u017easnim masakrima, prisilnim proterivanjem i etni\u010dkim \u010di\u0161\u0107enjem bili su pozivi na pravdu koje me\u0111unarodna savest vi\u0161e nije mogla ignorisati. Stoga su se u junu 1999. godine sru\u0161ili zidovi tiranije, otvoriv\u0161i put ne samo slobodnom, ve\u0107 i nezavisnom i demokratskom Kosovu.<\/p>\n<p>&nbsp;<\/p>\n<p>Tog dana, skoro 38 hiljada vojnika iz 36 zemalja komuniciralo je na univerzalnom jeziku slobode.<\/p>\n<p>&nbsp;<\/p>\n<p>Tog dana, kako je rekao francuski filozof i pisac Glucksman, \u201eEvropa je ro\u0111ena u slobodnoj Pri\u0161tini\u201c.\u00a0 I danas mo\u017eemo re\u0107i, Evropa je ro\u0111ena na slobodnom Kosovu.<\/p>\n<p>&nbsp;<\/p>\n<p>Stoga \u0107emo se na dana\u0161nji dan zauvek se\u0107ati upornog otpora istorijskog predsednika dr Ibrahima Rugove za slobodu, nezavisnost i demokratiju, kao i mo\u0107ne saveze koje je izgradio zajedno sa mnogim, mnogim drugim aktivistima, u kojima u\u017eivamo i danas.<\/p>\n<p>&nbsp;<\/p>\n<p>Pamti\u0107emo svaki dan na\u0161eg \u017eivota, ali i generacije koje dolaze posle nas, nevi\u0111eno herojstvo legendarnog komandanta Adema Jasharija i cele porodice Jashari, koji je postao kamen temeljac slobode u kojoj danas u\u017eivamo.<\/p>\n<p>&nbsp;<\/p>\n<p>Zauvek \u0107emo \u017eiveti sa se\u0107anjem na sve pale borce Oslobodila\u010dke vojske Kosova, i preko 13 hiljada poginulih tokom rata, me\u0111u kojima je 1133 dece poginulo samo u poslednjem ratu na Kosovu.<\/p>\n<p>&nbsp;<\/p>\n<p>Nikada ne\u0107emo zaboraviti bol koji je naneo jedan od najstra\u0161nijih zlo\u010dina poznatih svakom ratu, zlo\u010din silovanja, kao i bol koji i dalje traje za hiljade porodica na Kosovu koje jo\u0161 nemaju gde da polo\u017ee cve\u0107e, jer su grobovi prazni, u potrazi za onima koji su nasilno nestali tokom rata.<\/p>\n<p>&nbsp;<\/p>\n<p><strong>Po\u0161tovani prisutni,<\/strong><\/p>\n<p><strong>\u00a0<\/strong>Danas zajedno stojimo u na\u0161oj zemlji, u na\u0161oj slobodnoj zemlji, \u017eive\u0107i sa svojom slavnom istorijom, jer su bolna se\u0107anja na rat, ali i ose\u0107aj trijumfa slobode, u srcu svakog gra\u0111anina Kosova.<\/p>\n<p>&nbsp;<\/p>\n<p>Prisustvo saveznika i mirovnih snaga bilo je svedo\u010danstvo posve\u0107enosti sveta pravdi i ljudskom dostojanstvu. Svako od njih je rizikovao svoje \u017eivote, ostavljaju\u0107i za sobom svoju porodicu i dom, da bi stao uz nas i uz na\u0161e oslobodioce i uz svakog gra\u0111anina Kosova u na\u0161oj borbi protiv istrebljenja.<\/p>\n<p>Na Kosovu je potraga za slobodom bila dug i naporan put, zapravo vekovima star. Suo\u010dili smo se sa mnogim te\u0161ko\u0107ama i patnjama, ali smo sve ovo vreme ostali nepokolebljivi u uverenju da je sloboda vredna svake \u017ertve. Savezni\u010dka podr\u0161ka bila je sna\u017ena potvrda ovog verovanja. Podsetila je i nas i svet da je sloboda pravo koje, \u010dak i jednom ostvareno, mora biti za\u0161ti\u0107eno i o\u010duvano pod svakim uslovom i po svaku cenu.<\/p>\n<p>Ovo nas podse\u0107a da su savezi i partnerstva sa dr\u017eavama podjednako klju\u010dni za garantovanje i odr\u017eavanje slobode koju smo stekli, ne uzimaju\u0107i ih nikada zdravo za gotovo.<\/p>\n<p>Zato danas, dok odajemo po\u010dast NATO vojnicima koji su doprinosili na\u0161oj slobodi u ovih 25 godina, odajemo po\u010dast, pre svega, stoicizmu na\u0161eg naroda i na\u0161e Oslobodila\u010dke vojske, sa punim uverenjem da sloboda nije dar, ve\u0107 da je za nju pla\u0107ena najve\u0107a cena koju narod mo\u017ee da plati. A sloboda je i danas odgovornost, to je nasle\u0111e koje moramo da \u010duvamo i obe\u0107anje koje moramo ispuniti za ovu generaciju i svaku generaciju koja \u0107e do\u0107i posle nas.<\/p>\n<p>&nbsp;<\/p>\n<p>NATO je 1999. godine dao ultimativnu podr\u0161ku na\u0161oj slobodi, tako da danas sa svojom vojskom te\u017eimo i zaslu\u017eujemo \u010dlanstvo u ovoj vojnoj organizaciji, koja je svojom profesionalno\u0161\u0107u spremna da doprinese miru svuda u svetu.<\/p>\n<p>Po\u0161tovani predsedni\u010de Begaj, draga Lindita, veoma cenjeni prijatelji, dobronamernici, podr\u017eavaoci iz celog sveta, a pre svega iz svih albanskih zemalja,<\/p>\n<p>Na ovu 25. godi\u0161njicu oslobo\u0111enja Kosova, dan o kome su sanjali Albanci gdeo god da \u017eive, i ne samo da su ga sanjali, ve\u0107 i za koji su doprineli i borili se Albanci sa Kosova, ali i iz drugih krajeva Kosova, \u017eelim da zavr\u0161im citatom na\u0161eg velikog pisca Ismaila Kadarea, re\u010dima koje je rekao pre nekoliko meseci kada sam mu dodelila Predsedni\u010dku medalju. Citiram: \u201eSamo na\u0161e okupljanje Albanaca i prijatelja iz svih krajeva u ovoj sali pokazuje ovaj trijumf albanskog naroda. Niko ne odustaje od ovog trijumfa. Ovo je trijumf za radost i budu\u0107nost jednog naroda.\u201c<\/p>\n<p>&nbsp;<\/p>\n<p>Dakle, dame i gospodo: Narod Kosova nikada, nikada i ni po koju cenu ne\u0107e odustati od <strong>trijumfa slobode.<\/strong><\/p>\n<p>&nbsp;<\/p>\n<p><strong><em>Neka Bog blagoslovi na\u0161e heroje i mu\u010denike!<\/em><\/strong><\/p>\n<p><strong><em>Bog blagoslovio prijatelje i saveznike Kosova!<\/em><\/strong><\/p>\n<p><strong><em>Neka Bog blagoslovi Kosovo i njegov narod!<\/em><\/strong><\/p>\n<p>Hvala vam puno!<\/p>\n<p>&nbsp;<\/p>\n<p><iframe style=\"border: none; overflow: hidden;\" src=\"https:\/\/www.facebook.com\/plugins\/video.php?height=314&amp;href=https%3A%2F%2Fwww.facebook.com%2FVjosaOsmaniMP%2Fvideos%2F447328854702277%2F&amp;show_text=false&amp;width=560&amp;t=0\" width=\"560\" height=\"560\" frameborder=\"0\" scrolling=\"no\" allowfullscreen=\"allowfullscreen\"><span data-mce-type=\"bookmark\" style=\"display: inline-block; width: 0px; overflow: hidden; line-height: 0;\" class=\"mce_SELRES_start\">\ufeff<\/span><span data-mce-type=\"bookmark\" style=\"display: inline-block; width: 0px; overflow: hidden; line-height: 0;\" class=\"mce_SELRES_start\">\ufeff<\/span><\/iframe><\/p>\n","protected":false},"excerpt":{"rendered":"<p>Hvala vam puno! Veoma uva\u017eeni predsedni\u010de Republike Albanije g. Bajram Begaj, Predsedni\u010de Skup\u0161tine g. Konjugacija Premijeru Republike, g. Kurti Po\u0161tovana predsednice parlamenta, g\u0111o Nikolla, Po\u0161tovana biv\u0161a predsednice \u0160vajcarske, gospo\u0111o Micheline Calmy-Rey Biv\u0161i predsedni\u010de Hrvatske, Stipe Mesi\u0107u, Veoma po\u0161tovani \u010dika Rifate Jashari, porodico Jashari, amblemi na\u0161e slobode Po\u0161ovani lorde Robertsone, Po\u0161tovani ambasadore Walkeru, Po\u0161tovani biv\u0161i hrvatski ministre, Poslanici i ministri Republike Kosovo, Porodice boraca, veterana i invalida Oslobodila\u010dke vojske Kosova, Po\u0161tovane porodice palih boraca i onih koji su toliko dali za na\u0161u slobodu Ambasadori prijateljskih zemalja, Po\u0161tovani gosti, &nbsp; Dragi gra\u0111ani Republike Kosovo, \u010destitamo svima 25 godina slobode! &nbsp; juna 1999. godine, kada su NATO snage stupile na na\u0161e tlo, one nisu bile samo vojnici, oni su bili spasioci. Sa sobom su doneli obe\u0107anje slobode, uverenje da svet nije zaboravio narod Kosova i re\u0161enost da se okon\u010daju zlo\u010dini po\u010dinjeni nad na\u0161im narodom. &nbsp; Ulazak NATO-a na Kosovo u junu 1999. bio je dokaz snage me\u0111unarodne solidarnosti i nepokolebljive vere u univerzalno pravo naroda da bude slobodan. &nbsp; Sloboda je vi\u0161e od re\u010di, sloboda je sama su\u0161tina na\u0161eg bi\u0107a. To je vazduh koji udi\u0161emo, to je san koji smo se usudili da sanjamo, to je budu\u0107nost kojoj smo te\u017eili i za koju su se na\u0161i oslobodioci borili i dali svoje \u017eivote. &nbsp; Oslobo\u0111enje Kosova 1999. nije bila samo vojna pobeda i kapitulacija Milo\u0161evi\u0107eve Srbije, to je pre svega bio trijumf ljudskog duha nad tiranijom, trijumf dobra nad zlom i trijumf pravde nad ugnjetavanjem. &nbsp; Kada su mirovnjaci KFOR-a zakora\u010dili na krvavu, smrskanu, uni\u0161tenu zemlju Kosova, suze, vrisak i cve\u0107e pretvorili su se u zagrljaje koji su do\u010dekali NATO vojnike. Stvorili su simfoniju emocija slobode. &nbsp; Kolone vojne ma\u0161inerije, buka NATO helikoptera, uniforme sa brojnim zastavama, zastave koje su simbolizovale slobodu, a ne mr\u017enju i nasilje. Sve je to postalo simbol spasa naroda Kosova od istrebljenja koje je za cilj imao genocidni re\u017eim Srbije, uklanjaju\u0107i jednom zauvek genocidnu ma\u0161ineriju Milo\u0161evi\u0107a, koja je bila osramo\u0107ena i kapitulirala. Tako je ostalo i danas. &nbsp; NATO na Kosovu je bio svetionik nade \u2013 to je bila \u0161ansa za pravdu, \u0161ansa za slobodu! Povici na\u0161eg naroda, nemilosrdni progon i nebrojeni \u017eivoti izgubljeni u u\u017easnim masakrima, prisilnim proterivanjem i etni\u010dkim \u010di\u0161\u0107enjem bili su pozivi na pravdu koje me\u0111unarodna savest vi\u0161e nije mogla ignorisati. Stoga su se u junu 1999. godine sru\u0161ili zidovi tiranije, otvoriv\u0161i put ne samo slobodnom, ve\u0107 i nezavisnom i demokratskom Kosovu. &nbsp; Tog dana, skoro 38 hiljada vojnika iz 36 zemalja komuniciralo je na univerzalnom jeziku slobode. &nbsp; Tog dana, kako je rekao francuski filozof i pisac Glucksman, \u201eEvropa je ro\u0111ena u slobodnoj Pri\u0161tini\u201c.\u00a0 I danas mo\u017eemo re\u0107i, Evropa je ro\u0111ena na slobodnom Kosovu. &nbsp; Stoga \u0107emo se na dana\u0161nji dan zauvek se\u0107ati upornog otpora istorijskog predsednika dr Ibrahima Rugove za slobodu, nezavisnost i demokratiju, kao i mo\u0107ne saveze koje je izgradio zajedno sa mnogim, mnogim drugim aktivistima, u kojima u\u017eivamo i danas. &nbsp; Pamti\u0107emo svaki dan na\u0161eg \u017eivota, ali i generacije koje dolaze posle nas, nevi\u0111eno herojstvo legendarnog komandanta Adema Jasharija i cele porodice Jashari, koji je postao kamen temeljac slobode u kojoj danas u\u017eivamo. &nbsp; Zauvek \u0107emo \u017eiveti sa se\u0107anjem na sve pale borce Oslobodila\u010dke vojske Kosova, i preko 13 hiljada poginulih tokom rata, me\u0111u kojima je 1133 dece poginulo samo u poslednjem ratu na Kosovu. &nbsp; Nikada ne\u0107emo zaboraviti bol koji je naneo jedan od najstra\u0161nijih zlo\u010dina poznatih svakom ratu, zlo\u010din silovanja, kao i bol koji i dalje traje za hiljade porodica na Kosovu koje jo\u0161 nemaju gde da polo\u017ee cve\u0107e, jer su grobovi prazni, u potrazi za onima koji su nasilno nestali tokom rata. &nbsp; Po\u0161tovani prisutni, \u00a0Danas zajedno stojimo u na\u0161oj zemlji, u na\u0161oj slobodnoj zemlji, \u017eive\u0107i sa svojom slavnom istorijom, jer su bolna se\u0107anja na rat, ali i ose\u0107aj trijumfa slobode, u srcu svakog gra\u0111anina Kosova. &nbsp; Prisustvo saveznika i mirovnih snaga bilo je svedo\u010danstvo posve\u0107enosti sveta pravdi i ljudskom dostojanstvu. Svako od njih je rizikovao svoje \u017eivote, ostavljaju\u0107i za sobom svoju porodicu i dom, da bi stao uz nas i uz na\u0161e oslobodioce i uz svakog gra\u0111anina Kosova u na\u0161oj borbi protiv istrebljenja. Na Kosovu je potraga za slobodom bila dug i naporan put, zapravo vekovima star. Suo\u010dili smo se sa mnogim te\u0161ko\u0107ama i patnjama, ali smo sve ovo vreme ostali nepokolebljivi u uverenju da je sloboda vredna svake \u017ertve. Savezni\u010dka podr\u0161ka bila je sna\u017ena potvrda ovog verovanja. Podsetila je i nas i svet da je sloboda pravo koje, \u010dak i jednom ostvareno, mora biti za\u0161ti\u0107eno i o\u010duvano pod svakim uslovom i po svaku cenu. Ovo nas podse\u0107a da su savezi i partnerstva sa dr\u017eavama podjednako klju\u010dni za garantovanje i odr\u017eavanje slobode koju smo stekli, ne uzimaju\u0107i ih nikada zdravo za gotovo. Zato danas, dok odajemo po\u010dast NATO vojnicima koji su doprinosili na\u0161oj slobodi u ovih 25 godina, odajemo po\u010dast, pre svega, stoicizmu na\u0161eg naroda i na\u0161e Oslobodila\u010dke vojske, sa punim uverenjem da sloboda nije dar, ve\u0107 da je za nju pla\u0107ena najve\u0107a cena koju narod mo\u017ee da plati. A sloboda je i danas odgovornost, to je nasle\u0111e koje moramo da \u010duvamo i obe\u0107anje koje moramo ispuniti za ovu generaciju i svaku generaciju koja \u0107e do\u0107i posle nas. &nbsp; NATO je 1999. godine dao ultimativnu podr\u0161ku na\u0161oj slobodi, tako da danas sa svojom vojskom te\u017eimo i zaslu\u017eujemo \u010dlanstvo u ovoj vojnoj organizaciji, koja je svojom profesionalno\u0161\u0107u spremna da doprinese miru svuda u svetu. Po\u0161tovani predsedni\u010de Begaj, draga Lindita, veoma cenjeni prijatelji, dobronamernici, podr\u017eavaoci iz celog sveta, a pre svega iz svih albanskih zemalja, Na ovu 25. godi\u0161njicu oslobo\u0111enja Kosova, dan o kome su sanjali Albanci gdeo god da \u017eive, i ne samo da su ga sanjali, ve\u0107 i za koji su doprineli i borili se Albanci sa Kosova, ali i iz drugih krajeva Kosova, \u017eelim da zavr\u0161im citatom na\u0161eg velikog pisca Ismaila Kadarea, re\u010dima koje je rekao pre nekoliko meseci kada sam mu dodelila Predsedni\u010dku medalju. Citiram: \u201eSamo na\u0161e okupljanje Albanaca i prijatelja iz svih krajeva u ovoj sali pokazuje ovaj trijumf albanskog naroda. Niko ne odustaje od ovog trijumfa. Ovo je trijumf za radost i budu\u0107nost<\/p>\n","protected":false},"author":13,"featured_media":106576,"comment_status":"closed","ping_status":"closed","sticky":false,"template":"","format":"standard","meta":{"_eb_attr":"","footnotes":""},"categories":[106,101],"tags":[],"class_list":["post-106580","post","type-post","status-publish","format-standard","has-post-thumbnail","hentry","category-govori","category-vesti"],"yoast_head":"<!-- This site is optimized with the Yoast SEO plugin v23.5 - https:\/\/yoast.com\/wordpress\/plugins\/seo\/ -->\n<title>Govor predsednice Osmani u \u010dast Dana oslobo\u0111enja - Predsednik Republike Kosovo - DR. VJOSA OSMANI - SADRIU<\/title>\n<meta name=\"description\" content=\"Govor predsednice Osmani u \u010dast Dana oslobo\u0111enja - Predsednik Republike Kosovo - DR. VJOSA OSMANI - SADRIU -\" \/>\n<meta name=\"robots\" content=\"index, follow, max-snippet:-1, max-image-preview:large, max-video-preview:-1\" \/>\n<link rel=\"canonical\" href=\"https:\/\/president-ksgov.net\/sr\/govor-predsednice-osmani-u-cast-dana-oslobodenja\/\" \/>\n<meta property=\"og:locale\" content=\"sr_RS\" \/>\n<meta property=\"og:type\" content=\"article\" \/>\n<meta property=\"og:title\" content=\"Govor predsednice Osmani u \u010dast Dana oslobo\u0111enja - Predsednik Republike Kosovo - DR. VJOSA OSMANI - SADRIU\" \/>\n<meta property=\"og:description\" content=\"Govor predsednice Osmani u \u010dast Dana oslobo\u0111enja - Predsednik Republike Kosovo - DR. VJOSA OSMANI - SADRIU -\" \/>\n<meta property=\"og:url\" content=\"https:\/\/president-ksgov.net\/sr\/govor-predsednice-osmani-u-cast-dana-oslobodenja\/\" \/>\n<meta property=\"og:site_name\" content=\"Predsednik Republike Kosovo - DR. VJOSA OSMANI - SADRIU\" \/>\n<meta property=\"article:published_time\" content=\"2024-06-12T15:00:06+00:00\" \/>\n<meta property=\"article:modified_time\" content=\"2025-02-11T09:33:49+00:00\" \/>\n<meta property=\"og:image\" content=\"https:\/\/president-ksgov.net\/wp-content\/uploads\/DSC_3354-1.jpg\" \/>\n\t<meta property=\"og:image:width\" content=\"1500\" \/>\n\t<meta property=\"og:image:height\" content=\"1000\" \/>\n\t<meta property=\"og:image:type\" content=\"image\/jpeg\" \/>\n<meta name=\"author\" content=\"Edona Krasniqi\" \/>\n<meta name=\"twitter:card\" content=\"summary_large_image\" \/>\n<meta name=\"twitter:label1\" content=\"\u041d\u0430\u043f\u0438\u0441\u0430\u043d\u043e \u043e\u0434\" \/>\n\t<meta name=\"twitter:data1\" content=\"Edona Krasniqi\" \/>\n\t<meta name=\"twitter:label2\" content=\"\u041f\u0440\u043e\u0446\u0435\u045a\u0435\u043d\u043e \u0432\u0440\u0435\u043c\u0435 \u0447\u0438\u0442\u0430\u045a\u0430\" \/>\n\t<meta name=\"twitter:data2\" content=\"6 \u043c\u0438\u043d\u0443\u0442\u0430\" \/>\n<script type=\"application\/ld+json\" class=\"yoast-schema-graph\">{\"@context\":\"https:\/\/schema.org\",\"@graph\":[{\"@type\":\"WebPage\",\"@id\":\"https:\/\/president-ksgov.net\/sr\/govor-predsednice-osmani-u-cast-dana-oslobodenja\/\",\"url\":\"https:\/\/president-ksgov.net\/sr\/govor-predsednice-osmani-u-cast-dana-oslobodenja\/\",\"name\":\"Govor predsednice Osmani u \u010dast Dana oslobo\u0111enja - Predsednik Republike Kosovo - DR. VJOSA OSMANI - SADRIU\",\"isPartOf\":{\"@id\":\"https:\/\/president-ksgov.net\/#website\"},\"primaryImageOfPage\":{\"@id\":\"https:\/\/president-ksgov.net\/sr\/govor-predsednice-osmani-u-cast-dana-oslobodenja\/#primaryimage\"},\"image\":{\"@id\":\"https:\/\/president-ksgov.net\/sr\/govor-predsednice-osmani-u-cast-dana-oslobodenja\/#primaryimage\"},\"thumbnailUrl\":\"https:\/\/president-ksgov.net\/wp-content\/uploads\/DSC_3354-1.jpg\",\"datePublished\":\"2024-06-12T15:00:06+00:00\",\"dateModified\":\"2025-02-11T09:33:49+00:00\",\"author\":{\"@id\":\"https:\/\/president-ksgov.net\/#\/schema\/person\/b9740e15fff71a6f8f26a0e201572567\"},\"description\":\"Govor predsednice Osmani u \u010dast Dana oslobo\u0111enja - Predsednik Republike Kosovo - DR. VJOSA OSMANI - SADRIU -\",\"breadcrumb\":{\"@id\":\"https:\/\/president-ksgov.net\/sr\/govor-predsednice-osmani-u-cast-dana-oslobodenja\/#breadcrumb\"},\"inLanguage\":\"sr-RS\",\"potentialAction\":[{\"@type\":\"ReadAction\",\"target\":[\"https:\/\/president-ksgov.net\/sr\/govor-predsednice-osmani-u-cast-dana-oslobodenja\/\"]}]},{\"@type\":\"ImageObject\",\"inLanguage\":\"sr-RS\",\"@id\":\"https:\/\/president-ksgov.net\/sr\/govor-predsednice-osmani-u-cast-dana-oslobodenja\/#primaryimage\",\"url\":\"https:\/\/president-ksgov.net\/wp-content\/uploads\/DSC_3354-1.jpg\",\"contentUrl\":\"https:\/\/president-ksgov.net\/wp-content\/uploads\/DSC_3354-1.jpg\",\"width\":1500,\"height\":1000},{\"@type\":\"BreadcrumbList\",\"@id\":\"https:\/\/president-ksgov.net\/sr\/govor-predsednice-osmani-u-cast-dana-oslobodenja\/#breadcrumb\",\"itemListElement\":[{\"@type\":\"ListItem\",\"position\":1,\"name\":\"Home\",\"item\":\"https:\/\/president-ksgov.net\/sr\/\"},{\"@type\":\"ListItem\",\"position\":2,\"name\":\"Govor predsednice Osmani u \u010dast Dana oslobo\u0111enja\"}]},{\"@type\":\"WebSite\",\"@id\":\"https:\/\/president-ksgov.net\/#website\",\"url\":\"https:\/\/president-ksgov.net\/\",\"name\":\"Presidente e Republik\u00ebs s\u00eb Kosov\u00ebs\",\"description\":\"Presidente e Republik\u00ebs s\u00eb Kosov\u00ebs\",\"alternateName\":\"DR. VJOSA OSMANI - SADRIU\",\"potentialAction\":[{\"@type\":\"SearchAction\",\"target\":{\"@type\":\"EntryPoint\",\"urlTemplate\":\"https:\/\/president-ksgov.net\/?s={search_term_string}\"},\"query-input\":{\"@type\":\"PropertyValueSpecification\",\"valueRequired\":true,\"valueName\":\"search_term_string\"}}],\"inLanguage\":\"sr-RS\"},{\"@type\":\"Person\",\"@id\":\"https:\/\/president-ksgov.net\/#\/schema\/person\/b9740e15fff71a6f8f26a0e201572567\",\"name\":\"Edona Krasniqi\",\"image\":{\"@type\":\"ImageObject\",\"inLanguage\":\"sr-RS\",\"@id\":\"https:\/\/president-ksgov.net\/#\/schema\/person\/image\/\",\"url\":\"https:\/\/secure.gravatar.com\/avatar\/1f0f749e4b80632decf95bd32db3f33277967a04dc5e29d46781d9c89b703cce?s=96&d=mm&r=g\",\"contentUrl\":\"https:\/\/secure.gravatar.com\/avatar\/1f0f749e4b80632decf95bd32db3f33277967a04dc5e29d46781d9c89b703cce?s=96&d=mm&r=g\",\"caption\":\"Edona Krasniqi\"},\"sameAs\":[\"https:\/\/president-ksgov.net\/\"]}]}<\/script>\n<!-- \/ Yoast SEO plugin. -->","yoast_head_json":{"title":"Govor predsednice Osmani u \u010dast Dana oslobo\u0111enja - Predsednik Republike Kosovo - DR. VJOSA OSMANI - SADRIU","description":"Govor predsednice Osmani u \u010dast Dana oslobo\u0111enja - Predsednik Republike Kosovo - DR. VJOSA OSMANI - SADRIU -","robots":{"index":"index","follow":"follow","max-snippet":"max-snippet:-1","max-image-preview":"max-image-preview:large","max-video-preview":"max-video-preview:-1"},"canonical":"https:\/\/president-ksgov.net\/sr\/govor-predsednice-osmani-u-cast-dana-oslobodenja\/","og_locale":"sr_RS","og_type":"article","og_title":"Govor predsednice Osmani u \u010dast Dana oslobo\u0111enja - Predsednik Republike Kosovo - DR. VJOSA OSMANI - SADRIU","og_description":"Govor predsednice Osmani u \u010dast Dana oslobo\u0111enja - Predsednik Republike Kosovo - DR. VJOSA OSMANI - SADRIU -","og_url":"https:\/\/president-ksgov.net\/sr\/govor-predsednice-osmani-u-cast-dana-oslobodenja\/","og_site_name":"Predsednik Republike Kosovo - DR. VJOSA OSMANI - SADRIU","article_published_time":"2024-06-12T15:00:06+00:00","article_modified_time":"2025-02-11T09:33:49+00:00","og_image":[{"width":1500,"height":1000,"url":"https:\/\/president-ksgov.net\/wp-content\/uploads\/DSC_3354-1.jpg","type":"image\/jpeg"}],"author":"Edona Krasniqi","twitter_card":"summary_large_image","twitter_misc":{"\u041d\u0430\u043f\u0438\u0441\u0430\u043d\u043e \u043e\u0434":"Edona Krasniqi","\u041f\u0440\u043e\u0446\u0435\u045a\u0435\u043d\u043e \u0432\u0440\u0435\u043c\u0435 \u0447\u0438\u0442\u0430\u045a\u0430":"6 \u043c\u0438\u043d\u0443\u0442\u0430"},"schema":{"@context":"https:\/\/schema.org","@graph":[{"@type":"WebPage","@id":"https:\/\/president-ksgov.net\/sr\/govor-predsednice-osmani-u-cast-dana-oslobodenja\/","url":"https:\/\/president-ksgov.net\/sr\/govor-predsednice-osmani-u-cast-dana-oslobodenja\/","name":"Govor predsednice Osmani u \u010dast Dana oslobo\u0111enja - Predsednik Republike Kosovo - DR. VJOSA OSMANI - SADRIU","isPartOf":{"@id":"https:\/\/president-ksgov.net\/#website"},"primaryImageOfPage":{"@id":"https:\/\/president-ksgov.net\/sr\/govor-predsednice-osmani-u-cast-dana-oslobodenja\/#primaryimage"},"image":{"@id":"https:\/\/president-ksgov.net\/sr\/govor-predsednice-osmani-u-cast-dana-oslobodenja\/#primaryimage"},"thumbnailUrl":"https:\/\/president-ksgov.net\/wp-content\/uploads\/DSC_3354-1.jpg","datePublished":"2024-06-12T15:00:06+00:00","dateModified":"2025-02-11T09:33:49+00:00","author":{"@id":"https:\/\/president-ksgov.net\/#\/schema\/person\/b9740e15fff71a6f8f26a0e201572567"},"description":"Govor predsednice Osmani u \u010dast Dana oslobo\u0111enja - Predsednik Republike Kosovo - DR. VJOSA OSMANI - SADRIU -","breadcrumb":{"@id":"https:\/\/president-ksgov.net\/sr\/govor-predsednice-osmani-u-cast-dana-oslobodenja\/#breadcrumb"},"inLanguage":"sr-RS","potentialAction":[{"@type":"ReadAction","target":["https:\/\/president-ksgov.net\/sr\/govor-predsednice-osmani-u-cast-dana-oslobodenja\/"]}]},{"@type":"ImageObject","inLanguage":"sr-RS","@id":"https:\/\/president-ksgov.net\/sr\/govor-predsednice-osmani-u-cast-dana-oslobodenja\/#primaryimage","url":"https:\/\/president-ksgov.net\/wp-content\/uploads\/DSC_3354-1.jpg","contentUrl":"https:\/\/president-ksgov.net\/wp-content\/uploads\/DSC_3354-1.jpg","width":1500,"height":1000},{"@type":"BreadcrumbList","@id":"https:\/\/president-ksgov.net\/sr\/govor-predsednice-osmani-u-cast-dana-oslobodenja\/#breadcrumb","itemListElement":[{"@type":"ListItem","position":1,"name":"Home","item":"https:\/\/president-ksgov.net\/sr\/"},{"@type":"ListItem","position":2,"name":"Govor predsednice Osmani u \u010dast Dana oslobo\u0111enja"}]},{"@type":"WebSite","@id":"https:\/\/president-ksgov.net\/#website","url":"https:\/\/president-ksgov.net\/","name":"Presidente e Republik\u00ebs s\u00eb Kosov\u00ebs","description":"Presidente e Republik\u00ebs s\u00eb Kosov\u00ebs","alternateName":"DR. VJOSA OSMANI - SADRIU","potentialAction":[{"@type":"SearchAction","target":{"@type":"EntryPoint","urlTemplate":"https:\/\/president-ksgov.net\/?s={search_term_string}"},"query-input":{"@type":"PropertyValueSpecification","valueRequired":true,"valueName":"search_term_string"}}],"inLanguage":"sr-RS"},{"@type":"Person","@id":"https:\/\/president-ksgov.net\/#\/schema\/person\/b9740e15fff71a6f8f26a0e201572567","name":"Edona Krasniqi","image":{"@type":"ImageObject","inLanguage":"sr-RS","@id":"https:\/\/president-ksgov.net\/#\/schema\/person\/image\/","url":"https:\/\/secure.gravatar.com\/avatar\/1f0f749e4b80632decf95bd32db3f33277967a04dc5e29d46781d9c89b703cce?s=96&d=mm&r=g","contentUrl":"https:\/\/secure.gravatar.com\/avatar\/1f0f749e4b80632decf95bd32db3f33277967a04dc5e29d46781d9c89b703cce?s=96&d=mm&r=g","caption":"Edona Krasniqi"},"sameAs":["https:\/\/president-ksgov.net\/"]}]}},"_links":{"self":[{"href":"https:\/\/president-ksgov.net\/sr\/wp-json\/wp\/v2\/posts\/106580","targetHints":{"allow":["GET"]}}],"collection":[{"href":"https:\/\/president-ksgov.net\/sr\/wp-json\/wp\/v2\/posts"}],"about":[{"href":"https:\/\/president-ksgov.net\/sr\/wp-json\/wp\/v2\/types\/post"}],"author":[{"embeddable":true,"href":"https:\/\/president-ksgov.net\/sr\/wp-json\/wp\/v2\/users\/13"}],"replies":[{"embeddable":true,"href":"https:\/\/president-ksgov.net\/sr\/wp-json\/wp\/v2\/comments?post=106580"}],"version-history":[{"count":3,"href":"https:\/\/president-ksgov.net\/sr\/wp-json\/wp\/v2\/posts\/106580\/revisions"}],"predecessor-version":[{"id":153271,"href":"https:\/\/president-ksgov.net\/sr\/wp-json\/wp\/v2\/posts\/106580\/revisions\/153271"}],"wp:featuredmedia":[{"embeddable":true,"href":"https:\/\/president-ksgov.net\/sr\/wp-json\/wp\/v2\/media\/106576"}],"wp:attachment":[{"href":"https:\/\/president-ksgov.net\/sr\/wp-json\/wp\/v2\/media?parent=106580"}],"wp:term":[{"taxonomy":"category","embeddable":true,"href":"https:\/\/president-ksgov.net\/sr\/wp-json\/wp\/v2\/categories?post=106580"},{"taxonomy":"post_tag","embeddable":true,"href":"https:\/\/president-ksgov.net\/sr\/wp-json\/wp\/v2\/tags?post=106580"}],"curies":[{"name":"wp","href":"https:\/\/api.w.org\/{rel}","templated":true}]}}